{"id":7573,"date":"2024-10-22T11:21:39","date_gmt":"2024-10-22T11:21:39","guid":{"rendered":"https:\/\/www.vanguardhealthcare.co.uk\/?p=7573"},"modified":"2024-10-22T11:24:35","modified_gmt":"2024-10-22T11:24:35","slug":"how-a-staffed-vanguard-day-case-facility-is-helping-milton-keynes-university-hospital-reduce-the-elective-backlog","status":"publish","type":"post","link":"https:\/\/www.vanguardhealthcare.co.uk\/tr_tr\/how-a-staffed-vanguard-day-case-facility-is-helping-milton-keynes-university-hospital-reduce-the-elective-backlog\/","title":{"rendered":"Personelli Vanguard G\u00fcnl\u00fck Vaka tesisi, Milton Keynes \u00dcniversitesi Hastanesi&#039;nin se\u00e7meli hasta birikimini azaltmas\u0131na nas\u0131l yard\u0131mc\u0131 oluyor?"},"content":{"rendered":"<p>G\u00fcnl\u00fck vaka tesisi, mobil bir ameliyathane ve mobil bir ko\u011fu\u015fun kusursuz bir \u015fekilde birle\u015ftirilmesiyle olu\u015fturulmu\u015ftur. Vanguard klinik ekibi, cerrahlar\u0131 ve anestezistleri destekleyerek verimlili\u011fi en \u00fcst d\u00fczeye \u00e7\u0131kar\u0131r ve hasta deneyimini optimize eder.<\/p>\n<p>R\u00f6portaj\u0131 a\u015fa\u011f\u0131dan izleyebilir veya metnini okuyabilirsiniz.<\/p>\n<p>Daha fazla bilgi edinmek i\u00e7in bir vaka \u00e7al\u0131\u015fmas\u0131 var, <strong><a href=\"https:\/\/www.vanguardhealthcare.co.uk\/tr_tr\/case-study\/a-new-day-case-unit-to-increase-surgical-capacity\/\">Burada<\/a><\/strong><\/p>\n<p>Vakf\u0131n Cerrahi ve Se\u00e7meli Bak\u0131m Operasyonlar\u0131 M\u00fcd\u00fcr Yard\u0131mc\u0131s\u0131 Claire McGillycuddy ile yap\u0131lan r\u00f6portaj\u0131 izleyebilirsiniz: <a href=\"https:\/\/www.vanguardhealthcare.co.uk\/tr_tr\/creating-the-effective-day-case-unit-at-milton-keynes-university-hospital\/\"><strong>Burada<\/strong><\/a><\/p>\n<figure class=\"wp-block-embed is-type-video is-provider-vimeo wp-block-embed-vimeo wp-embed-aspect-16-9 wp-has-aspect-ratio\">\n<div class=\"wp-block-embed__wrapper\">\n<iframe loading=\"lazy\" title=\"Hamid Manji ile r\u00f6portaj\" src=\"https:\/\/player.vimeo.com\/video\/1019755164?dnt=1&amp;app_id=122963\" width=\"500\" height=\"281\" frameborder=\"0\" allow=\"autoplay; fullscreen; picture-in-picture; clipboard-write\"><\/iframe>\n<\/div>\n<\/figure>\n<section id=\"section-2-254\" class=\"ct-section\" >\n<div class=\"ct-section-inner-wrap\">\n<div id=\"fancy_icon-5-254\" class=\"ct-fancy-icon\" ><svg id=\"svg-fancy_icon-5-254\"><use xlink:href=\"#FontAwesomeicon-quote-left\"><\/use><\/svg><\/div>\n<div id=\"text_block-3-254\" class=\"ct-text-block\" >\u201cBize geri bildirimde bulunan hastalar\u0131n hasta deneyimi m\u00fckemmeldi. Vanguard \u00fcnitesinden ger\u00e7ekten keyif ald\u0131lar. Ameliyatlar\u0131n\u0131 normalde yapabileceklerinden \u00e7ok daha erken yapt\u0131rd\u0131klar\u0131 ger\u00e7e\u011finden keyif ald\u0131lar ve ayr\u0131ca, hem g\u00fcnl\u00fck cerrahi personeli hem de Vanguard ekibi, daha \u00f6nce de s\u00f6yledi\u011fim gibi, son derece profesyonel, hasta g\u00fcvenli\u011fine ve hasta deneyimine ger\u00e7ekten odaklanm\u0131\u015f ve bu hastalar i\u00e7in ger\u00e7ekten iyi bir deneyim sa\u011fl\u0131yorlar. Bu nedenle, ezici deneyim \u00e7ok olumluydu.\u201d<\/div>\n<div id=\"text_block-4-254\" class=\"ct-text-block\" >Dr. Hamid Manji, Dan\u0131\u015fman Anestezist ve Planl\u0131 Bak\u0131m T\u0131bbi Direkt\u00f6r\u00fc<\/div>\n<\/div>\n<\/section>\n<hr class=\"wp-block-separator has-alpha-channel-opacity\" \/>\n<p class=\"has-base-color has-text-color has-link-color has-small-font-size wp-elements-506b8a336cb7d7d556000002c3c9f6d6\">\n<p>Chris:<\/p>\n<p>Merhaba, Hamid. Bug\u00fcn seninle konu\u015fmak ger\u00e7ekten g\u00fczeldi. Vanguard \u00fcnitesini \u00fc\u00e7 aydan biraz fazla bir s\u00fcredir sahada bulunduruyorsun. Senden nas\u0131l gitti\u011fini, nas\u0131l buldu\u011funu ve cerrahi ekibin nas\u0131l buldu\u011funu duymak ger\u00e7ekten iyi olurdu.<\/p>\n<p class=\"has-vivid-purple-color has-text-color has-link-color wp-elements-9e5d6a2347d83fe394c5cc41e9391e16\">Hamit:<\/p>\n<p class=\"has-vivid-purple-color has-text-color has-link-color wp-elements-da94408487afcce6cf636b0512673ab5\">Kendimi tan\u0131tmak i\u00e7in, ben Hamid. Anestezistlerden biriyim ve planl\u0131 bak\u0131mda t\u0131bbi direkt\u00f6r\u00fcm. \u00dcnitede \u00e7al\u0131\u015ft\u0131m, bu y\u00fczden size ki\u015fisel deneyimimden s\u00f6yleyebilirim ki, \u00fc\u00e7 ay boyunca Vanguard&#039;de (ameliyathane) \u00e7al\u0131\u015fma kapasitemizde kademeli bir iyile\u015fme oldu. \u0130lgili herkes i\u00e7in harika bir deneyim oldu; orada \u00e7al\u0131\u015fan cerrahlar ve anestezistler, ben de onlardan biriyim, deneyimden ger\u00e7ekten keyif ald\u0131lar. Bizi ana ameliyathanelerden \u00e7\u0131kard\u0131. \u00c7ok sessiz bir ortam, \u00e7ok huzurlu. \u00c7ok tenha hissettiriyor ama baz\u0131 a\u00e7\u0131lardan hastalar\u0131m\u0131za ula\u015fmam\u0131z ve iyi bir hasta deneyimi ya\u015famam\u0131z a\u00e7\u0131s\u0131ndan \u00e7ok iyi. Ve hastalara \u00e7ok iyi bak\u0131ld\u0131.<\/p>\n<p>Chris:<\/p>\n<p>M\u00fckemmel. Orada buna biraz de\u011findin, ama ger\u00e7ekten ilgin\u00e7 olurdu, sadece normal tiyatrolar\u0131ndan ve normal \u00e7al\u0131\u015fma ortam\u0131ndan ne kadar farkl\u0131 oldu\u011fu a\u00e7\u0131s\u0131ndan...<\/p>\n<p class=\"has-vivid-purple-color has-text-color has-link-color wp-elements-9e5d6a2347d83fe394c5cc41e9391e16\">Hamit:<\/p>\n<p class=\"has-vivid-purple-color has-text-color has-link-color wp-elements-67095a79a4d25a66163b340861d3b871\">Evet. Yani, bu bir zihniyet meselesi anlam\u0131nda farkl\u0131, \u00e7\u00fcnk\u00fc Vanguard&#039;desiniz, ana ameliyathanelerimizde de\u011fil. Normal bir ameliyathane ortam\u0131, bu y\u00fczden t\u00fcm ekipmanlar normal bir ameliyathanede olmas\u0131n\u0131 bekledi\u011fimiz \u015feyler, hem cerrahi hem de anestezi. Bir anestezist olarak, oraya bir \u00e7ift olarak gidiyoruz. Her g\u00fcn orada iki ki\u015fi oluyor ve t\u00fcm g\u00fcn orada olaca\u011f\u0131n\u0131z\u0131 biliyorsunuz. Yani, g\u00fcn i\u00e7in rutininizi belirlediniz, hastalar\u0131n\u0131zla tan\u0131\u015ft\u0131n\u0131z ve sadece o g\u00fcn ilgilenece\u011finiz hastalara odaklan\u0131yorsunuz. Ana ameliyathanede oldu\u011fu gibi, burada bir\u00e7ok farkl\u0131 etkiden rahats\u0131z olabilirsiniz.<\/p>\n<p>Chris:<\/p>\n<p>Peki, karar alma s\u00fcrecinize ve masadaki \u00e7e\u015fitli se\u00e7eneklere geri d\u00f6nersek, klinik ve t\u0131bbi a\u00e7\u0131dan neden Vanguard \u00fcnitesinin sizin i\u00e7in en iyi \u00e7\u00f6z\u00fcm oldu\u011funu d\u00fc\u015f\u00fcnd\u00fc\u011f\u00fcn\u00fcz\u00fc anlamak ger\u00e7ekten iyi olurdu.<\/p>\n<hr class=\"wp-block-separator has-alpha-channel-opacity\" \/>\n<section id=\"section-2-254\" class=\"ct-section\" >\n<div class=\"ct-section-inner-wrap\">\n<div id=\"fancy_icon-5-254\" class=\"ct-fancy-icon\" ><svg id=\"svg-fancy_icon-5-254\"><use xlink:href=\"#FontAwesomeicon-quote-left\"><\/use><\/svg><\/div>\n<div id=\"text_block-3-254\" class=\"ct-text-block\" >\u201c\u2026bunun klinik \u00f6neminin g\u00f6z ard\u0131 edilmemesi ve en \u00fcst d\u00fczeyde olmas\u0131 gerekti\u011fi d\u00fc\u015f\u00fcn\u00fcld\u00fc ve bu temelde Vanguard ekibini Milton Keynes Hastanesi&#039;ne getirme karar\u0131na vard\u0131k.\u201d<\/div>\n<div id=\"text_block-4-254\" class=\"ct-text-block\" >Dr. Hamid Manji, Dan\u0131\u015fman Anestezist ve Planl\u0131 Bak\u0131m T\u0131bbi Direkt\u00f6r\u00fc<\/div>\n<\/div>\n<\/section>\n<blockquote class=\"wp-block-quote has-text-align-right is-style-default has-base-color has-base-background-color has-text-color has-background has-link-color wp-elements-d289965dc23d7274cf52bba67a6b580e is-layout-flow wp-container-core-quote-is-layout-8a368f38 wp-block-quote-is-layout-flow\">\n<\/blockquote>\n<hr class=\"wp-block-separator has-alpha-channel-opacity\" \/>\n<p class=\"has-vivid-purple-color has-text-color has-link-color wp-elements-9e5d6a2347d83fe394c5cc41e9391e16\">Hamit:<\/p>\n<p class=\"has-vivid-purple-color has-text-color has-link-color wp-elements-c9947ee4b4e6b5cebc677b8ebf97b751\">Evet, bu \u00e7ok iyi bir soru. Yani, en b\u00fcy\u00fck s\u0131k\u0131nt\u0131m\u0131z ameliyathane kapasitesiydi. Klinik olarak, hastalar\u0131m\u0131z\u0131n olmas\u0131 gerekenden daha uzun s\u00fcre bekledi\u011finin \u00e7ok fark\u0131nday\u0131z. Bu kapasiteyi nas\u0131l sunabilece\u011fimizi anlamak i\u00e7in bir\u00e7ok se\u00e7ene\u011fe bakt\u0131k. Ama asl\u0131nda, nihayetinde, hastalar\u0131m\u0131z i\u00e7in uzun bekleme s\u00fcrelerini azaltmak amac\u0131yla ameliyathane kapasitemizi geni\u015fletmemiz ve art\u0131rmam\u0131z gerekti\u011fi konusunda \u00e7ok destekleyici olan y\u00f6netim ekibiyle klinik bir g\u00f6r\u00fc\u015fme yapt\u0131k ve bu iyi kar\u015f\u0131land\u0131. Y\u00f6netici d\u00fczeyindeki g\u00f6r\u00fc\u015fmeler a\u00e7\u0131s\u0131ndan uygun kanallardan ge\u00e7ti ve bunun klinik \u00f6neminin g\u00f6z ard\u0131 edilmemesi ve en \u00fcst d\u00fczeyde olmas\u0131 gerekti\u011fi d\u00fc\u015f\u00fcn\u00fcld\u00fc ve bu temelde, Vanguard ekibini Milton Keynes Hastanesi&#039;ne getirme karar\u0131na vard\u0131k.<\/p>\n<p>Chris:<\/p>\n<p>Bu ger\u00e7ekten ilgin\u00e7 ve klinik ekibin burada ihtiyac\u0131 belirleyip daha sonra bunu ger\u00e7ekle\u015ftirmek i\u00e7in y\u00f6netim ekibiyle yak\u0131n bir \u015fekilde \u00e7al\u0131\u015fmas\u0131 ger\u00e7ekten iyi bir \u015fey. Durum b\u00f6yle g\u00f6r\u00fcn\u00fcyor.<\/p>\n<p class=\"has-vivid-purple-color has-text-color has-link-color wp-elements-9e5d6a2347d83fe394c5cc41e9391e16\">Hamit:<\/p>\n<p class=\"has-vivid-purple-color has-text-color has-link-color wp-elements-d66eb32bcae4aff0442199918ce5abe7\">Evet, kesinlikle \u00f6yle. Y\u00f6netim ekibi, icra ekibi, klinik ekip olarak se\u00e7eneklerin ne oldu\u011funu anlamam\u0131z i\u00e7in bize meydan okudu. \u015eu anda yapt\u0131\u011f\u0131m\u0131z ve bir s\u00fcredir yapt\u0131\u011f\u0131m\u0131z hafta sonlar\u0131 \u00e7al\u0131\u015fma da dahil olmak \u00fczere bir\u00e7ok farkl\u0131 se\u00e7ene\u011fi denedik, ancak biz, klinik ekip, bekleme s\u00fcrelerini azaltmak i\u00e7in ameliyathane kapasitemizde bir art\u0131\u015fa ihtiya\u00e7 oldu\u011funu hissettik. Ve ba\u015far\u0131l\u0131 oldu\u011fumuz \u015fey de bu.<\/p>\n<p>Chris:<\/p>\n<p>Ve daha \u00f6nce, nispeten yava\u015f ba\u015flad\u0131\u011f\u0131n\u0131z ve zamanla bunun artt\u0131\u011f\u0131 ger\u00e7e\u011finden bahsetmi\u015ftiniz. Yani, \u00fcnite boyunca daha verimli hale geliyormu\u015fsunuz gibi g\u00f6r\u00fcn\u00fcyor. Yani, verimlili\u011fin \u015fu anda olduk\u00e7a b\u00fcy\u00fck bir itici g\u00fc\u00e7 oldu\u011fu g\u00f6z \u00f6n\u00fcne al\u0131nd\u0131\u011f\u0131nda, bu verimlilik taraf\u0131n\u0131 nas\u0131l ileriye ta\u015f\u0131d\u0131\u011f\u0131n\u0131z\u0131 anlamak iyi olurdu.<\/p>\n<p class=\"has-vivid-purple-color has-text-color has-link-color wp-elements-9e5d6a2347d83fe394c5cc41e9391e16\">Hamit:<\/p>\n<p class=\"has-vivid-purple-color has-text-color has-link-color wp-elements-0e57aedb68dd80820e62552222d2e64f\">Bu iyi bir soru \u00e7\u00fcnk\u00fc verimlili\u011fin farkl\u0131 y\u00f6nleri var. \u0130nsan fakt\u00f6rleri y\u00f6n\u00fc var, ona gelece\u011fim ve sonra operasyonel y\u00f6n var. Yani, insan fakt\u00f6rleri; a\u00e7\u0131k\u00e7a iki ayr\u0131 ekip olarak ba\u015flad\u0131k. Ameliyathanede \u00e7al\u0131\u015fan bir Vanguard ekibi var ve hastanemizin bir par\u00e7as\u0131 olan g\u00fcnl\u00fck cerrahi ekibimiz var ve ard\u0131ndan MKUH&#039;un bir par\u00e7as\u0131 olan cerrahi ve anestezi ekibi var ve birbirimizi tan\u0131d\u0131k.<\/p>\n<p class=\"has-vivid-purple-color has-text-color has-link-color wp-elements-7fbd64e81b66fb1a7a88b27b480bad72\">Bu biraz zaman al\u0131yor. Birbirimizin nas\u0131l \u00e7al\u0131\u015ft\u0131\u011f\u0131n\u0131, birbirimizden beklentilerimizi \u00f6\u011frendik. S\u00f6ylemeliyim ki, Vanguard ekibine dair anlay\u0131\u015f\u0131m ve bilgim, onlar\u0131n ola\u011fan\u00fcst\u00fc profesyonel olduklar\u0131 y\u00f6n\u00fcndeydi, bunu g\u00f6rmek harikayd\u0131. Ve bu ekip ruhu olu\u015ftuk\u00e7a, birbirimizin nas\u0131l \u00e7al\u0131\u015ft\u0131\u011f\u0131n\u0131 anlad\u0131k\u00e7a daha verimli hale geldik.<\/p>\n<p class=\"has-vivid-purple-color has-text-color has-link-color wp-elements-7ea7534dd707d91b4e01f9ee617fa10d\">Ve operasyonel tarafta, do\u011fru kitin, do\u011fru tek kullan\u0131ml\u0131k malzemelerin yerinde oldu\u011fundan emin olmak, HST&#039;nin ekipman\u0131m\u0131z\u0131 y\u00f6netti\u011finden emin olmak, b\u00f6ylece ertesi g\u00fcn yine do\u011fru ekipmana sahip olmak s\u00f6z konusuydu. Ve bu s\u00fcre\u00e7leri daha iyi geli\u015ftirdi\u011fimiz i\u00e7in verim de artt\u0131.<\/p>\n<p>Chris:<\/p>\n<p>\u00dcnitede yapt\u0131\u011f\u0131n\u0131z faaliyetleri ve \u00fczerinde \u00e7al\u0131\u015ft\u0131\u011f\u0131n\u0131z uzmanl\u0131k alanlar\u0131n\u0131 bana anlatabilir misiniz?<\/p>\n<hr class=\"wp-block-separator has-alpha-channel-opacity\" \/>\n<section id=\"section-2-254\" class=\"ct-section\" >\n<div class=\"ct-section-inner-wrap\">\n<div id=\"fancy_icon-5-254\" class=\"ct-fancy-icon\" ><svg id=\"svg-fancy_icon-5-254\"><use xlink:href=\"#FontAwesomeicon-quote-left\"><\/use><\/svg><\/div>\n<div id=\"text_block-3-254\" class=\"ct-text-block\" >&quot;Hasta bekleme s\u00fcrelerinin en y\u00fcksek oldu\u011fu uzmanl\u0131k alanlar\u0131yla ba\u015flad\u0131k ve bu hasta bekleme s\u00fcrelerini olabildi\u011fince \u00e7abuk azaltmaya \u00e7al\u0131\u015ft\u0131k. Daha sonra, di\u011fer s\u0131k\u0131nt\u0131 noktalar\u0131 ortaya \u00e7\u0131kt\u0131k\u00e7a, hastalara her zaman en iyi bak\u0131m\u0131 sa\u011flamak i\u00e7in uzmanl\u0131k alanlar\u0131n\u0131 de\u011fi\u015ftirecek \u015fekilde koordinasyon sa\u011flamaya \u00e7al\u0131\u015fmak i\u00e7in a\u00e7\u0131k\u00e7a \u00e7evik olaca\u011f\u0131z.&quot;<\/div>\n<div id=\"text_block-4-254\" class=\"ct-text-block\" >Dr. Hamid Manji, Dan\u0131\u015fman Anestezist ve Planl\u0131 Bak\u0131m T\u0131bbi Direkt\u00f6r\u00fc<\/div>\n<\/div>\n<\/section>\n<hr class=\"wp-block-separator has-alpha-channel-opacity\" \/>\n<p class=\"has-vivid-purple-color has-text-color has-link-color wp-elements-9e5d6a2347d83fe394c5cc41e9391e16\">Hamit:<\/p>\n<p class=\"has-vivid-purple-color has-text-color has-link-color wp-elements-22d0b3468b6d883ea70f224fa8e849ab\">Evet. Yani, ilk s\u00f6yleyece\u011fim \u015fey, bunun t\u00fcm g\u00fcn s\u00fcren bir vaka oldu\u011fudur. Bu harika \u00e7\u00fcnk\u00fc biz sadece belirli bir hasta t\u00fcr\u00fcne odaklan\u0131yoruz. Genellikle ASA 1 veya 2 hasta oluyor ve Vanguard&#039;yi \u00e7e\u015fitli uzmanl\u0131k alanlar\u0131 i\u00e7in kullan\u0131yoruz, b\u00f6ylece kullan\u0131m\u0131n\u0131 en \u00fcst d\u00fczeye \u00e7\u0131kard\u0131\u011f\u0131m\u0131zdan ve dolay\u0131s\u0131yla verimlili\u011fimizin en \u00fcst d\u00fczeye \u00e7\u0131kt\u0131\u011f\u0131ndan emin oluyoruz. Ve bunlar genel cerrahi, ortopedi, baz\u0131 \u00fcroloji ve baz\u0131 di\u015f hastalar\u0131 olurdu.<\/p>\n<p>Chris:<\/p>\n<p>Ve \u00f6n\u00fcm\u00fczdeki birka\u00e7 ay i\u00e7inde bunun nas\u0131l geli\u015fece\u011fini g\u00f6rd\u00fc\u011f\u00fcn\u00fcz a\u00e7\u0131s\u0131ndan, belirli bir rota var m\u0131? Hissiyat\u0131m, sahip oldu\u011funuz bekleme listelerinde ger\u00e7ekten iyi ilerlemeler kaydetti\u011finiz y\u00f6n\u00fcnde ve bu nedenle, san\u0131r\u0131m, aniden yeni zorluklar gibi g\u00f6r\u00fcnmeye ba\u015flayacak ba\u015fka unsurlar da olacak. Peki, \u00f6n\u00fcm\u00fczdeki birka\u00e7 ay i\u00e7inde bunun nas\u0131l geli\u015fece\u011fini d\u00fc\u015f\u00fcn\u00fcyorsunuz?<\/p>\n<p class=\"has-vivid-purple-color has-text-color has-link-color wp-elements-9e5d6a2347d83fe394c5cc41e9391e16\">Hamit:<\/p>\n<p class=\"has-vivid-purple-color has-text-color has-link-color wp-elements-3cd618239ef0ca21ab1b13693ed88fc5\">Evet. Yani, yine tam da konuya de\u011findi\u011finizi d\u00fc\u015f\u00fcn\u00fcyorum. Bu geli\u015fen bir resim. En y\u00fcksek hasta bekleme s\u00fcrelerine sahip oldu\u011fumuz uzmanl\u0131k alanlar\u0131yla ba\u015flad\u0131k ve bu hasta bekleme s\u00fcrelerini olabildi\u011fince \u00e7abuk azaltmaya \u00e7al\u0131\u015ft\u0131k. Daha sonra, di\u011fer s\u0131k\u0131nt\u0131 noktalar\u0131 ortaya \u00e7\u0131kt\u0131k\u00e7a, hastalar i\u00e7in her zaman en iyi bak\u0131m\u0131 almaya \u00e7al\u0131\u015fmak i\u00e7in uzmanl\u0131k alanlar\u0131n\u0131 de\u011fi\u015ftirmek ve en uzun s\u00fcre bekleyen hastalar olmak \u00fczere, uzmanl\u0131k alanlar\u0131n\u0131 koordine etmek i\u00e7in a\u00e7\u0131k\u00e7a \u00e7evik olaca\u011f\u0131z ve sadece bahsetti\u011fim uzmanl\u0131k alanlar\u0131nda de\u011fil, genel olarak bu bekleme s\u00fcrelerini azaltmak i\u00e7in i\u015fleri buna g\u00f6re de\u011fi\u015ftirece\u011fiz.<\/p>\n<p>Chris:<\/p>\n<p>Servis ve mobil ameliyathane ile ba\u011f\u0131ms\u0131z G\u00fcnl\u00fck Vaka \u00dcniteniz var, bu da ek kapasite sa\u011fl\u0131yor, ayr\u0131ca hastalar\u0131 geleneksel ameliyathanelerden ta\u015f\u0131yarak orada da ek yuvalar a\u00e7\u0131l\u0131yor. Dolay\u0131s\u0131yla, hem mevcut ameliyathanelerinizde hem de Vanguard ameliyathanesinde bu ek kapasiteyi nas\u0131l kulland\u0131\u011f\u0131n\u0131z\u0131 ve bunu nas\u0131l planlay\u0131p y\u00f6netti\u011finizi duymak iyi olurdu.<\/p>\n<p class=\"has-vivid-purple-color has-text-color has-link-color wp-elements-9e5d6a2347d83fe394c5cc41e9391e16\">Hamit:<\/p>\n<p class=\"has-vivid-purple-color has-text-color has-link-color wp-elements-768962d221f52b1a102159bf6fd11a34\">Evet. Yani tekrar ediyorum, Vanguard&#039;yi uygulamaya koymam\u0131z\u0131n temel nedeni, her zaman bir darbo\u011faz noktas\u0131 olan ameliyathane kapasitemizi art\u0131rmakt\u0131r. Bu y\u00fczden Vanguard&#039;yi kullan\u0131yoruz. Oraya gelen hastalar normalde gidecekleri ayn\u0131 yoldalar. Yani, g\u00fcnl\u00fck cerrahi birimimize geliyorlar, orada kabul ediliyorlar ve orada muayene ediliyorlar ve sonra Vanguard birimine getiriliyorlar ve sonra iyile\u015fmeleri i\u00e7in Vanguard biriminde olacaklar ve sonra evlerine gidecekler. Yani bu, isterseniz hastalar\u0131n y\u00fck\u00fcn\u00fc, mevcut ameliyathane ekiplerinden bir i\u015f y\u00fck\u00fcn\u00fc ortadan kald\u0131r\u0131yor ve sonra bo\u015f ameliyathanelerimizi veya bo\u015f ameliyathanelerimizi di\u011fer uzmanl\u0131k alanlar\u0131 veya di\u011fer uzun s\u00fcredir bekleyen hastalar veya asl\u0131nda bekleyen di\u011fer kanser hastalar\u0131yla dolduruyoruz.<\/p>\n<p>Chris:<\/p>\n<p>Oradaki hastalardan bahsettiniz ve NHS vak\u0131flar\u0131ndaki klinisyenler ve \u00fcst d\u00fczey y\u00f6neticilerle ilk konu\u015fmaya ba\u015flad\u0131\u011f\u0131m\u0131zda, hasta deneyiminin (mobil bir tesiste) ayn\u0131 olmayabilece\u011fi konusunda her zaman biraz korku olur ve hastalar\u0131n \u00fcnitede olmay\u0131 nas\u0131l bulduklar\u0131n\u0131 sizden duymak iyi olurdu.<\/p>\n<p class=\"has-vivid-purple-color has-text-color has-link-color wp-elements-9e5d6a2347d83fe394c5cc41e9391e16\">Hamit:<\/p>\n<p class=\"has-vivid-purple-color has-text-color has-link-color wp-elements-03873a216ec1d1d5a4827362f4a8479f\">Yani, bize geri bildirimde bulunan hastalardan gelen hasta deneyimi m\u00fckemmeldi. Vanguard \u00fcnitesinden ger\u00e7ekten keyif ald\u0131lar. Ameliyatlar\u0131n\u0131 normalde yapabileceklerinden \u00e7ok daha erken yapt\u0131rd\u0131klar\u0131 ger\u00e7e\u011finden keyif ald\u0131lar ve ayr\u0131ca, hem g\u00fcnl\u00fck cerrahi personeli hem de Vanguard ekibi, daha \u00f6nce de s\u00f6yledi\u011fim gibi, son derece profesyonel, hasta g\u00fcvenli\u011fine ve hasta deneyimine ger\u00e7ekten odaklanm\u0131\u015f ve bu hastalar i\u00e7in ger\u00e7ekten iyi bir deneyim sa\u011fl\u0131yorlar. Yani, ezici deneyim \u00e7ok olumluydu.<\/p>\n<hr class=\"wp-block-separator has-alpha-channel-opacity\" \/>\n<section id=\"section-2-254\" class=\"ct-section\" >\n<div class=\"ct-section-inner-wrap\">\n<div id=\"fancy_icon-5-254\" class=\"ct-fancy-icon\" ><svg id=\"svg-fancy_icon-5-254\"><use xlink:href=\"#FontAwesomeicon-quote-left\"><\/use><\/svg><\/div>\n<div id=\"text_block-3-254\" class=\"ct-text-block\" >\u201cHasta \u00f6l\u00e7\u00fcmleri... hasta deneyimi ve hasta g\u00fcvenli\u011fiyle ilgilidir. M\u00fcmk\u00fcn olan en g\u00fcvenli bak\u0131m\u0131 sa\u011flad\u0131\u011f\u0131m\u0131zdan ve hastan\u0131n harika bir deneyim ya\u015fad\u0131\u011f\u0131ndan emin oluyoruz. Temel olarak onlar i\u00e7in, prosed\u00fcrlerini aksi takdirde yapacaklar\u0131ndan \u00e7ok daha erken, \u00e7ok daha erken yapt\u0131r\u0131yorlar. Bu y\u00fczden bundan \u00e7ok, \u00e7ok mutlular.\u201d<\/div>\n<div id=\"text_block-4-254\" class=\"ct-text-block\" >Dr. Hamid Manji, Dan\u0131\u015fman Anestezist ve Planl\u0131 Bak\u0131m T\u0131bbi Direkt\u00f6r\u00fc<\/div>\n<\/div>\n<\/section>\n<hr class=\"wp-block-separator has-alpha-channel-opacity\" \/>\n<blockquote class=\"wp-block-quote has-text-align-right is-layout-flow wp-block-quote-is-layout-flow\">\n<\/blockquote>\n<p>Chris:<\/p>\n<p>Hasta say\u0131lar\u0131 ve bekleme listesi azaltmalar\u0131 hakk\u0131nda konu\u015fman\u0131n, bunun ard\u0131nda yatan insan hikayelerini d\u00fc\u015f\u00fcnmekten her zaman tehlikeli oldu\u011funu d\u00fc\u015f\u00fcn\u00fcyorum. Bu nedenle, hastalar\u0131n ek kapasiteye sahip olmaktan ve birimin burada olmas\u0131ndan nas\u0131l faydaland\u0131klar\u0131na dair fikrinizi duymak iyi olurdu.<\/p>\n<p class=\"has-vivid-purple-color has-text-color has-link-color wp-elements-9e5d6a2347d83fe394c5cc41e9391e16\">Hamit:<\/p>\n<p class=\"has-vivid-purple-color has-text-color has-link-color wp-elements-21fd9a92dcad7725f64675eb8a0f3654\">Evet. Yani, var olmam\u0131z\u0131n, hastanede olmam\u0131z\u0131n temel nedeni hastalarla ilgilidir. Ve hastalar\u0131m\u0131za elimizden gelenin en iyisini yaparak bak\u0131yoruz. A\u00e7\u0131k\u00e7a kapasite k\u0131s\u0131tlamas\u0131 var, bu da bizim ameliyathane kapasitemizdi. Bunu Vanguard \u00fcnitesine eri\u015fimle iyile\u015ftirdik.<\/p>\n<p class=\"has-vivid-purple-color has-text-color has-link-color wp-elements-28fdc038beae811e8ad3e0001ddf1a26\">Her bir hastan\u0131n bir hikayesi var ve bu y\u00fczden onlar birer hasta ve bu y\u00fczden her bir hastan\u0131n hak etti\u011fi bireysel bak\u0131m\u0131 almas\u0131n\u0131 sa\u011flamaya \u00e7al\u0131\u015f\u0131yoruz. Ancak burada \u00f6nemli olan \u015fey, art\u0131k bunu \u00e7ok daha erken yap\u0131yor olmam\u0131z. \u00c7ok uzun s\u00fcre beklemek zorunda kalm\u0131yorlar.<\/p>\n<p>Chris:<\/p>\n<p>Ve son soru, t\u0131bbi direkt\u00f6r olarak, ba\u015far\u0131n\u0131n temel \u00f6l\u00e7\u00fctlerini nas\u0131l de\u011ferlendirirsiniz? Sonu\u00e7 olarak, bunun sizin i\u00e7in \u00e7ok ba\u015far\u0131l\u0131 bir giri\u015fim oldu\u011funa dair size ipucu verecek olan \u015fey nedir?<\/p>\n<p class=\"has-vivid-purple-color has-text-color has-link-color wp-elements-9e5d6a2347d83fe394c5cc41e9391e16\">Hamit:<\/p>\n<p class=\"has-vivid-purple-color has-text-color has-link-color wp-elements-75f7812892cfdd4c9aeb5b27623b6a64\">Bunu operasyonel ve hasta merkezli metriklere ay\u0131r\u0131rd\u0131m. Operasyonel metrikler \u00e7ok a\u00e7\u0131kt\u0131r. Hastalar\u0131m\u0131z i\u00e7in bekleme s\u00fcrelerini azaltmam\u0131z gerekiyor ve bunu Vanguard \u00fcnitesiyle sahip oldu\u011fumuz artan kapasiteyle yap\u0131yoruz. Hasta metrikleri biraz daha belirsizdir ancak e\u015fit derecede, hatta daha da \u00f6nemlidir ve hasta deneyimi ve hasta g\u00fcvenli\u011fiyle ilgilidir. M\u00fcmk\u00fcn olan en g\u00fcvenli bak\u0131m\u0131 sa\u011flad\u0131\u011f\u0131m\u0131zdan ve hastan\u0131n harika bir deneyim ya\u015fad\u0131\u011f\u0131ndan emin oluyoruz. Temel olarak onlar i\u00e7in, prosed\u00fcrlerini aksi takdirde yapacaklar\u0131ndan \u00e7ok daha erken, \u00e7ok daha erken yapt\u0131r\u0131yorlar. Bu y\u00fczden bundan \u00e7ok, \u00e7ok mutlular.<\/p>\n<p>Chris:<\/p>\n<p>M\u00fckemmel. Benim bak\u0131\u015f a\u00e7\u0131ma g\u00f6re, Vanguard ekibi olarak Milton Keynes \u00dcniversitesi Hastane Vakf\u0131&#039;ndaki ekibinizle \u00e7al\u0131\u015fmak harika bir deneyimdi ve her dakikas\u0131n\u0131 \u00e7ok sevdik ve sizi desteklemekten ger\u00e7ekten keyif al\u0131yoruz.<\/p>\n<p class=\"has-vivid-purple-color has-text-color has-link-color wp-elements-9e5d6a2347d83fe394c5cc41e9391e16\">Hamit:<\/p>\n<p class=\"has-vivid-purple-color has-text-color has-link-color wp-elements-a480cafc47fe8ef4c769b5ad1f87ac8e\">\u00c7ok te\u015fekk\u00fcr ederim ve \u00e7ok desteklendi\u011fimizi hissediyoruz. Bunu s\u00f6ylememin \u00e7ok \u00f6nemli oldu\u011funu d\u00fc\u015f\u00fcn\u00fcyorum. Daha \u00f6nce de bahsetmi\u015ftim ama Vanguard ekibine b\u00fcy\u00fck bir te\u015fekk\u00fcr etmek istiyorum. Ben de onlarla \u00e7al\u0131\u015ft\u0131m. \u00c7ok profesyoneller, hasta bak\u0131m\u0131na \u00e7ok odaklanm\u0131\u015flar, hasta g\u00fcvenli\u011fine \u00e7ok odaklanm\u0131\u015flar ve bu birimin bir par\u00e7as\u0131 olmak ger\u00e7ek bir zevkti.<\/p>\n<p>Chris:<\/p>\n<p>Bunu duymak ger\u00e7ekten \u00e7ok g\u00fczel. Te\u015fekk\u00fcr ederim.<\/p>\n<p class=\"has-vivid-purple-color has-text-color has-link-color wp-elements-9e5d6a2347d83fe394c5cc41e9391e16\">Hamit:<\/p>\n<p class=\"has-vivid-purple-color has-text-color has-link-color wp-elements-c70e3a29a6c010ded4f9cfa446fd0d43\">Te\u015fekk\u00fcr ederim.<\/p>\n<hr class=\"wp-block-separator has-alpha-channel-opacity\" \/>\n<section id=\"section-2-254\" class=\"ct-section\" >\n<div class=\"ct-section-inner-wrap\">\n<div id=\"fancy_icon-5-254\" class=\"ct-fancy-icon\" ><svg id=\"svg-fancy_icon-5-254\"><use xlink:href=\"#FontAwesomeicon-quote-left\"><\/use><\/svg><\/div>\n<div id=\"text_block-3-254\" class=\"ct-text-block\" >&quot;\u00c7ok desteklendi\u011fimizi hissediyoruz. Bunu s\u00f6ylememin \u00e7ok \u00f6nemli oldu\u011funu d\u00fc\u015f\u00fcn\u00fcyorum... Vanguard ekibine b\u00fcy\u00fck bir te\u015fekk\u00fcr etmek istiyorum. Ben de onlarla \u00e7al\u0131\u015ft\u0131m. \u00c7ok profesyoneller, hasta bak\u0131m\u0131na \u00e7ok odaklanm\u0131\u015flar, hasta g\u00fcvenli\u011fine \u00e7ok odaklanm\u0131\u015flar ve bu birimin bir par\u00e7as\u0131 olmak ger\u00e7ek bir zevkti.&quot;<\/div>\n<div id=\"text_block-4-254\" class=\"ct-text-block\" >Dr. Hamid Manji, Dan\u0131\u015fman Anestezist ve Planl\u0131 Bak\u0131m T\u0131bbi Direkt\u00f6r\u00fc<\/div>\n<\/div>\n<\/section>\n<hr class=\"wp-block-separator has-alpha-channel-opacity\" \/>\n<figure class=\"wp-block-image size-large\"><img loading=\"lazy\" decoding=\"async\" width=\"819\" height=\"1024\" src=\"https:\/\/www.vanguardhealthcare.co.uk\/wp-content\/uploads\/2024\/08\/Image-CUTOUT-1-819x1024.jpg\" alt=\"Floor plan of the Day Case Unit\" class=\"wp-image-7537\" srcset=\"https:\/\/www.vanguardhealthcare.co.uk\/wp-content\/uploads\/2024\/08\/Image-CUTOUT-1-819x1024.jpg 819w, https:\/\/www.vanguardhealthcare.co.uk\/wp-content\/uploads\/2024\/08\/Image-CUTOUT-1-240x300.jpg 240w, https:\/\/www.vanguardhealthcare.co.uk\/wp-content\/uploads\/2024\/08\/Image-CUTOUT-1-768x960.jpg 768w, https:\/\/www.vanguardhealthcare.co.uk\/wp-content\/uploads\/2024\/08\/Image-CUTOUT-1-1229x1536.jpg 1229w, https:\/\/www.vanguardhealthcare.co.uk\/wp-content\/uploads\/2024\/08\/Image-CUTOUT-1-10x12.jpg 10w, https:\/\/www.vanguardhealthcare.co.uk\/wp-content\/uploads\/2024\/08\/Image-CUTOUT-1.jpg 1376w\" sizes=\"auto, (max-width: 819px) 100vw, 819px\" \/><\/figure>","protected":false},"excerpt":{"rendered":"<p>Vakf\u0131n Dan\u0131\u015fman Anestezisti ve Planl\u0131 Bak\u0131m T\u0131bbi Direkt\u00f6r\u00fc Dr. Hamid Manji, Vanguard CEO&#039;su Chris Blackwell-Frost ile konu\u015fuyor<\/p>","protected":false},"author":12,"featured_media":7639,"comment_status":"open","ping_status":"open","sticky":false,"template":"","format":"standard","meta":{"_acf_changed":false,"footnotes":""},"categories":[2],"tags":[],"class_list":["post-7573","post","type-post","status-publish","format-standard","has-post-thumbnail","hentry","category-news"],"acf":[],"yoast_head":"<!-- This site is optimized with the Yoast SEO plugin v27.4 - https:\/\/yoast.com\/product\/yoast-seo-wordpress\/ -->\n<title>How a staffed Vanguard Day Case facility is helping Milton Keynes University Hospital reduce the elective backlog - Vanguard Healthcare Solutions<\/title>\n<meta name=\"description\" content=\"Milton Keynes University Hospital&#039;s Consultant Anaesthetist and Medical Director for Planned Care, Dr Hamid Manji, speaks with Vanguard\u2019s CEO, Chris Blackwell-Frost\" \/>\n<meta name=\"robots\" content=\"index, follow, max-snippet:-1, max-image-preview:large, max-video-preview:-1\" \/>\n<link rel=\"canonical\" href=\"https:\/\/www.vanguardhealthcare.co.uk\/tr_tr\/how-a-staffed-vanguard-day-case-facility-is-helping-milton-keynes-university-hospital-reduce-the-elective-backlog\/\" \/>\n<meta property=\"og:locale\" content=\"tr_TR\" \/>\n<meta property=\"og:type\" content=\"article\" \/>\n<meta property=\"og:title\" content=\"How a staffed Vanguard Day Case facility is helping Milton Keynes University Hospital reduce the elective backlog - Vanguard Healthcare Solutions\" \/>\n<meta property=\"og:description\" content=\"Milton Keynes University Hospital&#039;s Consultant Anaesthetist and Medical Director for Planned Care, Dr Hamid Manji, speaks with Vanguard\u2019s CEO, Chris Blackwell-Frost\" \/>\n<meta property=\"og:url\" content=\"https:\/\/www.vanguardhealthcare.co.uk\/tr_tr\/how-a-staffed-vanguard-day-case-facility-is-helping-milton-keynes-university-hospital-reduce-the-elective-backlog\/\" \/>\n<meta property=\"og:site_name\" content=\"Vanguard Healthcare Solutions\" \/>\n<meta property=\"article:published_time\" content=\"2024-10-22T11:21:39+00:00\" \/>\n<meta property=\"article:modified_time\" content=\"2024-10-22T11:24:35+00:00\" \/>\n<meta property=\"og:image\" content=\"https:\/\/www.vanguardhealthcare.co.uk\/wp-content\/uploads\/2024\/10\/thumb-8.jpg\" \/>\n\t<meta property=\"og:image:width\" content=\"1920\" \/>\n\t<meta property=\"og:image:height\" content=\"1080\" \/>\n\t<meta property=\"og:image:type\" content=\"image\/jpeg\" \/>\n<meta name=\"author\" content=\"markbirchmore\" \/>\n<meta name=\"twitter:card\" content=\"summary_large_image\" \/>\n<meta name=\"twitter:label1\" content=\"Yazan:\" \/>\n\t<meta name=\"twitter:data1\" content=\"markbirchmore\" \/>\n\t<meta name=\"twitter:label2\" content=\"Tahmini okuma s\u00fcresi\" \/>\n\t<meta name=\"twitter:data2\" content=\"10 dakika\" \/>\n<script type=\"application\/ld+json\" class=\"yoast-schema-graph\">{\"@context\":\"https:\\\/\\\/schema.org\",\"@graph\":[{\"@type\":\"Article\",\"@id\":\"https:\\\/\\\/www.vanguardhealthcare.co.uk\\\/how-a-staffed-vanguard-day-case-facility-is-helping-milton-keynes-university-hospital-reduce-the-elective-backlog\\\/#article\",\"isPartOf\":{\"@id\":\"https:\\\/\\\/www.vanguardhealthcare.co.uk\\\/how-a-staffed-vanguard-day-case-facility-is-helping-milton-keynes-university-hospital-reduce-the-elective-backlog\\\/\"},\"author\":{\"name\":\"markbirchmore\",\"@id\":\"https:\\\/\\\/www.vanguardhealthcare.co.uk\\\/#\\\/schema\\\/person\\\/28e5002e5381802059b342a6a7c57fe5\"},\"headline\":\"How a staffed Vanguard Day Case facility is helping Milton Keynes University Hospital reduce the elective backlog\",\"datePublished\":\"2024-10-22T11:21:39+00:00\",\"dateModified\":\"2024-10-22T11:24:35+00:00\",\"mainEntityOfPage\":{\"@id\":\"https:\\\/\\\/www.vanguardhealthcare.co.uk\\\/how-a-staffed-vanguard-day-case-facility-is-helping-milton-keynes-university-hospital-reduce-the-elective-backlog\\\/\"},\"wordCount\":2096,\"commentCount\":0,\"image\":{\"@id\":\"https:\\\/\\\/www.vanguardhealthcare.co.uk\\\/how-a-staffed-vanguard-day-case-facility-is-helping-milton-keynes-university-hospital-reduce-the-elective-backlog\\\/#primaryimage\"},\"thumbnailUrl\":\"https:\\\/\\\/www.vanguardhealthcare.co.uk\\\/wp-content\\\/uploads\\\/2024\\\/10\\\/thumb-8.jpg\",\"articleSection\":[\"News\"],\"inLanguage\":\"tr\",\"potentialAction\":[{\"@type\":\"CommentAction\",\"name\":\"Comment\",\"target\":[\"https:\\\/\\\/www.vanguardhealthcare.co.uk\\\/how-a-staffed-vanguard-day-case-facility-is-helping-milton-keynes-university-hospital-reduce-the-elective-backlog\\\/#respond\"]}]},{\"@type\":\"WebPage\",\"@id\":\"https:\\\/\\\/www.vanguardhealthcare.co.uk\\\/how-a-staffed-vanguard-day-case-facility-is-helping-milton-keynes-university-hospital-reduce-the-elective-backlog\\\/\",\"url\":\"https:\\\/\\\/www.vanguardhealthcare.co.uk\\\/how-a-staffed-vanguard-day-case-facility-is-helping-milton-keynes-university-hospital-reduce-the-elective-backlog\\\/\",\"name\":\"How a staffed Vanguard Day Case facility is helping Milton Keynes University Hospital reduce the elective backlog - Vanguard Healthcare Solutions\",\"isPartOf\":{\"@id\":\"https:\\\/\\\/www.vanguardhealthcare.co.uk\\\/#website\"},\"primaryImageOfPage\":{\"@id\":\"https:\\\/\\\/www.vanguardhealthcare.co.uk\\\/how-a-staffed-vanguard-day-case-facility-is-helping-milton-keynes-university-hospital-reduce-the-elective-backlog\\\/#primaryimage\"},\"image\":{\"@id\":\"https:\\\/\\\/www.vanguardhealthcare.co.uk\\\/how-a-staffed-vanguard-day-case-facility-is-helping-milton-keynes-university-hospital-reduce-the-elective-backlog\\\/#primaryimage\"},\"thumbnailUrl\":\"https:\\\/\\\/www.vanguardhealthcare.co.uk\\\/wp-content\\\/uploads\\\/2024\\\/10\\\/thumb-8.jpg\",\"datePublished\":\"2024-10-22T11:21:39+00:00\",\"dateModified\":\"2024-10-22T11:24:35+00:00\",\"author\":{\"@id\":\"https:\\\/\\\/www.vanguardhealthcare.co.uk\\\/#\\\/schema\\\/person\\\/28e5002e5381802059b342a6a7c57fe5\"},\"description\":\"Milton Keynes University Hospital's Consultant Anaesthetist and Medical Director for Planned Care, Dr Hamid Manji, speaks with Vanguard\u2019s CEO, Chris Blackwell-Frost\",\"breadcrumb\":{\"@id\":\"https:\\\/\\\/www.vanguardhealthcare.co.uk\\\/how-a-staffed-vanguard-day-case-facility-is-helping-milton-keynes-university-hospital-reduce-the-elective-backlog\\\/#breadcrumb\"},\"inLanguage\":\"tr\",\"potentialAction\":[{\"@type\":\"ReadAction\",\"target\":[\"https:\\\/\\\/www.vanguardhealthcare.co.uk\\\/how-a-staffed-vanguard-day-case-facility-is-helping-milton-keynes-university-hospital-reduce-the-elective-backlog\\\/\"]}]},{\"@type\":\"ImageObject\",\"inLanguage\":\"tr\",\"@id\":\"https:\\\/\\\/www.vanguardhealthcare.co.uk\\\/how-a-staffed-vanguard-day-case-facility-is-helping-milton-keynes-university-hospital-reduce-the-elective-backlog\\\/#primaryimage\",\"url\":\"https:\\\/\\\/www.vanguardhealthcare.co.uk\\\/wp-content\\\/uploads\\\/2024\\\/10\\\/thumb-8.jpg\",\"contentUrl\":\"https:\\\/\\\/www.vanguardhealthcare.co.uk\\\/wp-content\\\/uploads\\\/2024\\\/10\\\/thumb-8.jpg\",\"width\":1920,\"height\":1080},{\"@type\":\"BreadcrumbList\",\"@id\":\"https:\\\/\\\/www.vanguardhealthcare.co.uk\\\/how-a-staffed-vanguard-day-case-facility-is-helping-milton-keynes-university-hospital-reduce-the-elective-backlog\\\/#breadcrumb\",\"itemListElement\":[{\"@type\":\"ListItem\",\"position\":1,\"name\":\"Home\",\"item\":\"https:\\\/\\\/www.vanguardhealthcare.co.uk\\\/\"},{\"@type\":\"ListItem\",\"position\":2,\"name\":\"How a staffed Vanguard Day Case facility is helping Milton Keynes University Hospital reduce the elective backlog\"}]},{\"@type\":\"WebSite\",\"@id\":\"https:\\\/\\\/www.vanguardhealthcare.co.uk\\\/#website\",\"url\":\"https:\\\/\\\/www.vanguardhealthcare.co.uk\\\/\",\"name\":\"Vanguard Healthcare Solutions\",\"description\":\"\",\"potentialAction\":[{\"@type\":\"SearchAction\",\"target\":{\"@type\":\"EntryPoint\",\"urlTemplate\":\"https:\\\/\\\/www.vanguardhealthcare.co.uk\\\/?s={search_term_string}\"},\"query-input\":{\"@type\":\"PropertyValueSpecification\",\"valueRequired\":true,\"valueName\":\"search_term_string\"}}],\"inLanguage\":\"tr\"},{\"@type\":\"Person\",\"@id\":\"https:\\\/\\\/www.vanguardhealthcare.co.uk\\\/#\\\/schema\\\/person\\\/28e5002e5381802059b342a6a7c57fe5\",\"name\":\"markbirchmore\",\"image\":{\"@type\":\"ImageObject\",\"inLanguage\":\"tr\",\"@id\":\"https:\\\/\\\/secure.gravatar.com\\\/avatar\\\/fe7d53278a7b5ca7a899d25b40407d63635e003b79715b22b7e4507d10eecba5?s=96&d=mm&r=g\",\"url\":\"https:\\\/\\\/secure.gravatar.com\\\/avatar\\\/fe7d53278a7b5ca7a899d25b40407d63635e003b79715b22b7e4507d10eecba5?s=96&d=mm&r=g\",\"contentUrl\":\"https:\\\/\\\/secure.gravatar.com\\\/avatar\\\/fe7d53278a7b5ca7a899d25b40407d63635e003b79715b22b7e4507d10eecba5?s=96&d=mm&r=g\",\"caption\":\"markbirchmore\"}}]}<\/script>\n<!-- \/ Yoast SEO plugin. -->","yoast_head_json":{"title":"Personelli Vanguard G\u00fcnl\u00fck Vaka Merkezi, Milton Keynes \u00dcniversitesi Hastanesi&#039;nin se\u00e7meli ders birikimini azaltmas\u0131na nas\u0131l yard\u0131mc\u0131 oluyor? - Vanguard Sa\u011fl\u0131k \u00c7\u00f6z\u00fcmleri","description":"Milton Keynes \u00dcniversitesi Hastanesi&#039;nin Dan\u0131\u015fman Anestezisti ve Planl\u0131 Bak\u0131m T\u0131bbi Direkt\u00f6r\u00fc Dr. Hamid Manji, Vanguard CEO&#039;su Chris Blackwell-Frost ile konu\u015fuyor","robots":{"index":"index","follow":"follow","max-snippet":"max-snippet:-1","max-image-preview":"max-image-preview:large","max-video-preview":"max-video-preview:-1"},"canonical":"https:\/\/www.vanguardhealthcare.co.uk\/tr_tr\/how-a-staffed-vanguard-day-case-facility-is-helping-milton-keynes-university-hospital-reduce-the-elective-backlog\/","og_locale":"tr_TR","og_type":"article","og_title":"How a staffed Vanguard Day Case facility is helping Milton Keynes University Hospital reduce the elective backlog - Vanguard Healthcare Solutions","og_description":"Milton Keynes University Hospital's Consultant Anaesthetist and Medical Director for Planned Care, Dr Hamid Manji, speaks with Vanguard\u2019s CEO, Chris Blackwell-Frost","og_url":"https:\/\/www.vanguardhealthcare.co.uk\/tr_tr\/how-a-staffed-vanguard-day-case-facility-is-helping-milton-keynes-university-hospital-reduce-the-elective-backlog\/","og_site_name":"Vanguard Healthcare Solutions","article_published_time":"2024-10-22T11:21:39+00:00","article_modified_time":"2024-10-22T11:24:35+00:00","og_image":[{"width":1920,"height":1080,"url":"https:\/\/www.vanguardhealthcare.co.uk\/wp-content\/uploads\/2024\/10\/thumb-8.jpg","type":"image\/jpeg"}],"author":"markbirchmore","twitter_card":"summary_large_image","twitter_misc":{"Yazan:":"markbirchmore","Tahmini okuma s\u00fcresi":"10 dakika"},"schema":{"@context":"https:\/\/schema.org","@graph":[{"@type":"Article","@id":"https:\/\/www.vanguardhealthcare.co.uk\/how-a-staffed-vanguard-day-case-facility-is-helping-milton-keynes-university-hospital-reduce-the-elective-backlog\/#article","isPartOf":{"@id":"https:\/\/www.vanguardhealthcare.co.uk\/how-a-staffed-vanguard-day-case-facility-is-helping-milton-keynes-university-hospital-reduce-the-elective-backlog\/"},"author":{"name":"markbirchmore","@id":"https:\/\/www.vanguardhealthcare.co.uk\/#\/schema\/person\/28e5002e5381802059b342a6a7c57fe5"},"headline":"How a staffed Vanguard Day Case facility is helping Milton Keynes University Hospital reduce the elective backlog","datePublished":"2024-10-22T11:21:39+00:00","dateModified":"2024-10-22T11:24:35+00:00","mainEntityOfPage":{"@id":"https:\/\/www.vanguardhealthcare.co.uk\/how-a-staffed-vanguard-day-case-facility-is-helping-milton-keynes-university-hospital-reduce-the-elective-backlog\/"},"wordCount":2096,"commentCount":0,"image":{"@id":"https:\/\/www.vanguardhealthcare.co.uk\/how-a-staffed-vanguard-day-case-facility-is-helping-milton-keynes-university-hospital-reduce-the-elective-backlog\/#primaryimage"},"thumbnailUrl":"https:\/\/www.vanguardhealthcare.co.uk\/wp-content\/uploads\/2024\/10\/thumb-8.jpg","articleSection":["News"],"inLanguage":"tr","potentialAction":[{"@type":"CommentAction","name":"Comment","target":["https:\/\/www.vanguardhealthcare.co.uk\/how-a-staffed-vanguard-day-case-facility-is-helping-milton-keynes-university-hospital-reduce-the-elective-backlog\/#respond"]}]},{"@type":"WebPage","@id":"https:\/\/www.vanguardhealthcare.co.uk\/how-a-staffed-vanguard-day-case-facility-is-helping-milton-keynes-university-hospital-reduce-the-elective-backlog\/","url":"https:\/\/www.vanguardhealthcare.co.uk\/how-a-staffed-vanguard-day-case-facility-is-helping-milton-keynes-university-hospital-reduce-the-elective-backlog\/","name":"Personelli Vanguard G\u00fcnl\u00fck Vaka Merkezi, Milton Keynes \u00dcniversitesi Hastanesi&#039;nin se\u00e7meli ders birikimini azaltmas\u0131na nas\u0131l yard\u0131mc\u0131 oluyor? - Vanguard Sa\u011fl\u0131k \u00c7\u00f6z\u00fcmleri","isPartOf":{"@id":"https:\/\/www.vanguardhealthcare.co.uk\/#website"},"primaryImageOfPage":{"@id":"https:\/\/www.vanguardhealthcare.co.uk\/how-a-staffed-vanguard-day-case-facility-is-helping-milton-keynes-university-hospital-reduce-the-elective-backlog\/#primaryimage"},"image":{"@id":"https:\/\/www.vanguardhealthcare.co.uk\/how-a-staffed-vanguard-day-case-facility-is-helping-milton-keynes-university-hospital-reduce-the-elective-backlog\/#primaryimage"},"thumbnailUrl":"https:\/\/www.vanguardhealthcare.co.uk\/wp-content\/uploads\/2024\/10\/thumb-8.jpg","datePublished":"2024-10-22T11:21:39+00:00","dateModified":"2024-10-22T11:24:35+00:00","author":{"@id":"https:\/\/www.vanguardhealthcare.co.uk\/#\/schema\/person\/28e5002e5381802059b342a6a7c57fe5"},"description":"Milton Keynes \u00dcniversitesi Hastanesi&#039;nin Dan\u0131\u015fman Anestezisti ve Planl\u0131 Bak\u0131m T\u0131bbi Direkt\u00f6r\u00fc Dr. Hamid Manji, Vanguard CEO&#039;su Chris Blackwell-Frost ile konu\u015fuyor","breadcrumb":{"@id":"https:\/\/www.vanguardhealthcare.co.uk\/how-a-staffed-vanguard-day-case-facility-is-helping-milton-keynes-university-hospital-reduce-the-elective-backlog\/#breadcrumb"},"inLanguage":"tr","potentialAction":[{"@type":"ReadAction","target":["https:\/\/www.vanguardhealthcare.co.uk\/how-a-staffed-vanguard-day-case-facility-is-helping-milton-keynes-university-hospital-reduce-the-elective-backlog\/"]}]},{"@type":"ImageObject","inLanguage":"tr","@id":"https:\/\/www.vanguardhealthcare.co.uk\/how-a-staffed-vanguard-day-case-facility-is-helping-milton-keynes-university-hospital-reduce-the-elective-backlog\/#primaryimage","url":"https:\/\/www.vanguardhealthcare.co.uk\/wp-content\/uploads\/2024\/10\/thumb-8.jpg","contentUrl":"https:\/\/www.vanguardhealthcare.co.uk\/wp-content\/uploads\/2024\/10\/thumb-8.jpg","width":1920,"height":1080},{"@type":"BreadcrumbList","@id":"https:\/\/www.vanguardhealthcare.co.uk\/how-a-staffed-vanguard-day-case-facility-is-helping-milton-keynes-university-hospital-reduce-the-elective-backlog\/#breadcrumb","itemListElement":[{"@type":"ListItem","position":1,"name":"Home","item":"https:\/\/www.vanguardhealthcare.co.uk\/"},{"@type":"ListItem","position":2,"name":"How a staffed Vanguard Day Case facility is helping Milton Keynes University Hospital reduce the elective backlog"}]},{"@type":"WebSite","@id":"https:\/\/www.vanguardhealthcare.co.uk\/#website","url":"https:\/\/www.vanguardhealthcare.co.uk\/","name":"Vanguard Sa\u011fl\u0131k \u00c7\u00f6z\u00fcmleri","description":"","potentialAction":[{"@type":"SearchAction","target":{"@type":"EntryPoint","urlTemplate":"https:\/\/www.vanguardhealthcare.co.uk\/?s={search_term_string}"},"query-input":{"@type":"PropertyValueSpecification","valueRequired":true,"valueName":"search_term_string"}}],"inLanguage":"tr"},{"@type":"Person","@id":"https:\/\/www.vanguardhealthcare.co.uk\/#\/schema\/person\/28e5002e5381802059b342a6a7c57fe5","name":"markbirchmore","image":{"@type":"ImageObject","inLanguage":"tr","@id":"https:\/\/secure.gravatar.com\/avatar\/fe7d53278a7b5ca7a899d25b40407d63635e003b79715b22b7e4507d10eecba5?s=96&d=mm&r=g","url":"https:\/\/secure.gravatar.com\/avatar\/fe7d53278a7b5ca7a899d25b40407d63635e003b79715b22b7e4507d10eecba5?s=96&d=mm&r=g","contentUrl":"https:\/\/secure.gravatar.com\/avatar\/fe7d53278a7b5ca7a899d25b40407d63635e003b79715b22b7e4507d10eecba5?s=96&d=mm&r=g","caption":"markbirchmore"}}]}},"_links":{"self":[{"href":"https:\/\/www.vanguardhealthcare.co.uk\/tr_tr\/wp-json\/wp\/v2\/posts\/7573","targetHints":{"allow":["GET"]}}],"collection":[{"href":"https:\/\/www.vanguardhealthcare.co.uk\/tr_tr\/wp-json\/wp\/v2\/posts"}],"about":[{"href":"https:\/\/www.vanguardhealthcare.co.uk\/tr_tr\/wp-json\/wp\/v2\/types\/post"}],"author":[{"embeddable":true,"href":"https:\/\/www.vanguardhealthcare.co.uk\/tr_tr\/wp-json\/wp\/v2\/users\/12"}],"replies":[{"embeddable":true,"href":"https:\/\/www.vanguardhealthcare.co.uk\/tr_tr\/wp-json\/wp\/v2\/comments?post=7573"}],"version-history":[{"count":0,"href":"https:\/\/www.vanguardhealthcare.co.uk\/tr_tr\/wp-json\/wp\/v2\/posts\/7573\/revisions"}],"wp:featuredmedia":[{"embeddable":true,"href":"https:\/\/www.vanguardhealthcare.co.uk\/tr_tr\/wp-json\/wp\/v2\/media\/7639"}],"wp:attachment":[{"href":"https:\/\/www.vanguardhealthcare.co.uk\/tr_tr\/wp-json\/wp\/v2\/media?parent=7573"}],"wp:term":[{"taxonomy":"category","embeddable":true,"href":"https:\/\/www.vanguardhealthcare.co.uk\/tr_tr\/wp-json\/wp\/v2\/categories?post=7573"},{"taxonomy":"post_tag","embeddable":true,"href":"https:\/\/www.vanguardhealthcare.co.uk\/tr_tr\/wp-json\/wp\/v2\/tags?post=7573"}],"curies":[{"name":"wp","href":"https:\/\/api.w.org\/{rel}","templated":true}]}}