{"id":4845,"date":"2022-05-27T08:29:19","date_gmt":"2022-05-27T08:29:19","guid":{"rendered":"\/?p=4845"},"modified":"2024-04-26T15:06:54","modified_gmt":"2024-04-26T15:06:54","slug":"national-healthcare-estates-and-facilities-day","status":"publish","type":"post","link":"https:\/\/www.vanguardhealthcare.co.uk\/tr_tr\/national-healthcare-estates-and-facilities-day\/","title":{"rendered":"Ulusal Sa\u011fl\u0131k Siteleri ve Tesisleri G\u00fcn\u00fc 2022"},"content":{"rendered":"<p>Son y\u0131llar\u0131n NHS ve sa\u011fl\u0131k sistemlerinin t\u00fcm alanlar\u0131nda \u00e7al\u0131\u015fan personel \u00fczerinde \u00f6nemli bir bask\u0131ya neden oldu\u011funu ve siteler ve tesislerde (E&amp;F) \u00e7al\u0131\u015fanlar \u00fczerinde ortaya \u00e7\u0131kan zorluklara uyum sa\u011flama konusunda artan bask\u0131n\u0131n artt\u0131\u011f\u0131n\u0131 s\u00f6ylemeye gerek yok.<\/p>\n<p>Ger\u00e7ekten de son salg\u0131n, enfeksiyon kontrol\u00fcne daha fazla odaklan\u0131lmas\u0131 ve artan se\u00e7meli bak\u0131m birikintisi sayesinde hastanelerde daha esnek klinik alana ihtiya\u00e7 duyulmas\u0131na neden oldu. \u0130lk <a href=\"https:\/\/www.iheem.org.uk\/national-healthcare-estates-and-facilities-day-15th-june-2022\/\">Ulusal Sa\u011fl\u0131k Siteleri ve Tesisleri g\u00fcn\u00fc <\/a>15&#039;inde yap\u0131l\u0131yor<sup>o <\/sup>Haziran 2022, t\u00fcm site ve tesis personelinin muazzam \u00e7abalar\u0131n\u0131 ve temel hizmetlerin kritik d\u00fczeyde sa\u011flanmas\u0131ndaki rollerini tan\u0131mak ve kutlamak i\u00e7in.<\/p>\n<p>Rekor k\u0131ran bir boyuta ula\u015fan se\u00e7meli bak\u0131m birikiminin yan\u0131 s\u0131ra <a href=\"https:\/\/www.england.nhs.uk\/statistics\/wp-content\/uploads\/sites\/2\/2022\/04\/Feb22-RTT-SPN-publication-89824.pdf\">6,2 milyon \u00a3 <\/a>Nisan 2022&#039;de NHS, son y\u0131llardaki bir ba\u015fka acil sorunla, mevcut m\u00fclk\u00fcn bozulmas\u0131yla kar\u015f\u0131 kar\u015f\u0131ya kald\u0131. Ger\u00e7ekten de son raporlar, NHS m\u00fclk\u00fcn\u00fcn \u00e7o\u011funun bak\u0131ma muhta\u00e7 durumda oldu\u011funu ve yenilenmeye ihtiya\u00e7 duydu\u011funu g\u00f6sterdi; bu da site personelinin optimum kapasiteyi korurken alan\u0131 uyarlamas\u0131 ve yeniden yap\u0131land\u0131rmas\u0131 i\u00e7in daha fazla zorluk yarat\u0131yor. E&amp;F profesyonelleri, 100000 metrekareden fazla arazi ayak izinin bak\u0131m\u0131 ve y\u00f6netiminden sorumludur. <a href=\"https:\/\/igpp.org.uk\/event\/transforming-the-nhs-estate-2022\">24 milyon metrekare <\/a>\u0130ngiltere&#039;deki NHS Tr\u00f6stleri aras\u0131nda <a href=\"https:\/\/www.magonlinelibrary.com\/doi\/full\/10.12968\/bjhc.2021.0149\">1.5 milyon <\/a>Bu alan\u0131n metrekaresi eski ve tehlikeli altyap\u0131 nedeniyle kullan\u0131lam\u0131yor. Ayr\u0131ca Robert Naylor bir konu\u015fmas\u0131nda \u015funlar\u0131 s\u00f6yledi:\u00a0<a href=\"https:\/\/assets.publishing.service.gov.uk\/government\/uploads\/system\/uploads\/attachment_data\/file\/607725\/Naylor_review.pdf\">2017 <\/a>kayda de\u011fer bir yat\u0131r\u0131m yap\u0131lmazsa, &#039;NHS m\u00fclk\u00fcn\u00fcn amac\u0131na uygun olmayaca\u011f\u0131n\u0131 ve bozulmaya devam edece\u011fini&#039; bildirerek, Birle\u015fik Krall\u0131k genelinde NHS Tr\u00f6stleri ve Sa\u011fl\u0131k Kurullar\u0131n\u0131n kar\u015f\u0131la\u015ft\u0131\u011f\u0131 zorlu\u011fun ger\u00e7ek boyutunu vurguluyor. Son y\u0131llarda kapasite taleplerindeki art\u0131\u015flar\u0131n ard\u0131ndan E&amp;F personeli, hasta bak\u0131m\u0131n\u0131 optimize etmek i\u00e7in ek \u00e7\u00f6z\u00fcmler uyarlamak ve kaynak bulmak zorunda kald\u0131.\n<img loading=\"lazy\" decoding=\"async\" class=\"wp-image-4846 aligncenter\" src=\"\/wp-content\/uploads\/legacy\/2021\/08\/IMG_2096-1024x768.jpeg\" alt=\"\" width=\"408\" height=\"306\" \/>\nYukar\u0131da belirtilen planl\u0131 bak\u0131m birikimi, NHS&#039;yi gelecek y\u0131llarda etkileyecektir ve bu, enfeksiyon kontrol\u00fcne artan odaklanma ve g\u00fcncelli\u011fini yitirmi\u015f bir NHS m\u00fclk\u00fcyle birle\u015fti\u011finde, E&amp;F personeli i\u00e7in haz\u0131rl\u0131k a\u015famas\u0131nda devasa bir zorluk yaratt\u0131. <a href=\"https:\/\/www.hospitaltimes.co.uk\/the-pandemic-and-the-nhs-estate\/\">&#039;yeni normal&#039;<\/a>. Bu sorunu \u00e7\u00f6zmeye y\u00f6nelik \u00e7abalar, a\u015fa\u011f\u0131daki gibi ba\u011f\u0131ms\u0131z tesislerin tan\u0131t\u0131m\u0131n\u0131 da i\u00e7ermektedir: <a href=\"https:\/\/www.hospitaltimes.co.uk\/the-pandemic-and-the-nhs-estate\/\">cerrahi g\u00f6bekler <\/a>Queen Mary&#039;s Hastanesi&#039;nde de kuruldu <a href=\"\/tr_tr\/vanguard-installs-modular-facility-to-combat-surgical-backlog\/\">Roehampton <\/a>ve kapasiteyi h\u0131zla art\u0131rmak i\u00e7in Llaneli&#039;deki Prince Phillip Hastanesi. Modern \u0130n\u015faat Y\u00f6ntemleri (MMC) \u00e7\u00f6z\u00fcmleri yeni de\u011fildir, ancak esnek yap\u0131lar\u0131 sayesinde acil kapasite sorunlar\u0131n\u0131n ele al\u0131nmas\u0131yla giderek daha alakal\u0131 hale gelmi\u015flerdir; bu \u00e7\u00f6z\u00fcmler, sa\u011fl\u0131k hizmeti sa\u011flay\u0131c\u0131s\u0131n\u0131n mevcut ihtiya\u00e7lar\u0131n\u0131 kar\u015f\u0131lamak \u00fczere zaman i\u00e7inde yeniden yap\u0131land\u0131r\u0131lmalar\u0131na olanak tan\u0131r. mevcut NHS b\u00f6lgesinde bu pek m\u00fcmk\u00fcn de\u011fil.<\/p>\n<p>\u00d6zellikle k\u00fcresel bir salg\u0131n\u0131n zorluklar\u0131yla kar\u015f\u0131 kar\u015f\u0131ya kal\u0131nd\u0131\u011f\u0131nda ve operasyonel verimlili\u011fi m\u00fcmk\u00fcn oldu\u011funca koruma ihtiyac\u0131yla kar\u015f\u0131 kar\u015f\u0131ya kald\u0131\u011f\u0131m\u0131zda, hastane sitelerinin d\u00f6n\u00fc\u015ft\u00fcr\u00fclmesi hi\u00e7 de k\u00fc\u00e7\u00fck bir i\u015f olmad\u0131. Bu ulusal tan\u0131nma g\u00fcn\u00fcn\u00fcn, \u00f6n bakan personelin optimum d\u00fczeyde bak\u0131m sa\u011flamas\u0131na olanak tan\u0131yan, perde arkas\u0131nda E&amp;F ekipleri taraf\u0131ndan \u00fcstlenilen i\u015fin ger\u00e7ek boyutunu vurgulamas\u0131 umulmaktad\u0131r.<\/p>","protected":false},"excerpt":{"rendered":"<p>\u0130lk Ulusal Sa\u011fl\u0131k Siteleri ve Tesisleri g\u00fcn\u00fc, t\u00fcm site ve tesis personelinin muazzam \u00e7abalar\u0131n\u0131 ve temel hizmetlerin kritik sa\u011flanmas\u0131ndaki rollerini tan\u0131mak ve kutlamak i\u00e7in 15 Haziran 2022&#039;de yap\u0131l\u0131yor.<\/p>","protected":false},"author":1,"featured_media":1272,"comment_status":"closed","ping_status":"closed","sticky":false,"template":"","format":"standard","meta":{"_acf_changed":true,"footnotes":""},"categories":[120],"tags":[],"class_list":["post-4845","post","type-post","status-publish","format-standard","has-post-thumbnail","hentry","category-event"],"acf":[],"yoast_head":"<!-- This site is optimized with the Yoast SEO plugin v27.4 - https:\/\/yoast.com\/product\/yoast-seo-wordpress\/ -->\n<title>National Healthcare Estates and Facilities Day 2022 - Vanguard Healthcare Solutions<\/title>\n<meta name=\"description\" content=\"The first National Healthcare Estates and Facilities day is being help on 15th June 2022 to recognise the efforts of all E&amp;F staff.\" \/>\n<meta name=\"robots\" content=\"index, follow, max-snippet:-1, max-image-preview:large, max-video-preview:-1\" \/>\n<link rel=\"canonical\" href=\"https:\/\/www.vanguardhealthcare.co.uk\/tr_tr\/national-healthcare-estates-and-facilities-day\/\" \/>\n<meta property=\"og:locale\" content=\"tr_TR\" \/>\n<meta property=\"og:type\" content=\"article\" \/>\n<meta property=\"og:title\" content=\"National Healthcare Estates and Facilities Day 2022 - Vanguard Healthcare Solutions\" \/>\n<meta property=\"og:description\" content=\"The first National Healthcare Estates and Facilities day is being help on 15th June 2022 to recognise the efforts of all E&amp;F staff.\" \/>\n<meta property=\"og:url\" content=\"https:\/\/www.vanguardhealthcare.co.uk\/tr_tr\/national-healthcare-estates-and-facilities-day\/\" \/>\n<meta property=\"og:site_name\" content=\"Vanguard Healthcare Solutions\" \/>\n<meta property=\"article:published_time\" content=\"2022-05-27T08:29:19+00:00\" \/>\n<meta property=\"article:modified_time\" content=\"2024-04-26T15:06:54+00:00\" \/>\n<meta property=\"og:image\" content=\"https:\/\/www.vanguardhealthcare.co.uk\/wp-content\/uploads\/legacy\/2022\/05\/IMG_2096-scaled.jpeg\" \/>\n\t<meta property=\"og:image:width\" content=\"2560\" \/>\n\t<meta property=\"og:image:height\" content=\"1920\" \/>\n\t<meta property=\"og:image:type\" content=\"image\/jpeg\" \/>\n<meta name=\"author\" content=\"Vanguard Healthcare Solutions\" \/>\n<meta name=\"twitter:card\" content=\"summary_large_image\" \/>\n<meta name=\"twitter:label1\" content=\"Yazan:\" \/>\n\t<meta name=\"twitter:data1\" content=\"Vanguard Healthcare Solutions\" \/>\n\t<meta name=\"twitter:label2\" content=\"Tahmini okuma s\u00fcresi\" \/>\n\t<meta name=\"twitter:data2\" content=\"3 dakika\" \/>\n<script type=\"application\/ld+json\" class=\"yoast-schema-graph\">{\"@context\":\"https:\\\/\\\/schema.org\",\"@graph\":[{\"@type\":\"Article\",\"@id\":\"https:\\\/\\\/www.vanguardhealthcare.co.uk\\\/national-healthcare-estates-and-facilities-day\\\/#article\",\"isPartOf\":{\"@id\":\"https:\\\/\\\/www.vanguardhealthcare.co.uk\\\/national-healthcare-estates-and-facilities-day\\\/\"},\"author\":{\"name\":\"Vanguard Healthcare Solutions\",\"@id\":\"https:\\\/\\\/www.vanguardhealthcare.co.uk\\\/#\\\/schema\\\/person\\\/426decd65e2d39321705e63d5ea4394b\"},\"headline\":\"National Healthcare Estates and Facilities Day 2022\",\"datePublished\":\"2022-05-27T08:29:19+00:00\",\"dateModified\":\"2024-04-26T15:06:54+00:00\",\"mainEntityOfPage\":{\"@id\":\"https:\\\/\\\/www.vanguardhealthcare.co.uk\\\/national-healthcare-estates-and-facilities-day\\\/\"},\"wordCount\":498,\"image\":{\"@id\":\"https:\\\/\\\/www.vanguardhealthcare.co.uk\\\/national-healthcare-estates-and-facilities-day\\\/#primaryimage\"},\"thumbnailUrl\":\"https:\\\/\\\/www.vanguardhealthcare.co.uk\\\/wp-content\\\/uploads\\\/legacy\\\/2022\\\/05\\\/IMG_2096-scaled.jpeg\",\"articleSection\":[\"Event\"],\"inLanguage\":\"tr\"},{\"@type\":\"WebPage\",\"@id\":\"https:\\\/\\\/www.vanguardhealthcare.co.uk\\\/national-healthcare-estates-and-facilities-day\\\/\",\"url\":\"https:\\\/\\\/www.vanguardhealthcare.co.uk\\\/national-healthcare-estates-and-facilities-day\\\/\",\"name\":\"National Healthcare Estates and Facilities Day 2022 - Vanguard Healthcare Solutions\",\"isPartOf\":{\"@id\":\"https:\\\/\\\/www.vanguardhealthcare.co.uk\\\/#website\"},\"primaryImageOfPage\":{\"@id\":\"https:\\\/\\\/www.vanguardhealthcare.co.uk\\\/national-healthcare-estates-and-facilities-day\\\/#primaryimage\"},\"image\":{\"@id\":\"https:\\\/\\\/www.vanguardhealthcare.co.uk\\\/national-healthcare-estates-and-facilities-day\\\/#primaryimage\"},\"thumbnailUrl\":\"https:\\\/\\\/www.vanguardhealthcare.co.uk\\\/wp-content\\\/uploads\\\/legacy\\\/2022\\\/05\\\/IMG_2096-scaled.jpeg\",\"datePublished\":\"2022-05-27T08:29:19+00:00\",\"dateModified\":\"2024-04-26T15:06:54+00:00\",\"author\":{\"@id\":\"https:\\\/\\\/www.vanguardhealthcare.co.uk\\\/#\\\/schema\\\/person\\\/426decd65e2d39321705e63d5ea4394b\"},\"description\":\"The first National Healthcare Estates and Facilities day is being help on 15th June 2022 to recognise the efforts of all E&F staff.\",\"breadcrumb\":{\"@id\":\"https:\\\/\\\/www.vanguardhealthcare.co.uk\\\/national-healthcare-estates-and-facilities-day\\\/#breadcrumb\"},\"inLanguage\":\"tr\",\"potentialAction\":[{\"@type\":\"ReadAction\",\"target\":[\"https:\\\/\\\/www.vanguardhealthcare.co.uk\\\/national-healthcare-estates-and-facilities-day\\\/\"]}]},{\"@type\":\"ImageObject\",\"inLanguage\":\"tr\",\"@id\":\"https:\\\/\\\/www.vanguardhealthcare.co.uk\\\/national-healthcare-estates-and-facilities-day\\\/#primaryimage\",\"url\":\"https:\\\/\\\/www.vanguardhealthcare.co.uk\\\/wp-content\\\/uploads\\\/legacy\\\/2022\\\/05\\\/IMG_2096-scaled.jpeg\",\"contentUrl\":\"https:\\\/\\\/www.vanguardhealthcare.co.uk\\\/wp-content\\\/uploads\\\/legacy\\\/2022\\\/05\\\/IMG_2096-scaled.jpeg\",\"width\":2560,\"height\":1920},{\"@type\":\"BreadcrumbList\",\"@id\":\"https:\\\/\\\/www.vanguardhealthcare.co.uk\\\/national-healthcare-estates-and-facilities-day\\\/#breadcrumb\",\"itemListElement\":[{\"@type\":\"ListItem\",\"position\":1,\"name\":\"Home\",\"item\":\"https:\\\/\\\/www.vanguardhealthcare.co.uk\\\/\"},{\"@type\":\"ListItem\",\"position\":2,\"name\":\"National Healthcare Estates and Facilities Day 2022\"}]},{\"@type\":\"WebSite\",\"@id\":\"https:\\\/\\\/www.vanguardhealthcare.co.uk\\\/#website\",\"url\":\"https:\\\/\\\/www.vanguardhealthcare.co.uk\\\/\",\"name\":\"Vanguard Healthcare Solutions\",\"description\":\"\",\"potentialAction\":[{\"@type\":\"SearchAction\",\"target\":{\"@type\":\"EntryPoint\",\"urlTemplate\":\"https:\\\/\\\/www.vanguardhealthcare.co.uk\\\/?s={search_term_string}\"},\"query-input\":{\"@type\":\"PropertyValueSpecification\",\"valueRequired\":true,\"valueName\":\"search_term_string\"}}],\"inLanguage\":\"tr\"},{\"@type\":\"Person\",\"@id\":\"https:\\\/\\\/www.vanguardhealthcare.co.uk\\\/#\\\/schema\\\/person\\\/426decd65e2d39321705e63d5ea4394b\",\"name\":\"Vanguard Healthcare Solutions\",\"image\":{\"@type\":\"ImageObject\",\"inLanguage\":\"tr\",\"@id\":\"https:\\\/\\\/secure.gravatar.com\\\/avatar\\\/7ba7c80067fbd6952425e7e5a94fa842f37365b39fe1fd0a01287a5a0b6f7d2b?s=96&d=mm&r=g\",\"url\":\"https:\\\/\\\/secure.gravatar.com\\\/avatar\\\/7ba7c80067fbd6952425e7e5a94fa842f37365b39fe1fd0a01287a5a0b6f7d2b?s=96&d=mm&r=g\",\"contentUrl\":\"https:\\\/\\\/secure.gravatar.com\\\/avatar\\\/7ba7c80067fbd6952425e7e5a94fa842f37365b39fe1fd0a01287a5a0b6f7d2b?s=96&d=mm&r=g\",\"caption\":\"Vanguard Healthcare Solutions\"},\"sameAs\":[\"https:\\\/\\\/www.vanguardhealthcare.co.uk\"]}]}<\/script>\n<!-- \/ Yoast SEO plugin. -->","yoast_head_json":{"title":"Ulusal Sa\u011fl\u0131k Hizmetleri Alanlar\u0131 ve Tesisleri G\u00fcn\u00fc 2022 - Vanguard Sa\u011fl\u0131k \u00c7\u00f6z\u00fcmleri","description":"T\u00fcm E&amp;F personelinin \u00e7abalar\u0131n\u0131 takdir etmek i\u00e7in ilk Ulusal Sa\u011fl\u0131k Hizmetleri Tesisleri ve Yerleri G\u00fcn\u00fc 15 Haziran 2022&#039;de d\u00fczenleniyor.","robots":{"index":"index","follow":"follow","max-snippet":"max-snippet:-1","max-image-preview":"max-image-preview:large","max-video-preview":"max-video-preview:-1"},"canonical":"https:\/\/www.vanguardhealthcare.co.uk\/tr_tr\/national-healthcare-estates-and-facilities-day\/","og_locale":"tr_TR","og_type":"article","og_title":"National Healthcare Estates and Facilities Day 2022 - Vanguard Healthcare Solutions","og_description":"The first National Healthcare Estates and Facilities day is being help on 15th June 2022 to recognise the efforts of all E&F staff.","og_url":"https:\/\/www.vanguardhealthcare.co.uk\/tr_tr\/national-healthcare-estates-and-facilities-day\/","og_site_name":"Vanguard Healthcare Solutions","article_published_time":"2022-05-27T08:29:19+00:00","article_modified_time":"2024-04-26T15:06:54+00:00","og_image":[{"width":2560,"height":1920,"url":"https:\/\/www.vanguardhealthcare.co.uk\/wp-content\/uploads\/legacy\/2022\/05\/IMG_2096-scaled.jpeg","type":"image\/jpeg"}],"author":"Vanguard Healthcare Solutions","twitter_card":"summary_large_image","twitter_misc":{"Yazan:":"Vanguard Healthcare Solutions","Tahmini okuma s\u00fcresi":"3 dakika"},"schema":{"@context":"https:\/\/schema.org","@graph":[{"@type":"Article","@id":"https:\/\/www.vanguardhealthcare.co.uk\/national-healthcare-estates-and-facilities-day\/#article","isPartOf":{"@id":"https:\/\/www.vanguardhealthcare.co.uk\/national-healthcare-estates-and-facilities-day\/"},"author":{"name":"Vanguard Healthcare Solutions","@id":"https:\/\/www.vanguardhealthcare.co.uk\/#\/schema\/person\/426decd65e2d39321705e63d5ea4394b"},"headline":"National Healthcare Estates and Facilities Day 2022","datePublished":"2022-05-27T08:29:19+00:00","dateModified":"2024-04-26T15:06:54+00:00","mainEntityOfPage":{"@id":"https:\/\/www.vanguardhealthcare.co.uk\/national-healthcare-estates-and-facilities-day\/"},"wordCount":498,"image":{"@id":"https:\/\/www.vanguardhealthcare.co.uk\/national-healthcare-estates-and-facilities-day\/#primaryimage"},"thumbnailUrl":"https:\/\/www.vanguardhealthcare.co.uk\/wp-content\/uploads\/legacy\/2022\/05\/IMG_2096-scaled.jpeg","articleSection":["Event"],"inLanguage":"tr"},{"@type":"WebPage","@id":"https:\/\/www.vanguardhealthcare.co.uk\/national-healthcare-estates-and-facilities-day\/","url":"https:\/\/www.vanguardhealthcare.co.uk\/national-healthcare-estates-and-facilities-day\/","name":"Ulusal Sa\u011fl\u0131k Hizmetleri Alanlar\u0131 ve Tesisleri G\u00fcn\u00fc 2022 - Vanguard Sa\u011fl\u0131k \u00c7\u00f6z\u00fcmleri","isPartOf":{"@id":"https:\/\/www.vanguardhealthcare.co.uk\/#website"},"primaryImageOfPage":{"@id":"https:\/\/www.vanguardhealthcare.co.uk\/national-healthcare-estates-and-facilities-day\/#primaryimage"},"image":{"@id":"https:\/\/www.vanguardhealthcare.co.uk\/national-healthcare-estates-and-facilities-day\/#primaryimage"},"thumbnailUrl":"https:\/\/www.vanguardhealthcare.co.uk\/wp-content\/uploads\/legacy\/2022\/05\/IMG_2096-scaled.jpeg","datePublished":"2022-05-27T08:29:19+00:00","dateModified":"2024-04-26T15:06:54+00:00","author":{"@id":"https:\/\/www.vanguardhealthcare.co.uk\/#\/schema\/person\/426decd65e2d39321705e63d5ea4394b"},"description":"T\u00fcm E&amp;F personelinin \u00e7abalar\u0131n\u0131 takdir etmek i\u00e7in ilk Ulusal Sa\u011fl\u0131k Hizmetleri Tesisleri ve Yerleri G\u00fcn\u00fc 15 Haziran 2022&#039;de d\u00fczenleniyor.","breadcrumb":{"@id":"https:\/\/www.vanguardhealthcare.co.uk\/national-healthcare-estates-and-facilities-day\/#breadcrumb"},"inLanguage":"tr","potentialAction":[{"@type":"ReadAction","target":["https:\/\/www.vanguardhealthcare.co.uk\/national-healthcare-estates-and-facilities-day\/"]}]},{"@type":"ImageObject","inLanguage":"tr","@id":"https:\/\/www.vanguardhealthcare.co.uk\/national-healthcare-estates-and-facilities-day\/#primaryimage","url":"https:\/\/www.vanguardhealthcare.co.uk\/wp-content\/uploads\/legacy\/2022\/05\/IMG_2096-scaled.jpeg","contentUrl":"https:\/\/www.vanguardhealthcare.co.uk\/wp-content\/uploads\/legacy\/2022\/05\/IMG_2096-scaled.jpeg","width":2560,"height":1920},{"@type":"BreadcrumbList","@id":"https:\/\/www.vanguardhealthcare.co.uk\/national-healthcare-estates-and-facilities-day\/#breadcrumb","itemListElement":[{"@type":"ListItem","position":1,"name":"Home","item":"https:\/\/www.vanguardhealthcare.co.uk\/"},{"@type":"ListItem","position":2,"name":"National Healthcare Estates and Facilities Day 2022"}]},{"@type":"WebSite","@id":"https:\/\/www.vanguardhealthcare.co.uk\/#website","url":"https:\/\/www.vanguardhealthcare.co.uk\/","name":"Vanguard Sa\u011fl\u0131k \u00c7\u00f6z\u00fcmleri","description":"","potentialAction":[{"@type":"SearchAction","target":{"@type":"EntryPoint","urlTemplate":"https:\/\/www.vanguardhealthcare.co.uk\/?s={search_term_string}"},"query-input":{"@type":"PropertyValueSpecification","valueRequired":true,"valueName":"search_term_string"}}],"inLanguage":"tr"},{"@type":"Person","@id":"https:\/\/www.vanguardhealthcare.co.uk\/#\/schema\/person\/426decd65e2d39321705e63d5ea4394b","name":"Vanguard Sa\u011fl\u0131k \u00c7\u00f6z\u00fcmleri","image":{"@type":"ImageObject","inLanguage":"tr","@id":"https:\/\/secure.gravatar.com\/avatar\/7ba7c80067fbd6952425e7e5a94fa842f37365b39fe1fd0a01287a5a0b6f7d2b?s=96&d=mm&r=g","url":"https:\/\/secure.gravatar.com\/avatar\/7ba7c80067fbd6952425e7e5a94fa842f37365b39fe1fd0a01287a5a0b6f7d2b?s=96&d=mm&r=g","contentUrl":"https:\/\/secure.gravatar.com\/avatar\/7ba7c80067fbd6952425e7e5a94fa842f37365b39fe1fd0a01287a5a0b6f7d2b?s=96&d=mm&r=g","caption":"Vanguard Healthcare Solutions"},"sameAs":["https:\/\/www.vanguardhealthcare.co.uk"]}]}},"_links":{"self":[{"href":"https:\/\/www.vanguardhealthcare.co.uk\/tr_tr\/wp-json\/wp\/v2\/posts\/4845","targetHints":{"allow":["GET"]}}],"collection":[{"href":"https:\/\/www.vanguardhealthcare.co.uk\/tr_tr\/wp-json\/wp\/v2\/posts"}],"about":[{"href":"https:\/\/www.vanguardhealthcare.co.uk\/tr_tr\/wp-json\/wp\/v2\/types\/post"}],"author":[{"embeddable":true,"href":"https:\/\/www.vanguardhealthcare.co.uk\/tr_tr\/wp-json\/wp\/v2\/users\/1"}],"replies":[{"embeddable":true,"href":"https:\/\/www.vanguardhealthcare.co.uk\/tr_tr\/wp-json\/wp\/v2\/comments?post=4845"}],"version-history":[{"count":0,"href":"https:\/\/www.vanguardhealthcare.co.uk\/tr_tr\/wp-json\/wp\/v2\/posts\/4845\/revisions"}],"wp:featuredmedia":[{"embeddable":true,"href":"https:\/\/www.vanguardhealthcare.co.uk\/tr_tr\/wp-json\/wp\/v2\/media\/1272"}],"wp:attachment":[{"href":"https:\/\/www.vanguardhealthcare.co.uk\/tr_tr\/wp-json\/wp\/v2\/media?parent=4845"}],"wp:term":[{"taxonomy":"category","embeddable":true,"href":"https:\/\/www.vanguardhealthcare.co.uk\/tr_tr\/wp-json\/wp\/v2\/categories?post=4845"},{"taxonomy":"post_tag","embeddable":true,"href":"https:\/\/www.vanguardhealthcare.co.uk\/tr_tr\/wp-json\/wp\/v2\/tags?post=4845"}],"curies":[{"name":"wp","href":"https:\/\/api.w.org\/{rel}","templated":true}]}}