{"id":429,"date":"2023-06-09T08:58:00","date_gmt":"2023-06-09T08:58:00","guid":{"rendered":"https:\/\/www.vanguardhealthcare.co.uk\/?p=429"},"modified":"2023-10-05T10:48:26","modified_gmt":"2023-10-05T10:48:26","slug":"vanguard-healthcare-solutions-joins-forces-with-klimate-on-carbon-removal-project-and-takes-next-step-in-its-net-zero-journey","status":"publish","type":"post","link":"https:\/\/www.vanguardhealthcare.co.uk\/tr_tr\/vanguard-healthcare-solutions-joins-forces-with-klimate-on-carbon-removal-project-and-takes-next-step-in-its-net-zero-journey\/","title":{"rendered":"Vanguard Healthcare Solutions, karbon temizleme projesinde Klimate ile g\u00fc\u00e7lerini birle\u015ftiriyor ve Net S\u0131f\u0131r yolculu\u011funda bir sonraki ad\u0131m\u0131 at\u0131yor"},"content":{"rendered":"<p>VANGUARD Healthcare Solutions, Danimarkal\u0131 karbon giderme uzmanlar\u0131yla ortakl\u0131k kurarak Net S\u0131f\u0131r kurulu\u015f olma yolunda \u00f6nemli bir ad\u0131m att\u0131&nbsp;<a href=\"https:\/\/klimate.co\/\">Klimat<\/a>Net S\u0131f\u0131r&#039;a ula\u015fmalar\u0131na ve karbon giderme teknolojilerini h\u0131zland\u0131rmalar\u0131na yard\u0131mc\u0131 olmak i\u00e7in Vanguard gibi \u00e7evreye duyarl\u0131 \u015firketlerle birlikte \u00e7al\u0131\u015fan.<\/p>\n<p>Vanguard, verimlili\u011fi ve sa\u011fl\u0131k sonu\u00e7lar\u0131n\u0131 iyile\u015ftirmenin yan\u0131 s\u0131ra kapasiteyi art\u0131rmak i\u00e7in sa\u011fl\u0131k hizmeti m\u00fc\u015fterileriyle ortakl\u0131k kurarak y\u00fcksek kalitede, teknik a\u00e7\u0131dan geli\u015fmi\u015f ameliyathaneler, klinik tesisler, endoskopi ve te\u015fhis \u00e7\u00f6z\u00fcmlerini h\u0131zla sunan, esnek klinik altyap\u0131 ve hizmetlerin \u00f6nde gelen k\u00fcresel sa\u011flay\u0131c\u0131s\u0131d\u0131r.<\/p>\n<p>Vanguard, Klimate ile birlikte hedeflerine ula\u015fmak ve \u00e7evreyi desteklemek i\u00e7in bir karbon giderme projeleri portf\u00f6y\u00fc olu\u015fturuyor. Portf\u00f6y, do\u011frudan hava yakalama, derin depolama biyo-ya\u011f, okyanus yosunu ve onar\u0131c\u0131 a\u011fa\u00e7 dikme gibi projeleri i\u00e7erecek ve bunlar, b\u00fct\u00fcnl\u00fck ve etkililiklerini sa\u011flamak i\u00e7in ba\u011f\u0131ms\u0131z olarak do\u011frulanacak.<\/p>\n<p>Bu karbon giderme projelerine yap\u0131lan yat\u0131r\u0131m, Vanguard&#039;nin \u00f6n\u00fcm\u00fczdeki y\u0131llarda kapsam 1 ve 2 emisyonlar\u0131 i\u00e7in karbon n\u00f6tr olma hedefine ula\u015fmas\u0131na yard\u0131mc\u0131 olmada \u00f6nemli bir rol oynayacak. Bu yat\u0131r\u0131m, ka\u00e7\u0131n\u0131lmaz emisyonlar\u0131n sorumlulu\u011funu \u00fcstlenen bir karbon giderme program\u0131n\u0131n ilk ad\u0131m\u0131d\u0131r ve Vanguard&#039;nin karbon emisyon seviyesini 61% oran\u0131nda azaltma \u00e7al\u0131\u015fmas\u0131yla birlikte ger\u00e7ekle\u015ftirilecektir. Bu hedefe y\u00f6nelik \u00e7al\u0131\u015fmalar aras\u0131nda elektrikli ara\u00e7lar\u0131n kademeli olarak filosuna dahil edilmesi, t\u00fcm tesislerde yenilenebilir enerji kaynaklar\u0131n\u0131n kullan\u0131lmas\u0131 ve at\u0131k geri d\u00f6n\u00fc\u015f\u00fcm seviyesinin art\u0131r\u0131lmas\u0131 da yer alacak.<\/p>\n<p>D\u00fcnya \u00e7ap\u0131nda biliniyor ki\u00a0<a href=\"https:\/\/unfccc.int\/news\/climate-plans-remain-insufficient-more-ambitious-action-needed-now\">Emisyonlar\u0131n 2030 y\u0131l\u0131na kadar 45% kadar d\u00fc\u015fmesi gerekiyor<\/a> Sanayi \u00f6ncesi seviyelere k\u0131yasla s\u0131cakl\u0131klar\u0131 1,5 derecenin alt\u0131nda tutmak.<\/p>\n<p>Vanguard Sa\u011fl\u0131k \u00c7\u00f6z\u00fcmleri \u0130cra Kurulu Ba\u015fkan\u0131 Chris Blackwell-Frost \u015funlar\u0131 s\u00f6yledi:<\/p>\n<p>\u201cOxford Denkle\u015ftirme \u0130lkelerinden \u00e7ok ilham ald\u0131m ve Klimate&#039;nin karbon gidermeye y\u00f6nelik portf\u00f6y yakla\u015f\u0131m\u0131, bunlara m\u00fckemmel \u015fekilde uyum sa\u011flamam\u0131za olanak sa\u011fl\u0131yor.<\/p>\n<p><em>\u201cBir kurulu\u015f olarak, d\u00fcnya standartlar\u0131nda klinik tesisler ve hizmetler sa\u011flay\u0131c\u0131s\u0131 ve \u00e7evreye duyarl\u0131 ve sorumlu bir \u015fekilde faaliyet g\u00f6steren bir sa\u011flay\u0131c\u0131 olmaya kendimizi tamamen adad\u0131k.&nbsp;<\/em><em>2023 y\u0131l\u0131nda Kapsam 1 ve Kapsam 2 emisyonlar\u0131 i\u00e7in karbon n\u00f6tr olmaya kararl\u0131y\u0131z ve Kllimate ile olan yat\u0131r\u0131m program\u0131m\u0131z ve ortakl\u0131\u011f\u0131m\u0131z arac\u0131l\u0131\u011f\u0131yla bu hedefe ula\u015faca\u011f\u0131z.<\/em><\/p>\n<p><em>K\u00fcresel bir i\u015fletme olarak hedefimiz, i\u015fimizin \u00e7evresel etkilerini y\u00f6netmek i\u00e7in elimizden geleni yapmak ve \u00e7evreyi koruma konusunda \u00fczerimize d\u00fc\u015feni elimizden geldi\u011fince yapmakt\u0131r. Do\u011fal olarak odak noktam\u0131z\u0131n bir k\u0131sm\u0131 operasyonlar\u0131m\u0131z\u0131n mutlak emisyonlar\u0131n\u0131 azaltmakt\u0131r, ancak bu eylemleri ayn\u0131 zamanda karbonu ortadan kald\u0131ran eylemlerle tamamlamam\u0131z da \u00e7ok \u00f6nemlidir.<\/em><\/p>\n<p><em>D\u00fcnya \u00e7ap\u0131nda bir karbon giderme projeleri portf\u00f6y\u00fcne yat\u0131r\u0131m yapmak i\u00e7in Klimate ile birlikte \u00e7al\u0131\u015fmaktan ve 2035 y\u0131l\u0131na kadar Net S\u0131f\u0131r hedefimize ula\u015fmak i\u00e7in att\u0131\u011f\u0131m\u0131z ad\u0131mlar\u0131 s\u00fcrekli olarak g\u00f6zden ge\u00e7irmek ve geli\u015ftirmek i\u00e7in elimizden geleni yapmaktan mutluluk duyuyoruz.&quot;<\/em><\/p>\n<p>Klimate Ticari Direkt\u00f6r\u00fc Erik Wihlborg \u015funlar\u0131 s\u00f6yledi:<\/p>\n<p>&quot;Bilimle uyumlu ve \u00e7evresel hedeflerine ula\u015fmalar\u0131na yard\u0131mc\u0131 olacak y\u00fcksek kaliteli, yenilik\u00e7i ve do\u011frulanabilir karbon giderme \u00e7\u00f6z\u00fcmlerine eri\u015fmelerine yard\u0131mc\u0131 olmak i\u00e7in Vanguard ile birlikte \u00e7al\u0131\u015fmaktan mutluluk duyuyoruz.&quot;<\/p>\n<figure class=\"wp-block-image size-large is-resized\"><img loading=\"lazy\" decoding=\"async\" src=\"https:\/\/www.vanguardhealthcare.co.uk\/wp-content\/uploads\/2023\/07\/vanguard-and-Klimate-landscape-1024x262.png\" alt=\"\" class=\"wp-image-430\" style=\"width:840px;height:214px\" width=\"840\" height=\"214\" srcset=\"https:\/\/www.vanguardhealthcare.co.uk\/wp-content\/uploads\/2023\/07\/vanguard-and-Klimate-landscape-1024x262.png 1024w, https:\/\/www.vanguardhealthcare.co.uk\/wp-content\/uploads\/2023\/07\/vanguard-and-Klimate-landscape-300x77.png 300w, https:\/\/www.vanguardhealthcare.co.uk\/wp-content\/uploads\/2023\/07\/vanguard-and-Klimate-landscape-768x197.png 768w, https:\/\/www.vanguardhealthcare.co.uk\/wp-content\/uploads\/2023\/07\/vanguard-and-Klimate-landscape-18x5.png 18w, https:\/\/www.vanguardhealthcare.co.uk\/wp-content\/uploads\/2023\/07\/vanguard-and-Klimate-landscape.png 1414w\" sizes=\"auto, (max-width: 840px) 100vw, 840px\" \/><\/figure>\n<h3 class=\"wp-block-heading\">Edit\u00f6rlere Not<\/h3>\n<p><strong>Vanguard Sa\u011fl\u0131k \u00c7\u00f6z\u00fcmleri&nbsp;<\/strong>neredeyse 25 y\u0131ld\u0131r \u0130ngiltere&#039;deki ve Avrupa ve Avustralya dahil olmak \u00fczere d\u00fcnya \u00e7ap\u0131ndaki sa\u011fl\u0131k hizmeti sa\u011flay\u0131c\u0131lar\u0131yla ortakl\u0131k kuran bir t\u0131bbi teknoloji \u015firketidir.<\/p>\n<p>Vanguard, \u0131smarlama \u00e7ok ameliyathaneli cerrahi merkezleri, te\u015fhis merkezleri, ultra temiz ve standart ameliyathaneler, endoskopi odalar\u0131, g\u00fcnl\u00fck ameliyathaneler, klinikler, ko\u011fu\u015flar, ikili prosed\u00fcr odalar\u0131, dekontaminasyon odalar\u0131 ve merkezi sterilizasyon hizmetleri dahil olmak \u00fczere mod\u00fcler ve mobil sa\u011fl\u0131k hizmetleri alanlar\u0131 olu\u015fturur ve h\u0131zla sunar.<\/p>\n<p>Vanguard mobil ve mod\u00fcler \u00e7\u00f6z\u00fcmler; ortopedi, oftalmoloji ve endoskopi dahil olmak \u00fczere \u00e7e\u015fitli prosed\u00fcrlerin sa\u011flanabilece\u011fi y\u00fcksek kaliteli, uzman ve entegre klinik ortamlar sunar. Bunlar, NHS de dahil olmak \u00fczere sa\u011fl\u0131k hizmeti sa\u011flay\u0131c\u0131lar\u0131n\u0131n hasta kapasitesini ve klinik alan\u0131n\u0131 art\u0131rmas\u0131na yard\u0131mc\u0131 olarak prosed\u00fcrler i\u00e7in bekleme s\u00fcrelerinin azalt\u0131lmas\u0131na yard\u0131mc\u0131 olur. Hem planl\u0131 hem de acil durumlarda kullan\u0131labilirler.<\/p>\n<p>Vanguard, klinik destek ve hem\u015fire personelinin yan\u0131 s\u0131ra ekipman ve yerinde destek ve bak\u0131m hizmetlerine kadar uzanan ek destek hizmetleriyle tesisleri destekleyebilir.<\/p>\n<h3 class=\"wp-block-heading\">Klimate Hakk\u0131nda:<\/h3>\n<p>Klimate, merkezi Kopenhag, Danimarka&#039;da bulunan, 2021 y\u0131l\u0131nda kurulmu\u015f bir iklim teknolojisi \u015firketidir. Klimate, bilimle uyumlu, y\u00fcksek kaliteli, yenilik\u00e7i ve do\u011frulanabilir karbon giderme \u00e7\u00f6z\u00fcmlerine eri\u015fim sa\u011flar. Klimate&#039;nin temel amac\u0131, Paris Anla\u015fmas\u0131&#039;nda belirlenen hedeflere ula\u015fmak i\u00e7in gereken karbon giderme y\u00f6ntem ve teknolojilerinin geli\u015ftirilmesini \u00f6l\u00e7eklendirmek ve h\u0131zland\u0131rmakt\u0131r.<\/p>","protected":false},"excerpt":{"rendered":"<p>Net Zero yolculu\u011fumuzun bir par\u00e7as\u0131 olarak Klimate.co ile ortakl\u0131\u011f\u0131m\u0131z hakk\u0131nda bilgi edinin<\/p>","protected":false},"author":1,"featured_media":1380,"comment_status":"open","ping_status":"open","sticky":false,"template":"","format":"standard","meta":{"_acf_changed":false,"footnotes":""},"categories":[2],"tags":[],"class_list":["post-429","post","type-post","status-publish","format-standard","has-post-thumbnail","hentry","category-news"],"acf":[],"yoast_head":"<!-- This site is optimized with the Yoast SEO plugin v27.4 - https:\/\/yoast.com\/product\/yoast-seo-wordpress\/ -->\n<title>Vanguard Healthcare Solutions joins forces with Klimate on carbon removal project and takes next step in its Net Zero journey - Vanguard Healthcare Solutions<\/title>\n<meta name=\"robots\" content=\"index, follow, max-snippet:-1, max-image-preview:large, max-video-preview:-1\" \/>\n<link rel=\"canonical\" href=\"https:\/\/www.vanguardhealthcare.co.uk\/tr_tr\/vanguard-healthcare-solutions-joins-forces-with-klimate-on-carbon-removal-project-and-takes-next-step-in-its-net-zero-journey\/\" \/>\n<meta property=\"og:locale\" content=\"tr_TR\" \/>\n<meta property=\"og:type\" content=\"article\" \/>\n<meta property=\"og:title\" content=\"Vanguard Healthcare Solutions joins forces with Klimate on carbon removal project and takes next step in its Net Zero journey - Vanguard Healthcare Solutions\" \/>\n<meta property=\"og:description\" content=\"Read about our partnership with Klimate.co as part of our Net Zero journey\" \/>\n<meta property=\"og:url\" content=\"https:\/\/www.vanguardhealthcare.co.uk\/tr_tr\/vanguard-healthcare-solutions-joins-forces-with-klimate-on-carbon-removal-project-and-takes-next-step-in-its-net-zero-journey\/\" \/>\n<meta property=\"og:site_name\" content=\"Vanguard Healthcare Solutions\" \/>\n<meta property=\"article:published_time\" content=\"2023-06-09T08:58:00+00:00\" \/>\n<meta property=\"article:modified_time\" content=\"2023-10-05T10:48:26+00:00\" \/>\n<meta property=\"og:image\" content=\"https:\/\/www.vanguardhealthcare.co.uk\/wp-content\/uploads\/2023\/06\/klimate.png\" \/>\n\t<meta property=\"og:image:width\" content=\"1000\" \/>\n\t<meta property=\"og:image:height\" content=\"1000\" \/>\n\t<meta property=\"og:image:type\" content=\"image\/png\" \/>\n<meta name=\"author\" content=\"Vanguard Healthcare Solutions\" \/>\n<meta name=\"twitter:card\" content=\"summary_large_image\" \/>\n<meta name=\"twitter:label1\" content=\"Yazan:\" \/>\n\t<meta name=\"twitter:data1\" content=\"Vanguard Healthcare Solutions\" \/>\n\t<meta name=\"twitter:label2\" content=\"Tahmini okuma s\u00fcresi\" \/>\n\t<meta name=\"twitter:data2\" content=\"4 dakika\" \/>\n<script type=\"application\/ld+json\" class=\"yoast-schema-graph\">{\"@context\":\"https:\\\/\\\/schema.org\",\"@graph\":[{\"@type\":\"Article\",\"@id\":\"https:\\\/\\\/www.vanguardhealthcare.co.uk\\\/vanguard-healthcare-solutions-joins-forces-with-klimate-on-carbon-removal-project-and-takes-next-step-in-its-net-zero-journey\\\/#article\",\"isPartOf\":{\"@id\":\"https:\\\/\\\/www.vanguardhealthcare.co.uk\\\/vanguard-healthcare-solutions-joins-forces-with-klimate-on-carbon-removal-project-and-takes-next-step-in-its-net-zero-journey\\\/\"},\"author\":{\"name\":\"Vanguard Healthcare Solutions\",\"@id\":\"https:\\\/\\\/www.vanguardhealthcare.co.uk\\\/#\\\/schema\\\/person\\\/426decd65e2d39321705e63d5ea4394b\"},\"headline\":\"Vanguard Healthcare Solutions joins forces with Klimate on carbon removal project and takes next step in its Net Zero journey\",\"datePublished\":\"2023-06-09T08:58:00+00:00\",\"dateModified\":\"2023-10-05T10:48:26+00:00\",\"mainEntityOfPage\":{\"@id\":\"https:\\\/\\\/www.vanguardhealthcare.co.uk\\\/vanguard-healthcare-solutions-joins-forces-with-klimate-on-carbon-removal-project-and-takes-next-step-in-its-net-zero-journey\\\/\"},\"wordCount\":709,\"commentCount\":0,\"image\":{\"@id\":\"https:\\\/\\\/www.vanguardhealthcare.co.uk\\\/vanguard-healthcare-solutions-joins-forces-with-klimate-on-carbon-removal-project-and-takes-next-step-in-its-net-zero-journey\\\/#primaryimage\"},\"thumbnailUrl\":\"https:\\\/\\\/www.vanguardhealthcare.co.uk\\\/wp-content\\\/uploads\\\/2023\\\/06\\\/klimate.png\",\"articleSection\":[\"News\"],\"inLanguage\":\"tr\",\"potentialAction\":[{\"@type\":\"CommentAction\",\"name\":\"Comment\",\"target\":[\"https:\\\/\\\/www.vanguardhealthcare.co.uk\\\/vanguard-healthcare-solutions-joins-forces-with-klimate-on-carbon-removal-project-and-takes-next-step-in-its-net-zero-journey\\\/#respond\"]}]},{\"@type\":\"WebPage\",\"@id\":\"https:\\\/\\\/www.vanguardhealthcare.co.uk\\\/vanguard-healthcare-solutions-joins-forces-with-klimate-on-carbon-removal-project-and-takes-next-step-in-its-net-zero-journey\\\/\",\"url\":\"https:\\\/\\\/www.vanguardhealthcare.co.uk\\\/vanguard-healthcare-solutions-joins-forces-with-klimate-on-carbon-removal-project-and-takes-next-step-in-its-net-zero-journey\\\/\",\"name\":\"Vanguard Healthcare Solutions joins forces with Klimate on carbon removal project and takes next step in its Net Zero journey - Vanguard Healthcare Solutions\",\"isPartOf\":{\"@id\":\"https:\\\/\\\/www.vanguardhealthcare.co.uk\\\/#website\"},\"primaryImageOfPage\":{\"@id\":\"https:\\\/\\\/www.vanguardhealthcare.co.uk\\\/vanguard-healthcare-solutions-joins-forces-with-klimate-on-carbon-removal-project-and-takes-next-step-in-its-net-zero-journey\\\/#primaryimage\"},\"image\":{\"@id\":\"https:\\\/\\\/www.vanguardhealthcare.co.uk\\\/vanguard-healthcare-solutions-joins-forces-with-klimate-on-carbon-removal-project-and-takes-next-step-in-its-net-zero-journey\\\/#primaryimage\"},\"thumbnailUrl\":\"https:\\\/\\\/www.vanguardhealthcare.co.uk\\\/wp-content\\\/uploads\\\/2023\\\/06\\\/klimate.png\",\"datePublished\":\"2023-06-09T08:58:00+00:00\",\"dateModified\":\"2023-10-05T10:48:26+00:00\",\"author\":{\"@id\":\"https:\\\/\\\/www.vanguardhealthcare.co.uk\\\/#\\\/schema\\\/person\\\/426decd65e2d39321705e63d5ea4394b\"},\"breadcrumb\":{\"@id\":\"https:\\\/\\\/www.vanguardhealthcare.co.uk\\\/vanguard-healthcare-solutions-joins-forces-with-klimate-on-carbon-removal-project-and-takes-next-step-in-its-net-zero-journey\\\/#breadcrumb\"},\"inLanguage\":\"tr\",\"potentialAction\":[{\"@type\":\"ReadAction\",\"target\":[\"https:\\\/\\\/www.vanguardhealthcare.co.uk\\\/vanguard-healthcare-solutions-joins-forces-with-klimate-on-carbon-removal-project-and-takes-next-step-in-its-net-zero-journey\\\/\"]}]},{\"@type\":\"ImageObject\",\"inLanguage\":\"tr\",\"@id\":\"https:\\\/\\\/www.vanguardhealthcare.co.uk\\\/vanguard-healthcare-solutions-joins-forces-with-klimate-on-carbon-removal-project-and-takes-next-step-in-its-net-zero-journey\\\/#primaryimage\",\"url\":\"https:\\\/\\\/www.vanguardhealthcare.co.uk\\\/wp-content\\\/uploads\\\/2023\\\/06\\\/klimate.png\",\"contentUrl\":\"https:\\\/\\\/www.vanguardhealthcare.co.uk\\\/wp-content\\\/uploads\\\/2023\\\/06\\\/klimate.png\",\"width\":1000,\"height\":1000},{\"@type\":\"BreadcrumbList\",\"@id\":\"https:\\\/\\\/www.vanguardhealthcare.co.uk\\\/vanguard-healthcare-solutions-joins-forces-with-klimate-on-carbon-removal-project-and-takes-next-step-in-its-net-zero-journey\\\/#breadcrumb\",\"itemListElement\":[{\"@type\":\"ListItem\",\"position\":1,\"name\":\"Home\",\"item\":\"https:\\\/\\\/www.vanguardhealthcare.co.uk\\\/\"},{\"@type\":\"ListItem\",\"position\":2,\"name\":\"Vanguard Healthcare Solutions joins forces with Klimate on carbon removal project and takes next step in its Net Zero journey\"}]},{\"@type\":\"WebSite\",\"@id\":\"https:\\\/\\\/www.vanguardhealthcare.co.uk\\\/#website\",\"url\":\"https:\\\/\\\/www.vanguardhealthcare.co.uk\\\/\",\"name\":\"Vanguard Healthcare Solutions\",\"description\":\"\",\"potentialAction\":[{\"@type\":\"SearchAction\",\"target\":{\"@type\":\"EntryPoint\",\"urlTemplate\":\"https:\\\/\\\/www.vanguardhealthcare.co.uk\\\/?s={search_term_string}\"},\"query-input\":{\"@type\":\"PropertyValueSpecification\",\"valueRequired\":true,\"valueName\":\"search_term_string\"}}],\"inLanguage\":\"tr\"},{\"@type\":\"Person\",\"@id\":\"https:\\\/\\\/www.vanguardhealthcare.co.uk\\\/#\\\/schema\\\/person\\\/426decd65e2d39321705e63d5ea4394b\",\"name\":\"Vanguard Healthcare Solutions\",\"image\":{\"@type\":\"ImageObject\",\"inLanguage\":\"tr\",\"@id\":\"https:\\\/\\\/secure.gravatar.com\\\/avatar\\\/7ba7c80067fbd6952425e7e5a94fa842f37365b39fe1fd0a01287a5a0b6f7d2b?s=96&d=mm&r=g\",\"url\":\"https:\\\/\\\/secure.gravatar.com\\\/avatar\\\/7ba7c80067fbd6952425e7e5a94fa842f37365b39fe1fd0a01287a5a0b6f7d2b?s=96&d=mm&r=g\",\"contentUrl\":\"https:\\\/\\\/secure.gravatar.com\\\/avatar\\\/7ba7c80067fbd6952425e7e5a94fa842f37365b39fe1fd0a01287a5a0b6f7d2b?s=96&d=mm&r=g\",\"caption\":\"Vanguard Healthcare Solutions\"},\"sameAs\":[\"https:\\\/\\\/www.vanguardhealthcare.co.uk\"]}]}<\/script>\n<!-- \/ Yoast SEO plugin. -->","yoast_head_json":{"title":"Vanguard Healthcare Solutions, karbon giderme projesinde Klimate ile g\u00fc\u00e7lerini birle\u015ftiriyor ve Net S\u0131f\u0131r yolculu\u011funda bir sonraki ad\u0131m\u0131 at\u0131yor - Vanguard Healthcare Solutions","robots":{"index":"index","follow":"follow","max-snippet":"max-snippet:-1","max-image-preview":"max-image-preview:large","max-video-preview":"max-video-preview:-1"},"canonical":"https:\/\/www.vanguardhealthcare.co.uk\/tr_tr\/vanguard-healthcare-solutions-joins-forces-with-klimate-on-carbon-removal-project-and-takes-next-step-in-its-net-zero-journey\/","og_locale":"tr_TR","og_type":"article","og_title":"Vanguard Healthcare Solutions joins forces with Klimate on carbon removal project and takes next step in its Net Zero journey - Vanguard Healthcare Solutions","og_description":"Read about our partnership with Klimate.co as part of our Net Zero journey","og_url":"https:\/\/www.vanguardhealthcare.co.uk\/tr_tr\/vanguard-healthcare-solutions-joins-forces-with-klimate-on-carbon-removal-project-and-takes-next-step-in-its-net-zero-journey\/","og_site_name":"Vanguard Healthcare Solutions","article_published_time":"2023-06-09T08:58:00+00:00","article_modified_time":"2023-10-05T10:48:26+00:00","og_image":[{"width":1000,"height":1000,"url":"https:\/\/www.vanguardhealthcare.co.uk\/wp-content\/uploads\/2023\/06\/klimate.png","type":"image\/png"}],"author":"Vanguard Healthcare Solutions","twitter_card":"summary_large_image","twitter_misc":{"Yazan:":"Vanguard Healthcare Solutions","Tahmini okuma s\u00fcresi":"4 dakika"},"schema":{"@context":"https:\/\/schema.org","@graph":[{"@type":"Article","@id":"https:\/\/www.vanguardhealthcare.co.uk\/vanguard-healthcare-solutions-joins-forces-with-klimate-on-carbon-removal-project-and-takes-next-step-in-its-net-zero-journey\/#article","isPartOf":{"@id":"https:\/\/www.vanguardhealthcare.co.uk\/vanguard-healthcare-solutions-joins-forces-with-klimate-on-carbon-removal-project-and-takes-next-step-in-its-net-zero-journey\/"},"author":{"name":"Vanguard Healthcare Solutions","@id":"https:\/\/www.vanguardhealthcare.co.uk\/#\/schema\/person\/426decd65e2d39321705e63d5ea4394b"},"headline":"Vanguard Healthcare Solutions joins forces with Klimate on carbon removal project and takes next step in its Net Zero journey","datePublished":"2023-06-09T08:58:00+00:00","dateModified":"2023-10-05T10:48:26+00:00","mainEntityOfPage":{"@id":"https:\/\/www.vanguardhealthcare.co.uk\/vanguard-healthcare-solutions-joins-forces-with-klimate-on-carbon-removal-project-and-takes-next-step-in-its-net-zero-journey\/"},"wordCount":709,"commentCount":0,"image":{"@id":"https:\/\/www.vanguardhealthcare.co.uk\/vanguard-healthcare-solutions-joins-forces-with-klimate-on-carbon-removal-project-and-takes-next-step-in-its-net-zero-journey\/#primaryimage"},"thumbnailUrl":"https:\/\/www.vanguardhealthcare.co.uk\/wp-content\/uploads\/2023\/06\/klimate.png","articleSection":["News"],"inLanguage":"tr","potentialAction":[{"@type":"CommentAction","name":"Comment","target":["https:\/\/www.vanguardhealthcare.co.uk\/vanguard-healthcare-solutions-joins-forces-with-klimate-on-carbon-removal-project-and-takes-next-step-in-its-net-zero-journey\/#respond"]}]},{"@type":"WebPage","@id":"https:\/\/www.vanguardhealthcare.co.uk\/vanguard-healthcare-solutions-joins-forces-with-klimate-on-carbon-removal-project-and-takes-next-step-in-its-net-zero-journey\/","url":"https:\/\/www.vanguardhealthcare.co.uk\/vanguard-healthcare-solutions-joins-forces-with-klimate-on-carbon-removal-project-and-takes-next-step-in-its-net-zero-journey\/","name":"Vanguard Healthcare Solutions, karbon giderme projesinde Klimate ile g\u00fc\u00e7lerini birle\u015ftiriyor ve Net S\u0131f\u0131r yolculu\u011funda bir sonraki ad\u0131m\u0131 at\u0131yor - Vanguard Healthcare Solutions","isPartOf":{"@id":"https:\/\/www.vanguardhealthcare.co.uk\/#website"},"primaryImageOfPage":{"@id":"https:\/\/www.vanguardhealthcare.co.uk\/vanguard-healthcare-solutions-joins-forces-with-klimate-on-carbon-removal-project-and-takes-next-step-in-its-net-zero-journey\/#primaryimage"},"image":{"@id":"https:\/\/www.vanguardhealthcare.co.uk\/vanguard-healthcare-solutions-joins-forces-with-klimate-on-carbon-removal-project-and-takes-next-step-in-its-net-zero-journey\/#primaryimage"},"thumbnailUrl":"https:\/\/www.vanguardhealthcare.co.uk\/wp-content\/uploads\/2023\/06\/klimate.png","datePublished":"2023-06-09T08:58:00+00:00","dateModified":"2023-10-05T10:48:26+00:00","author":{"@id":"https:\/\/www.vanguardhealthcare.co.uk\/#\/schema\/person\/426decd65e2d39321705e63d5ea4394b"},"breadcrumb":{"@id":"https:\/\/www.vanguardhealthcare.co.uk\/vanguard-healthcare-solutions-joins-forces-with-klimate-on-carbon-removal-project-and-takes-next-step-in-its-net-zero-journey\/#breadcrumb"},"inLanguage":"tr","potentialAction":[{"@type":"ReadAction","target":["https:\/\/www.vanguardhealthcare.co.uk\/vanguard-healthcare-solutions-joins-forces-with-klimate-on-carbon-removal-project-and-takes-next-step-in-its-net-zero-journey\/"]}]},{"@type":"ImageObject","inLanguage":"tr","@id":"https:\/\/www.vanguardhealthcare.co.uk\/vanguard-healthcare-solutions-joins-forces-with-klimate-on-carbon-removal-project-and-takes-next-step-in-its-net-zero-journey\/#primaryimage","url":"https:\/\/www.vanguardhealthcare.co.uk\/wp-content\/uploads\/2023\/06\/klimate.png","contentUrl":"https:\/\/www.vanguardhealthcare.co.uk\/wp-content\/uploads\/2023\/06\/klimate.png","width":1000,"height":1000},{"@type":"BreadcrumbList","@id":"https:\/\/www.vanguardhealthcare.co.uk\/vanguard-healthcare-solutions-joins-forces-with-klimate-on-carbon-removal-project-and-takes-next-step-in-its-net-zero-journey\/#breadcrumb","itemListElement":[{"@type":"ListItem","position":1,"name":"Home","item":"https:\/\/www.vanguardhealthcare.co.uk\/"},{"@type":"ListItem","position":2,"name":"Vanguard Healthcare Solutions joins forces with Klimate on carbon removal project and takes next step in its Net Zero journey"}]},{"@type":"WebSite","@id":"https:\/\/www.vanguardhealthcare.co.uk\/#website","url":"https:\/\/www.vanguardhealthcare.co.uk\/","name":"Vanguard Sa\u011fl\u0131k \u00c7\u00f6z\u00fcmleri","description":"","potentialAction":[{"@type":"SearchAction","target":{"@type":"EntryPoint","urlTemplate":"https:\/\/www.vanguardhealthcare.co.uk\/?s={search_term_string}"},"query-input":{"@type":"PropertyValueSpecification","valueRequired":true,"valueName":"search_term_string"}}],"inLanguage":"tr"},{"@type":"Person","@id":"https:\/\/www.vanguardhealthcare.co.uk\/#\/schema\/person\/426decd65e2d39321705e63d5ea4394b","name":"Vanguard Sa\u011fl\u0131k \u00c7\u00f6z\u00fcmleri","image":{"@type":"ImageObject","inLanguage":"tr","@id":"https:\/\/secure.gravatar.com\/avatar\/7ba7c80067fbd6952425e7e5a94fa842f37365b39fe1fd0a01287a5a0b6f7d2b?s=96&d=mm&r=g","url":"https:\/\/secure.gravatar.com\/avatar\/7ba7c80067fbd6952425e7e5a94fa842f37365b39fe1fd0a01287a5a0b6f7d2b?s=96&d=mm&r=g","contentUrl":"https:\/\/secure.gravatar.com\/avatar\/7ba7c80067fbd6952425e7e5a94fa842f37365b39fe1fd0a01287a5a0b6f7d2b?s=96&d=mm&r=g","caption":"Vanguard Healthcare Solutions"},"sameAs":["https:\/\/www.vanguardhealthcare.co.uk"]}]}},"_links":{"self":[{"href":"https:\/\/www.vanguardhealthcare.co.uk\/tr_tr\/wp-json\/wp\/v2\/posts\/429","targetHints":{"allow":["GET"]}}],"collection":[{"href":"https:\/\/www.vanguardhealthcare.co.uk\/tr_tr\/wp-json\/wp\/v2\/posts"}],"about":[{"href":"https:\/\/www.vanguardhealthcare.co.uk\/tr_tr\/wp-json\/wp\/v2\/types\/post"}],"author":[{"embeddable":true,"href":"https:\/\/www.vanguardhealthcare.co.uk\/tr_tr\/wp-json\/wp\/v2\/users\/1"}],"replies":[{"embeddable":true,"href":"https:\/\/www.vanguardhealthcare.co.uk\/tr_tr\/wp-json\/wp\/v2\/comments?post=429"}],"version-history":[{"count":0,"href":"https:\/\/www.vanguardhealthcare.co.uk\/tr_tr\/wp-json\/wp\/v2\/posts\/429\/revisions"}],"wp:featuredmedia":[{"embeddable":true,"href":"https:\/\/www.vanguardhealthcare.co.uk\/tr_tr\/wp-json\/wp\/v2\/media\/1380"}],"wp:attachment":[{"href":"https:\/\/www.vanguardhealthcare.co.uk\/tr_tr\/wp-json\/wp\/v2\/media?parent=429"}],"wp:term":[{"taxonomy":"category","embeddable":true,"href":"https:\/\/www.vanguardhealthcare.co.uk\/tr_tr\/wp-json\/wp\/v2\/categories?post=429"},{"taxonomy":"post_tag","embeddable":true,"href":"https:\/\/www.vanguardhealthcare.co.uk\/tr_tr\/wp-json\/wp\/v2\/tags?post=429"}],"curies":[{"name":"wp","href":"https:\/\/api.w.org\/{rel}","templated":true}]}}