{"id":7997,"date":"2025-06-04T13:18:04","date_gmt":"2025-06-04T13:18:04","guid":{"rendered":"https:\/\/www.vanguardhealthcare.co.uk\/?p=7997"},"modified":"2025-06-04T13:22:03","modified_gmt":"2025-06-04T13:22:03","slug":"sarah-edwards-directorate-manager-talks-about-protecting-patient-services-during-an-extensive-hospital-refurbishment","status":"publish","type":"post","link":"https:\/\/www.vanguardhealthcare.co.uk\/sv_se\/sarah-edwards-directorate-manager-talks-about-protecting-patient-services-during-an-extensive-hospital-refurbishment\/","title":{"rendered":"Sarah Edwards, direktionschef, talar om att skydda patienttj\u00e4nster under en omfattande sjukhusrenovering"},"content":{"rendered":"<\/p>\n<section id=\"section-2-254\" class=\"ct-section\" >\n<div class=\"ct-section-inner-wrap\">\n<div id=\"fancy_icon-5-254\" class=\"ct-fancy-icon\" ><svg id=\"svg-fancy_icon-5-254\"><use xlink:href=\"#FontAwesomeicon-quote-left\"><\/use><\/svg><\/div>\n<div id=\"text_block-3-254\" class=\"ct-text-block\" >\u201dNio veckor fr\u00e5n b\u00f6rjan till slut, att \u00f6ppna upp vad jag bara kan kalla en mikroversion av ett sjukhus... det \u00e4r helt fenomenalt.\u201d<\/div>\n<div id=\"text_block-4-254\" class=\"ct-text-block\" >&nbsp;Sarah Edwards, chef f\u00f6r direktoratet - anestesi, intensivv\u00e5rd, operationssalar och ortopedi, Cwm Taf Morgan UHB<\/div>\n<\/div>\n<\/section>\n<figure class=\"wp-block-embed is-type-video is-provider-vimeo wp-block-embed-vimeo wp-embed-aspect-16-9 wp-has-aspect-ratio\">\n<div class=\"wp-block-embed__wrapper\">\n<iframe loading=\"lazy\" title=\"Chis Blackwell-Frost m\u00f6ter Sarah Edwards\" src=\"https:\/\/player.vimeo.com\/video\/1090440833?dnt=1&amp;app_id=122963\" width=\"500\" height=\"281\" frameborder=\"0\" allow=\"autoplay; fullscreen; picture-in-picture; clipboard-write; encrypted-media\"><\/iframe>\n<\/div>\n<\/figure>\n<section id=\"section-2-254\" class=\"ct-section\" >\n<div class=\"ct-section-inner-wrap\">\n<div id=\"fancy_icon-5-254\" class=\"ct-fancy-icon\" ><svg id=\"svg-fancy_icon-5-254\"><use xlink:href=\"#FontAwesomeicon-quote-left\"><\/use><\/svg><\/div>\n<div id=\"text_block-3-254\" class=\"ct-text-block\" >\u201dVanguard \u00e4r en anl\u00e4ggning som liknar v\u00e5ra befintliga operationssalar. De var utrustade. Man har det d\u00e4r f\u00f6rsta uppvakningsomr\u00e5det. Man har modulerna f\u00f6r avdelningarna. S\u00e5 man har en mycket effektiv och \u00e4ndam\u00e5lsenlig in- och utskrivningsv\u00e4g. S\u00e5 det speglade v\u00e5r nuvarande tj\u00e4nst. S\u00e5 det var egentligen den sj\u00e4lvklara l\u00f6sningen.\u201d<\/div>\n<div id=\"text_block-4-254\" class=\"ct-text-block\" >Sarah Edwards, chef f\u00f6r direktoratet - anestesi, intensivv\u00e5rd, operationssalar och ortopedi, Cwm Taf Morgan UHB&nbsp;<\/div>\n<\/div>\n<\/section>\n<p>Kirurgavdelningen, som \u00e4r installerad p\u00e5 Royal Glamorgan Hospital, omfattar fyra operationssalar, en uppvakningsavdelning med \u00e5tta platser, en uppvakningsavdelning med sex platser, ett v\u00e4nt-\/receptionsomr\u00e5de, konsultationsrum, personalomsorg och omkl\u00e4dningsutrymmen samt f\u00f6rvaringsutrymmen. <\/p>\n<figure class=\"wp-block-image size-large\"><img loading=\"lazy\" decoding=\"async\" width=\"1024\" height=\"683\" src=\"https:\/\/www.vanguardhealthcare.co.uk\/wp-content\/uploads\/2025\/06\/Vanguard-Royal-Glamorgan53-LR-1024x683.jpg\" alt=\"\" class=\"wp-image-8001\" srcset=\"https:\/\/www.vanguardhealthcare.co.uk\/wp-content\/uploads\/2025\/06\/Vanguard-Royal-Glamorgan53-LR-1024x683.jpg 1024w, https:\/\/www.vanguardhealthcare.co.uk\/wp-content\/uploads\/2025\/06\/Vanguard-Royal-Glamorgan53-LR-300x200.jpg 300w, https:\/\/www.vanguardhealthcare.co.uk\/wp-content\/uploads\/2025\/06\/Vanguard-Royal-Glamorgan53-LR-768x512.jpg 768w, https:\/\/www.vanguardhealthcare.co.uk\/wp-content\/uploads\/2025\/06\/Vanguard-Royal-Glamorgan53-LR-1536x1024.jpg 1536w, https:\/\/www.vanguardhealthcare.co.uk\/wp-content\/uploads\/2025\/06\/Vanguard-Royal-Glamorgan53-LR-2048x1365.jpg 2048w, https:\/\/www.vanguardhealthcare.co.uk\/wp-content\/uploads\/2025\/06\/Vanguard-Royal-Glamorgan53-LR-18x12.jpg 18w, https:\/\/www.vanguardhealthcare.co.uk\/wp-content\/uploads\/2025\/06\/Vanguard-Royal-Glamorgan53-LR-scaled.jpg 2560w\" sizes=\"auto, (max-width: 1024px) 100vw, 1024px\" \/><\/figure>\n<p>En av de fyra operationssalarna<\/p>\n<figure class=\"wp-block-image size-full\"><img loading=\"lazy\" decoding=\"async\" width=\"2560\" height=\"1707\" src=\"https:\/\/www.vanguardhealthcare.co.uk\/wp-content\/uploads\/2025\/06\/Vanguard-Royal-Glamorgan83LR-1-scaled.jpg\" alt=\"\" class=\"wp-image-7999\" srcset=\"https:\/\/www.vanguardhealthcare.co.uk\/wp-content\/uploads\/2025\/06\/Vanguard-Royal-Glamorgan83LR-1-scaled.jpg 2560w, https:\/\/www.vanguardhealthcare.co.uk\/wp-content\/uploads\/2025\/06\/Vanguard-Royal-Glamorgan83LR-1-300x200.jpg 300w, https:\/\/www.vanguardhealthcare.co.uk\/wp-content\/uploads\/2025\/06\/Vanguard-Royal-Glamorgan83LR-1-1024x683.jpg 1024w, https:\/\/www.vanguardhealthcare.co.uk\/wp-content\/uploads\/2025\/06\/Vanguard-Royal-Glamorgan83LR-1-768x512.jpg 768w, https:\/\/www.vanguardhealthcare.co.uk\/wp-content\/uploads\/2025\/06\/Vanguard-Royal-Glamorgan83LR-1-1536x1024.jpg 1536w, https:\/\/www.vanguardhealthcare.co.uk\/wp-content\/uploads\/2025\/06\/Vanguard-Royal-Glamorgan83LR-1-2048x1366.jpg 2048w, https:\/\/www.vanguardhealthcare.co.uk\/wp-content\/uploads\/2025\/06\/Vanguard-Royal-Glamorgan83LR-1-18x12.jpg 18w\" sizes=\"auto, (max-width: 2560px) 100vw, 2560px\" \/><\/figure>\n<p>Avdelningen med \u00e5tta vikar<\/p>\n<figure class=\"wp-block-image size-large\"><img loading=\"lazy\" decoding=\"async\" width=\"1024\" height=\"683\" src=\"https:\/\/www.vanguardhealthcare.co.uk\/wp-content\/uploads\/2025\/06\/Vanguard-Royal-Glamorgan12LR-1024x683.jpg\" alt=\"\" class=\"wp-image-8000\" srcset=\"https:\/\/www.vanguardhealthcare.co.uk\/wp-content\/uploads\/2025\/06\/Vanguard-Royal-Glamorgan12LR-1024x683.jpg 1024w, https:\/\/www.vanguardhealthcare.co.uk\/wp-content\/uploads\/2025\/06\/Vanguard-Royal-Glamorgan12LR-300x200.jpg 300w, https:\/\/www.vanguardhealthcare.co.uk\/wp-content\/uploads\/2025\/06\/Vanguard-Royal-Glamorgan12LR-768x512.jpg 768w, https:\/\/www.vanguardhealthcare.co.uk\/wp-content\/uploads\/2025\/06\/Vanguard-Royal-Glamorgan12LR-1536x1024.jpg 1536w, https:\/\/www.vanguardhealthcare.co.uk\/wp-content\/uploads\/2025\/06\/Vanguard-Royal-Glamorgan12LR-2048x1365.jpg 2048w, https:\/\/www.vanguardhealthcare.co.uk\/wp-content\/uploads\/2025\/06\/Vanguard-Royal-Glamorgan12LR-18x12.jpg 18w, https:\/\/www.vanguardhealthcare.co.uk\/wp-content\/uploads\/2025\/06\/Vanguard-Royal-Glamorgan12LR-scaled.jpg 2560w\" sizes=\"auto, (max-width: 1024px) 100vw, 1024px\" \/><\/figure>\n<p>Sexviksavdelningen<\/p>\n<\/p>\n<p><strong>En transkription av samtalet mellan Sarah och Chris:<\/strong><\/p>\n<p>Chris:<br>S\u00e5 det var verkligen trevligt att se dig, Sarah, idag. Och kanske borde vi b\u00f6rja med att presentera dig sj\u00e4lv och ber\u00e4tta vad din roll h\u00e4r \u00e4r.<\/p>\n<p class=\"has-vivid-cyan-blue-color has-text-color has-link-color wp-elements-9932ca9ce2eba2ac6217885de9663b92\">Sara:<br>Ja, jag heter Sarah Edwards. Jag \u00e4r en av tre direktoratschefer i gruppen Planned Care.<br>Min roll \u00e4r fr\u00e4mst operativt ansvarig f\u00f6r effektiv leverans av anestesi, intensivv\u00e5rd, operationssalar, traumaortopedisk behandling, f\u00f6rbed\u00f6mning och sterilv\u00e5rd. S\u00e5 jag t\u00e4cker ett ganska brett omr\u00e5de. V\u00e4ldigt upptagen!<\/p>\n<section id=\"section-2-254\" class=\"ct-section\" >\n<div class=\"ct-section-inner-wrap\">\n<div id=\"fancy_icon-5-254\" class=\"ct-fancy-icon\" ><svg id=\"svg-fancy_icon-5-254\"><use xlink:href=\"#FontAwesomeicon-quote-left\"><\/use><\/svg><\/div>\n<div id=\"text_block-3-254\" class=\"ct-text-block\" >\u201dNaturligtvis fanns det vissa reservationer eftersom ingen av dem n\u00e5gonsin har arbetat p\u00e5 en Vanguard-enhet f\u00f6rut. De har f\u00f6rutfattade meningar om att de kommer att arbeta i ett tr\u00e5ngt utrymme och att de inte har den lyx som de har p\u00e5 en vanlig operationssal. Men det har v\u00e4nt en helomv\u00e4ndning. De \u00e4lskar verkligen att arbeta i dem. De sa att de \u00e4r st\u00f6rre \u00e4n v\u00e4ntat. De har gott om f\u00f6rvaringsutrymme. Intagnings- och utskrivningsv\u00e4gen \u00e4r full av v\u00e4rdighet. Operationssalarna \u00e4r tillr\u00e4ckliga. Som sagt, man har det extra f\u00f6rsta \u00e5terh\u00e4mtningssteget. S\u00e5 ja, de \u00e4r helt exalterade. Och nu har vi v\u00e5rt team som faktiskt vill bli inplacerade i Vanguard-salarna.\u201d<\/div>\n<div id=\"text_block-4-254\" class=\"ct-text-block\" >Sarah Edwards, chef f\u00f6r direktoratet - anestesi, intensivv\u00e5rd, operationssalar och ortopedi, Cwm Taf Morgan UHB <\/div>\n<\/div>\n<\/section>\n<p>Chris:<br>Vi \u00e4r p\u00e5 Royal Glamorgan Hospital, men den utmaning ni har st\u00e4llts inf\u00f6r ligger egentligen p\u00e5 Princess of Wales Hospital, eller hur? S\u00e5, vill ni ber\u00e4tta om n\u00e5gra av de utmaningar ni har haft?<\/p>\n<p class=\"has-vivid-cyan-blue-color has-text-color has-link-color wp-elements-145f27442438d9adce3da4e76c0281bd\">Sara:<br>F\u00f6r n\u00e4rvarande utf\u00f6rs en del investeringsarbeten p\u00e5 Princess of Wales. Och dessa investeringsarbeten, \u00e4ven om de \u00e4r tillf\u00e4lliga, har tillf\u00e4lligt stoppat v\u00e5r teaterverksamhet, totalt sex teatrar.<br>S\u00e5 naturligtvis \u00e4r kapaciteten och aktiviteten som bedrivs p\u00e5 Princess of Wales mycket begr\u00e4nsad f\u00f6r tillf\u00e4llet, s\u00e4rskilt f\u00f6r operationer och behandling. Det p\u00e5verkar hanteringen av v\u00e4ntelistor och behandlingstider.<\/p>\n<p>Chris:<br>Jag antar att anledningen till att vi pratar \u00e4r att vi har en Vanguard-anl\u00e4ggning h\u00e4r p\u00e5 plats. S\u00e5, fanns det en specifik anledning till att ni i slut\u00e4ndan k\u00e4nde att Vanguard-l\u00f6sningen var r\u00e4tt tillf\u00e4lle att kunna st\u00f6dja er med den kapaciteten?<\/p>\n<p class=\"has-vivid-cyan-blue-color has-text-color has-link-color wp-elements-1c61c8ad045ad18e207e0eea1c3aa515\">Sara:<br>Ja. S\u00e5, jag tror att Vanguard \u00e4r en anl\u00e4ggning som liknar v\u00e5ra befintliga operationssalar. Du vet, de var utrustade. Du har det d\u00e4r f\u00f6rsta uppvakningsomr\u00e5det. Du har modulerna f\u00f6r avdelningarna. S\u00e5 du har en mycket effektiv och \u00e4ndam\u00e5lsenlig in- och utskrivningsv\u00e4g. S\u00e5 det speglade v\u00e5r nuvarande tj\u00e4nst. S\u00e5 det var den sj\u00e4lvklara l\u00f6sningen egentligen, att ha operationssalar som vi kan utf\u00f6ra och leverera utan att p\u00e5verka n\u00e5gon patientv\u00e5rd eller s\u00e4kerhet.<\/p>\n<p>Chris:<br>Det \u00e4r en ganska betydande anl\u00e4ggning, eller hur? Det finns tv\u00e5 relativt stora avdelningar. Man har fyra operationssalar och s\u00e5 finns det faktiskt tv\u00e5 endoskopiavdelningar ocks\u00e5. S\u00e5 det vore bra att f\u00e5 en \u00e5sikt fr\u00e5n n\u00e5gon som faktiskt \u00e4r d\u00e4r, vad g\u00e4ller installationens hastighet och hur det gick till.<\/p>\n<p class=\"has-vivid-cyan-blue-color has-text-color has-link-color wp-elements-cd5b9bd2d511e0f97877ff50fd8b6ca7\">Sara:<br>Jag menar, hastigheten och den snabba responsen \u00e4r inget mindre \u00e4n fenomenal. Vi fick veta i januari att dessa fyra operationssalar skulle landa p\u00e5 Royal Glamorgan-omr\u00e5det och inom 48 timmar inr\u00e4ttade vi en tv\u00e4rvetenskaplig arbetsgrupp som involverade ett antal tj\u00e4nster och specialiteter, allt fr\u00e5n sj\u00e4lva starten av kapitalteamet till anl\u00e4ggningar, till behandlingar, radiologi, h\u00e4lsa och s\u00e4kerhet och hela v\u00e4gen till inl\u00e4ggning och utskrivning samt avdelningsst\u00f6d.<br>Men, ja, nio veckor fr\u00e5n b\u00f6rjan till slut, att \u00f6ppna upp vad jag bara kan kalla en mikroversion av ett sjukhus \u00e4r, ja, det \u00e4r helt fenomenalt.<\/p>\n<section id=\"section-2-254\" class=\"ct-section\" >\n<div class=\"ct-section-inner-wrap\">\n<div id=\"fancy_icon-5-254\" class=\"ct-fancy-icon\" ><svg id=\"svg-fancy_icon-5-254\"><use xlink:href=\"#FontAwesomeicon-quote-left\"><\/use><\/svg><\/div>\n<div id=\"text_block-3-254\" class=\"ct-text-block\" >\u201dVi har f\u00e5tt fantastisk feedback fr\u00e5n patienterna. Jag var faktiskt p\u00e5 plats n\u00e4r v\u00e5ra f\u00f6rsta fem patienter kom in den 10 april. Och det f\u00f6rsta intrycket var att de k\u00e4nde sig p\u00e5 ett femstj\u00e4rnigt hotell. S\u00e5 det var trevligt att h\u00f6ra..\u201d<\/div>\n<div id=\"text_block-4-254\" class=\"ct-text-block\" >Sarah Edwards, chef f\u00f6r direktoratet - anestesi, intensivv\u00e5rd, operationssalar och ortopedi, Cwm Taf Morgan UHB\n&nbsp;<\/div>\n<\/div>\n<\/section>\n<p>Chris:<br>Det \u00e4r verkligen intressant eftersom jag antar att jag har sett det fr\u00e5n Vanguard-sidan och bara vad g\u00e4ller hur vi samlade v\u00e5rt team och att h\u00f6ra det fr\u00e5n din sida ocks\u00e5. Och bara den stora skalan ur ditt perspektiv att kunna f\u00e5nga detta, best\u00e4lla det hos oss och sedan faktiskt b\u00f6rja f\u00e5 det att fungera, som du s\u00e4ger, ett minisjukhus under den tidsperioden \u00e4r exceptionellt.<\/p>\n<p class=\"has-vivid-cyan-blue-color has-text-color has-link-color wp-elements-5f2497a3143eda13703a627c87b97dca\">Sara:<br>Det \u00e4r exceptionellt. Och jag menar, nio veckor, du vet, f\u00f6r att infrastrukturen skulle byggas, f\u00f6r att den skulle vara fullt utrustad, f\u00f6r att all utrustning skulle flyttas fr\u00e5n en plats till en annan, vilket var en uppgift i sig. Du vet, den h\u00e4r utrustningen \u00e4r inte l\u00e4tt att transportera och att placera den d\u00e4r, du vet, och f\u00e5 v\u00e5r v\u00e4ntelistehantering och alla v\u00e5ra IT-system anpassade till en ny upps\u00e4ttning operationssalar och lyfta och flytta en hel arbetsstyrka p\u00e5 nio veckor. Det \u00e4r ganska imponerande.<\/p>\n<p>Chris:<br>V\u00e4ldigt imponerande. Ni borde vara v\u00e4ldigt stolta som lag.<\/p>\n<p class=\"has-vivid-cyan-blue-color has-text-color has-link-color wp-elements-85e652b020912d36ddd7b6c2871b25cd\">Sara:<br>Jag tror att vi alla \u00e4r v\u00e4ldigt stolta. Ja, v\u00e4ldigt stolta \u00f6ver att vara en del av det.<\/p>\n<section id=\"section-2-254\" class=\"ct-section\" >\n<div class=\"ct-section-inner-wrap\">\n<div id=\"fancy_icon-5-254\" class=\"ct-fancy-icon\" ><svg id=\"svg-fancy_icon-5-254\"><use xlink:href=\"#FontAwesomeicon-quote-left\"><\/use><\/svg><\/div>\n<div id=\"text_block-3-254\" class=\"ct-text-block\" >&quot;Vi har byggt upp en riktigt bra relation med Vanguard-teamet redan fr\u00e5n b\u00f6rjan. Och jag tror att det beror p\u00e5 att vi involverade dem redan fr\u00e5n b\u00f6rjan med planeringen, det operativa, vilket jag tror \u00e4r nyckeln till framg\u00e5ngen... att ha det forumet och den plattformen d\u00e4r vi alla tr\u00e4ffades en g\u00e5ng i veckan, inklusive Vanguard-teamet, byggde inte bara upp relationen, utan vi kunde ocks\u00e5 se varandras utmaningar. Men ja, det var fantastiskt.&quot;&nbsp;&nbsp;<\/p>\n<div>Alla hade en &quot;kan-g\u00f6ra&quot;-attityd, att vi kan g\u00f6ra det h\u00e4r p\u00e5 nio veckor!\u201d<\/div>\n<\/div>\n<div id=\"text_block-4-254\" class=\"ct-text-block\" >Sarah Edwards, chef f\u00f6r direktoratet - anestesi, intensivv\u00e5rd, operationssalar och ortopedi, Cwm Taf Morgan UHB &nbsp;<\/div>\n<\/div>\n<\/section>\n<p>Chris:<br>Utm\u00e4rkt. Och det \u00e4r ju en ganska frist\u00e5ende enhet ocks\u00e5, eller hur? F\u00f6r den \u00e4r inte direkt ansluten till sjukhuset. S\u00e5, vilken typ av aktivitet g\u00f6r ni p\u00e5 operationssalarna och i anl\u00e4ggningen?<\/p>\n<p class=\"has-vivid-cyan-blue-color has-text-color has-link-color wp-elements-c6cbc2212066809c05ef01ffb3013766\">Sara:<br>S\u00e5, \u00e5terigen, den omfattning av aktivitet som vi har d\u00e4r \u00e4r f\u00f6rmodligen l\u00e5ngt \u00f6ver vad vi ursprungligen f\u00f6rv\u00e4ntade oss. Och \u00e5terigen, det beror p\u00e5 st\u00f6det fr\u00e5n radiologin, str\u00e5lbehandlingsteamet och sterilv\u00e5rden. Och omfattningen \u00e4r v\u00e4ldigt, v\u00e4ldigt bred. S\u00e5 vi g\u00e5r nu igenom allm\u00e4n kirurgi, gynekologi, ortopedi, max-facs, sm\u00e4rta, \u00d6NH, f\u00f6rmodligen alla v\u00e5ra tj\u00e4nster g\u00e5r igenom n\u00e5gon form av ingrepp och behandling.<\/p>\n<p>Chris:<br>Fantastiskt. Hur tycker personalen att det \u00e4r jobbigt?<\/p>\n<p class=\"has-vivid-cyan-blue-color has-text-color has-link-color wp-elements-dc170cef633a2e0f967c1043e99d5ac9\">Sara:<br>Naturligtvis fanns det vissa reservationer eftersom ingen av dem n\u00e5gonsin har arbetat p\u00e5 en Vanguard-enhet f\u00f6rut. De har f\u00f6rutfattade meningar om att de kommer att arbeta i ett tr\u00e5ngt utrymme och att de inte har den lyx som de har p\u00e5 en vanlig operationssal. Men det har v\u00e4nt en helomv\u00e4ndning. De \u00e4lskar verkligen att arbeta i dem. De sa att de \u00e4r st\u00f6rre \u00e4n v\u00e4ntat. De har gott om f\u00f6rvaringsutrymme. In- och utskrivningsv\u00e4gen \u00e4r full av v\u00e4rdighet. Operationssalarna \u00e4r tillr\u00e4ckliga. Som sagt, man har det extra f\u00f6rsta uppvakningsstadiet. S\u00e5 ja, de \u00e4r helt exalterade. Och nu har vi v\u00e5rt team som faktiskt vill bli omplacerade till Vanguard-salarna.<\/p>\n<p>Chris:<br>Det \u00e4r faktiskt bra att h\u00f6ra. Och de \u00e4r alla tillsammans ocks\u00e5, f\u00f6r jag har en k\u00e4nsla av att de faktiskt skulle ha varit lite utspridda p\u00e5 grund av de utmaningar du hade p\u00e5 Princess of Wales. S\u00e5 att ha dem alla tillsammans igen och arbeta tillsammans som ett team\u2026<\/p>\n<p class=\"has-vivid-cyan-blue-color has-text-color has-link-color wp-elements-8ca644e9a58ec969221ca604310cb0aa\">Sara:<br>Absolut. Ja. N\u00e4r vi informerades om situationen var vi tvungna att optimera och maximera personalen inom andra omr\u00e5den. Och det var att t\u00e4cka eventuella luckor vi hade i v\u00e5ra scheman eller att \u00f6verf\u00f6ra dem till andra platser f\u00f6r att betraktas som \u00f6vertaliga eller f\u00f6r att vara assistenter p\u00e5 operationsplatserna. S\u00e5 personalen f\u00f6rlorade lite identitet och lite \u00e4garskap. Men \u00e4nd\u00e5 \u00e4r vi mitt i en kritisk incident och det \u00e4r vad vi g\u00f6r h\u00e4r n\u00e4r vi \u00e4r i en kritisk incident. Vi delar v\u00e5ra resurser. Men nu n\u00e4r de har f\u00f6rtruppen har du helt r\u00e4tt. De \u00e4r tillbaka till sitt sammanh\u00e5llna arbete, tillbaka till sitt lagarbete. De k\u00f6r nu enligt sina arbetsplaner och k\u00f6r enligt sitt skift. S\u00e5 moralen har h\u00f6jts enormt.<\/p>\n<section id=\"section-2-254\" class=\"ct-section\" >\n<div class=\"ct-section-inner-wrap\">\n<div id=\"fancy_icon-5-254\" class=\"ct-fancy-icon\" ><svg id=\"svg-fancy_icon-5-254\"><use xlink:href=\"#FontAwesomeicon-quote-left\"><\/use><\/svg><\/div>\n<div id=\"text_block-3-254\" class=\"ct-text-block\" >&quot;Vi har bara haft 12 arbetsdagar sedan Vanguard-piloterna landade. Och vi har tagit emot cirka 150 patienter.&quot;<\/div>\n<div id=\"text_block-4-254\" class=\"ct-text-block\" >Sarah Edwards, chef f\u00f6r direktoratet - anestesi, intensivv\u00e5rd, operationssalar och ortopedi, Cwm Taf Morgan UHB &nbsp;<\/div>\n<\/div>\n<\/section>\n<p>Chris:<br>Det var bra att h\u00f6ra. Hur ser det ut ur ett patientperspektiv?<\/p>\n<p class=\"has-vivid-cyan-blue-color has-text-color has-link-color wp-elements-0037ebc77cd0aa7beddac3e0c78dbe47\">Sara:<br>Ja. S\u00e5, vi har f\u00e5tt fantastisk feedback fr\u00e5n patienterna. Jag var faktiskt p\u00e5 plats n\u00e4r v\u00e5ra f\u00f6rsta fem patienter kom in den 10 april. Och det f\u00f6rsta intrycket var att de k\u00e4nde sig p\u00e5 ett femstj\u00e4rnigt hotell. S\u00e5 det var trevligt att h\u00f6ra.<br>Det var en h\u00e4rlig atmosf\u00e4r d\u00e4r. Det var rent. Det var helt nytt. Personalen var i en position d\u00e4r de provade n\u00e5got nytt.<br>S\u00e5 ja, vi har f\u00e5tt fantastisk feedback d\u00e4rifr\u00e5n som s\u00e4ger att personalen \u00e4r underbar, anl\u00e4ggningen \u00e4r fin och effektiviteten \u00e4r utm\u00e4rkt.<br>Och ja, vi har f\u00e5tt ett antal svar som s\u00e4ger att det \u00e4r v\u00e4ldigt likt en femstj\u00e4rnig behandling.<\/p>\n<p>Chris:<br>Utm\u00e4rkt. Och jag antar att allt hj\u00e4lper till med de krav p\u00e5 v\u00e4ntelistor som ni har och att se till att patienterna f\u00e5r den behandling de beh\u00f6ver ocks\u00e5.<\/p>\n<p class=\"has-vivid-cyan-blue-color has-text-color has-link-color wp-elements-18b5594e0328b54d1aa2941460367c8b\">Sara:<br>Ja, absolut. Och det var v\u00e5r r\u00e4dsla. Du vet, n\u00e4r man f\u00f6rlorar sex operationssalar, var det r\u00e4dslan f\u00f6r hur vi skulle kunna uppr\u00e4tth\u00e5lla verksamheten f\u00f6r att se till att det blir minimal p\u00e5verkan p\u00e5 v\u00e4ntelistan och den tid som m\u00e4nniskor v\u00e4ntar p\u00e5 behandling. Och den snabba responsen fr\u00e5n f\u00f6rtruppen gjorde det m\u00f6jligt f\u00f6r oss att uppr\u00e4tth\u00e5lla v\u00e5r v\u00e4ntelista och forts\u00e4tta att f\u00e5 patienter behandlade inom den tid vi anser vara h\u00e5llbar.<\/p>\n<p class=\"has-contrast-color has-text-color has-link-color wp-elements-2fbe65281fbdabe823beedac13a795d8\">Chris:<br>Utm\u00e4rkt. Och det vore kul att h\u00f6ra hur du tyckte att det var att arbeta hos oss p\u00e5 Vanguard ocks\u00e5.<\/p>\n<p class=\"has-vivid-cyan-blue-color has-text-color has-link-color wp-elements-12e106f161d07ee850663cf44d40331e\">Sara:<br>Lysande. Ja, vi har byggt upp en riktigt bra relation med Vanguard-teamet redan fr\u00e5n b\u00f6rjan. Och jag tror att det beror p\u00e5 att vi involverade dem redan fr\u00e5n b\u00f6rjan med planeringen, det operativa, vilket jag tror \u00e4r nyckeln till framg\u00e5ngen. \u00c5terigen, du vet, det \u00e4r inte typiskt att ha en s\u00e5 stor uppgifts- och slutf\u00f6randegrupp. Normalt sett har man en liten slags \u00f6vergripande grupp med undergrupper under. Jag tror att det forumet och den plattformen d\u00e4r vi alla tr\u00e4ffades en g\u00e5ng i veckan, inklusive Vanguard-teamet, inte bara byggde upp relationen, utan vi kunde ocks\u00e5 se varandras utmaningar.<br>Men ja, det var fantastiskt. Men alla hade en positiv inst\u00e4llning, att vi kan g\u00f6ra det h\u00e4r p\u00e5 nio veckor!<\/p>\n<p class=\"has-contrast-color has-text-color has-link-color wp-elements-287c0c59710d92feb1b76861865894d9\">Chris:<br>Vilket fantastiskt s\u00e4tt att avsluta. Och jag lyfter faktiskt p\u00e5 hatten f\u00f6r dig, f\u00f6r att ha arbetat i en sjukhusmilj\u00f6 och ibland m\u00f6ta utmaningarna ur ett kliniskt perspektiv, ett operativt perspektiv, ur ett IT-perspektiv, och att g\u00f6ra det du har gjort under den nio veckor l\u00e5nga planeringsperioden \u00e4r helt fantastiskt och en stor prestation.<\/p>\n<p class=\"has-vivid-cyan-blue-color has-text-color has-link-color wp-elements-e10e6b6bf4f1c17008481b28598868b2\">Sara:<br>Ja. Och bara f\u00f6r att avsluta, jag menar, vi har bara haft 12 arbetsdagar sedan Vanguard-piloterna landade. Och vi har tagit emot cirka 150 patienter.<\/p>\n<p class=\"has-contrast-color has-text-color has-link-color wp-elements-512ee50621c56eec73ad3b2651c2fd6d\">Chris:<br>Okej, det var verkligen bra att h\u00f6ra.<\/p>\n<p class=\"has-vivid-cyan-blue-color has-text-color has-link-color wp-elements-4be6f6dc9f667b62426a03291aee70c8\">&nbsp;<\/p>\n<figure class=\"wp-block-image size-large\"><img loading=\"lazy\" decoding=\"async\" width=\"1024\" height=\"507\" src=\"https:\/\/www.vanguardhealthcare.co.uk\/wp-content\/uploads\/2025\/06\/Vanguard-Royal-Glamorgan105-cropped-and-LR-1024x507.jpg\" alt=\"\" class=\"wp-image-8002\" srcset=\"https:\/\/www.vanguardhealthcare.co.uk\/wp-content\/uploads\/2025\/06\/Vanguard-Royal-Glamorgan105-cropped-and-LR-1024x507.jpg 1024w, https:\/\/www.vanguardhealthcare.co.uk\/wp-content\/uploads\/2025\/06\/Vanguard-Royal-Glamorgan105-cropped-and-LR-300x148.jpg 300w, https:\/\/www.vanguardhealthcare.co.uk\/wp-content\/uploads\/2025\/06\/Vanguard-Royal-Glamorgan105-cropped-and-LR-768x380.jpg 768w, https:\/\/www.vanguardhealthcare.co.uk\/wp-content\/uploads\/2025\/06\/Vanguard-Royal-Glamorgan105-cropped-and-LR-1536x760.jpg 1536w, https:\/\/www.vanguardhealthcare.co.uk\/wp-content\/uploads\/2025\/06\/Vanguard-Royal-Glamorgan105-cropped-and-LR-2048x1013.jpg 2048w, https:\/\/www.vanguardhealthcare.co.uk\/wp-content\/uploads\/2025\/06\/Vanguard-Royal-Glamorgan105-cropped-and-LR-18x9.jpg 18w, https:\/\/www.vanguardhealthcare.co.uk\/wp-content\/uploads\/2025\/06\/Vanguard-Royal-Glamorgan105-cropped-and-LR-scaled.jpg 2560w\" sizes=\"auto, (max-width: 1024px) 100vw, 1024px\" \/><\/figure>","protected":false},"excerpt":{"rendered":"<p>Cwm Taf Morgannwg UHB:s direktoratchef - anestesi, intensivv\u00e5rd, operationssalar och ortopedi, talar om samarbetet med Vanguard f\u00f6r att installera ett mikrosjukhus med fyra operationssalar, tv\u00e5 avdelningar och ett endoskopikomplex.<\/p>","protected":false},"author":12,"featured_media":8003,"comment_status":"open","ping_status":"open","sticky":false,"template":"","format":"standard","meta":{"_acf_changed":false,"footnotes":""},"categories":[2],"tags":[],"class_list":["post-7997","post","type-post","status-publish","format-standard","has-post-thumbnail","hentry","category-news"],"acf":[],"yoast_head":"<!-- This site is optimized with the Yoast SEO plugin v27.4 - https:\/\/yoast.com\/product\/yoast-seo-wordpress\/ -->\n<title>Sarah Edwards, Directorate Manager, talks about protecting patient services during an extensive hospital refurbishment - Vanguard Healthcare Solutions<\/title>\n<meta name=\"description\" content=\"\u201cNine weeks from start to finish, opening up what I can only call a micro version of a hospital...it&#039;s absolutely phenomenal.\u201d\" \/>\n<meta name=\"robots\" content=\"index, follow, max-snippet:-1, max-image-preview:large, max-video-preview:-1\" \/>\n<link rel=\"canonical\" href=\"https:\/\/www.vanguardhealthcare.co.uk\/sv_se\/sarah-edwards-directorate-manager-talks-about-protecting-patient-services-during-an-extensive-hospital-refurbishment\/\" \/>\n<meta property=\"og:locale\" content=\"sv_SE\" \/>\n<meta property=\"og:type\" content=\"article\" \/>\n<meta property=\"og:title\" content=\"Sarah Edwards, Directorate Manager, talks about protecting patient services during an extensive hospital refurbishment - Vanguard Healthcare Solutions\" \/>\n<meta property=\"og:description\" content=\"\u201cNine weeks from start to finish, opening up what I can only call a micro version of a hospital...it&#039;s absolutely phenomenal.\u201d\" \/>\n<meta property=\"og:url\" content=\"https:\/\/www.vanguardhealthcare.co.uk\/sv_se\/sarah-edwards-directorate-manager-talks-about-protecting-patient-services-during-an-extensive-hospital-refurbishment\/\" \/>\n<meta property=\"og:site_name\" content=\"Vanguard Healthcare Solutions\" \/>\n<meta property=\"article:published_time\" content=\"2025-06-04T13:18:04+00:00\" \/>\n<meta property=\"article:modified_time\" content=\"2025-06-04T13:22:03+00:00\" \/>\n<meta property=\"og:image\" content=\"https:\/\/www.vanguardhealthcare.co.uk\/wp-content\/uploads\/2025\/06\/Sarah-title-slide.jpg\" \/>\n\t<meta property=\"og:image:width\" content=\"2560\" \/>\n\t<meta property=\"og:image:height\" content=\"1440\" \/>\n\t<meta property=\"og:image:type\" content=\"image\/jpeg\" \/>\n<meta name=\"author\" content=\"markbirchmore\" \/>\n<meta name=\"twitter:card\" content=\"summary_large_image\" \/>\n<meta name=\"twitter:label1\" content=\"Skriven av\" \/>\n\t<meta name=\"twitter:data1\" content=\"markbirchmore\" \/>\n\t<meta name=\"twitter:label2\" content=\"Ber\u00e4knad l\u00e4stid\" \/>\n\t<meta name=\"twitter:data2\" content=\"9 minuter\" \/>\n<script type=\"application\/ld+json\" class=\"yoast-schema-graph\">{\"@context\":\"https:\\\/\\\/schema.org\",\"@graph\":[{\"@type\":\"Article\",\"@id\":\"https:\\\/\\\/www.vanguardhealthcare.co.uk\\\/sarah-edwards-directorate-manager-talks-about-protecting-patient-services-during-an-extensive-hospital-refurbishment\\\/#article\",\"isPartOf\":{\"@id\":\"https:\\\/\\\/www.vanguardhealthcare.co.uk\\\/sarah-edwards-directorate-manager-talks-about-protecting-patient-services-during-an-extensive-hospital-refurbishment\\\/\"},\"author\":{\"name\":\"markbirchmore\",\"@id\":\"https:\\\/\\\/www.vanguardhealthcare.co.uk\\\/#\\\/schema\\\/person\\\/28e5002e5381802059b342a6a7c57fe5\"},\"headline\":\"Sarah Edwards, Directorate Manager, talks about protecting patient services during an extensive hospital refurbishment\",\"datePublished\":\"2025-06-04T13:18:04+00:00\",\"dateModified\":\"2025-06-04T13:22:03+00:00\",\"mainEntityOfPage\":{\"@id\":\"https:\\\/\\\/www.vanguardhealthcare.co.uk\\\/sarah-edwards-directorate-manager-talks-about-protecting-patient-services-during-an-extensive-hospital-refurbishment\\\/\"},\"wordCount\":1676,\"commentCount\":0,\"image\":{\"@id\":\"https:\\\/\\\/www.vanguardhealthcare.co.uk\\\/sarah-edwards-directorate-manager-talks-about-protecting-patient-services-during-an-extensive-hospital-refurbishment\\\/#primaryimage\"},\"thumbnailUrl\":\"https:\\\/\\\/www.vanguardhealthcare.co.uk\\\/wp-content\\\/uploads\\\/2025\\\/06\\\/Sarah-title-slide.jpg\",\"articleSection\":[\"News\"],\"inLanguage\":\"sv-SE\",\"potentialAction\":[{\"@type\":\"CommentAction\",\"name\":\"Comment\",\"target\":[\"https:\\\/\\\/www.vanguardhealthcare.co.uk\\\/sarah-edwards-directorate-manager-talks-about-protecting-patient-services-during-an-extensive-hospital-refurbishment\\\/#respond\"]}]},{\"@type\":\"WebPage\",\"@id\":\"https:\\\/\\\/www.vanguardhealthcare.co.uk\\\/sarah-edwards-directorate-manager-talks-about-protecting-patient-services-during-an-extensive-hospital-refurbishment\\\/\",\"url\":\"https:\\\/\\\/www.vanguardhealthcare.co.uk\\\/sarah-edwards-directorate-manager-talks-about-protecting-patient-services-during-an-extensive-hospital-refurbishment\\\/\",\"name\":\"Sarah Edwards, Directorate Manager, talks about protecting patient services during an extensive hospital refurbishment - Vanguard Healthcare Solutions\",\"isPartOf\":{\"@id\":\"https:\\\/\\\/www.vanguardhealthcare.co.uk\\\/#website\"},\"primaryImageOfPage\":{\"@id\":\"https:\\\/\\\/www.vanguardhealthcare.co.uk\\\/sarah-edwards-directorate-manager-talks-about-protecting-patient-services-during-an-extensive-hospital-refurbishment\\\/#primaryimage\"},\"image\":{\"@id\":\"https:\\\/\\\/www.vanguardhealthcare.co.uk\\\/sarah-edwards-directorate-manager-talks-about-protecting-patient-services-during-an-extensive-hospital-refurbishment\\\/#primaryimage\"},\"thumbnailUrl\":\"https:\\\/\\\/www.vanguardhealthcare.co.uk\\\/wp-content\\\/uploads\\\/2025\\\/06\\\/Sarah-title-slide.jpg\",\"datePublished\":\"2025-06-04T13:18:04+00:00\",\"dateModified\":\"2025-06-04T13:22:03+00:00\",\"author\":{\"@id\":\"https:\\\/\\\/www.vanguardhealthcare.co.uk\\\/#\\\/schema\\\/person\\\/28e5002e5381802059b342a6a7c57fe5\"},\"description\":\"\u201cNine weeks from start to finish, opening up what I can only call a micro version of a hospital...it's absolutely phenomenal.\u201d\",\"breadcrumb\":{\"@id\":\"https:\\\/\\\/www.vanguardhealthcare.co.uk\\\/sarah-edwards-directorate-manager-talks-about-protecting-patient-services-during-an-extensive-hospital-refurbishment\\\/#breadcrumb\"},\"inLanguage\":\"sv-SE\",\"potentialAction\":[{\"@type\":\"ReadAction\",\"target\":[\"https:\\\/\\\/www.vanguardhealthcare.co.uk\\\/sarah-edwards-directorate-manager-talks-about-protecting-patient-services-during-an-extensive-hospital-refurbishment\\\/\"]}]},{\"@type\":\"ImageObject\",\"inLanguage\":\"sv-SE\",\"@id\":\"https:\\\/\\\/www.vanguardhealthcare.co.uk\\\/sarah-edwards-directorate-manager-talks-about-protecting-patient-services-during-an-extensive-hospital-refurbishment\\\/#primaryimage\",\"url\":\"https:\\\/\\\/www.vanguardhealthcare.co.uk\\\/wp-content\\\/uploads\\\/2025\\\/06\\\/Sarah-title-slide.jpg\",\"contentUrl\":\"https:\\\/\\\/www.vanguardhealthcare.co.uk\\\/wp-content\\\/uploads\\\/2025\\\/06\\\/Sarah-title-slide.jpg\",\"width\":2560,\"height\":1440},{\"@type\":\"BreadcrumbList\",\"@id\":\"https:\\\/\\\/www.vanguardhealthcare.co.uk\\\/sarah-edwards-directorate-manager-talks-about-protecting-patient-services-during-an-extensive-hospital-refurbishment\\\/#breadcrumb\",\"itemListElement\":[{\"@type\":\"ListItem\",\"position\":1,\"name\":\"Home\",\"item\":\"https:\\\/\\\/www.vanguardhealthcare.co.uk\\\/\"},{\"@type\":\"ListItem\",\"position\":2,\"name\":\"Sarah Edwards, Directorate Manager, talks about protecting patient services during an extensive hospital refurbishment\"}]},{\"@type\":\"WebSite\",\"@id\":\"https:\\\/\\\/www.vanguardhealthcare.co.uk\\\/#website\",\"url\":\"https:\\\/\\\/www.vanguardhealthcare.co.uk\\\/\",\"name\":\"Vanguard Healthcare Solutions\",\"description\":\"\",\"potentialAction\":[{\"@type\":\"SearchAction\",\"target\":{\"@type\":\"EntryPoint\",\"urlTemplate\":\"https:\\\/\\\/www.vanguardhealthcare.co.uk\\\/?s={search_term_string}\"},\"query-input\":{\"@type\":\"PropertyValueSpecification\",\"valueRequired\":true,\"valueName\":\"search_term_string\"}}],\"inLanguage\":\"sv-SE\"},{\"@type\":\"Person\",\"@id\":\"https:\\\/\\\/www.vanguardhealthcare.co.uk\\\/#\\\/schema\\\/person\\\/28e5002e5381802059b342a6a7c57fe5\",\"name\":\"markbirchmore\",\"image\":{\"@type\":\"ImageObject\",\"inLanguage\":\"sv-SE\",\"@id\":\"https:\\\/\\\/secure.gravatar.com\\\/avatar\\\/fe7d53278a7b5ca7a899d25b40407d63635e003b79715b22b7e4507d10eecba5?s=96&d=mm&r=g\",\"url\":\"https:\\\/\\\/secure.gravatar.com\\\/avatar\\\/fe7d53278a7b5ca7a899d25b40407d63635e003b79715b22b7e4507d10eecba5?s=96&d=mm&r=g\",\"contentUrl\":\"https:\\\/\\\/secure.gravatar.com\\\/avatar\\\/fe7d53278a7b5ca7a899d25b40407d63635e003b79715b22b7e4507d10eecba5?s=96&d=mm&r=g\",\"caption\":\"markbirchmore\"}}]}<\/script>\n<!-- \/ Yoast SEO plugin. -->","yoast_head_json":{"title":"Sarah Edwards, direktionschef, talar om att skydda patienttj\u00e4nster under en omfattande sjukhusrenovering - Vanguard Healthcare Solutions","description":"\u201dNio veckor fr\u00e5n b\u00f6rjan till slut, att \u00f6ppna upp vad jag bara kan kalla en mikroversion av ett sjukhus... det \u00e4r helt fenomenalt.\u201d","robots":{"index":"index","follow":"follow","max-snippet":"max-snippet:-1","max-image-preview":"max-image-preview:large","max-video-preview":"max-video-preview:-1"},"canonical":"https:\/\/www.vanguardhealthcare.co.uk\/sv_se\/sarah-edwards-directorate-manager-talks-about-protecting-patient-services-during-an-extensive-hospital-refurbishment\/","og_locale":"sv_SE","og_type":"article","og_title":"Sarah Edwards, Directorate Manager, talks about protecting patient services during an extensive hospital refurbishment - Vanguard Healthcare Solutions","og_description":"\u201cNine weeks from start to finish, opening up what I can only call a micro version of a hospital...it's absolutely phenomenal.\u201d","og_url":"https:\/\/www.vanguardhealthcare.co.uk\/sv_se\/sarah-edwards-directorate-manager-talks-about-protecting-patient-services-during-an-extensive-hospital-refurbishment\/","og_site_name":"Vanguard Healthcare Solutions","article_published_time":"2025-06-04T13:18:04+00:00","article_modified_time":"2025-06-04T13:22:03+00:00","og_image":[{"width":2560,"height":1440,"url":"https:\/\/www.vanguardhealthcare.co.uk\/wp-content\/uploads\/2025\/06\/Sarah-title-slide.jpg","type":"image\/jpeg"}],"author":"markbirchmore","twitter_card":"summary_large_image","twitter_misc":{"Skriven av":"markbirchmore","Ber\u00e4knad l\u00e4stid":"9 minuter"},"schema":{"@context":"https:\/\/schema.org","@graph":[{"@type":"Article","@id":"https:\/\/www.vanguardhealthcare.co.uk\/sarah-edwards-directorate-manager-talks-about-protecting-patient-services-during-an-extensive-hospital-refurbishment\/#article","isPartOf":{"@id":"https:\/\/www.vanguardhealthcare.co.uk\/sarah-edwards-directorate-manager-talks-about-protecting-patient-services-during-an-extensive-hospital-refurbishment\/"},"author":{"name":"markbirchmore","@id":"https:\/\/www.vanguardhealthcare.co.uk\/#\/schema\/person\/28e5002e5381802059b342a6a7c57fe5"},"headline":"Sarah Edwards, Directorate Manager, talks about protecting patient services during an extensive hospital refurbishment","datePublished":"2025-06-04T13:18:04+00:00","dateModified":"2025-06-04T13:22:03+00:00","mainEntityOfPage":{"@id":"https:\/\/www.vanguardhealthcare.co.uk\/sarah-edwards-directorate-manager-talks-about-protecting-patient-services-during-an-extensive-hospital-refurbishment\/"},"wordCount":1676,"commentCount":0,"image":{"@id":"https:\/\/www.vanguardhealthcare.co.uk\/sarah-edwards-directorate-manager-talks-about-protecting-patient-services-during-an-extensive-hospital-refurbishment\/#primaryimage"},"thumbnailUrl":"https:\/\/www.vanguardhealthcare.co.uk\/wp-content\/uploads\/2025\/06\/Sarah-title-slide.jpg","articleSection":["News"],"inLanguage":"sv-SE","potentialAction":[{"@type":"CommentAction","name":"Comment","target":["https:\/\/www.vanguardhealthcare.co.uk\/sarah-edwards-directorate-manager-talks-about-protecting-patient-services-during-an-extensive-hospital-refurbishment\/#respond"]}]},{"@type":"WebPage","@id":"https:\/\/www.vanguardhealthcare.co.uk\/sarah-edwards-directorate-manager-talks-about-protecting-patient-services-during-an-extensive-hospital-refurbishment\/","url":"https:\/\/www.vanguardhealthcare.co.uk\/sarah-edwards-directorate-manager-talks-about-protecting-patient-services-during-an-extensive-hospital-refurbishment\/","name":"Sarah Edwards, direktionschef, talar om att skydda patienttj\u00e4nster under en omfattande sjukhusrenovering - Vanguard Healthcare Solutions","isPartOf":{"@id":"https:\/\/www.vanguardhealthcare.co.uk\/#website"},"primaryImageOfPage":{"@id":"https:\/\/www.vanguardhealthcare.co.uk\/sarah-edwards-directorate-manager-talks-about-protecting-patient-services-during-an-extensive-hospital-refurbishment\/#primaryimage"},"image":{"@id":"https:\/\/www.vanguardhealthcare.co.uk\/sarah-edwards-directorate-manager-talks-about-protecting-patient-services-during-an-extensive-hospital-refurbishment\/#primaryimage"},"thumbnailUrl":"https:\/\/www.vanguardhealthcare.co.uk\/wp-content\/uploads\/2025\/06\/Sarah-title-slide.jpg","datePublished":"2025-06-04T13:18:04+00:00","dateModified":"2025-06-04T13:22:03+00:00","author":{"@id":"https:\/\/www.vanguardhealthcare.co.uk\/#\/schema\/person\/28e5002e5381802059b342a6a7c57fe5"},"description":"\u201dNio veckor fr\u00e5n b\u00f6rjan till slut, att \u00f6ppna upp vad jag bara kan kalla en mikroversion av ett sjukhus... det \u00e4r helt fenomenalt.\u201d","breadcrumb":{"@id":"https:\/\/www.vanguardhealthcare.co.uk\/sarah-edwards-directorate-manager-talks-about-protecting-patient-services-during-an-extensive-hospital-refurbishment\/#breadcrumb"},"inLanguage":"sv-SE","potentialAction":[{"@type":"ReadAction","target":["https:\/\/www.vanguardhealthcare.co.uk\/sarah-edwards-directorate-manager-talks-about-protecting-patient-services-during-an-extensive-hospital-refurbishment\/"]}]},{"@type":"ImageObject","inLanguage":"sv-SE","@id":"https:\/\/www.vanguardhealthcare.co.uk\/sarah-edwards-directorate-manager-talks-about-protecting-patient-services-during-an-extensive-hospital-refurbishment\/#primaryimage","url":"https:\/\/www.vanguardhealthcare.co.uk\/wp-content\/uploads\/2025\/06\/Sarah-title-slide.jpg","contentUrl":"https:\/\/www.vanguardhealthcare.co.uk\/wp-content\/uploads\/2025\/06\/Sarah-title-slide.jpg","width":2560,"height":1440},{"@type":"BreadcrumbList","@id":"https:\/\/www.vanguardhealthcare.co.uk\/sarah-edwards-directorate-manager-talks-about-protecting-patient-services-during-an-extensive-hospital-refurbishment\/#breadcrumb","itemListElement":[{"@type":"ListItem","position":1,"name":"Home","item":"https:\/\/www.vanguardhealthcare.co.uk\/"},{"@type":"ListItem","position":2,"name":"Sarah Edwards, Directorate Manager, talks about protecting patient services during an extensive hospital refurbishment"}]},{"@type":"WebSite","@id":"https:\/\/www.vanguardhealthcare.co.uk\/#website","url":"https:\/\/www.vanguardhealthcare.co.uk\/","name":"Vanguard Healthcare Solutions","description":"","potentialAction":[{"@type":"SearchAction","target":{"@type":"EntryPoint","urlTemplate":"https:\/\/www.vanguardhealthcare.co.uk\/?s={search_term_string}"},"query-input":{"@type":"PropertyValueSpecification","valueRequired":true,"valueName":"search_term_string"}}],"inLanguage":"sv-SE"},{"@type":"Person","@id":"https:\/\/www.vanguardhealthcare.co.uk\/#\/schema\/person\/28e5002e5381802059b342a6a7c57fe5","name":"markbirchmore","image":{"@type":"ImageObject","inLanguage":"sv-SE","@id":"https:\/\/secure.gravatar.com\/avatar\/fe7d53278a7b5ca7a899d25b40407d63635e003b79715b22b7e4507d10eecba5?s=96&d=mm&r=g","url":"https:\/\/secure.gravatar.com\/avatar\/fe7d53278a7b5ca7a899d25b40407d63635e003b79715b22b7e4507d10eecba5?s=96&d=mm&r=g","contentUrl":"https:\/\/secure.gravatar.com\/avatar\/fe7d53278a7b5ca7a899d25b40407d63635e003b79715b22b7e4507d10eecba5?s=96&d=mm&r=g","caption":"markbirchmore"}}]}},"_links":{"self":[{"href":"https:\/\/www.vanguardhealthcare.co.uk\/sv_se\/wp-json\/wp\/v2\/posts\/7997","targetHints":{"allow":["GET"]}}],"collection":[{"href":"https:\/\/www.vanguardhealthcare.co.uk\/sv_se\/wp-json\/wp\/v2\/posts"}],"about":[{"href":"https:\/\/www.vanguardhealthcare.co.uk\/sv_se\/wp-json\/wp\/v2\/types\/post"}],"author":[{"embeddable":true,"href":"https:\/\/www.vanguardhealthcare.co.uk\/sv_se\/wp-json\/wp\/v2\/users\/12"}],"replies":[{"embeddable":true,"href":"https:\/\/www.vanguardhealthcare.co.uk\/sv_se\/wp-json\/wp\/v2\/comments?post=7997"}],"version-history":[{"count":0,"href":"https:\/\/www.vanguardhealthcare.co.uk\/sv_se\/wp-json\/wp\/v2\/posts\/7997\/revisions"}],"wp:featuredmedia":[{"embeddable":true,"href":"https:\/\/www.vanguardhealthcare.co.uk\/sv_se\/wp-json\/wp\/v2\/media\/8003"}],"wp:attachment":[{"href":"https:\/\/www.vanguardhealthcare.co.uk\/sv_se\/wp-json\/wp\/v2\/media?parent=7997"}],"wp:term":[{"taxonomy":"category","embeddable":true,"href":"https:\/\/www.vanguardhealthcare.co.uk\/sv_se\/wp-json\/wp\/v2\/categories?post=7997"},{"taxonomy":"post_tag","embeddable":true,"href":"https:\/\/www.vanguardhealthcare.co.uk\/sv_se\/wp-json\/wp\/v2\/tags?post=7997"}],"curies":[{"name":"wp","href":"https:\/\/api.w.org\/{rel}","templated":true}]}}