{"id":7487,"date":"2024-08-14T11:09:55","date_gmt":"2024-08-14T11:09:55","guid":{"rendered":"https:\/\/www.vanguardhealthcare.co.uk\/?p=7487"},"modified":"2024-08-14T11:09:57","modified_gmt":"2024-08-14T11:09:57","slug":"creating-the-effective-day-case-unit-at-milton-keynes-university-hospital","status":"publish","type":"post","link":"https:\/\/www.vanguardhealthcare.co.uk\/sv_se\/creating-the-effective-day-case-unit-at-milton-keynes-university-hospital\/","title":{"rendered":"Skapar den effektiva Day Case Unit p\u00e5 Milton Keynes University Hospital"},"content":{"rendered":"<p>Dagv\u00e5rdsanl\u00e4ggningen, som best\u00e5r av en mobil operationssal och en avdelning, bemannad av ett Vanguard kliniskt team, hj\u00e4lper Milton Keynes University Hospital att dramatiskt minska v\u00e4ntelistorna.<\/p>\n<p>Se intervjun eller l\u00e4s utskriften nedan.<\/p>\n<p>F\u00f6r st\u00f6rre insikt finns det en fallstudie, <strong><a href=\"https:\/\/www.vanguardhealthcare.co.uk\/sv_se\/case-study\/a-new-day-case-unit-to-increase-surgical-capacity\/\">h\u00e4r<\/a><\/strong><\/p>\n<figure class=\"wp-block-embed is-type-video is-provider-vimeo wp-block-embed-vimeo wp-embed-aspect-16-9 wp-has-aspect-ratio\">\n<div class=\"wp-block-embed__wrapper\">\n<iframe loading=\"lazy\" title=\"Claire McGillycuddy pratar med Chris Blackwell-Frostmk-claire-323399-Final-2ac\" src=\"https:\/\/player.vimeo.com\/video\/992892352?dnt=1&amp;app_id=122963\" width=\"500\" height=\"281\" frameborder=\"0\" allow=\"autoplay; fullscreen; picture-in-picture; clipboard-write\"><\/iframe>\n<\/div>\n<\/figure>\n<section id=\"section-2-254\" class=\"ct-section\" >\n<div class=\"ct-section-inner-wrap\">\n<div id=\"fancy_icon-5-254\" class=\"ct-fancy-icon\" ><svg id=\"svg-fancy_icon-5-254\"><use xlink:href=\"#FontAwesomeicon-quote-left\"><\/use><\/svg><\/div>\n<div id=\"text_block-3-254\" class=\"ct-text-block\" >&quot;En av de verkliga f\u00f6rdelarna vi har funnit \u00e4r att eftersom vi har den bemannade enheten, med (Vanguard) teaterpersonal, har vi verkligen kunnat arbeta flexibelt med det vi l\u00e4gger genom enheten. S\u00e5 vi kan arbeta ganska smidigt och reagera p\u00e5 var v\u00e5r v\u00e4ntelista \u00e4r pressad.\u201d<\/div>\n<div id=\"text_block-4-254\" class=\"ct-text-block\" >Claire McGillycuddy - Associate Director of Operations for Surgery &amp; Elective Care<\/div>\n<\/div>\n<\/section>\n<hr class=\"wp-block-separator has-alpha-channel-opacity\" \/>\n<p class=\"has-base-color has-text-color has-link-color has-small-font-size wp-elements-506b8a336cb7d7d556000002c3c9f6d6\">\n<p>Chris:<br>Hej Claire. L\u00e5t oss b\u00f6rja med en enkel. Du har haft de tv\u00e5 Vanguard-enheterna, den mobila teatern och \u00e5terh\u00e4mtningsavdelningen, p\u00e5 plats i tre m\u00e5nader nu. Det skulle vara kul att h\u00f6ra hur det g\u00e5r.<\/p>\n<p class=\"has-vivid-purple-color has-text-color has-link-color wp-elements-432d136aabaa4968821e9a65fa50ab4e\">Claire:<br>Det g\u00e5r riktigt, v\u00e4ldigt bra. B\u00e4ttre \u00e4n jag m\u00f6jligen f\u00f6rest\u00e4llt mig. Vi har gjort cirka 334 \u00e4renden och vi har minskat v\u00e5r totala v\u00e4ntelista med cirka 600. Och inom det cirka 554 l\u00e5nga servit\u00f6rer. En av de verkliga f\u00f6rdelarna vi har funnit \u00e4r att eftersom vi har den bemannade enheten, med (Vanguard) teaterpersonal, har vi verkligen kunnat arbeta flexibelt med det vi l\u00e4gger genom enheten. S\u00e5 vi kan arbeta ganska smidigt och reagera p\u00e5 var v\u00e5r v\u00e4ntelista \u00e4r pressad. S\u00e5 vi har anpassat det till allm\u00e4n kirurgi, urologi, gynae, lite ortopedi och oral kirurgi.<\/p>\n<p>Chris:<br>Excellent. Det skulle vara riktigt bra att bara f\u00f6rst\u00e5 lite av sammanhanget innan du fattade beslutet om enheten, i termer av hur f\u00f6rtroendet presterade p\u00e5 dina v\u00e4ntelistor f\u00f6r \u00e5terh\u00e4mtning och de nyckelomr\u00e5den som du tog i beaktande innan du tog beslutet att skaffa enheterna p\u00e5 plats. <\/p>\n<p class=\"has-vivid-purple-color has-text-color has-link-color wp-elements-457c171ed80ffe7c86ce845535d970ec\">Claire:<br>N\u00e5v\u00e4l, jag b\u00f6rjade p\u00e5 operation i augusti, och arbetade med divisionens triumvirat, ledningsgruppen, och det blev snabbt uppenbart f\u00f6r oss alla, verkligen, att vi hade ett betydande v\u00e4ntelistproblem som beh\u00f6vde l\u00f6sas. V\u00e5r st\u00f6rsta oro handlade om teaterkapaciteten. Vi hade konsulter f\u00f6rdubblade i vissa sessioner eller gick utan n\u00e5gra teatersessioner. S\u00e5 vi tittade p\u00e5 outsourcing, olika alternativ och sedan t\u00e4nkte vi, varf\u00f6r v\u00e4ljer vi inte en mobil enhet, f\u00f6r det \u00e4r fortfarande inom v\u00e5r kontroll. Vi best\u00e4mde att vi skulle utforska det och det ger oss tio extra pass i veckan.<\/p>\n<hr class=\"wp-block-separator has-alpha-channel-opacity\" \/>\n<section id=\"section-2-254\" class=\"ct-section\" >\n<div class=\"ct-section-inner-wrap\">\n<div id=\"fancy_icon-5-254\" class=\"ct-fancy-icon\" ><svg id=\"svg-fancy_icon-5-254\"><use xlink:href=\"#FontAwesomeicon-quote-left\"><\/use><\/svg><\/div>\n<div id=\"text_block-3-254\" class=\"ct-text-block\" >&quot;N\u00e4r du har tittat p\u00e5 data kan du definitivt se att effektiviteten har f\u00f6rb\u00e4ttrats m\u00e5nad f\u00f6r m\u00e5nad och vecka f\u00f6r vecka. Vi b\u00f6rjade med att bara vara lite blyg om fem patienter per lista, men vi har lyckats, i samarbete med Vanguard-teamet, f\u00e5 upp det till 5,9 per lista.&quot;<\/div>\n<div id=\"text_block-4-254\" class=\"ct-text-block\" >Claire McGillycuddy - Associate Director of Operations for Surgery &amp; Elective Care<\/div>\n<\/div>\n<\/section>\n<blockquote class=\"wp-block-quote has-text-align-right is-style-default has-base-color has-base-background-color has-text-color has-background has-link-color wp-elements-ca2b998b80c438ddf4d9f82c8649f7d5 is-layout-flow wp-container-core-quote-is-layout-8a368f38 wp-block-quote-is-layout-flow\">\n<\/blockquote>\n<hr class=\"wp-block-separator has-alpha-channel-opacity\" \/>\n<p class=\"has-small-font-size\">Chris:<br>Det l\u00e5ter som att du anv\u00e4nder det fr\u00e5n en bred procedurbas, vilket kan g\u00f6ra det ganska sv\u00e5rt n\u00e4r det g\u00e4ller att k\u00f6ra effektiviteten genom enheten. Och det \u00e4r lite av ett ledord f\u00f6r tillf\u00e4llet, eller hur<br>att anv\u00e4nda dina anl\u00e4ggningar mer effektivt? S\u00e5 det skulle vara riktigt bra att f\u00f6rst\u00e5 hur du har lyckats g\u00f6ra effektivitetsf\u00f6rb\u00e4ttringar.<\/p>\n<p class=\"has-text-align-left has-vivid-purple-color has-text-color has-link-color wp-elements-edca444981674259364e4183fb4b0f4e\">Claire:<br>Efter att ha tittat p\u00e5 data kan du definitivt se att effektiviteten har f\u00f6rb\u00e4ttrats m\u00e5nad f\u00f6r m\u00e5nad och vecka f\u00f6r vecka. Vi b\u00f6rjade med att bara g\u00f6ra fem patienter per lista en aning, men vi har lyckats, i samarbete med Vanguard-teamet, att f\u00e5 upp det till 5,9 per lista. Och faktiskt en onsdag, en av v\u00e5ra<br>ortopediska kirurger g\u00f6r, 18 p\u00e5 en lista eller 16 p\u00e5 en lista. Och teaterpersonalen (Vanguard) tar med sig expertis om hur det g\u00e5r till i andra organisationer. S\u00e5 de s\u00e4ger till oss, &quot;Faktiskt \u00e4r din lista f\u00f6r denna dag s\u00e4rskilt l\u00e4tt, du kanske vill l\u00e4gga till lite mer till den.&quot; S\u00e5 det d\u00e4r tv\u00e5v\u00e4gsarbetet, kommunikationen, har verkligen varit avg\u00f6rande f\u00f6r att driva dessa effektivitetsvinster.<\/p>\n<p>Chris:<br>Jag \u00e4r verkligen intresserad eftersom du uppenbarligen har tagit beslutet att ha en teater och avdelning men att g\u00f6ra det som en frist\u00e5ende dagv\u00e5rdsavdelning. Nu m\u00e5ste det skapa f\u00f6rdelar, men ocks\u00e5 vissa utmaningar genom att inte<br>ansluts till huvudsjukhuset. S\u00e5, i termer av det t\u00e4nkandet p\u00e5 en dagsak och hur det fungerar som en frist\u00e5ende enhet, hur hittar du det?<\/p>\n<p class=\"has-vivid-purple-color has-text-color has-link-color wp-elements-f0a8ed92dd25a387aeb3c593fa228020\">Claire:<br>Det medf\u00f6r vissa utmaningar men vi arbetar n\u00e4ra v\u00e5ra anestesikollegor f\u00f6r att se till att kriterierna som vi v\u00e4ljer ut patienterna f\u00f6r \u00e4r s\u00e4kra och inte \u00f6kar patientrisken. Vi brukar g\u00f6ra ASA ettor och tv\u00e5or d\u00e4r f\u00f6r tillf\u00e4llet och det verkar fungera riktigt bra.<\/p>\n<p>Chris:<br>Excellent. Det g\u00f6r att du kan anv\u00e4nda de teatrar som du skulle ha haft dagcase i, och g\u00f6ra arbetet med l\u00e4gre sk\u00e4rpa mer effektivt. <\/p>\n<p class=\"has-vivid-purple-color has-text-color has-link-color wp-elements-e48035ab8efd68f98bc88e00c32c05b1\">Claire:<br>Ja, absolut. Absolut. S\u00e5 det har f\u00f6rb\u00e4ttrat genomstr\u00f6mningen. Ja.<\/p>\n<p>Chris:<br>Fantastisk. Och jag f\u00f6rst\u00e5r att du faktiskt pratade om det tidigare, cirka 340 patienter genom enheten, men totalt sett f\u00f6rmodligen det dubbla n\u00e4r det g\u00e4ller v\u00e4ntelistan. S\u00e5 det tyder p\u00e5 att det finns andra omr\u00e5den som du driver effektivitetsf\u00f6rb\u00e4ttringar genom...<\/p>\n<p class=\"has-vivid-purple-color has-text-color has-link-color wp-elements-ef917e0f000387914cbb8a6cb3748e86\">Claire:<br>S\u00e5 \u00e4ven om enheten har levererat den m\u00e4ngden aktivitet, vad vi har gjort \u00e4r att vi har tagit ut n\u00e5gra sessioner. S\u00e5, till exempel urologi, har vi flyttat ut fr\u00e5n stora teatrar f\u00f6r att fylla p\u00e5 med n\u00e5got annat. Samma sak med ortopedi. S\u00e5 faktiskt, vi blir fler. Vi f\u00e5r effektivitetsvinsterna fr\u00e5n<br>ortopediska sessioner som \u00e4r \u00f6ver vid Vanguard, men f\u00e5r ocks\u00e5 f\u00f6rdelar av att fylla den med ytterligare aktivitet fr\u00e5n pinch point specialiteter.<\/p>\n<hr class=\"wp-block-separator has-alpha-channel-opacity\" \/>\n<section id=\"section-2-254\" class=\"ct-section\" >\n<div class=\"ct-section-inner-wrap\">\n<div id=\"fancy_icon-5-254\" class=\"ct-fancy-icon\" ><svg id=\"svg-fancy_icon-5-254\"><use xlink:href=\"#FontAwesomeicon-quote-left\"><\/use><\/svg><\/div>\n<div id=\"text_block-3-254\" class=\"ct-text-block\" >&quot;Mitt m\u00e5tt p\u00e5 framg\u00e5ng \u00e4r att uppdatera min patientsp\u00e5rningslista p\u00e5 en m\u00e5ndag och se hur mycket v\u00e5r totala v\u00e4ntelista har minskat. Och vi g\u00f6r det b\u00e4sta f\u00f6r v\u00e5ra patienter och det \u00e4r det som verkligen betyder n\u00e5got f\u00f6r mig.\u201d<\/div>\n<div id=\"text_block-4-254\" class=\"ct-text-block\" >Claire McGillycuddy - Associate Director of Operations for Surgery &amp; Elective Care<\/div>\n<\/div>\n<\/section>\n<hr class=\"wp-block-separator has-alpha-channel-opacity\" \/>\n<p>Chris:<br>Det du har f\u00f6r tillf\u00e4llet \u00e4r dagcaseenheten, som \u00e4r Vanguard-teatern och den mobila avdelningen och jag \u00e4r intresserad av att veta hur du samordnar verksamheten \u00f6ver den mobila enheten och \u00e4ven huvudteatrarna, och vilken effekt det har ha.<\/p>\n<p class=\"has-vivid-purple-color has-text-color has-link-color wp-elements-63a30b50dcf5fb5611508819f98b0446\">Claire:<br>Introduktionen av Vanguard-l\u00f6sningen har \u00f6kat v\u00e5ra dagliga fallfrekvenser med cirka 11%, vilket \u00e4r fantastiskt. Det har ocks\u00e5 gjort det m\u00f6jligt f\u00f6r oss att undvika att g\u00e5 under l\u00e4ngre dagar. Vi g\u00f6r ytterligare helgarbete, s\u00e5 \u00e5terigen, det har gett oss ytterligare kapacitet s\u00e5 att vi kan anv\u00e4nda helgarbetet f\u00f6r att ytterligare rensa v\u00e5ra eftersl\u00e4pningar.<\/p>\n<p>Chris:<br>Excellent. Sammantaget, n\u00e4r du tittar p\u00e5 hur saker och ting fortskrider nu, vad skulle du s\u00e4ga \u00e4r dina nyckelm\u00e5tt p\u00e5 framg\u00e5ng, det vill s\u00e4ga &quot;Absolut, det uppn\u00e5dde det vi ville att det skulle uppn\u00e5&quot;?<\/p>\n<p class=\"has-vivid-purple-color has-text-color has-link-color wp-elements-e3465c8589ca8fa45d3d6f9abe9338ad\">Claire:<br>Jag tror att det fanns m\u00e5nga m\u00f6jligg\u00f6rande steg. S\u00e5 kommunikationen med Vanguard och v\u00e5r organisation var verkligen fantastisk fr\u00e5n b\u00f6rjan till slut. Vi h\u00f6ll t\u00e4t kontakt. Vi har byggt riktigt bra<br>relationer och snabbt. Jag tror att det var avg\u00f6rande, s\u00e5 att vi kunde f\u00f6rst\u00e5 tidsramar och det var ocks\u00e5 bra att ha Vanguards erfarenhet, n\u00e4r det g\u00e4ller hur de har implementerat det n\u00e5gon annanstans och f\u00f6r att undvika n\u00e5gra av fallgroparna. S\u00e5 det var verkligen f\u00f6rdelaktigt. Och som sagt, jag tycker att det har \u00f6vertr\u00e4ffat mina f\u00f6rv\u00e4ntningar<br>och mitt m\u00e5tt p\u00e5 framg\u00e5ng \u00e4r att uppdatera min patientsp\u00e5rningslista-rapport p\u00e5 en m\u00e5ndag och se hur mycket v\u00e5r totala v\u00e4ntelista har minskat. Och vi g\u00f6r det b\u00e4sta f\u00f6r v\u00e5ra patienter och det \u00e4r det som verkligen betyder n\u00e5got f\u00f6r mig.<\/p>\n<p>Chris:<br>Excellent. Det \u00e4r verkligen bra att h\u00f6ra eftersom det i slut\u00e4ndan, i slut\u00e4ndan, handlar om att f\u00e5 fler patienter genom sjukhuset f\u00f6r att f\u00e5 behandling som de beh\u00f6ver. Specifikt p\u00e5 Vanguard,<br>Jag tror att vi tittade p\u00e5 ganska m\u00e5nga olika platser p\u00e5 sjukhusomr\u00e5det. S\u00e5 hur gick det n\u00e4r det g\u00e4llde att f\u00e5 in enheterna och f\u00e5 den i drift, etc? Hur hittade du det?<\/p>\n<p class=\"has-vivid-purple-color has-text-color has-link-color wp-elements-7887a710603168f9d13c59c280e0ba57\">Claire:<br>\u00c5terigen var det avg\u00f6rande att vi kunde bygga de n\u00e4ra relationerna med Vanguard-teamet. V\u00e5rt Estates-team arbetade v\u00e4ldigt n\u00e4ra er och igen, alla hinder, identifierade vi snabbt och p\u00e5skyndade, men faktiskt gick det v\u00e4ldigt smidigt. Vi levererade mot tidslinjerna som vi sa att vi<br>skulle leverera mot, vilket var ett bekymmer. Och Estates var n\u00f6jda med hur det gick och kommunikationen som de hade med ditt team.<\/p>\n<hr class=\"wp-block-separator has-alpha-channel-opacity\" \/>\n<section id=\"section-2-254\" class=\"ct-section\" >\n<div class=\"ct-section-inner-wrap\">\n<div id=\"fancy_icon-5-254\" class=\"ct-fancy-icon\" ><svg id=\"svg-fancy_icon-5-254\"><use xlink:href=\"#FontAwesomeicon-quote-left\"><\/use><\/svg><\/div>\n<div id=\"text_block-3-254\" class=\"ct-text-block\" >&quot;Kirurgens feedback har varit att det \u00e4r en riktigt trevlig enhet att arbeta p\u00e5.&quot;<\/div>\n<div id=\"text_block-4-254\" class=\"ct-text-block\" >Claire McGillycuddy - Associate Director of Operations for Surgery &amp; Elective Care<\/div>\n<\/div>\n<\/section>\n<hr class=\"wp-block-separator has-alpha-channel-opacity\" \/>\n<blockquote class=\"wp-block-quote has-text-align-right is-layout-flow wp-block-quote-is-layout-flow\">\n<\/blockquote>\n<p>Chris:<br>Excellent. S\u00e5, hur hittar de det, arbetar p\u00e5 enheten och \u00e4r i det separata frist\u00e5ende omr\u00e5det.<\/p>\n<p class=\"has-vivid-purple-color has-text-color has-link-color wp-elements-290ff953ca3522ce196c0ca7bf3e4599\">Claire:<br>Kirurgens feedback har varit att det \u00e4r en riktigt trevlig enhet att arbeta p\u00e5. Vi valde alternativet f\u00f6r Vanguard f\u00f6r att tillhandah\u00e5lla teaterpersonal eftersom det \u00e4r v\u00e5r nypa punkt i huvudteatern. S\u00e5 igen, det hj\u00e4lpte oss. Personalen p\u00e5 dagkirurgiska sidan av saken, jag tror att de gillar det. Det \u00e4r en riktigt trevlig milj\u00f6 att vara i. Det \u00e4r sk\u00f6nt och lugnt. V\u00e5r dagkirurgiska enhet p\u00e5 huvudsjukhuset anv\u00e4nds ibland som upptrappning f\u00f6r akuta slutenv\u00e5rdspatienter. S\u00e5 det \u00e4r en trevlig f\u00f6r\u00e4ndring f\u00f6r dem att ha tillg\u00e5ng till enheten. Och jag har ocks\u00e5 h\u00f6rt att patienter<br>gillar verkligen den upplevelsen ocks\u00e5.<\/p>\n<p>Chris<br>Tja, det skulle bli min n\u00e4sta fr\u00e5ga, faktiskt. Hur hittar patienterna det?<\/p>\n<p class=\"has-vivid-purple-color has-text-color has-link-color wp-elements-42adee99781474d68ab0289485973847\">Claire:<br>Vi har f\u00e5tt riktigt, riktigt positiv feedback. Det \u00e4r saker som, det \u00e4r lugnt, det \u00e4r tyst, bra kommunikation. De f\u00f6rst\u00e5r var de \u00e4r p\u00e5 listorna och saker fungerar verkligen, riktigt s\u00f6ml\u00f6st. Faktum \u00e4r att en av v\u00e5ra medarbetare kom fram och gav den en lysande, lysande rapport.<\/p>\n<p>Chris:<br>Bra att h\u00f6ra. S\u00e5 det \u00e4r klart att du har haft enheten i tre m\u00e5nader, du har redan pratat om vilken inverkan den har haft p\u00e5 v\u00e4ntelistorna, vilket \u00e4r fantastiskt att h\u00f6ra ocks\u00e5. S\u00e5 det skulle vara bra att h\u00f6ra vad dina planer \u00e4r f\u00f6r enheten under de kommande 3 till 6 m\u00e5naderna, n\u00e4r det g\u00e4ller hur du flyttar den till en annan niv\u00e5...<\/p>\n<p class=\"has-vivid-purple-color has-text-color has-link-color wp-elements-084ed07f869470f50a5dc6d31c46476e\">Claire:<br>S\u00e5, som du kan f\u00f6rv\u00e4nta dig, har vi blivit ganska beroende av den extra kapacitet som det har gett oss. Att arbeta igenom banor n\u00e4r det g\u00e4ller att f\u00f6rs\u00f6ka minska v\u00e5r v\u00e4ntelista ytterligare, f\u00f6r att m\u00f6ta 65-veckors nationella krav, kommer att bli allvarligt \u00e4ventyrad utan Vanguard-kapaciteten, s\u00e5 vi tittar p\u00e5 att f\u00f6rl\u00e4nga den, absolut. Och \u00e5terigen, p\u00e5 grund av (Vanguard) teaterpersonalens skicklighetsmix, kan vi coxa och boxa n\u00e4r det g\u00e4ller vad vi stoppar in d\u00e4r. S\u00e5 vi gillar verkligen den niv\u00e5n av flexibilitet. Vi har inga gratis sessioner p\u00e5 Vanguard.<\/p>\n<hr class=\"wp-block-separator has-alpha-channel-opacity\" \/>\n<section id=\"section-2-254\" class=\"ct-section\" >\n<div class=\"ct-section-inner-wrap\">\n<div id=\"fancy_icon-5-254\" class=\"ct-fancy-icon\" ><svg id=\"svg-fancy_icon-5-254\"><use xlink:href=\"#FontAwesomeicon-quote-left\"><\/use><\/svg><\/div>\n<div id=\"text_block-3-254\" class=\"ct-text-block\" >&quot;Jag har ocks\u00e5 h\u00f6rt att patienter verkligen, verkligen gillar den upplevelsen ... saker som att det \u00e4r lugnt, det \u00e4r tyst, bra kommunikation ... Faktum \u00e4r att en av v\u00e5ra medarbetare kom fram och gav den en lysande, lysande rapport.&quot;<\/div>\n<div id=\"text_block-4-254\" class=\"ct-text-block\" >Claire McGillycuddy - Associate Director of Operations for Surgery &amp; Elective Care<\/div>\n<\/div>\n<\/section>\n<hr class=\"wp-block-separator has-alpha-channel-opacity\" \/>\n<blockquote class=\"wp-block-quote has-text-align-right is-layout-flow wp-block-quote-is-layout-flow\">\n<\/blockquote>\n<p>Chris:<br>Det \u00e4r alltid v\u00e4ldigt viktigt att f\u00e5 ett bra samarbete mellan Vanguard-teamet och f\u00f6rtroendeteamet. S\u00e5 det skulle vara riktigt bra att h\u00f6ra fr\u00e5n dig hur det samarbetet har g\u00e5tt. <\/p>\n<p class=\"has-vivid-purple-color has-text-color has-link-color wp-elements-e677070f9fdc58cb86d97bb8de290890\">Claire:<br>Det har g\u00e5tt riktigt, riktigt bra. Mycket, mycket b\u00e4ttre \u00e4n v\u00e4ntat. Och jag tror att det beror p\u00e5 att vi bildade de n\u00e4ra relationerna direkt fr\u00e5n &quot;starten&quot; med Vanguard-teamet. Det jag skulle vilja s\u00e4ga \u00e4r ett stort tack till ditt team f\u00f6r att de delar med sig av sin expertis, och \u00e4ven till v\u00e5rt team. S\u00e5 v\u00e5rt godsteam, v\u00e5rt<br>antagningsteam som har jobbat stenh\u00e5rt f\u00f6r att alla listor ska vara fyllda och v\u00e5r valbara s\u00e4ngchef samt v\u00e5ra kirurger och v\u00e5ra anestesiteam.<\/p>\n<p>Chris:<br>Det \u00e4r verkligen bra att h\u00f6ra eftersom det \u00e4r en enorm laginsats, och det \u00e4r de killarna som \u00e4r i frontlinjen. Men ocks\u00e5, som du s\u00e4ger, back-office-teamen som drar ihop allt och bara ser till att patienterna \u00e4r d\u00e4r de beh\u00f6ver vara.<\/p>\n<p class=\"has-vivid-purple-color has-text-color has-link-color wp-elements-62b4ec3fa8af1a8fe8e3a5de33ed8f1b\">Claire:<br>Exakt.<\/p>\n<p>Chris:<br>S\u00e5 vi pratade tidigare bara kring patientupplevelsen och feedbacken som vi har f\u00e5tt \u00e4r utm\u00e4rkta n\u00e4r det g\u00e4ller patienter n\u00e4r de har varit p\u00e5 enheten. Men det skulle vara riktigt bra bara att f\u00e5 lite av en k\u00e4nsla fr\u00e5n dig kring det verkliga v\u00e4rdet som detta ger patienterna ocks\u00e5, och den extra kapacitet som det kommer att ge patienterna genom att kunna f\u00e5 sin behandling tidigare.<\/p>\n<p class=\"has-vivid-purple-color has-text-color has-link-color wp-elements-d1aab5b28428c9391410a68fd64e845d\">Claire:<br>V\u00e5ra patienter f\u00e5r definitivt behandling snabbare som en konsekvens av att vi minskar v\u00e5ra v\u00e4ntetider. Vi hade ett verkligt problem med allm\u00e4n kirurgi. De brukade bara ha ett halvt pass i veckan. Allts\u00e5 ett halvdagspass. De har nu g\u00e5tt fr\u00e5n det till att ha tv\u00e5 heldagspass. S\u00e5 de har verkligen kunnat g\u00f6ra betydande inbrytningar i sina v\u00e4ntelistor, och som en konsekvens v\u00e4ntar patienterna kortare tid, vilket bara \u00e4r b\u00e4ttre f\u00f6r resultatet.<\/p>\n<p>Chris:<br>Det \u00e4r intressant eftersom vi alla pratar patientsiffror eftersom det \u00e4r vad vi g\u00f6r men i verkligheten, bakom varenda en av dessa patienter finns det en historia, oavsett vad det kan vara en r\u00e4dsla, \u00e5ngest eller en sm\u00e4rta som de \u00e4r i f\u00f6r tillf\u00e4llet ocks\u00e5. S\u00e5, ja, det \u00e4r en \u00e4kta, f\u00f6rdel fr\u00e5n v\u00e5rt perspektiv och vi \u00e4lskar att vara<br>kan hj\u00e4lpa dig att hj\u00e4lpa dina patienter. Och Claire, det \u00e4r verkligen passande att bara avsluta, att s\u00e4ga tack till dig och det bredare teamet p\u00e5 Milton Keynes University Hospital ocks\u00e5. Du vet, samarbetet, energin, passionen som du tillf\u00f6rde det har varit enormt uppskattat. Och vi \u00e4lskar, verkligen \u00e4lskar,<br>arbeta med dig f\u00f6r att kunna gynna dina patienter. S\u00e5 det \u00e4r ett hj\u00e4rtligt tack. <\/p>\n<p class=\"has-vivid-purple-color has-text-color has-link-color wp-elements-d3a9598cea73f0fa9604840c03e95913\">Claire:<br>Tack, aldrig s\u00e5 mycket. Och jag upprepar exakt samma sak f\u00f6r ditt team ocks\u00e5. Tack.<\/p>\n<section id=\"section-2-254\" class=\"ct-section\" >\n<div class=\"ct-section-inner-wrap\">\n<div id=\"fancy_icon-5-254\" class=\"ct-fancy-icon\" ><svg id=\"svg-fancy_icon-5-254\"><use xlink:href=\"#FontAwesomeicon-quote-left\"><\/use><\/svg><\/div>\n<div id=\"text_block-3-254\" class=\"ct-text-block\" >&quot;Vi pratar alla patientsiffror f\u00f6r det \u00e4r vad vi g\u00f6r men i verkligheten, bakom varenda en av dessa patienter finns det en historia, oavsett vad det kan vara en r\u00e4dsla, \u00e5ngest eller sm\u00e4rta som de ocks\u00e5 lider av f\u00f6r tillf\u00e4llet.&quot;<\/div>\n<div id=\"text_block-4-254\" class=\"ct-text-block\" >Chris Blackwell-Frost - VD, Vanguard Healthcare Solutions<\/div>\n<\/div>\n<\/section>\n<section id=\"section-2-254\" class=\"ct-section\" >\n<div class=\"ct-section-inner-wrap\">\n<div id=\"fancy_icon-5-254\" class=\"ct-fancy-icon\" ><svg id=\"svg-fancy_icon-5-254\"><use xlink:href=\"#FontAwesomeicon-quote-left\"><\/use><\/svg><\/div>\n<div id=\"text_block-3-254\" class=\"ct-text-block\" >&quot;V\u00e5ra patienter f\u00e5r behandling snabbare som en konsekvens av att vi minskar v\u00e5ra v\u00e4ntetider&quot;<\/div>\n<div id=\"text_block-4-254\" class=\"ct-text-block\" >Claire McGillycuddy - Associate Director of Operations for Surgery &amp; Elective Care<\/div>\n<\/div>\n<\/section>\n<figure class=\"wp-block-image size-large\"><img loading=\"lazy\" decoding=\"async\" width=\"819\" height=\"1024\" src=\"https:\/\/www.vanguardhealthcare.co.uk\/wp-content\/uploads\/2024\/08\/Image-CUTOUT-1-819x1024.jpg\" alt=\"Floor plan of the Day Case Unit\" class=\"wp-image-7537\" srcset=\"https:\/\/www.vanguardhealthcare.co.uk\/wp-content\/uploads\/2024\/08\/Image-CUTOUT-1-819x1024.jpg 819w, https:\/\/www.vanguardhealthcare.co.uk\/wp-content\/uploads\/2024\/08\/Image-CUTOUT-1-240x300.jpg 240w, https:\/\/www.vanguardhealthcare.co.uk\/wp-content\/uploads\/2024\/08\/Image-CUTOUT-1-768x960.jpg 768w, https:\/\/www.vanguardhealthcare.co.uk\/wp-content\/uploads\/2024\/08\/Image-CUTOUT-1-1229x1536.jpg 1229w, https:\/\/www.vanguardhealthcare.co.uk\/wp-content\/uploads\/2024\/08\/Image-CUTOUT-1-10x12.jpg 10w, https:\/\/www.vanguardhealthcare.co.uk\/wp-content\/uploads\/2024\/08\/Image-CUTOUT-1.jpg 1376w\" sizes=\"auto, (max-width: 819px) 100vw, 819px\" \/><\/figure>","protected":false},"excerpt":{"rendered":"<p>Trusts Claire McGillycuddy, Associate Director of Operations for Surgery &amp; Elective Care,<br \/>\npratar med Vanguard:s VD, Chris Blackwell-Frost<\/p>","protected":false},"author":12,"featured_media":7556,"comment_status":"open","ping_status":"open","sticky":false,"template":"","format":"standard","meta":{"_acf_changed":false,"footnotes":""},"categories":[2],"tags":[],"class_list":["post-7487","post","type-post","status-publish","format-standard","has-post-thumbnail","hentry","category-news"],"acf":[],"yoast_head":"<!-- This site is optimized with the Yoast SEO plugin v27.5 - https:\/\/yoast.com\/product\/yoast-seo-wordpress\/ -->\n<title>Creating the effective Day Case Unit at Milton Keynes University Hospital - Vanguard Healthcare Solutions<\/title>\n<meta name=\"description\" content=\"The Trust\u2019s Claire McGillycuddy, Associate Director of Operations for Surgery &amp; Elective Care,speaks with Vanguard\u2019s CEO, Chris Blackwell-Frost\" \/>\n<meta name=\"robots\" content=\"index, follow, max-snippet:-1, max-image-preview:large, max-video-preview:-1\" \/>\n<link rel=\"canonical\" href=\"https:\/\/www.vanguardhealthcare.co.uk\/sv_se\/creating-the-effective-day-case-unit-at-milton-keynes-university-hospital\/\" \/>\n<meta property=\"og:locale\" content=\"sv_SE\" \/>\n<meta property=\"og:type\" content=\"article\" \/>\n<meta property=\"og:title\" content=\"Creating the effective Day Case Unit at Milton Keynes University Hospital - Vanguard Healthcare Solutions\" \/>\n<meta property=\"og:description\" content=\"The Trust\u2019s Claire McGillycuddy, Associate Director of Operations for Surgery &amp; Elective Care,speaks with Vanguard\u2019s CEO, Chris Blackwell-Frost\" \/>\n<meta property=\"og:url\" content=\"https:\/\/www.vanguardhealthcare.co.uk\/sv_se\/creating-the-effective-day-case-unit-at-milton-keynes-university-hospital\/\" \/>\n<meta property=\"og:site_name\" content=\"Vanguard Healthcare Solutions\" \/>\n<meta property=\"article:published_time\" content=\"2024-08-14T11:09:55+00:00\" \/>\n<meta property=\"article:modified_time\" content=\"2024-08-14T11:09:57+00:00\" \/>\n<meta property=\"og:image\" content=\"https:\/\/www.vanguardhealthcare.co.uk\/wp-content\/uploads\/2024\/08\/Claire-and-Chris-.jpg\" \/>\n\t<meta property=\"og:image:width\" content=\"1920\" \/>\n\t<meta property=\"og:image:height\" content=\"1080\" \/>\n\t<meta property=\"og:image:type\" content=\"image\/jpeg\" \/>\n<meta name=\"author\" content=\"markbirchmore\" \/>\n<meta name=\"twitter:card\" content=\"summary_large_image\" \/>\n<meta name=\"twitter:label1\" content=\"Skriven av\" \/>\n\t<meta name=\"twitter:data1\" content=\"markbirchmore\" \/>\n\t<meta name=\"twitter:label2\" content=\"Ber\u00e4knad l\u00e4stid\" \/>\n\t<meta name=\"twitter:data2\" content=\"10 minuter\" \/>\n<script type=\"application\/ld+json\" class=\"yoast-schema-graph\">{\"@context\":\"https:\\\/\\\/schema.org\",\"@graph\":[{\"@type\":\"Article\",\"@id\":\"https:\\\/\\\/www.vanguardhealthcare.co.uk\\\/creating-the-effective-day-case-unit-at-milton-keynes-university-hospital\\\/#article\",\"isPartOf\":{\"@id\":\"https:\\\/\\\/www.vanguardhealthcare.co.uk\\\/creating-the-effective-day-case-unit-at-milton-keynes-university-hospital\\\/\"},\"author\":{\"name\":\"markbirchmore\",\"@id\":\"https:\\\/\\\/www.vanguardhealthcare.co.uk\\\/#\\\/schema\\\/person\\\/28e5002e5381802059b342a6a7c57fe5\"},\"headline\":\"Creating the effective Day Case Unit at Milton Keynes University Hospital\",\"datePublished\":\"2024-08-14T11:09:55+00:00\",\"dateModified\":\"2024-08-14T11:09:57+00:00\",\"mainEntityOfPage\":{\"@id\":\"https:\\\/\\\/www.vanguardhealthcare.co.uk\\\/creating-the-effective-day-case-unit-at-milton-keynes-university-hospital\\\/\"},\"wordCount\":2094,\"commentCount\":0,\"image\":{\"@id\":\"https:\\\/\\\/www.vanguardhealthcare.co.uk\\\/creating-the-effective-day-case-unit-at-milton-keynes-university-hospital\\\/#primaryimage\"},\"thumbnailUrl\":\"https:\\\/\\\/www.vanguardhealthcare.co.uk\\\/wp-content\\\/uploads\\\/2024\\\/08\\\/Claire-and-Chris-.jpg\",\"articleSection\":[\"News\"],\"inLanguage\":\"sv-SE\",\"potentialAction\":[{\"@type\":\"CommentAction\",\"name\":\"Comment\",\"target\":[\"https:\\\/\\\/www.vanguardhealthcare.co.uk\\\/creating-the-effective-day-case-unit-at-milton-keynes-university-hospital\\\/#respond\"]}]},{\"@type\":\"WebPage\",\"@id\":\"https:\\\/\\\/www.vanguardhealthcare.co.uk\\\/creating-the-effective-day-case-unit-at-milton-keynes-university-hospital\\\/\",\"url\":\"https:\\\/\\\/www.vanguardhealthcare.co.uk\\\/creating-the-effective-day-case-unit-at-milton-keynes-university-hospital\\\/\",\"name\":\"Creating the effective Day Case Unit at Milton Keynes University Hospital - Vanguard Healthcare Solutions\",\"isPartOf\":{\"@id\":\"https:\\\/\\\/www.vanguardhealthcare.co.uk\\\/#website\"},\"primaryImageOfPage\":{\"@id\":\"https:\\\/\\\/www.vanguardhealthcare.co.uk\\\/creating-the-effective-day-case-unit-at-milton-keynes-university-hospital\\\/#primaryimage\"},\"image\":{\"@id\":\"https:\\\/\\\/www.vanguardhealthcare.co.uk\\\/creating-the-effective-day-case-unit-at-milton-keynes-university-hospital\\\/#primaryimage\"},\"thumbnailUrl\":\"https:\\\/\\\/www.vanguardhealthcare.co.uk\\\/wp-content\\\/uploads\\\/2024\\\/08\\\/Claire-and-Chris-.jpg\",\"datePublished\":\"2024-08-14T11:09:55+00:00\",\"dateModified\":\"2024-08-14T11:09:57+00:00\",\"author\":{\"@id\":\"https:\\\/\\\/www.vanguardhealthcare.co.uk\\\/#\\\/schema\\\/person\\\/28e5002e5381802059b342a6a7c57fe5\"},\"description\":\"The Trust\u2019s Claire McGillycuddy, Associate Director of Operations for Surgery & Elective Care,speaks with Vanguard\u2019s CEO, Chris Blackwell-Frost\",\"breadcrumb\":{\"@id\":\"https:\\\/\\\/www.vanguardhealthcare.co.uk\\\/creating-the-effective-day-case-unit-at-milton-keynes-university-hospital\\\/#breadcrumb\"},\"inLanguage\":\"sv-SE\",\"potentialAction\":[{\"@type\":\"ReadAction\",\"target\":[\"https:\\\/\\\/www.vanguardhealthcare.co.uk\\\/creating-the-effective-day-case-unit-at-milton-keynes-university-hospital\\\/\"]}]},{\"@type\":\"ImageObject\",\"inLanguage\":\"sv-SE\",\"@id\":\"https:\\\/\\\/www.vanguardhealthcare.co.uk\\\/creating-the-effective-day-case-unit-at-milton-keynes-university-hospital\\\/#primaryimage\",\"url\":\"https:\\\/\\\/www.vanguardhealthcare.co.uk\\\/wp-content\\\/uploads\\\/2024\\\/08\\\/Claire-and-Chris-.jpg\",\"contentUrl\":\"https:\\\/\\\/www.vanguardhealthcare.co.uk\\\/wp-content\\\/uploads\\\/2024\\\/08\\\/Claire-and-Chris-.jpg\",\"width\":1920,\"height\":1080},{\"@type\":\"BreadcrumbList\",\"@id\":\"https:\\\/\\\/www.vanguardhealthcare.co.uk\\\/creating-the-effective-day-case-unit-at-milton-keynes-university-hospital\\\/#breadcrumb\",\"itemListElement\":[{\"@type\":\"ListItem\",\"position\":1,\"name\":\"Home\",\"item\":\"https:\\\/\\\/www.vanguardhealthcare.co.uk\\\/\"},{\"@type\":\"ListItem\",\"position\":2,\"name\":\"Creating the effective Day Case Unit at Milton Keynes University Hospital\"}]},{\"@type\":\"WebSite\",\"@id\":\"https:\\\/\\\/www.vanguardhealthcare.co.uk\\\/#website\",\"url\":\"https:\\\/\\\/www.vanguardhealthcare.co.uk\\\/\",\"name\":\"Vanguard Healthcare Solutions\",\"description\":\"\",\"potentialAction\":[{\"@type\":\"SearchAction\",\"target\":{\"@type\":\"EntryPoint\",\"urlTemplate\":\"https:\\\/\\\/www.vanguardhealthcare.co.uk\\\/?s={search_term_string}\"},\"query-input\":{\"@type\":\"PropertyValueSpecification\",\"valueRequired\":true,\"valueName\":\"search_term_string\"}}],\"inLanguage\":\"sv-SE\"},{\"@type\":\"Person\",\"@id\":\"https:\\\/\\\/www.vanguardhealthcare.co.uk\\\/#\\\/schema\\\/person\\\/28e5002e5381802059b342a6a7c57fe5\",\"name\":\"markbirchmore\",\"image\":{\"@type\":\"ImageObject\",\"inLanguage\":\"sv-SE\",\"@id\":\"https:\\\/\\\/secure.gravatar.com\\\/avatar\\\/fe7d53278a7b5ca7a899d25b40407d63635e003b79715b22b7e4507d10eecba5?s=96&d=mm&r=g\",\"url\":\"https:\\\/\\\/secure.gravatar.com\\\/avatar\\\/fe7d53278a7b5ca7a899d25b40407d63635e003b79715b22b7e4507d10eecba5?s=96&d=mm&r=g\",\"contentUrl\":\"https:\\\/\\\/secure.gravatar.com\\\/avatar\\\/fe7d53278a7b5ca7a899d25b40407d63635e003b79715b22b7e4507d10eecba5?s=96&d=mm&r=g\",\"caption\":\"markbirchmore\"}}]}<\/script>\n<!-- \/ Yoast SEO plugin. -->","yoast_head_json":{"title":"Skapa en effektiv dagv\u00e5rdsavdelning p\u00e5 Milton Keynes universitetssjukhus - Vanguard Healthcare Solutions","description":"Claire McGillycuddy, bitr\u00e4dande chef f\u00f6r verksamheten inom kirurgi och elektiv v\u00e5rd, fr\u00e5n Trusten, talar med Vanguard:s VD, Chris Blackwell-Frost.","robots":{"index":"index","follow":"follow","max-snippet":"max-snippet:-1","max-image-preview":"max-image-preview:large","max-video-preview":"max-video-preview:-1"},"canonical":"https:\/\/www.vanguardhealthcare.co.uk\/sv_se\/creating-the-effective-day-case-unit-at-milton-keynes-university-hospital\/","og_locale":"sv_SE","og_type":"article","og_title":"Creating the effective Day Case Unit at Milton Keynes University Hospital - Vanguard Healthcare Solutions","og_description":"The Trust\u2019s Claire McGillycuddy, Associate Director of Operations for Surgery & Elective Care,speaks with Vanguard\u2019s CEO, Chris Blackwell-Frost","og_url":"https:\/\/www.vanguardhealthcare.co.uk\/sv_se\/creating-the-effective-day-case-unit-at-milton-keynes-university-hospital\/","og_site_name":"Vanguard Healthcare Solutions","article_published_time":"2024-08-14T11:09:55+00:00","article_modified_time":"2024-08-14T11:09:57+00:00","og_image":[{"width":1920,"height":1080,"url":"https:\/\/www.vanguardhealthcare.co.uk\/wp-content\/uploads\/2024\/08\/Claire-and-Chris-.jpg","type":"image\/jpeg"}],"author":"markbirchmore","twitter_card":"summary_large_image","twitter_misc":{"Skriven av":"markbirchmore","Ber\u00e4knad l\u00e4stid":"10 minuter"},"schema":{"@context":"https:\/\/schema.org","@graph":[{"@type":"Article","@id":"https:\/\/www.vanguardhealthcare.co.uk\/creating-the-effective-day-case-unit-at-milton-keynes-university-hospital\/#article","isPartOf":{"@id":"https:\/\/www.vanguardhealthcare.co.uk\/creating-the-effective-day-case-unit-at-milton-keynes-university-hospital\/"},"author":{"name":"markbirchmore","@id":"https:\/\/www.vanguardhealthcare.co.uk\/#\/schema\/person\/28e5002e5381802059b342a6a7c57fe5"},"headline":"Creating the effective Day Case Unit at Milton Keynes University Hospital","datePublished":"2024-08-14T11:09:55+00:00","dateModified":"2024-08-14T11:09:57+00:00","mainEntityOfPage":{"@id":"https:\/\/www.vanguardhealthcare.co.uk\/creating-the-effective-day-case-unit-at-milton-keynes-university-hospital\/"},"wordCount":2094,"commentCount":0,"image":{"@id":"https:\/\/www.vanguardhealthcare.co.uk\/creating-the-effective-day-case-unit-at-milton-keynes-university-hospital\/#primaryimage"},"thumbnailUrl":"https:\/\/www.vanguardhealthcare.co.uk\/wp-content\/uploads\/2024\/08\/Claire-and-Chris-.jpg","articleSection":["News"],"inLanguage":"sv-SE","potentialAction":[{"@type":"CommentAction","name":"Comment","target":["https:\/\/www.vanguardhealthcare.co.uk\/creating-the-effective-day-case-unit-at-milton-keynes-university-hospital\/#respond"]}]},{"@type":"WebPage","@id":"https:\/\/www.vanguardhealthcare.co.uk\/creating-the-effective-day-case-unit-at-milton-keynes-university-hospital\/","url":"https:\/\/www.vanguardhealthcare.co.uk\/creating-the-effective-day-case-unit-at-milton-keynes-university-hospital\/","name":"Skapa en effektiv dagv\u00e5rdsavdelning p\u00e5 Milton Keynes universitetssjukhus - Vanguard Healthcare Solutions","isPartOf":{"@id":"https:\/\/www.vanguardhealthcare.co.uk\/#website"},"primaryImageOfPage":{"@id":"https:\/\/www.vanguardhealthcare.co.uk\/creating-the-effective-day-case-unit-at-milton-keynes-university-hospital\/#primaryimage"},"image":{"@id":"https:\/\/www.vanguardhealthcare.co.uk\/creating-the-effective-day-case-unit-at-milton-keynes-university-hospital\/#primaryimage"},"thumbnailUrl":"https:\/\/www.vanguardhealthcare.co.uk\/wp-content\/uploads\/2024\/08\/Claire-and-Chris-.jpg","datePublished":"2024-08-14T11:09:55+00:00","dateModified":"2024-08-14T11:09:57+00:00","author":{"@id":"https:\/\/www.vanguardhealthcare.co.uk\/#\/schema\/person\/28e5002e5381802059b342a6a7c57fe5"},"description":"Claire McGillycuddy, bitr\u00e4dande chef f\u00f6r verksamheten inom kirurgi och elektiv v\u00e5rd, fr\u00e5n Trusten, talar med Vanguard:s VD, Chris Blackwell-Frost.","breadcrumb":{"@id":"https:\/\/www.vanguardhealthcare.co.uk\/creating-the-effective-day-case-unit-at-milton-keynes-university-hospital\/#breadcrumb"},"inLanguage":"sv-SE","potentialAction":[{"@type":"ReadAction","target":["https:\/\/www.vanguardhealthcare.co.uk\/creating-the-effective-day-case-unit-at-milton-keynes-university-hospital\/"]}]},{"@type":"ImageObject","inLanguage":"sv-SE","@id":"https:\/\/www.vanguardhealthcare.co.uk\/creating-the-effective-day-case-unit-at-milton-keynes-university-hospital\/#primaryimage","url":"https:\/\/www.vanguardhealthcare.co.uk\/wp-content\/uploads\/2024\/08\/Claire-and-Chris-.jpg","contentUrl":"https:\/\/www.vanguardhealthcare.co.uk\/wp-content\/uploads\/2024\/08\/Claire-and-Chris-.jpg","width":1920,"height":1080},{"@type":"BreadcrumbList","@id":"https:\/\/www.vanguardhealthcare.co.uk\/creating-the-effective-day-case-unit-at-milton-keynes-university-hospital\/#breadcrumb","itemListElement":[{"@type":"ListItem","position":1,"name":"Home","item":"https:\/\/www.vanguardhealthcare.co.uk\/"},{"@type":"ListItem","position":2,"name":"Creating the effective Day Case Unit at Milton Keynes University Hospital"}]},{"@type":"WebSite","@id":"https:\/\/www.vanguardhealthcare.co.uk\/#website","url":"https:\/\/www.vanguardhealthcare.co.uk\/","name":"Vanguard Healthcare Solutions","description":"","potentialAction":[{"@type":"SearchAction","target":{"@type":"EntryPoint","urlTemplate":"https:\/\/www.vanguardhealthcare.co.uk\/?s={search_term_string}"},"query-input":{"@type":"PropertyValueSpecification","valueRequired":true,"valueName":"search_term_string"}}],"inLanguage":"sv-SE"},{"@type":"Person","@id":"https:\/\/www.vanguardhealthcare.co.uk\/#\/schema\/person\/28e5002e5381802059b342a6a7c57fe5","name":"markbirchmore","image":{"@type":"ImageObject","inLanguage":"sv-SE","@id":"https:\/\/secure.gravatar.com\/avatar\/fe7d53278a7b5ca7a899d25b40407d63635e003b79715b22b7e4507d10eecba5?s=96&d=mm&r=g","url":"https:\/\/secure.gravatar.com\/avatar\/fe7d53278a7b5ca7a899d25b40407d63635e003b79715b22b7e4507d10eecba5?s=96&d=mm&r=g","contentUrl":"https:\/\/secure.gravatar.com\/avatar\/fe7d53278a7b5ca7a899d25b40407d63635e003b79715b22b7e4507d10eecba5?s=96&d=mm&r=g","caption":"markbirchmore"}}]}},"_links":{"self":[{"href":"https:\/\/www.vanguardhealthcare.co.uk\/sv_se\/wp-json\/wp\/v2\/posts\/7487","targetHints":{"allow":["GET"]}}],"collection":[{"href":"https:\/\/www.vanguardhealthcare.co.uk\/sv_se\/wp-json\/wp\/v2\/posts"}],"about":[{"href":"https:\/\/www.vanguardhealthcare.co.uk\/sv_se\/wp-json\/wp\/v2\/types\/post"}],"author":[{"embeddable":true,"href":"https:\/\/www.vanguardhealthcare.co.uk\/sv_se\/wp-json\/wp\/v2\/users\/12"}],"replies":[{"embeddable":true,"href":"https:\/\/www.vanguardhealthcare.co.uk\/sv_se\/wp-json\/wp\/v2\/comments?post=7487"}],"version-history":[{"count":0,"href":"https:\/\/www.vanguardhealthcare.co.uk\/sv_se\/wp-json\/wp\/v2\/posts\/7487\/revisions"}],"wp:featuredmedia":[{"embeddable":true,"href":"https:\/\/www.vanguardhealthcare.co.uk\/sv_se\/wp-json\/wp\/v2\/media\/7556"}],"wp:attachment":[{"href":"https:\/\/www.vanguardhealthcare.co.uk\/sv_se\/wp-json\/wp\/v2\/media?parent=7487"}],"wp:term":[{"taxonomy":"category","embeddable":true,"href":"https:\/\/www.vanguardhealthcare.co.uk\/sv_se\/wp-json\/wp\/v2\/categories?post=7487"},{"taxonomy":"post_tag","embeddable":true,"href":"https:\/\/www.vanguardhealthcare.co.uk\/sv_se\/wp-json\/wp\/v2\/tags?post=7487"}],"curies":[{"name":"wp","href":"https:\/\/api.w.org\/{rel}","templated":true}]}}