{"id":7573,"date":"2024-10-22T11:21:39","date_gmt":"2024-10-22T11:21:39","guid":{"rendered":"https:\/\/www.vanguardhealthcare.co.uk\/?p=7573"},"modified":"2024-10-22T11:24:35","modified_gmt":"2024-10-22T11:24:35","slug":"how-a-staffed-vanguard-day-case-facility-is-helping-milton-keynes-university-hospital-reduce-the-elective-backlog","status":"publish","type":"post","link":"https:\/\/www.vanguardhealthcare.co.uk\/ro_ro\/how-a-staffed-vanguard-day-case-facility-is-helping-milton-keynes-university-hospital-reduce-the-elective-backlog\/","title":{"rendered":"Cum o unitate Vanguard Day Case cu personal ajut\u0103 Spitalul Universitar Milton Keynes s\u0103 reduc\u0103 restan\u021ba de op\u021biuni"},"content":{"rendered":"<p>Unitatea de caz de zi este format\u0103 prin \u00eembinarea perfect\u0103 a unei s\u0103li de opera\u021bie mobil\u0103 \u0219i a unei sec\u021bii mobile. O echip\u0103 clinic\u0103 Vanguard sprijin\u0103 chirurgii \u0219i anestezi\u0219tii, maximiz\u00e2nd eficien\u021ba \u0219i optimiz\u00e2nd experien\u021ba pacientului.<\/p>\n<p>Urm\u0103ri\u021bi interviul sau citi\u021bi transcrierea, mai jos.<\/p>\n<p>Pentru o perspectiv\u0103 mai bun\u0103, exist\u0103 un studiu de caz, <strong><a href=\"https:\/\/www.vanguardhealthcare.co.uk\/ro_ro\/case-study\/a-new-day-case-unit-to-increase-surgical-capacity\/\">Aici<\/a><\/strong><\/p>\n<p>Un interviu cu Claire McGillycuddy, directorul asociat al trustului de opera\u021biuni pentru chirurgie \u0219i \u00eengrijire electiv\u0103, poate fi urm\u0103rit, <a href=\"https:\/\/www.vanguardhealthcare.co.uk\/ro_ro\/creating-the-effective-day-case-unit-at-milton-keynes-university-hospital\/\"><strong>Aici<\/strong><\/a><\/p>\n<figure class=\"wp-block-embed is-type-video is-provider-vimeo wp-block-embed-vimeo wp-embed-aspect-16-9 wp-has-aspect-ratio\">\n<div class=\"wp-block-embed__wrapper\">\n<iframe loading=\"lazy\" title=\"Interviu cu Hamid Manji\" src=\"https:\/\/player.vimeo.com\/video\/1019755164?dnt=1&amp;app_id=122963\" width=\"500\" height=\"281\" frameborder=\"0\" allow=\"autoplay; fullscreen; picture-in-picture; clipboard-write\"><\/iframe>\n<\/div>\n<\/figure>\n<section id=\"section-2-254\" class=\"ct-section\" >\n<div class=\"ct-section-inner-wrap\">\n<div id=\"fancy_icon-5-254\" class=\"ct-fancy-icon\" ><svg id=\"svg-fancy_icon-5-254\"><use xlink:href=\"#FontAwesomeicon-quote-left\"><\/use><\/svg><\/div>\n<div id=\"text_block-3-254\" class=\"ct-text-block\" >\u201eExperien\u021ba pacientului, de la pacien\u021bii care ne-au r\u0103spuns, a fost excelent\u0103. Le-a pl\u0103cut foarte mult unitatea Vanguard. Le-a pl\u0103cut faptul c\u0103 \u00ee\u0219i fac opera\u021biile mult mai devreme dec\u00e2t ar fi f\u0103cut-o altfel \u0219i, de asemenea, personalul, at\u00e2t personalul de chirurgie de zi, c\u00e2t \u0219i echipa Vanguard sunt, dup\u0103 cum am spus deja, foarte profesioni\u0219ti. , foarte concentrat pe siguran\u021ba \u0219i experien\u021ba pacientului \u0219i ofer\u0103 o experien\u021b\u0103 foarte bun\u0103 pentru ace\u0219ti pacien\u021bi. Deci, experien\u021ba cople\u0219itoare a fost foarte pozitiv\u0103.\u201d<\/div>\n<div id=\"text_block-4-254\" class=\"ct-text-block\" >Dr. Hamid Manji, anestezist consultant \u0219i director medical pentru \u00eengrijirea planificat\u0103<\/div>\n<\/div>\n<\/section>\n<hr class=\"wp-block-separator has-alpha-channel-opacity\" \/>\n<p class=\"has-base-color has-text-color has-link-color has-small-font-size wp-elements-506b8a336cb7d7d556000002c3c9f6d6\">\n<p>Chris:<\/p>\n<p>Bun\u0103, Hamid. Foarte bine s\u0103 vorbesc cu tine ast\u0103zi. Ave\u021bi unitatea Vanguard la fa\u021ba locului de pu\u021bin peste trei luni, acum. Ar fi foarte bine s\u0103 aud de la tine cum merge, cum \u00eel g\u0103se\u0219ti \u0219i cum \u00eel g\u0103se\u0219te echipa de chirurgie.<\/p>\n<p class=\"has-vivid-purple-color has-text-color has-link-color wp-elements-9e5d6a2347d83fe394c5cc41e9391e16\">Hamid:<\/p>\n<p class=\"has-vivid-purple-color has-text-color has-link-color wp-elements-da94408487afcce6cf636b0512673ab5\">Ei bine, doar ca s\u0103 m\u0103 prezint, sunt Hamid. Sunt unul dintre anestezi\u015fti \u015fi sunt director medical \u00een \u00eengrijire planificat\u0103. Am lucrat la unitate, a\u0219a c\u0103 v\u0103 pot spune din experien\u021b\u0103 personal\u0103, \u00een cele trei luni, am avut o \u00eembun\u0103t\u0103\u021bire treptat\u0103 a capacit\u0103\u021bii noastre de lucru \u00een Vanguard (teatru). A fost o experien\u021b\u0103 fantastic\u0103 pentru to\u021bi cei implica\u021bi; chirurgii \u0219i anestezi\u0219tii care au lucrat acolo, eu fiind unul, s-au bucurat foarte mult de experien\u021b\u0103. Ne-a scos din teatrele principale. Este un mediu foarte lini\u0219tit, foarte lini\u0219tit acolo. Se simte foarte izolat, dar, \u00een anumite privin\u021be, este foarte bine \u00een ceea ce prive\u0219te accesul la pacien\u021bii no\u0219tri \u0219i o experien\u021b\u0103 bun\u0103 pentru pacient. \u0218i pacien\u021bii au fost foarte bine \u00eengriji\u021bi.<\/p>\n<p>Chris:<\/p>\n<p>Excelent. Ai f\u0103cut aluzie la asta acolo, pu\u021bin, dar ar fi foarte interesant, doar \u00een ceea ce prive\u0219te c\u00e2t de diferit este de cinematografele obi\u0219nuite \u0219i de mediul de operare obi\u0219nuit...<\/p>\n<p class=\"has-vivid-purple-color has-text-color has-link-color wp-elements-9e5d6a2347d83fe394c5cc41e9391e16\">Hamid:<\/p>\n<p class=\"has-vivid-purple-color has-text-color has-link-color wp-elements-67095a79a4d25a66163b340861d3b871\">Da. Deci, este diferit \u00een sensul c\u0103 este o chestie de mentalitate, prin faptul c\u0103 e\u0219ti \u00een Vanguard, nu \u00een teatrele noastre principale. Este un mediu de teatru normal, a\u0219a c\u0103 toate echipamentele sunt exact ceea ce ne-am a\u0219tepta s\u0103 avem \u00eentr-un teatru normal, at\u00e2t chirurgical, c\u00e2t \u0219i anestezic. Ca anestezist, intr\u0103m acolo \u00een pereche. Avem doi oameni acolo \u00een fiecare zi \u0219i \u0219tii c\u0103 vei fi acolo toat\u0103 ziua. Deci, \u021bi-ai stabilit rutina pentru ziua respectiv\u0103, \u021bi-ai \u00eent\u00e2lnit pacien\u021bii \u0219i te concentrezi doar pe pacien\u021bii de care vei avea grij\u0103 \u00een acea zi. Spre deosebire de teatrul principal, unde po\u021bi fi deranjat de o mul\u021bime de influen\u021be diferite.<\/p>\n<p>Chris:<\/p>\n<p>A\u0219adar, doar revenind la procesul de luare a deciziilor prin care ai fi trecut \u0219i la diferitele op\u021biuni care erau pe mas\u0103 pentru tine, ar fi foarte bine s\u0103 \u00een\u021belegi, din perspectiv\u0103 clinic\u0103 \u0219i medical\u0103, de ce ai sim\u021bit Vanguard Unitatea a fost cea mai bun\u0103 solu\u021bie pentru tine?<\/p>\n<hr class=\"wp-block-separator has-alpha-channel-opacity\" \/>\n<section id=\"section-2-254\" class=\"ct-section\" >\n<div class=\"ct-section-inner-wrap\">\n<div id=\"fancy_icon-5-254\" class=\"ct-fancy-icon\" ><svg id=\"svg-fancy_icon-5-254\"><use xlink:href=\"#FontAwesomeicon-quote-left\"><\/use><\/svg><\/div>\n<div id=\"text_block-3-254\" class=\"ct-text-block\" >\u201e...s-a considerat c\u0103 importan\u021ba clinic\u0103 a acestui lucru nu ar trebui trecut\u0103 cu vederea \u0219i ar trebui s\u0103 fie primordial\u0103 \u0219i, pe aceast\u0103 baz\u0103, am ajuns la decizia de a aduce echipa Vanguard la Spitalul Milton Keynes.\u201d<\/div>\n<div id=\"text_block-4-254\" class=\"ct-text-block\" >Dr. Hamid Manji, anestezist consultant \u0219i director medical pentru \u00eengrijirea planificat\u0103<\/div>\n<\/div>\n<\/section>\n<blockquote class=\"wp-block-quote has-text-align-right is-style-default has-base-color has-base-background-color has-text-color has-background has-link-color wp-elements-d289965dc23d7274cf52bba67a6b580e is-layout-flow wp-container-core-quote-is-layout-8a368f38 wp-block-quote-is-layout-flow\">\n<\/blockquote>\n<hr class=\"wp-block-separator has-alpha-channel-opacity\" \/>\n<p class=\"has-vivid-purple-color has-text-color has-link-color wp-elements-9e5d6a2347d83fe394c5cc41e9391e16\">Hamid:<\/p>\n<p class=\"has-vivid-purple-color has-text-color has-link-color wp-elements-c9947ee4b4e6b5cebc677b8ebf97b751\">Da, e o \u00eentrebare foarte bun\u0103. A\u0219adar, punctul nostru de v\u00e2rf a fost capacitatea teatrului. Din punct de vedere clinic, suntem foarte con\u0219tien\u021bi c\u0103 pacien\u021bii no\u0219tri a\u0219teapt\u0103 mai mult dec\u00e2t ar trebui s\u0103 a\u0219tepte. Am analizat multe op\u021biuni pentru a \u00eencerca \u0219i a \u00een\u021belege cum putem introduce aceast\u0103 capacitate. Dar, \u00eentr-adev\u0103r, \u00een cele din urm\u0103, a fost o discu\u021bie clinic\u0103 cu echipa de management care a fost foarte sus\u021bin\u0103tor cu privire la faptul c\u0103 trebuia s\u0103 ne extindem \u0219i s\u0103 cre\u0219tem capacitatea s\u0103lii, pentru a reduce timpii lungi de a\u0219teptare pentru pacien\u021bii no\u0219tri, iar acest lucru a fost bine primit. . A trecut prin canalele potrivite \u00een ceea ce prive\u0219te discu\u021biile la nivel executiv \u0219i s-a sim\u021bit c\u0103 importan\u021ba clinic\u0103 a acestui lucru nu trebuie trecut\u0103 cu vederea \u0219i ar trebui s\u0103 fie primordial\u0103 \u0219i, pe aceast\u0103 baz\u0103, am ajuns la decizia de a aduce echipa Vanguard \u00een Spitalul Milton Keynes.<\/p>\n<p>Chris:<\/p>\n<p>Este foarte interesant \u0219i foarte bine s\u0103 aud c\u0103 echipa clinic\u0103 a identificat nevoia aici \u0219i apoi a lucrat \u00eendeaproape cu echipa de management pentru a duce acest lucru. Asta sun\u0103 ca cazul.<\/p>\n<p class=\"has-vivid-purple-color has-text-color has-link-color wp-elements-9e5d6a2347d83fe394c5cc41e9391e16\">Hamid:<\/p>\n<p class=\"has-vivid-purple-color has-text-color has-link-color wp-elements-d66eb32bcae4aff0442199918ce5abe7\">Da, foarte mult. Echipa de management, echipa executiv\u0103 ne-au provocat, ca echip\u0103 clinic\u0103, s\u0103 \u00een\u021belegem care sunt op\u021biunile. Am trecut prin multe op\u021biuni diferite, inclusiv lucrul \u00een weekend, ceea ce facem \u00een prezent \u0219i facem de ceva timp, dar noi, echipa clinic\u0103, am sim\u021bit c\u0103 trebuie s\u0103 existe o cre\u0219tere a capacit\u0103\u021bii noastre de teatru pentru a \u00eencerca s\u0103 le aducem pe acelea. timpii de a\u0219teptare scazut. \u0218i asta avem succes \u00een a face.<\/p>\n<p>Chris:<\/p>\n<p>\u0218i ai vorbit anterior, despre faptul c\u0103 ai \u00eenceput relativ \u00eencet \u0219i apoi, \u00een timp, s-a construit. Deci, se pare c\u0103 devii mai eficient prin unitate. A\u0219adar, ar fi bine de \u00een\u021beles, av\u00e2nd \u00een vedere c\u0103 eficien\u021ba este un factor destul de mare \u00een acest moment, modul \u00een care avansa\u021bi acea latur\u0103 a eficien\u021bei a lucrurilor.<\/p>\n<p class=\"has-vivid-purple-color has-text-color has-link-color wp-elements-9e5d6a2347d83fe394c5cc41e9391e16\">Hamid:<\/p>\n<p class=\"has-vivid-purple-color has-text-color has-link-color wp-elements-0e57aedb68dd80820e62552222d2e64f\">Aceasta este o \u00eentrebare bun\u0103, deoarece exist\u0103 diferite aspecte ale eficien\u021bei. Exist\u0103 aspectul factorilor umani, la care voi ajunge, \u0219i apoi este aspectul opera\u021bional. Deci, factorii umani; clar am \u00eenceput ca dou\u0103 echipe separate. Exist\u0103 o echip\u0103 Vanguard care lucreaz\u0103 \u00een teatru, \u0219i este echipa noastr\u0103 de chirurgie de zi care face parte din spitalul nostru \u0219i apoi exist\u0103 o echip\u0103 de chirurgie \u0219i anestezie, care fac parte \u0219i din MKUH \u0219i ne-am cunoscut.<\/p>\n<p class=\"has-vivid-purple-color has-text-color has-link-color wp-elements-7fbd64e81b66fb1a7a88b27b480bad72\">Asta necesit\u0103 pu\u021bin timp. Am ajuns s\u0103 ne cunoa\u0219tem cum lucreaz\u0103 unul pe cel\u0103lalt, a\u0219tept\u0103rile noastre unul de la cel\u0103lalt. Trebuie s\u0103 spun c\u0103 \u00een\u021belegerea \u0219i cuno\u0219tin\u021bele mele despre echipa Vanguard sunt c\u0103 sunt extraordinar de profesioni\u0219ti, ceea ce a fost grozav de v\u0103zut. \u0218i pe m\u0103sur\u0103 ce s-a construit etosul echipei, am devenit mai eficien\u021bi pe m\u0103sur\u0103 ce \u00een\u021belegeam cum func\u021bioneaz\u0103 reciproc.<\/p>\n<p class=\"has-vivid-purple-color has-text-color has-link-color wp-elements-7ea7534dd707d91b4e01f9ee617fa10d\">\u0218i \u00een partea opera\u021bional\u0103 a lucrurilor, este s\u0103 ne asigur\u0103m c\u0103 avem trusa potrivit\u0103, dispozitivele potrivite la locul lor, s\u0103 ne asigur\u0103m c\u0103 HST ne gestioneaz\u0103 echipamentul, astfel \u00eenc\u00e2t a doua zi s\u0103 avem din nou echipamentul potrivit. \u0218i astfel, debitul s-a \u00eembun\u0103t\u0103\u021bit pe m\u0103sur\u0103 ce am dezvoltat aceste procese mai bine.<\/p>\n<p>Chris:<\/p>\n<p>A\u021bi putea s\u0103-mi spune\u021bi despre tipul de activitate pe care o desf\u0103\u0219ura\u021bi \u00een unitate \u0219i despre specialit\u0103\u021bile pe care le lucra\u021bi?<\/p>\n<hr class=\"wp-block-separator has-alpha-channel-opacity\" \/>\n<section id=\"section-2-254\" class=\"ct-section\" >\n<div class=\"ct-section-inner-wrap\">\n<div id=\"fancy_icon-5-254\" class=\"ct-fancy-icon\" ><svg id=\"svg-fancy_icon-5-254\"><use xlink:href=\"#FontAwesomeicon-quote-left\"><\/use><\/svg><\/div>\n<div id=\"text_block-3-254\" class=\"ct-text-block\" >\u201eAm \u00eenceput cu specialit\u0103\u021bi pentru care am avut cei mai mari timpi de a\u0219teptare a pacien\u021bilor \u0219i am \u00eencercat s\u0103 ne asigur\u0103m c\u0103 am redus acei timpi de a\u0219teptare a pacien\u021bilor c\u00e2t de repede am putut. Apoi, pe m\u0103sur\u0103 ce vor ap\u0103rea alte puncte, vom fi \u00een mod clar abili s\u0103 \u00eencerc\u0103m \u0219i s\u0103 ne coordon\u0103m astfel \u00eenc\u00e2t s\u0103 schimb\u0103m specialit\u0103\u021bile pentru a \u00eencerca s\u0103 ob\u021binem \u00eentotdeauna cea mai bun\u0103 \u00eengrijire pentru pacien\u021bi.\u201d<\/div>\n<div id=\"text_block-4-254\" class=\"ct-text-block\" >Dr. Hamid Manji, anestezist consultant \u0219i director medical pentru \u00eengrijirea planificat\u0103<\/div>\n<\/div>\n<\/section>\n<hr class=\"wp-block-separator has-alpha-channel-opacity\" \/>\n<p class=\"has-vivid-purple-color has-text-color has-link-color wp-elements-9e5d6a2347d83fe394c5cc41e9391e16\">Hamid:<\/p>\n<p class=\"has-vivid-purple-color has-text-color has-link-color wp-elements-22d0b3468b6d883ea70f224fa8e849ab\">Da. Deci, primul lucru de spus este c\u0103 este cazul toat\u0103 ziua. Este grozav pentru c\u0103 ne concentr\u0103m doar pe un anumit tip de pacient. Tind s\u0103 existe 1 sau 2 pacien\u021bi ASA \u0219i folosim Vanguard pentru o varietate de specialit\u0103\u021bi pentru a ne asigura c\u0103 maximiz\u0103m utilizarea acestuia \u0219i, prin urmare, eficien\u021ba noastr\u0103 este maximizat\u0103. \u0218i ar fi chirurgie general\u0103, ortopedie, ni\u0219te urologie \u0219i ni\u0219te pacien\u021bi stomatologici.<\/p>\n<p>Chris:<\/p>\n<p>\u0218i \u00een ceea ce prive\u0219te modul \u00een care a\u021bi vedea c\u0103 evolu\u021bia \u00een urm\u0103toarele c\u00e2teva luni, exist\u0103 o rut\u0103 specific\u0103? Sim\u021bul meu este c\u0103 faci ni\u0219te incursiuni foarte bune \u00een listele de a\u0219teptare pe care le ai \u0219i, prin urmare, vor exista \u0219i alte elemente, cred, care, dintr-o dat\u0103, vor \u00eencepe s\u0103 arate ca noi provoc\u0103ri. Deci, cum a\u021bi vedea c\u0103 evolueaz\u0103 \u00een urm\u0103toarele c\u00e2teva luni?<\/p>\n<p class=\"has-vivid-purple-color has-text-color has-link-color wp-elements-9e5d6a2347d83fe394c5cc41e9391e16\">Hamid:<\/p>\n<p class=\"has-vivid-purple-color has-text-color has-link-color wp-elements-3cd618239ef0ca21ab1b13693ed88fc5\">Da. Deci, m\u0103 g\u00e2ndesc din nou, te-ai lovit \u00een cap, acolo. Este o imagine \u00een evolu\u021bie. Am \u00eenceput cu specialit\u0103\u021bile pentru care aveam cei mai mari timpi de a\u0219teptare a pacien\u021bilor \u0219i am \u00eencercat s\u0103 ne asigur\u0103m c\u0103 reducem acei timpi de a\u0219teptare a pacien\u021bilor c\u00e2t de repede am putut. Apoi, pe m\u0103sur\u0103 ce vor ap\u0103rea alte puncte, vom fi \u00een mod clar abili s\u0103 \u00eencerc\u0103m \u0219i s\u0103 ne coordon\u0103m astfel \u00eenc\u00e2t s\u0103 schimb\u0103m specialit\u0103\u021bile pentru a \u00eencerca s\u0103 ob\u021binem \u00eentotdeauna cea mai bun\u0103 \u00eengrijire pentru pacien\u021bi, care sunt pacien\u021bii care a\u0219teapt\u0103 cel mai mult timp, \u0219i s\u0103 ne asigur\u0103m c\u0103 c\u0103 schimb\u0103m lucrurile \u00een consecin\u021b\u0103 pentru a reduce acei timpi de a\u0219teptare \u00een general, mai degrab\u0103 dec\u00e2t \u00een special \u00een specialit\u0103\u021bile pe care le-am men\u021bionat.<\/p>\n<p>Chris:<\/p>\n<p>Ave\u021bi unitatea de caz de zi de sine st\u0103t\u0103toare, cu sec\u021bia \u0219i teatrul mobil, care aduce capacitate suplimentar\u0103, dar \u0219i, prin mutarea pacien\u021bilor din teatrele tradi\u021bionale, care elibereaz\u0103 locuri suplimentare \u0219i acolo. A\u0219adar, ar fi bine s\u0103 auzi\u021bi cum utiliza\u021bi aceast\u0103 capacitate suplimentar\u0103 at\u00e2t \u00een cinematografele existente, c\u00e2t \u0219i \u00een cea Vanguard \u0219i cum planifica\u021bi \u0219i gestiona\u021bi aceasta.<\/p>\n<p class=\"has-vivid-purple-color has-text-color has-link-color wp-elements-9e5d6a2347d83fe394c5cc41e9391e16\">Hamid:<\/p>\n<p class=\"has-vivid-purple-color has-text-color has-link-color wp-elements-768962d221f52b1a102159bf6fd11a34\">Da. Deci, din nou, motivul fundamental pentru care avem Vanguard \u00een loc este s\u0103 ne cre\u0219tem capacitatea cinematografului, care a fost \u00eentotdeauna un punct de prindere. Deci, folosim Vanguard. Pacien\u021bii care trec prin acolo sunt pe aceea\u0219i cale pe care ar fi \u00een mod normal. A\u0219adar, vin la unitatea noastr\u0103 de chirurgie de zi, sunt interna\u021bi acolo \u0219i examina\u021bi acolo, apoi sunt adu\u0219i la unitatea Vanguard \u0219i apoi vor fi \u00een unitatea Vanguard pentru recuperare \u0219i apoi acas\u0103. A\u0219adar, asta \u00eendep\u0103rteaz\u0103 o povar\u0103 de pacien\u021bi, dac\u0103 dori\u021bi, o povar\u0103 de munc\u0103 din partea echipelor de teatru existente, iar apoi umplem \u00een teatrele noastre goale sau s\u0103lile vacante cu alte specialit\u0103\u021bi sau al\u021bi pacien\u021bi care a\u0219tept\u0103 mult timp sau, \u00eentr-adev\u0103r, al\u021bi pacien\u021bi cu cancer care sunt, de asemenea, a\u015fteptare.<\/p>\n<p>Chris:<\/p>\n<p>A\u021bi vorbit despre pacien\u021bii de acolo \u0219i exist\u0103 \u00eentotdeauna o mic\u0103 team\u0103 c\u00e2nd \u00eencepem s\u0103 vorbim pentru prima dat\u0103 cu clinicienii \u0219i liderii seniori din cadrul trusturilor NHS, c\u0103 experien\u021ba pacientului (\u00eentr-o unitate mobil\u0103) poate s\u0103 nu fie chiar aceea\u0219i \u0219i Ar fi bine s\u0103 aud de la dumneavoastr\u0103 cum au descoperit pacien\u021bii c\u0103 sunt \u00een unitate.<\/p>\n<p class=\"has-vivid-purple-color has-text-color has-link-color wp-elements-9e5d6a2347d83fe394c5cc41e9391e16\">Hamid:<\/p>\n<p class=\"has-vivid-purple-color has-text-color has-link-color wp-elements-03873a216ec1d1d5a4827362f4a8479f\">Deci, experien\u021ba pacientului, de la pacien\u021bii care ne-au r\u0103spuns, a fost excelent\u0103. Le-a pl\u0103cut foarte mult unitatea Vanguard. Le-a pl\u0103cut faptul c\u0103 \u00ee\u0219i fac opera\u021biile mult mai devreme dec\u00e2t ar fi f\u0103cut-o altfel \u0219i, de asemenea, personalul, at\u00e2t personalul de chirurgie de zi, c\u00e2t \u0219i echipa Vanguard sunt, dup\u0103 cum am spus deja, foarte profesioni\u0219ti. , foarte concentrat pe siguran\u021ba \u0219i experien\u021ba pacientului \u0219i ofer\u0103 o experien\u021b\u0103 foarte bun\u0103 pentru ace\u0219ti pacien\u021bi. Deci, experien\u021ba cople\u0219itoare a fost foarte pozitiv\u0103.<\/p>\n<hr class=\"wp-block-separator has-alpha-channel-opacity\" \/>\n<section id=\"section-2-254\" class=\"ct-section\" >\n<div class=\"ct-section-inner-wrap\">\n<div id=\"fancy_icon-5-254\" class=\"ct-fancy-icon\" ><svg id=\"svg-fancy_icon-5-254\"><use xlink:href=\"#FontAwesomeicon-quote-left\"><\/use><\/svg><\/div>\n<div id=\"text_block-3-254\" class=\"ct-text-block\" >\u201eMetricile pacientului... sunt despre experien\u021ba \u0219i siguran\u021ba pacientului. Ne asigur\u0103m c\u0103 oferim cea mai sigur\u0103 \u00eengrijire posibil\u0103, iar pacientul prime\u0219te o experien\u021b\u0103 fantastic\u0103. \u00cen mod fundamental, pentru ei, \u00ee\u0219i fac procedurile mai devreme, mult mai devreme dec\u00e2t ar fi f\u0103cut-o altfel. Deci, ei sunt foarte, foarte ferici\u021bi de asta.\u201d<\/div>\n<div id=\"text_block-4-254\" class=\"ct-text-block\" >Dr. Hamid Manji, anestezist consultant \u0219i director medical pentru \u00eengrijirea planificat\u0103<\/div>\n<\/div>\n<\/section>\n<hr class=\"wp-block-separator has-alpha-channel-opacity\" \/>\n<blockquote class=\"wp-block-quote has-text-align-right is-layout-flow wp-block-quote-is-layout-flow\">\n<\/blockquote>\n<p>Chris:<\/p>\n<p>Cred c\u0103 exist\u0103 \u00eentotdeauna pericolul de a vorbi despre num\u0103rul de pacien\u021bi \u0219i despre reducerea listelor de a\u0219teptare, mai degrab\u0103 dec\u00e2t s\u0103 ne g\u00e2ndim la pove\u0219tile umane care stau apoi \u00een spatele acestora. A\u0219adar, ar fi bine s\u0103 v\u0103 auzi\u021bi despre modul \u00een care pacien\u021bii beneficiaz\u0103 de capacitatea suplimentar\u0103 \u0219i de a avea unitatea aici.<\/p>\n<p class=\"has-vivid-purple-color has-text-color has-link-color wp-elements-9e5d6a2347d83fe394c5cc41e9391e16\">Hamid:<\/p>\n<p class=\"has-vivid-purple-color has-text-color has-link-color wp-elements-21fd9a92dcad7725f64675eb8a0f3654\">Da. Deci, motivul fundamental pentru care exist\u0103m, pentru care suntem aici \u00een spital, este despre pacien\u021bi. \u0218i avem grij\u0103 de pacien\u021bii no\u0219tri cu cea mai bun\u0103 grij\u0103. \u00cen mod clar, exist\u0103 o constr\u00e2ngere de capacitate, care a fost capacitatea teatrului nostru. Am \u00eembun\u0103t\u0103\u021bit acest lucru cu accesul la unitatea Vanguard.<\/p>\n<p class=\"has-vivid-purple-color has-text-color has-link-color wp-elements-28fdc038beae811e8ad3e0001ddf1a26\">Fiecare pacient are o poveste \u0219i de aceea este un pacient, a\u0219a c\u0103 \u00eencerc\u0103m s\u0103 ne asigur\u0103m c\u0103 fiecare pacient are \u00eengrijirea individual\u0103 pe care o merit\u0103. Dar lucrul important aici este c\u0103 acum o facem mult mai devreme. Nu trebuie s\u0103 a\u0219tepte at\u00e2t de mult.<\/p>\n<p>Chris:<\/p>\n<p>\u0218i, \u00eentrebare final\u0103, \u00een calitatea dumneavoastr\u0103 de director medical, cum a\u021bi vedea m\u0103surile cheie ale succesului? Ce este, la sf\u00e2r\u0219itul tuturor, care \u021bi-ar da acea indica\u021bie c\u0103 aceasta a fost o afacere de mare succes pentru tine?<\/p>\n<p class=\"has-vivid-purple-color has-text-color has-link-color wp-elements-9e5d6a2347d83fe394c5cc41e9391e16\">Hamid:<\/p>\n<p class=\"has-vivid-purple-color has-text-color has-link-color wp-elements-75f7812892cfdd4c9aeb5b27623b6a64\">A\u0219 \u00eemp\u0103r\u021bi asta \u00een valori opera\u021bionale \u0219i centrate pe pacient. Valorile opera\u021bionale sunt foarte clare. Trebuie s\u0103 reducem timpii de a\u0219teptare pentru pacien\u021bii no\u0219tri \u0219i facem asta prin capacitatea crescut\u0103 pe care am avut-o cu o unitate Vanguard. Valorile pacientului sunt pu\u021bin mai nebuloase, dar la fel, dac\u0103 nu mai importante, \u0219i se refer\u0103 la experien\u021ba \u0219i siguran\u021ba pacientului. Ne asigur\u0103m c\u0103 oferim cea mai sigur\u0103 \u00eengrijire posibil\u0103, iar pacientul prime\u0219te o experien\u021b\u0103 fantastic\u0103. \u00cen mod fundamental, pentru ei, \u00ee\u0219i fac procedurile mai devreme, mult mai devreme dec\u00e2t ar fi f\u0103cut-o altfel. Deci, sunt foarte, foarte ferici\u021bi de asta.<\/p>\n<p>Chris:<\/p>\n<p>Excelent. Ei bine, din punctul meu de vedere, a fost uimitor pentru echipa Vanguard care lucreaz\u0103 cu echipa ta de la Milton Keynes University Hospital Trust \u0219i ne-a pl\u0103cut fiecare minut \u0219i ne face pl\u0103cere s\u0103 v\u0103 sprijinim.<\/p>\n<p class=\"has-vivid-purple-color has-text-color has-link-color wp-elements-9e5d6a2347d83fe394c5cc41e9391e16\">Hamid:<\/p>\n<p class=\"has-vivid-purple-color has-text-color has-link-color wp-elements-a480cafc47fe8ef4c769b5ad1f87ac8e\">V\u0103 mul\u021bumim foarte mult \u0219i ne sim\u021bim foarte sus\u021binu\u021bi. Cred c\u0103 este foarte important s\u0103 spun asta. Am men\u021bionat-o deja \u00eenainte, dar a\u0219 face un mare strig\u0103t echipei Vanguard. Eu \u00eensumi am lucrat cu ei. Sunt foarte profesioni\u0219ti, foarte concentra\u021bi pe \u00eengrijirea pacien\u021bilor, foarte concentra\u021bi pe siguran\u021ba pacientului \u0219i a fost o adev\u0103rat\u0103 pl\u0103cere s\u0103 fac parte din acea unitate.<\/p>\n<p>Chris:<\/p>\n<p>E foarte bine de auzit. Multumesc.<\/p>\n<p class=\"has-vivid-purple-color has-text-color has-link-color wp-elements-9e5d6a2347d83fe394c5cc41e9391e16\">Hamid:<\/p>\n<p class=\"has-vivid-purple-color has-text-color has-link-color wp-elements-c70e3a29a6c010ded4f9cfa446fd0d43\">Multumesc.<\/p>\n<hr class=\"wp-block-separator has-alpha-channel-opacity\" \/>\n<section id=\"section-2-254\" class=\"ct-section\" >\n<div class=\"ct-section-inner-wrap\">\n<div id=\"fancy_icon-5-254\" class=\"ct-fancy-icon\" ><svg id=\"svg-fancy_icon-5-254\"><use xlink:href=\"#FontAwesomeicon-quote-left\"><\/use><\/svg><\/div>\n<div id=\"text_block-3-254\" class=\"ct-text-block\" >\u201eNe sim\u021bim foarte sus\u021binu\u021bi. Cred c\u0103 este foarte important s\u0103 spun c\u0103... a\u0219 face un mare strig\u0103t echipei Vanguard. Eu \u00eensumi am lucrat cu ei. Sunt foarte profesioni\u0219ti, foarte concentra\u021bi pe \u00eengrijirea pacien\u021bilor, foarte concentra\u021bi pe siguran\u021ba pacientului \u0219i a fost o adev\u0103rat\u0103 pl\u0103cere s\u0103 fac parte din acea unitate.\u201d<\/div>\n<div id=\"text_block-4-254\" class=\"ct-text-block\" >Dr. Hamid Manji, anestezist consultant \u0219i director medical pentru \u00eengrijirea planificat\u0103<\/div>\n<\/div>\n<\/section>\n<hr class=\"wp-block-separator has-alpha-channel-opacity\" \/>\n<figure class=\"wp-block-image size-large\"><img loading=\"lazy\" decoding=\"async\" width=\"819\" height=\"1024\" src=\"https:\/\/www.vanguardhealthcare.co.uk\/wp-content\/uploads\/2024\/08\/Image-CUTOUT-1-819x1024.jpg\" alt=\"Floor plan of the Day Case Unit\" class=\"wp-image-7537\" srcset=\"https:\/\/www.vanguardhealthcare.co.uk\/wp-content\/uploads\/2024\/08\/Image-CUTOUT-1-819x1024.jpg 819w, https:\/\/www.vanguardhealthcare.co.uk\/wp-content\/uploads\/2024\/08\/Image-CUTOUT-1-240x300.jpg 240w, https:\/\/www.vanguardhealthcare.co.uk\/wp-content\/uploads\/2024\/08\/Image-CUTOUT-1-768x960.jpg 768w, https:\/\/www.vanguardhealthcare.co.uk\/wp-content\/uploads\/2024\/08\/Image-CUTOUT-1-1229x1536.jpg 1229w, https:\/\/www.vanguardhealthcare.co.uk\/wp-content\/uploads\/2024\/08\/Image-CUTOUT-1-10x12.jpg 10w, https:\/\/www.vanguardhealthcare.co.uk\/wp-content\/uploads\/2024\/08\/Image-CUTOUT-1.jpg 1376w\" sizes=\"auto, (max-width: 819px) 100vw, 819px\" \/><\/figure>","protected":false},"excerpt":{"rendered":"<p>Consultant anestezist \u0219i director medical pentru \u00eengrijirea planificat\u0103 al Trustului, Dr. Hamid Manji, vorbe\u0219te cu CEO-ul Vanguard, Chris Blackwell-Frost<\/p>","protected":false},"author":12,"featured_media":7639,"comment_status":"open","ping_status":"open","sticky":false,"template":"","format":"standard","meta":{"_acf_changed":false,"footnotes":""},"categories":[2],"tags":[],"class_list":["post-7573","post","type-post","status-publish","format-standard","has-post-thumbnail","hentry","category-news"],"acf":[],"yoast_head":"<!-- This site is optimized with the Yoast SEO plugin v27.4 - https:\/\/yoast.com\/product\/yoast-seo-wordpress\/ -->\n<title>How a staffed Vanguard Day Case facility is helping Milton Keynes University Hospital reduce the elective backlog - Vanguard Healthcare Solutions<\/title>\n<meta name=\"description\" content=\"Milton Keynes University Hospital&#039;s Consultant Anaesthetist and Medical Director for Planned Care, Dr Hamid Manji, speaks with Vanguard\u2019s CEO, Chris Blackwell-Frost\" \/>\n<meta name=\"robots\" content=\"index, follow, max-snippet:-1, max-image-preview:large, max-video-preview:-1\" \/>\n<link rel=\"canonical\" href=\"https:\/\/www.vanguardhealthcare.co.uk\/ro_ro\/how-a-staffed-vanguard-day-case-facility-is-helping-milton-keynes-university-hospital-reduce-the-elective-backlog\/\" \/>\n<meta property=\"og:locale\" content=\"ro_RO\" \/>\n<meta property=\"og:type\" content=\"article\" \/>\n<meta property=\"og:title\" content=\"How a staffed Vanguard Day Case facility is helping Milton Keynes University Hospital reduce the elective backlog - Vanguard Healthcare Solutions\" \/>\n<meta property=\"og:description\" content=\"Milton Keynes University Hospital&#039;s Consultant Anaesthetist and Medical Director for Planned Care, Dr Hamid Manji, speaks with Vanguard\u2019s CEO, Chris Blackwell-Frost\" \/>\n<meta property=\"og:url\" content=\"https:\/\/www.vanguardhealthcare.co.uk\/ro_ro\/how-a-staffed-vanguard-day-case-facility-is-helping-milton-keynes-university-hospital-reduce-the-elective-backlog\/\" \/>\n<meta property=\"og:site_name\" content=\"Vanguard Healthcare Solutions\" \/>\n<meta property=\"article:published_time\" content=\"2024-10-22T11:21:39+00:00\" \/>\n<meta property=\"article:modified_time\" content=\"2024-10-22T11:24:35+00:00\" \/>\n<meta property=\"og:image\" content=\"https:\/\/www.vanguardhealthcare.co.uk\/wp-content\/uploads\/2024\/10\/thumb-8.jpg\" \/>\n\t<meta property=\"og:image:width\" content=\"1920\" \/>\n\t<meta property=\"og:image:height\" content=\"1080\" \/>\n\t<meta property=\"og:image:type\" content=\"image\/jpeg\" \/>\n<meta name=\"author\" content=\"markbirchmore\" \/>\n<meta name=\"twitter:card\" content=\"summary_large_image\" \/>\n<meta name=\"twitter:label1\" content=\"Scris de\" \/>\n\t<meta name=\"twitter:data1\" content=\"markbirchmore\" \/>\n\t<meta name=\"twitter:label2\" content=\"Timp estimat pentru citire\" \/>\n\t<meta name=\"twitter:data2\" content=\"10 minute\" \/>\n<script type=\"application\/ld+json\" class=\"yoast-schema-graph\">{\"@context\":\"https:\\\/\\\/schema.org\",\"@graph\":[{\"@type\":\"Article\",\"@id\":\"https:\\\/\\\/www.vanguardhealthcare.co.uk\\\/how-a-staffed-vanguard-day-case-facility-is-helping-milton-keynes-university-hospital-reduce-the-elective-backlog\\\/#article\",\"isPartOf\":{\"@id\":\"https:\\\/\\\/www.vanguardhealthcare.co.uk\\\/how-a-staffed-vanguard-day-case-facility-is-helping-milton-keynes-university-hospital-reduce-the-elective-backlog\\\/\"},\"author\":{\"name\":\"markbirchmore\",\"@id\":\"https:\\\/\\\/www.vanguardhealthcare.co.uk\\\/#\\\/schema\\\/person\\\/28e5002e5381802059b342a6a7c57fe5\"},\"headline\":\"How a staffed Vanguard Day Case facility is helping Milton Keynes University Hospital reduce the elective backlog\",\"datePublished\":\"2024-10-22T11:21:39+00:00\",\"dateModified\":\"2024-10-22T11:24:35+00:00\",\"mainEntityOfPage\":{\"@id\":\"https:\\\/\\\/www.vanguardhealthcare.co.uk\\\/how-a-staffed-vanguard-day-case-facility-is-helping-milton-keynes-university-hospital-reduce-the-elective-backlog\\\/\"},\"wordCount\":2096,\"commentCount\":0,\"image\":{\"@id\":\"https:\\\/\\\/www.vanguardhealthcare.co.uk\\\/how-a-staffed-vanguard-day-case-facility-is-helping-milton-keynes-university-hospital-reduce-the-elective-backlog\\\/#primaryimage\"},\"thumbnailUrl\":\"https:\\\/\\\/www.vanguardhealthcare.co.uk\\\/wp-content\\\/uploads\\\/2024\\\/10\\\/thumb-8.jpg\",\"articleSection\":[\"News\"],\"inLanguage\":\"ro-RO\",\"potentialAction\":[{\"@type\":\"CommentAction\",\"name\":\"Comment\",\"target\":[\"https:\\\/\\\/www.vanguardhealthcare.co.uk\\\/how-a-staffed-vanguard-day-case-facility-is-helping-milton-keynes-university-hospital-reduce-the-elective-backlog\\\/#respond\"]}]},{\"@type\":\"WebPage\",\"@id\":\"https:\\\/\\\/www.vanguardhealthcare.co.uk\\\/how-a-staffed-vanguard-day-case-facility-is-helping-milton-keynes-university-hospital-reduce-the-elective-backlog\\\/\",\"url\":\"https:\\\/\\\/www.vanguardhealthcare.co.uk\\\/how-a-staffed-vanguard-day-case-facility-is-helping-milton-keynes-university-hospital-reduce-the-elective-backlog\\\/\",\"name\":\"How a staffed Vanguard Day Case facility is helping Milton Keynes University Hospital reduce the elective backlog - Vanguard Healthcare Solutions\",\"isPartOf\":{\"@id\":\"https:\\\/\\\/www.vanguardhealthcare.co.uk\\\/#website\"},\"primaryImageOfPage\":{\"@id\":\"https:\\\/\\\/www.vanguardhealthcare.co.uk\\\/how-a-staffed-vanguard-day-case-facility-is-helping-milton-keynes-university-hospital-reduce-the-elective-backlog\\\/#primaryimage\"},\"image\":{\"@id\":\"https:\\\/\\\/www.vanguardhealthcare.co.uk\\\/how-a-staffed-vanguard-day-case-facility-is-helping-milton-keynes-university-hospital-reduce-the-elective-backlog\\\/#primaryimage\"},\"thumbnailUrl\":\"https:\\\/\\\/www.vanguardhealthcare.co.uk\\\/wp-content\\\/uploads\\\/2024\\\/10\\\/thumb-8.jpg\",\"datePublished\":\"2024-10-22T11:21:39+00:00\",\"dateModified\":\"2024-10-22T11:24:35+00:00\",\"author\":{\"@id\":\"https:\\\/\\\/www.vanguardhealthcare.co.uk\\\/#\\\/schema\\\/person\\\/28e5002e5381802059b342a6a7c57fe5\"},\"description\":\"Milton Keynes University Hospital's Consultant Anaesthetist and Medical Director for Planned Care, Dr Hamid Manji, speaks with Vanguard\u2019s CEO, Chris Blackwell-Frost\",\"breadcrumb\":{\"@id\":\"https:\\\/\\\/www.vanguardhealthcare.co.uk\\\/how-a-staffed-vanguard-day-case-facility-is-helping-milton-keynes-university-hospital-reduce-the-elective-backlog\\\/#breadcrumb\"},\"inLanguage\":\"ro-RO\",\"potentialAction\":[{\"@type\":\"ReadAction\",\"target\":[\"https:\\\/\\\/www.vanguardhealthcare.co.uk\\\/how-a-staffed-vanguard-day-case-facility-is-helping-milton-keynes-university-hospital-reduce-the-elective-backlog\\\/\"]}]},{\"@type\":\"ImageObject\",\"inLanguage\":\"ro-RO\",\"@id\":\"https:\\\/\\\/www.vanguardhealthcare.co.uk\\\/how-a-staffed-vanguard-day-case-facility-is-helping-milton-keynes-university-hospital-reduce-the-elective-backlog\\\/#primaryimage\",\"url\":\"https:\\\/\\\/www.vanguardhealthcare.co.uk\\\/wp-content\\\/uploads\\\/2024\\\/10\\\/thumb-8.jpg\",\"contentUrl\":\"https:\\\/\\\/www.vanguardhealthcare.co.uk\\\/wp-content\\\/uploads\\\/2024\\\/10\\\/thumb-8.jpg\",\"width\":1920,\"height\":1080},{\"@type\":\"BreadcrumbList\",\"@id\":\"https:\\\/\\\/www.vanguardhealthcare.co.uk\\\/how-a-staffed-vanguard-day-case-facility-is-helping-milton-keynes-university-hospital-reduce-the-elective-backlog\\\/#breadcrumb\",\"itemListElement\":[{\"@type\":\"ListItem\",\"position\":1,\"name\":\"Home\",\"item\":\"https:\\\/\\\/www.vanguardhealthcare.co.uk\\\/\"},{\"@type\":\"ListItem\",\"position\":2,\"name\":\"How a staffed Vanguard Day Case facility is helping Milton Keynes University Hospital reduce the elective backlog\"}]},{\"@type\":\"WebSite\",\"@id\":\"https:\\\/\\\/www.vanguardhealthcare.co.uk\\\/#website\",\"url\":\"https:\\\/\\\/www.vanguardhealthcare.co.uk\\\/\",\"name\":\"Vanguard Healthcare Solutions\",\"description\":\"\",\"potentialAction\":[{\"@type\":\"SearchAction\",\"target\":{\"@type\":\"EntryPoint\",\"urlTemplate\":\"https:\\\/\\\/www.vanguardhealthcare.co.uk\\\/?s={search_term_string}\"},\"query-input\":{\"@type\":\"PropertyValueSpecification\",\"valueRequired\":true,\"valueName\":\"search_term_string\"}}],\"inLanguage\":\"ro-RO\"},{\"@type\":\"Person\",\"@id\":\"https:\\\/\\\/www.vanguardhealthcare.co.uk\\\/#\\\/schema\\\/person\\\/28e5002e5381802059b342a6a7c57fe5\",\"name\":\"markbirchmore\",\"image\":{\"@type\":\"ImageObject\",\"inLanguage\":\"ro-RO\",\"@id\":\"https:\\\/\\\/secure.gravatar.com\\\/avatar\\\/fe7d53278a7b5ca7a899d25b40407d63635e003b79715b22b7e4507d10eecba5?s=96&d=mm&r=g\",\"url\":\"https:\\\/\\\/secure.gravatar.com\\\/avatar\\\/fe7d53278a7b5ca7a899d25b40407d63635e003b79715b22b7e4507d10eecba5?s=96&d=mm&r=g\",\"contentUrl\":\"https:\\\/\\\/secure.gravatar.com\\\/avatar\\\/fe7d53278a7b5ca7a899d25b40407d63635e003b79715b22b7e4507d10eecba5?s=96&d=mm&r=g\",\"caption\":\"markbirchmore\"}}]}<\/script>\n<!-- \/ Yoast SEO plugin. -->","yoast_head_json":{"title":"Cum ajut\u0103 o unitate medical\u0103 de zi Vanguard cu personal calificat Spitalul Universitar Milton Keynes s\u0103 reduc\u0103 restan\u021bele \u00een ceea ce prive\u0219te tratamentele elective - Vanguard Healthcare Solutions","description":"Dr. Hamid Manji, consultant anestezist \u0219i director medical pentru Planned Care la Spitalul Universitar Milton Keynes, discut\u0103 cu Chris Blackwell-Frost, directorul general al Vanguard","robots":{"index":"index","follow":"follow","max-snippet":"max-snippet:-1","max-image-preview":"max-image-preview:large","max-video-preview":"max-video-preview:-1"},"canonical":"https:\/\/www.vanguardhealthcare.co.uk\/ro_ro\/how-a-staffed-vanguard-day-case-facility-is-helping-milton-keynes-university-hospital-reduce-the-elective-backlog\/","og_locale":"ro_RO","og_type":"article","og_title":"How a staffed Vanguard Day Case facility is helping Milton Keynes University Hospital reduce the elective backlog - Vanguard Healthcare Solutions","og_description":"Milton Keynes University Hospital's Consultant Anaesthetist and Medical Director for Planned Care, Dr Hamid Manji, speaks with Vanguard\u2019s CEO, Chris Blackwell-Frost","og_url":"https:\/\/www.vanguardhealthcare.co.uk\/ro_ro\/how-a-staffed-vanguard-day-case-facility-is-helping-milton-keynes-university-hospital-reduce-the-elective-backlog\/","og_site_name":"Vanguard Healthcare Solutions","article_published_time":"2024-10-22T11:21:39+00:00","article_modified_time":"2024-10-22T11:24:35+00:00","og_image":[{"width":1920,"height":1080,"url":"https:\/\/www.vanguardhealthcare.co.uk\/wp-content\/uploads\/2024\/10\/thumb-8.jpg","type":"image\/jpeg"}],"author":"markbirchmore","twitter_card":"summary_large_image","twitter_misc":{"Scris de":"markbirchmore","Timp estimat pentru citire":"10 minute"},"schema":{"@context":"https:\/\/schema.org","@graph":[{"@type":"Article","@id":"https:\/\/www.vanguardhealthcare.co.uk\/how-a-staffed-vanguard-day-case-facility-is-helping-milton-keynes-university-hospital-reduce-the-elective-backlog\/#article","isPartOf":{"@id":"https:\/\/www.vanguardhealthcare.co.uk\/how-a-staffed-vanguard-day-case-facility-is-helping-milton-keynes-university-hospital-reduce-the-elective-backlog\/"},"author":{"name":"markbirchmore","@id":"https:\/\/www.vanguardhealthcare.co.uk\/#\/schema\/person\/28e5002e5381802059b342a6a7c57fe5"},"headline":"How a staffed Vanguard Day Case facility is helping Milton Keynes University Hospital reduce the elective backlog","datePublished":"2024-10-22T11:21:39+00:00","dateModified":"2024-10-22T11:24:35+00:00","mainEntityOfPage":{"@id":"https:\/\/www.vanguardhealthcare.co.uk\/how-a-staffed-vanguard-day-case-facility-is-helping-milton-keynes-university-hospital-reduce-the-elective-backlog\/"},"wordCount":2096,"commentCount":0,"image":{"@id":"https:\/\/www.vanguardhealthcare.co.uk\/how-a-staffed-vanguard-day-case-facility-is-helping-milton-keynes-university-hospital-reduce-the-elective-backlog\/#primaryimage"},"thumbnailUrl":"https:\/\/www.vanguardhealthcare.co.uk\/wp-content\/uploads\/2024\/10\/thumb-8.jpg","articleSection":["News"],"inLanguage":"ro-RO","potentialAction":[{"@type":"CommentAction","name":"Comment","target":["https:\/\/www.vanguardhealthcare.co.uk\/how-a-staffed-vanguard-day-case-facility-is-helping-milton-keynes-university-hospital-reduce-the-elective-backlog\/#respond"]}]},{"@type":"WebPage","@id":"https:\/\/www.vanguardhealthcare.co.uk\/how-a-staffed-vanguard-day-case-facility-is-helping-milton-keynes-university-hospital-reduce-the-elective-backlog\/","url":"https:\/\/www.vanguardhealthcare.co.uk\/how-a-staffed-vanguard-day-case-facility-is-helping-milton-keynes-university-hospital-reduce-the-elective-backlog\/","name":"Cum ajut\u0103 o unitate medical\u0103 de zi Vanguard cu personal calificat Spitalul Universitar Milton Keynes s\u0103 reduc\u0103 restan\u021bele \u00een ceea ce prive\u0219te tratamentele elective - Vanguard Healthcare Solutions","isPartOf":{"@id":"https:\/\/www.vanguardhealthcare.co.uk\/#website"},"primaryImageOfPage":{"@id":"https:\/\/www.vanguardhealthcare.co.uk\/how-a-staffed-vanguard-day-case-facility-is-helping-milton-keynes-university-hospital-reduce-the-elective-backlog\/#primaryimage"},"image":{"@id":"https:\/\/www.vanguardhealthcare.co.uk\/how-a-staffed-vanguard-day-case-facility-is-helping-milton-keynes-university-hospital-reduce-the-elective-backlog\/#primaryimage"},"thumbnailUrl":"https:\/\/www.vanguardhealthcare.co.uk\/wp-content\/uploads\/2024\/10\/thumb-8.jpg","datePublished":"2024-10-22T11:21:39+00:00","dateModified":"2024-10-22T11:24:35+00:00","author":{"@id":"https:\/\/www.vanguardhealthcare.co.uk\/#\/schema\/person\/28e5002e5381802059b342a6a7c57fe5"},"description":"Dr. Hamid Manji, consultant anestezist \u0219i director medical pentru Planned Care la Spitalul Universitar Milton Keynes, discut\u0103 cu Chris Blackwell-Frost, directorul general al Vanguard","breadcrumb":{"@id":"https:\/\/www.vanguardhealthcare.co.uk\/how-a-staffed-vanguard-day-case-facility-is-helping-milton-keynes-university-hospital-reduce-the-elective-backlog\/#breadcrumb"},"inLanguage":"ro-RO","potentialAction":[{"@type":"ReadAction","target":["https:\/\/www.vanguardhealthcare.co.uk\/how-a-staffed-vanguard-day-case-facility-is-helping-milton-keynes-university-hospital-reduce-the-elective-backlog\/"]}]},{"@type":"ImageObject","inLanguage":"ro-RO","@id":"https:\/\/www.vanguardhealthcare.co.uk\/how-a-staffed-vanguard-day-case-facility-is-helping-milton-keynes-university-hospital-reduce-the-elective-backlog\/#primaryimage","url":"https:\/\/www.vanguardhealthcare.co.uk\/wp-content\/uploads\/2024\/10\/thumb-8.jpg","contentUrl":"https:\/\/www.vanguardhealthcare.co.uk\/wp-content\/uploads\/2024\/10\/thumb-8.jpg","width":1920,"height":1080},{"@type":"BreadcrumbList","@id":"https:\/\/www.vanguardhealthcare.co.uk\/how-a-staffed-vanguard-day-case-facility-is-helping-milton-keynes-university-hospital-reduce-the-elective-backlog\/#breadcrumb","itemListElement":[{"@type":"ListItem","position":1,"name":"Home","item":"https:\/\/www.vanguardhealthcare.co.uk\/"},{"@type":"ListItem","position":2,"name":"How a staffed Vanguard Day Case facility is helping Milton Keynes University Hospital reduce the elective backlog"}]},{"@type":"WebSite","@id":"https:\/\/www.vanguardhealthcare.co.uk\/#website","url":"https:\/\/www.vanguardhealthcare.co.uk\/","name":"Vanguard Solu\u021bii de asisten\u021b\u0103 medical\u0103","description":"","potentialAction":[{"@type":"SearchAction","target":{"@type":"EntryPoint","urlTemplate":"https:\/\/www.vanguardhealthcare.co.uk\/?s={search_term_string}"},"query-input":{"@type":"PropertyValueSpecification","valueRequired":true,"valueName":"search_term_string"}}],"inLanguage":"ro-RO"},{"@type":"Person","@id":"https:\/\/www.vanguardhealthcare.co.uk\/#\/schema\/person\/28e5002e5381802059b342a6a7c57fe5","name":"markbirchmore","image":{"@type":"ImageObject","inLanguage":"ro-RO","@id":"https:\/\/secure.gravatar.com\/avatar\/fe7d53278a7b5ca7a899d25b40407d63635e003b79715b22b7e4507d10eecba5?s=96&d=mm&r=g","url":"https:\/\/secure.gravatar.com\/avatar\/fe7d53278a7b5ca7a899d25b40407d63635e003b79715b22b7e4507d10eecba5?s=96&d=mm&r=g","contentUrl":"https:\/\/secure.gravatar.com\/avatar\/fe7d53278a7b5ca7a899d25b40407d63635e003b79715b22b7e4507d10eecba5?s=96&d=mm&r=g","caption":"markbirchmore"}}]}},"_links":{"self":[{"href":"https:\/\/www.vanguardhealthcare.co.uk\/ro_ro\/wp-json\/wp\/v2\/posts\/7573","targetHints":{"allow":["GET"]}}],"collection":[{"href":"https:\/\/www.vanguardhealthcare.co.uk\/ro_ro\/wp-json\/wp\/v2\/posts"}],"about":[{"href":"https:\/\/www.vanguardhealthcare.co.uk\/ro_ro\/wp-json\/wp\/v2\/types\/post"}],"author":[{"embeddable":true,"href":"https:\/\/www.vanguardhealthcare.co.uk\/ro_ro\/wp-json\/wp\/v2\/users\/12"}],"replies":[{"embeddable":true,"href":"https:\/\/www.vanguardhealthcare.co.uk\/ro_ro\/wp-json\/wp\/v2\/comments?post=7573"}],"version-history":[{"count":0,"href":"https:\/\/www.vanguardhealthcare.co.uk\/ro_ro\/wp-json\/wp\/v2\/posts\/7573\/revisions"}],"wp:featuredmedia":[{"embeddable":true,"href":"https:\/\/www.vanguardhealthcare.co.uk\/ro_ro\/wp-json\/wp\/v2\/media\/7639"}],"wp:attachment":[{"href":"https:\/\/www.vanguardhealthcare.co.uk\/ro_ro\/wp-json\/wp\/v2\/media?parent=7573"}],"wp:term":[{"taxonomy":"category","embeddable":true,"href":"https:\/\/www.vanguardhealthcare.co.uk\/ro_ro\/wp-json\/wp\/v2\/categories?post=7573"},{"taxonomy":"post_tag","embeddable":true,"href":"https:\/\/www.vanguardhealthcare.co.uk\/ro_ro\/wp-json\/wp\/v2\/tags?post=7573"}],"curies":[{"name":"wp","href":"https:\/\/api.w.org\/{rel}","templated":true}]}}