{"id":8624,"date":"2026-09-01T08:25:36","date_gmt":"2026-09-01T08:25:36","guid":{"rendered":"https:\/\/www.vanguardhealthcare.co.uk\/?p=8624"},"modified":"2026-09-01T08:25:37","modified_gmt":"2026-09-01T08:25:37","slug":"vanguard-healthcare-solutions-welcomes-rebecca-lythe-as-chief-executive-officer","status":"publish","type":"post","link":"https:\/\/www.vanguardhealthcare.co.uk\/pl_pl\/vanguard-healthcare-solutions-welcomes-rebecca-lythe-as-chief-executive-officer\/","title":{"rendered":"Vanguard Healthcare Solutions wita Rebecc\u0119 Lythe na stanowisku dyrektora generalnego"},"content":{"rendered":"<figure class=\"wp-block-image size-large\"><img loading=\"lazy\" decoding=\"async\" width=\"1024\" height=\"1024\" src=\"https:\/\/www.vanguardhealthcare.co.uk\/wp-content\/uploads\/2026\/09\/Untitled-design-17-1024x1024.png\" alt=\"\" class=\"wp-image-8625\" srcset=\"https:\/\/www.vanguardhealthcare.co.uk\/wp-content\/uploads\/2026\/09\/Untitled-design-17-1024x1024.png 1024w, https:\/\/www.vanguardhealthcare.co.uk\/wp-content\/uploads\/2026\/09\/Untitled-design-17-300x300.png 300w, https:\/\/www.vanguardhealthcare.co.uk\/wp-content\/uploads\/2026\/09\/Untitled-design-17-150x150.png 150w, https:\/\/www.vanguardhealthcare.co.uk\/wp-content\/uploads\/2026\/09\/Untitled-design-17-768x768.png 768w, https:\/\/www.vanguardhealthcare.co.uk\/wp-content\/uploads\/2026\/09\/Untitled-design-17-12x12.png 12w, https:\/\/www.vanguardhealthcare.co.uk\/wp-content\/uploads\/2026\/09\/Untitled-design-17.png 1200w\" sizes=\"auto, (max-width: 1024px) 100vw, 1024px\" \/><\/figure>\n<p class=\"wp-block-paragraph\">Rebecca do\u0142\u0105cza do Vanguard z bogatym do\u015bwiadczeniem w zakresie zarz\u0105dzania opiek\u0105 zdrowotn\u0105, strategii, transformacji i wdra\u017cania operacyjnego. Ostatnio sp\u0119dzi\u0142a siedem lat w Specsavers Group, w tym ponad cztery lata jako dyrektor zarz\u0105dzaj\u0105ca Newmedica, jednego z wiod\u0105cych brytyjskich dostawc\u00f3w specjalistycznej opieki okulistycznej.<\/p>\n<p class=\"wp-block-paragraph\">W czasie swojej pracy w Newmedica, Rebecca kierowa\u0142a znacz\u0105c\u0105 ekspansj\u0105 organizacji na skal\u0119 krajow\u0105, \u015bci\u015ble wsp\u00f3\u0142pracuj\u0105c z komisarzami NHS i partnerami z sektora opieki zdrowotnej w celu poprawy dost\u0119pu do opieki. Wnosi r\u00f3wnie\u017c bogate do\u015bwiadczenie z zarz\u0105dzania strategicznego, transformacyjnego i kierowniczego w firmach Specsavers i ASDA, po wcze\u015bniejszej karierze w KPMG.<\/p>\n<p class=\"wp-block-paragraph\">Jej nominacja przypada w wa\u017cnym momencie dla Vanguard i wspieranych przez nas system\u00f3w opieki zdrowotnej. W ca\u0142ej Wielkiej Brytanii \u015bwiadczeniodawcy us\u0142ug medycznych nadal borykaj\u0105 si\u0119 z rosn\u0105cym zapotrzebowaniem, presj\u0105 zwi\u0105zan\u0105 z listami oczekuj\u0105cych oraz konieczno\u015bci\u0105 odnawiania i modernizacji starzej\u0105cych si\u0119 plac\u00f3wek, przy jednoczesnym zachowaniu dost\u0119pu do wysokiej jako\u015bci opieki zdrowotnej.<\/p>\n<p class=\"wp-block-paragraph\"><strong>Rebecca powiedzia\u0142a:<\/strong><\/p>\n<blockquote class=\"wp-block-quote is-layout-flow wp-block-quote-is-layout-flow\">\n<p class=\"wp-block-paragraph\">\u201cDo Vanguard przyci\u0105gn\u0119\u0142a mnie mo\u017cliwo\u015b\u0107 bycia cz\u0119\u015bci\u0105 rozwi\u0105zania, kt\u00f3re pomo\u017ce wi\u0119kszej liczbie pacjent\u00f3w. Mamy do\u015bwiadczony zesp\u00f3\u0142, ugruntowan\u0105 pozycj\u0119 na rynku i zdolno\u015b\u0107 do szybkiego, elastycznego i ta\u0144szego ni\u017c tradycyjne rozwi\u0105zania zapewniania wysokiej jako\u015bci, niskoemisyjnych \u015brodowisk opieki zdrowotnej.<\/p>\n<p class=\"wp-block-paragraph\">\u201cZ pasj\u0105 podejmuj\u0119 wsp\u00f3\u0142prac\u0119 z NHS i niezale\u017cnymi dostawcami us\u0142ug opieki zdrowotnej, aby pom\u00f3c ich zespo\u0142om w zapewnieniu lepszej opieki pacjentom. Skoncentruj\u0119 si\u0119 na utrzymaniu wysokiej jako\u015bci opieki klinicznej, wzmocnieniu naszych partnerstw, ci\u0105g\u0142ym wprowadzaniu innowacji i zapewnieniu \u015bcis\u0142ego powi\u0105zania naszej strategii z potrzebami system\u00f3w opieki zdrowotnej\u201d.\u201d<\/p>\n<\/blockquote>\n<p class=\"wp-block-paragraph\">Jako dyrektor generalny Rebecca b\u0119dzie kierowa\u0107 szersz\u0105 dzia\u0142alno\u015bci\u0105 Vanguard, w tym naszymi operacjami w zakresie opieki zdrowotnej w Wielkiej Brytanii, dzia\u0142aniami mi\u0119dzynarodowymi poprzez <strong><a href=\"https:\/\/www.q-bital.com\/\">Rozwi\u0105zania Q-bital dla opieki zdrowotnej<\/a><\/strong>, i nasze niedawno uruchomione <strong><a href=\"https:\/\/www.vanguardlifesciences.co.uk\/\">Vanguard Nauki o \u017cyciu<\/a><\/strong> dzia\u0142.<\/p>\n<p class=\"wp-block-paragraph\"><strong>Dr Graham Rich, przewodnicz\u0105cy Vanguard Healthcare Solutions, powiedzia\u0142:<\/strong><\/p>\n<blockquote class=\"wp-block-quote is-layout-flow wp-block-quote-is-layout-flow\">\n<p class=\"wp-block-paragraph\">\u201cRebecca wnosi wyj\u0105tkowe po\u0142\u0105czenie kompetencji lidera w opiece zdrowotnej, potencja\u0142u strategicznego i do\u015bwiadczenia w rozwijaniu wysokiej jako\u015bci us\u0142ug klinicznych. Co wa\u017cne, rozumie zar\u00f3wno realia operacyjne, z jakimi borykaj\u0105 si\u0119 \u015bwiadczeniodawcy us\u0142ug opieki zdrowotnej, jak i wag\u0119 wsp\u00f3\u0142pracy z klinicystami, komisarzami i liderami w opiece zdrowotnej.<\/p>\n<p class=\"wp-block-paragraph\">\u201cVanguard odgrywa wa\u017cn\u0105 rol\u0119 w pomaganiu systemom opieki zdrowotnej w rozwi\u0105zywaniu problem\u00f3w zwi\u0105zanych z przepustowo\u015bci\u0105 i infrastruktur\u0105. Z przyjemno\u015bci\u0105 witam Rebecc\u0119 na stanowisku kierownika firmy w kolejnej fazie rozwoju\u201d.\u201d<\/p>\n<\/blockquote>\n<p class=\"wp-block-paragraph\">Rebecca b\u0119dzie r\u00f3wnie\u017c nadzorowa\u0107 dalszy mi\u0119dzynarodowy rozw\u00f3j Q-bital i wzrost Vanguard Life Sciences, co poszerza wiedz\u0119 specjalistyczn\u0105 Grupy w zakresie zaawansowanych pomieszcze\u0144 czystych, laboratori\u00f3w i \u015brodowisk bezpiecze\u0144stwa dla organizacji farmaceutycznych, biotechnologicznych i badawczych.<\/p>\n<p class=\"wp-block-paragraph\">M\u00f3wi\u0105c o szerszych mo\u017cliwo\u015bciach, jakie przed nami stoj\u0105, Rebecca doda\u0142a:<\/p>\n<blockquote class=\"wp-block-quote is-layout-flow wp-block-quote-is-layout-flow\">\n<p class=\"wp-block-paragraph\">\u201cIstnieje r\u00f3wnie\u017c znaczny potencja\u0142 wykraczaj\u0105cy poza nasz\u0105 ugruntowan\u0105 dzia\u0142alno\u015b\u0107 w sektorze opieki zdrowotnej w Wielkiej Brytanii. Jestem podekscytowany ci\u0105g\u0142ym rozwojem Q-bital na arenie mi\u0119dzynarodowej i szans\u0105, jak\u0105 stwarza nam Vanguard Life Sciences, aby wykorzysta\u0107 nasze do\u015bwiadczenie w z\u0142o\u017conych, regulowanych \u015brodowiskach na nowym rynku\u201d.\u201d<\/p>\n<\/blockquote>\n<p class=\"wp-block-paragraph\"><strong>Z przyjemno\u015bci\u0105 witamy Rebecc\u0119 w Vanguard i liczymy na dalsz\u0105 wsp\u00f3\u0142prac\u0119. Chcemy rozwija\u0107 nasz\u0105 dzia\u0142alno\u015b\u0107 i wspiera\u0107 organizacje zajmuj\u0105ce si\u0119 opiek\u0105 zdrowotn\u0105 w zapewnianiu wysokiej jako\u015bci opieki wi\u0119kszej liczbie pacjent\u00f3w.<\/strong><\/p>","protected":false},"excerpt":{"rendered":"<p>Firma Vanguard Healthcare Solutions z przyjemno\u015bci\u0105 wita Rebecc\u0119 Lythe na stanowisku Dyrektora Generalnego, kt\u00f3re obejmie 1 wrze\u015bnia 2026 r.<\/p>","protected":false},"author":11,"featured_media":8625,"comment_status":"closed","ping_status":"closed","sticky":false,"template":"","format":"standard","meta":{"_acf_changed":false,"footnotes":""},"categories":[1],"tags":[],"class_list":["post-8624","post","type-post","status-publish","format-standard","has-post-thumbnail","hentry","category-uncategorized"],"acf":[],"yoast_head":"<!-- This site is optimized with the Yoast SEO plugin v28.4 - https:\/\/yoast.com\/product\/yoast-seo-wordpress\/ -->\n<title>Vanguard Healthcare Solutions welcomes Rebecca Lythe as Chief Executive Officer - Vanguard Healthcare Solutions<\/title>\n<meta name=\"robots\" content=\"index, follow, max-snippet:-1, max-image-preview:large, max-video-preview:-1\" \/>\n<link rel=\"canonical\" href=\"https:\/\/www.vanguardhealthcare.co.uk\/pl_pl\/vanguard-healthcare-solutions-welcomes-rebecca-lythe-as-chief-executive-officer\/\" \/>\n<meta property=\"og:locale\" content=\"pl_PL\" \/>\n<meta property=\"og:type\" content=\"article\" \/>\n<meta property=\"og:title\" content=\"Vanguard Healthcare Solutions welcomes Rebecca Lythe as Chief Executive Officer - Vanguard Healthcare Solutions\" \/>\n<meta property=\"og:description\" content=\"Vanguard Healthcare Solutions is delighted to welcome Rebecca Lythe as our new Chief Executive Officer, as she takes up the role from 1 September 2026.\" \/>\n<meta property=\"og:url\" content=\"https:\/\/www.vanguardhealthcare.co.uk\/pl_pl\/vanguard-healthcare-solutions-welcomes-rebecca-lythe-as-chief-executive-officer\/\" \/>\n<meta property=\"og:site_name\" content=\"Vanguard Healthcare Solutions\" \/>\n<meta property=\"article:published_time\" content=\"2026-09-01T08:25:36+00:00\" \/>\n<meta property=\"article:modified_time\" content=\"2026-09-01T08:25:37+00:00\" \/>\n<meta property=\"og:image\" content=\"https:\/\/www.vanguardhealthcare.co.uk\/wp-content\/uploads\/2026\/09\/Untitled-design-17.png\" \/>\n\t<meta property=\"og:image:width\" content=\"1200\" \/>\n\t<meta property=\"og:image:height\" content=\"1200\" \/>\n\t<meta property=\"og:image:type\" content=\"image\/png\" \/>\n<meta name=\"author\" content=\"chrissybligh\" \/>\n<meta name=\"twitter:card\" content=\"summary_large_image\" \/>\n<meta name=\"twitter:label1\" content=\"Napisane przez\" \/>\n\t<meta name=\"twitter:data1\" content=\"chrissybligh\" \/>\n\t<meta name=\"twitter:label2\" content=\"Szacowany czas czytania\" \/>\n\t<meta name=\"twitter:data2\" content=\"2 minuty\" \/>\n<script type=\"application\/ld+json\" class=\"yoast-schema-graph\">{\"@context\":\"https:\\\/\\\/schema.org\",\"@graph\":[{\"@type\":\"Article\",\"@id\":\"https:\\\/\\\/www.vanguardhealthcare.co.uk\\\/vanguard-healthcare-solutions-welcomes-rebecca-lythe-as-chief-executive-officer\\\/#article\",\"isPartOf\":{\"@id\":\"https:\\\/\\\/www.vanguardhealthcare.co.uk\\\/vanguard-healthcare-solutions-welcomes-rebecca-lythe-as-chief-executive-officer\\\/\"},\"author\":{\"name\":\"chrissybligh\",\"@id\":\"https:\\\/\\\/www.vanguardhealthcare.co.uk\\\/#\\\/schema\\\/person\\\/a7817235898449de836f9c0de1c782d5\"},\"headline\":\"Vanguard Healthcare Solutions welcomes Rebecca Lythe as Chief Executive Officer\",\"datePublished\":\"2026-09-01T08:25:36+00:00\",\"dateModified\":\"2026-09-01T08:25:37+00:00\",\"mainEntityOfPage\":{\"@id\":\"https:\\\/\\\/www.vanguardhealthcare.co.uk\\\/vanguard-healthcare-solutions-welcomes-rebecca-lythe-as-chief-executive-officer\\\/\"},\"wordCount\":479,\"image\":{\"@id\":\"https:\\\/\\\/www.vanguardhealthcare.co.uk\\\/vanguard-healthcare-solutions-welcomes-rebecca-lythe-as-chief-executive-officer\\\/#primaryimage\"},\"thumbnailUrl\":\"https:\\\/\\\/www.vanguardhealthcare.co.uk\\\/wp-content\\\/uploads\\\/2026\\\/09\\\/Untitled-design-17.png\",\"articleSection\":[\"Uncategorized\"],\"inLanguage\":\"pl-PL\"},{\"@type\":\"WebPage\",\"@id\":\"https:\\\/\\\/www.vanguardhealthcare.co.uk\\\/vanguard-healthcare-solutions-welcomes-rebecca-lythe-as-chief-executive-officer\\\/\",\"url\":\"https:\\\/\\\/www.vanguardhealthcare.co.uk\\\/vanguard-healthcare-solutions-welcomes-rebecca-lythe-as-chief-executive-officer\\\/\",\"name\":\"Vanguard Healthcare Solutions welcomes Rebecca Lythe as Chief Executive Officer - Vanguard Healthcare Solutions\",\"isPartOf\":{\"@id\":\"https:\\\/\\\/www.vanguardhealthcare.co.uk\\\/#website\"},\"primaryImageOfPage\":{\"@id\":\"https:\\\/\\\/www.vanguardhealthcare.co.uk\\\/vanguard-healthcare-solutions-welcomes-rebecca-lythe-as-chief-executive-officer\\\/#primaryimage\"},\"image\":{\"@id\":\"https:\\\/\\\/www.vanguardhealthcare.co.uk\\\/vanguard-healthcare-solutions-welcomes-rebecca-lythe-as-chief-executive-officer\\\/#primaryimage\"},\"thumbnailUrl\":\"https:\\\/\\\/www.vanguardhealthcare.co.uk\\\/wp-content\\\/uploads\\\/2026\\\/09\\\/Untitled-design-17.png\",\"datePublished\":\"2026-09-01T08:25:36+00:00\",\"dateModified\":\"2026-09-01T08:25:37+00:00\",\"author\":{\"@id\":\"https:\\\/\\\/www.vanguardhealthcare.co.uk\\\/#\\\/schema\\\/person\\\/a7817235898449de836f9c0de1c782d5\"},\"breadcrumb\":{\"@id\":\"https:\\\/\\\/www.vanguardhealthcare.co.uk\\\/vanguard-healthcare-solutions-welcomes-rebecca-lythe-as-chief-executive-officer\\\/#breadcrumb\"},\"inLanguage\":\"pl-PL\",\"potentialAction\":[{\"@type\":\"ReadAction\",\"target\":[\"https:\\\/\\\/www.vanguardhealthcare.co.uk\\\/vanguard-healthcare-solutions-welcomes-rebecca-lythe-as-chief-executive-officer\\\/\"]}]},{\"@type\":\"ImageObject\",\"inLanguage\":\"pl-PL\",\"@id\":\"https:\\\/\\\/www.vanguardhealthcare.co.uk\\\/vanguard-healthcare-solutions-welcomes-rebecca-lythe-as-chief-executive-officer\\\/#primaryimage\",\"url\":\"https:\\\/\\\/www.vanguardhealthcare.co.uk\\\/wp-content\\\/uploads\\\/2026\\\/09\\\/Untitled-design-17.png\",\"contentUrl\":\"https:\\\/\\\/www.vanguardhealthcare.co.uk\\\/wp-content\\\/uploads\\\/2026\\\/09\\\/Untitled-design-17.png\",\"width\":1200,\"height\":1200},{\"@type\":\"BreadcrumbList\",\"@id\":\"https:\\\/\\\/www.vanguardhealthcare.co.uk\\\/vanguard-healthcare-solutions-welcomes-rebecca-lythe-as-chief-executive-officer\\\/#breadcrumb\",\"itemListElement\":[{\"@type\":\"ListItem\",\"position\":1,\"name\":\"Home\",\"item\":\"https:\\\/\\\/www.vanguardhealthcare.co.uk\\\/\"},{\"@type\":\"ListItem\",\"position\":2,\"name\":\"Vanguard Healthcare Solutions welcomes Rebecca Lythe as Chief Executive Officer\"}]},{\"@type\":\"WebSite\",\"@id\":\"https:\\\/\\\/www.vanguardhealthcare.co.uk\\\/#website\",\"url\":\"https:\\\/\\\/www.vanguardhealthcare.co.uk\\\/\",\"name\":\"Vanguard Healthcare Solutions\",\"description\":\"\",\"potentialAction\":[{\"@type\":\"SearchAction\",\"target\":{\"@type\":\"EntryPoint\",\"urlTemplate\":\"https:\\\/\\\/www.vanguardhealthcare.co.uk\\\/?s={search_term_string}\"},\"query-input\":{\"@type\":\"PropertyValueSpecification\",\"valueRequired\":true,\"valueName\":\"search_term_string\"}}],\"inLanguage\":\"pl-PL\"},{\"@type\":\"Person\",\"@id\":\"https:\\\/\\\/www.vanguardhealthcare.co.uk\\\/#\\\/schema\\\/person\\\/a7817235898449de836f9c0de1c782d5\",\"name\":\"chrissybligh\",\"image\":{\"@type\":\"ImageObject\",\"inLanguage\":\"pl-PL\",\"@id\":\"https:\\\/\\\/secure.gravatar.com\\\/avatar\\\/68263e1def00912ffced2190270fc09ca3bf608ccf0a2d6ad1fde586b4e54b10?s=96&d=mm&r=g\",\"url\":\"https:\\\/\\\/secure.gravatar.com\\\/avatar\\\/68263e1def00912ffced2190270fc09ca3bf608ccf0a2d6ad1fde586b4e54b10?s=96&d=mm&r=g\",\"contentUrl\":\"https:\\\/\\\/secure.gravatar.com\\\/avatar\\\/68263e1def00912ffced2190270fc09ca3bf608ccf0a2d6ad1fde586b4e54b10?s=96&d=mm&r=g\",\"caption\":\"chrissybligh\"}}]}<\/script>\n<!-- \/ Yoast SEO plugin. -->","yoast_head_json":{"title":"Vanguard Healthcare Solutions welcomes Rebecca Lythe as Chief Executive Officer - Vanguard Healthcare Solutions","robots":{"index":"index","follow":"follow","max-snippet":"max-snippet:-1","max-image-preview":"max-image-preview:large","max-video-preview":"max-video-preview:-1"},"canonical":"https:\/\/www.vanguardhealthcare.co.uk\/pl_pl\/vanguard-healthcare-solutions-welcomes-rebecca-lythe-as-chief-executive-officer\/","og_locale":"pl_PL","og_type":"article","og_title":"Vanguard Healthcare Solutions welcomes Rebecca Lythe as Chief Executive Officer - Vanguard Healthcare Solutions","og_description":"Vanguard Healthcare Solutions is delighted to welcome Rebecca Lythe as our new Chief Executive Officer, as she takes up the role from 1 September 2026.","og_url":"https:\/\/www.vanguardhealthcare.co.uk\/pl_pl\/vanguard-healthcare-solutions-welcomes-rebecca-lythe-as-chief-executive-officer\/","og_site_name":"Vanguard Healthcare Solutions","article_published_time":"2026-09-01T08:25:36+00:00","article_modified_time":"2026-09-01T08:25:37+00:00","og_image":[{"width":1200,"height":1200,"url":"https:\/\/www.vanguardhealthcare.co.uk\/wp-content\/uploads\/2026\/09\/Untitled-design-17.png","type":"image\/png"}],"author":"chrissybligh","twitter_card":"summary_large_image","twitter_misc":{"Napisane przez":"chrissybligh","Szacowany czas czytania":"2 minuty"},"schema":{"@context":"https:\/\/schema.org","@graph":[{"@type":"Article","@id":"https:\/\/www.vanguardhealthcare.co.uk\/vanguard-healthcare-solutions-welcomes-rebecca-lythe-as-chief-executive-officer\/#article","isPartOf":{"@id":"https:\/\/www.vanguardhealthcare.co.uk\/vanguard-healthcare-solutions-welcomes-rebecca-lythe-as-chief-executive-officer\/"},"author":{"name":"chrissybligh","@id":"https:\/\/www.vanguardhealthcare.co.uk\/#\/schema\/person\/a7817235898449de836f9c0de1c782d5"},"headline":"Vanguard Healthcare Solutions welcomes Rebecca Lythe as Chief Executive Officer","datePublished":"2026-09-01T08:25:36+00:00","dateModified":"2026-09-01T08:25:37+00:00","mainEntityOfPage":{"@id":"https:\/\/www.vanguardhealthcare.co.uk\/vanguard-healthcare-solutions-welcomes-rebecca-lythe-as-chief-executive-officer\/"},"wordCount":479,"image":{"@id":"https:\/\/www.vanguardhealthcare.co.uk\/vanguard-healthcare-solutions-welcomes-rebecca-lythe-as-chief-executive-officer\/#primaryimage"},"thumbnailUrl":"https:\/\/www.vanguardhealthcare.co.uk\/wp-content\/uploads\/2026\/09\/Untitled-design-17.png","articleSection":["Uncategorized"],"inLanguage":"pl-PL"},{"@type":"WebPage","@id":"https:\/\/www.vanguardhealthcare.co.uk\/vanguard-healthcare-solutions-welcomes-rebecca-lythe-as-chief-executive-officer\/","url":"https:\/\/www.vanguardhealthcare.co.uk\/vanguard-healthcare-solutions-welcomes-rebecca-lythe-as-chief-executive-officer\/","name":"Vanguard Healthcare Solutions welcomes Rebecca Lythe as Chief Executive Officer - Vanguard Healthcare Solutions","isPartOf":{"@id":"https:\/\/www.vanguardhealthcare.co.uk\/#website"},"primaryImageOfPage":{"@id":"https:\/\/www.vanguardhealthcare.co.uk\/vanguard-healthcare-solutions-welcomes-rebecca-lythe-as-chief-executive-officer\/#primaryimage"},"image":{"@id":"https:\/\/www.vanguardhealthcare.co.uk\/vanguard-healthcare-solutions-welcomes-rebecca-lythe-as-chief-executive-officer\/#primaryimage"},"thumbnailUrl":"https:\/\/www.vanguardhealthcare.co.uk\/wp-content\/uploads\/2026\/09\/Untitled-design-17.png","datePublished":"2026-09-01T08:25:36+00:00","dateModified":"2026-09-01T08:25:37+00:00","author":{"@id":"https:\/\/www.vanguardhealthcare.co.uk\/#\/schema\/person\/a7817235898449de836f9c0de1c782d5"},"breadcrumb":{"@id":"https:\/\/www.vanguardhealthcare.co.uk\/vanguard-healthcare-solutions-welcomes-rebecca-lythe-as-chief-executive-officer\/#breadcrumb"},"inLanguage":"pl-PL","potentialAction":[{"@type":"ReadAction","target":["https:\/\/www.vanguardhealthcare.co.uk\/vanguard-healthcare-solutions-welcomes-rebecca-lythe-as-chief-executive-officer\/"]}]},{"@type":"ImageObject","inLanguage":"pl-PL","@id":"https:\/\/www.vanguardhealthcare.co.uk\/vanguard-healthcare-solutions-welcomes-rebecca-lythe-as-chief-executive-officer\/#primaryimage","url":"https:\/\/www.vanguardhealthcare.co.uk\/wp-content\/uploads\/2026\/09\/Untitled-design-17.png","contentUrl":"https:\/\/www.vanguardhealthcare.co.uk\/wp-content\/uploads\/2026\/09\/Untitled-design-17.png","width":1200,"height":1200},{"@type":"BreadcrumbList","@id":"https:\/\/www.vanguardhealthcare.co.uk\/vanguard-healthcare-solutions-welcomes-rebecca-lythe-as-chief-executive-officer\/#breadcrumb","itemListElement":[{"@type":"ListItem","position":1,"name":"Home","item":"https:\/\/www.vanguardhealthcare.co.uk\/"},{"@type":"ListItem","position":2,"name":"Vanguard Healthcare Solutions welcomes Rebecca Lythe as Chief Executive Officer"}]},{"@type":"WebSite","@id":"https:\/\/www.vanguardhealthcare.co.uk\/#website","url":"https:\/\/www.vanguardhealthcare.co.uk\/","name":"Rozwi\u0105zania Vanguard dla opieki zdrowotnej","description":"","potentialAction":[{"@type":"SearchAction","target":{"@type":"EntryPoint","urlTemplate":"https:\/\/www.vanguardhealthcare.co.uk\/?s={search_term_string}"},"query-input":{"@type":"PropertyValueSpecification","valueRequired":true,"valueName":"search_term_string"}}],"inLanguage":"pl-PL"},{"@type":"Person","@id":"https:\/\/www.vanguardhealthcare.co.uk\/#\/schema\/person\/a7817235898449de836f9c0de1c782d5","name":"chrissybligh","image":{"@type":"ImageObject","inLanguage":"pl-PL","@id":"https:\/\/secure.gravatar.com\/avatar\/68263e1def00912ffced2190270fc09ca3bf608ccf0a2d6ad1fde586b4e54b10?s=96&d=mm&r=g","url":"https:\/\/secure.gravatar.com\/avatar\/68263e1def00912ffced2190270fc09ca3bf608ccf0a2d6ad1fde586b4e54b10?s=96&d=mm&r=g","contentUrl":"https:\/\/secure.gravatar.com\/avatar\/68263e1def00912ffced2190270fc09ca3bf608ccf0a2d6ad1fde586b4e54b10?s=96&d=mm&r=g","caption":"chrissybligh"}}]}},"_links":{"self":[{"href":"https:\/\/www.vanguardhealthcare.co.uk\/pl_pl\/wp-json\/wp\/v2\/posts\/8624","targetHints":{"allow":["GET"]}}],"collection":[{"href":"https:\/\/www.vanguardhealthcare.co.uk\/pl_pl\/wp-json\/wp\/v2\/posts"}],"about":[{"href":"https:\/\/www.vanguardhealthcare.co.uk\/pl_pl\/wp-json\/wp\/v2\/types\/post"}],"author":[{"embeddable":true,"href":"https:\/\/www.vanguardhealthcare.co.uk\/pl_pl\/wp-json\/wp\/v2\/users\/11"}],"replies":[{"embeddable":true,"href":"https:\/\/www.vanguardhealthcare.co.uk\/pl_pl\/wp-json\/wp\/v2\/comments?post=8624"}],"version-history":[{"count":2,"href":"https:\/\/www.vanguardhealthcare.co.uk\/pl_pl\/wp-json\/wp\/v2\/posts\/8624\/revisions"}],"predecessor-version":[{"id":8627,"href":"https:\/\/www.vanguardhealthcare.co.uk\/pl_pl\/wp-json\/wp\/v2\/posts\/8624\/revisions\/8627"}],"wp:featuredmedia":[{"embeddable":true,"href":"https:\/\/www.vanguardhealthcare.co.uk\/pl_pl\/wp-json\/wp\/v2\/media\/8625"}],"wp:attachment":[{"href":"https:\/\/www.vanguardhealthcare.co.uk\/pl_pl\/wp-json\/wp\/v2\/media?parent=8624"}],"wp:term":[{"taxonomy":"category","embeddable":true,"href":"https:\/\/www.vanguardhealthcare.co.uk\/pl_pl\/wp-json\/wp\/v2\/categories?post=8624"},{"taxonomy":"post_tag","embeddable":true,"href":"https:\/\/www.vanguardhealthcare.co.uk\/pl_pl\/wp-json\/wp\/v2\/tags?post=8624"}],"curies":[{"name":"wp","href":"https:\/\/api.w.org\/{rel}","templated":true}]}}