{"id":7573,"date":"2024-10-22T11:21:39","date_gmt":"2024-10-22T11:21:39","guid":{"rendered":"https:\/\/www.vanguardhealthcare.co.uk\/?p=7573"},"modified":"2024-10-22T11:24:35","modified_gmt":"2024-10-22T11:24:35","slug":"how-a-staffed-vanguard-day-case-facility-is-helping-milton-keynes-university-hospital-reduce-the-elective-backlog","status":"publish","type":"post","link":"https:\/\/www.vanguardhealthcare.co.uk\/pl_pl\/how-a-staffed-vanguard-day-case-facility-is-helping-milton-keynes-university-hospital-reduce-the-elective-backlog\/","title":{"rendered":"W jaki spos\u00f3b obsadzona personelem plac\u00f3wka Vanguard Day Case pomaga Szpitalowi Uniwersyteckiemu Milton Keynes w zmniejszeniu zaleg\u0142o\u015bci w zakresie zabieg\u00f3w planowych"},"content":{"rendered":"<p>Plac\u00f3wka opieki dziennej powstaje w wyniku p\u0142ynnego po\u0142\u0105czenia mobilnej sali operacyjnej i mobilnego oddzia\u0142u. Zesp\u00f3\u0142 kliniczny Vanguard wspiera chirurg\u00f3w i anestezjolog\u00f3w, maksymalizuj\u0105c wydajno\u015b\u0107 i optymalizuj\u0105c do\u015bwiadczenia pacjent\u00f3w.<\/p>\n<p>Obejrzyj wywiad lub przeczytaj jego transkrypt poni\u017cej.<\/p>\n<p>Dla lepszego zrozumienia, istnieje studium przypadku, <strong><a href=\"https:\/\/www.vanguardhealthcare.co.uk\/pl_pl\/case-study\/a-new-day-case-unit-to-increase-surgical-capacity\/\">Tutaj<\/a><\/strong><\/p>\n<p>Wywiad z Claire McGillycuddy, zast\u0119pc\u0105 dyrektora ds. operacji w zakresie chirurgii i opieki planowej, mo\u017cna obejrze\u0107 tutaj: <a href=\"https:\/\/www.vanguardhealthcare.co.uk\/pl_pl\/creating-the-effective-day-case-unit-at-milton-keynes-university-hospital\/\"><strong>Tutaj<\/strong><\/a><\/p>\n<figure class=\"wp-block-embed is-type-video is-provider-vimeo wp-block-embed-vimeo wp-embed-aspect-16-9 wp-has-aspect-ratio\">\n<div class=\"wp-block-embed__wrapper\">\n<iframe loading=\"lazy\" title=\"Wywiad z Hamidem Manjim\" src=\"https:\/\/player.vimeo.com\/video\/1019755164?dnt=1&amp;app_id=122963\" width=\"500\" height=\"281\" frameborder=\"0\" allow=\"autoplay; fullscreen; picture-in-picture; clipboard-write\"><\/iframe>\n<\/div>\n<\/figure>\n<section id=\"section-2-254\" class=\"ct-section\" >\n<div class=\"ct-section-inner-wrap\">\n<div id=\"fancy_icon-5-254\" class=\"ct-fancy-icon\" ><svg id=\"svg-fancy_icon-5-254\"><use xlink:href=\"#FontAwesomeicon-quote-left\"><\/use><\/svg><\/div>\n<div id=\"text_block-3-254\" class=\"ct-text-block\" >\u201eDo\u015bwiadczenia pacjent\u00f3w, od pacjent\u00f3w, kt\u00f3rzy nam przekazali informacje zwrotne, by\u0142y doskona\u0142e. Naprawd\u0119 podoba\u0142 im si\u0119 oddzia\u0142 Vanguard. Podoba\u0142 im si\u0119 fakt, \u017ce maj\u0105 operacje znacznie wcze\u015bniej, ni\u017c mogliby to zrobi\u0107 w innych okoliczno\u015bciach, a tak\u017ce personel, zar\u00f3wno personel chirurgii jednodniowej, jak i zesp\u00f3\u0142 Vanguard, s\u0105, jak ju\u017c powiedzia\u0142em, wysoce profesjonalni, naprawd\u0119 skupieni na bezpiecze\u0144stwie pacjenta i jego do\u015bwiadczeniu, i zapewniaj\u0105 naprawd\u0119 dobre do\u015bwiadczenia tym pacjentom. Tak wi\u0119c, przyt\u0142aczaj\u0105ce do\u015bwiadczenie by\u0142o bardzo pozytywne\u201d.<\/div>\n<div id=\"text_block-4-254\" class=\"ct-text-block\" >Dr Hamid Manji, konsultant anestezjolog i dyrektor medyczny ds. opieki planowanej<\/div>\n<\/div>\n<\/section>\n<hr class=\"wp-block-separator has-alpha-channel-opacity\" \/>\n<p class=\"has-base-color has-text-color has-link-color has-small-font-size wp-elements-506b8a336cb7d7d556000002c3c9f6d6\">\n<p>Chris:<\/p>\n<p>Cze\u015b\u0107, Hamid. Naprawd\u0119 mi\u0142o by\u0142o z tob\u0105 dzisiaj porozmawia\u0107. Masz jednostk\u0119 Vanguard na miejscu od nieco ponad trzech miesi\u0119cy. By\u0142oby naprawd\u0119 mi\u0142o us\u0142ysze\u0107 od ciebie, jak ci idzie, jak si\u0119 z tym czujesz i jak zesp\u00f3\u0142 chirurg\u00f3w to odbiera.<\/p>\n<p class=\"has-vivid-purple-color has-text-color has-link-color wp-elements-9e5d6a2347d83fe394c5cc41e9391e16\">Hamid:<\/p>\n<p class=\"has-vivid-purple-color has-text-color has-link-color wp-elements-da94408487afcce6cf636b0512673ab5\">No c\u00f3\u017c, \u017ceby si\u0119 przedstawi\u0107, jestem Hamid. Jestem jednym z anestezjolog\u00f3w i jestem dyrektorem medycznym w opiece planowanej. Pracowa\u0142em na oddziale, wi\u0119c mog\u0119 powiedzie\u0107 z w\u0142asnego do\u015bwiadczenia, \u017ce w ci\u0105gu trzech miesi\u0119cy stopniowo poprawili\u015bmy nasz\u0105 zdolno\u015b\u0107 robocz\u0105 na Vanguard (teatr). To by\u0142o fantastyczne do\u015bwiadczenie dla wszystkich zainteresowanych; chirurdzy i anestezjolodzy, kt\u00f3rzy tam pracowali, ja jestem jednym z nich, naprawd\u0119 cieszyli si\u0119 tym do\u015bwiadczeniem. Wyci\u0105gn\u0119\u0142o nas to z g\u0142\u00f3wnych sal operacyjnych. To bardzo ciche \u015brodowisko, bardzo spokojne. Wydaje si\u0119 bardzo odosobnione, ale pod pewnymi wzgl\u0119dami jest bardzo dobre pod wzgl\u0119dem dost\u0119pu do naszych pacjent\u00f3w i dobrego do\u015bwiadczenia pacjent\u00f3w. A pacjenci byli bardzo dobrze zaopiekowani.<\/p>\n<p>Chris:<\/p>\n<p>\u015awietnie. Wspomnia\u0142e\u015b o tym tam, troch\u0119, ale by\u0142oby to naprawd\u0119 interesuj\u0105ce, po prostu pod wzgl\u0119dem tego, jak bardzo r\u00f3\u017cni si\u0119 to od twoich zwyk\u0142ych teatr\u00f3w i zwyk\u0142ego \u015brodowiska operacyjnego\u2026<\/p>\n<p class=\"has-vivid-purple-color has-text-color has-link-color wp-elements-9e5d6a2347d83fe394c5cc41e9391e16\">Hamid:<\/p>\n<p class=\"has-vivid-purple-color has-text-color has-link-color wp-elements-67095a79a4d25a66163b340861d3b871\">Tak. Wi\u0119c jest inaczej w tym sensie, \u017ce to kwestia nastawienia, w tym sensie, \u017ce jeste\u015b w Vanguard, a nie w naszych g\u0142\u00f3wnych salach operacyjnych. To normalne \u015brodowisko operacyjne, wi\u0119c ca\u0142y sprz\u0119t jest dok\u0142adnie taki, jakiego spodziewaliby\u015bmy si\u0119 w normalnej sali operacyjnej, zar\u00f3wno chirurgiczny, jak i anestezjologiczny. Jako anestezjolog wchodzimy tam w parach. Mamy tam dwie osoby ka\u017cdego dnia i wiesz, \u017ce b\u0119dziesz tam ca\u0142y dzie\u0144. Wi\u0119c ustalasz swoj\u0105 rutyn\u0119 na dany dzie\u0144, spotykasz swoich pacjent\u00f3w i skupiasz si\u0119 tylko na pacjentach, kt\u00f3rymi b\u0119dziesz si\u0119 opiekowa\u0107 tego dnia. W przeciwie\u0144stwie do g\u0142\u00f3wnej sali operacyjnej, gdzie mo\u017ce ci\u0119 zak\u0142\u00f3ci\u0107 wiele r\u00f3\u017cnych wp\u0142yw\u00f3w.<\/p>\n<p>Chris:<\/p>\n<p>Wracaj\u0105c wi\u0119c do procesu decyzyjnego, przez kt\u00f3ry Pan przeszed\u0142, i r\u00f3\u017cnych opcji, kt\u00f3re by\u0142y Panu brane pod uwag\u0119, by\u0142oby naprawd\u0119 dobrze zrozumie\u0107 z klinicznego i medycznego punktu widzenia, dlaczego uzna\u0142 Pan, \u017ce urz\u0105dzenie Vanguard jest dla Pana najlepszym rozwi\u0105zaniem?<\/p>\n<hr class=\"wp-block-separator has-alpha-channel-opacity\" \/>\n<section id=\"section-2-254\" class=\"ct-section\" >\n<div class=\"ct-section-inner-wrap\">\n<div id=\"fancy_icon-5-254\" class=\"ct-fancy-icon\" ><svg id=\"svg-fancy_icon-5-254\"><use xlink:href=\"#FontAwesomeicon-quote-left\"><\/use><\/svg><\/div>\n<div id=\"text_block-3-254\" class=\"ct-text-block\" >\u201e\u2026uznano, \u017ce kliniczne znaczenie tego zjawiska nie powinno zosta\u0107 przeoczone i powinno by\u0107 najwa\u017cniejsze, i na tej podstawie podj\u0119li\u015bmy decyzj\u0119 o sprowadzeniu zespo\u0142u Vanguard do szpitala w Milton Keynes\u201d.<\/div>\n<div id=\"text_block-4-254\" class=\"ct-text-block\" >Dr Hamid Manji, konsultant anestezjolog i dyrektor medyczny ds. opieki planowanej<\/div>\n<\/div>\n<\/section>\n<blockquote class=\"wp-block-quote has-text-align-right is-style-default has-base-color has-base-background-color has-text-color has-background has-link-color wp-elements-d289965dc23d7274cf52bba67a6b580e is-layout-flow wp-container-core-quote-is-layout-8a368f38 wp-block-quote-is-layout-flow\">\n<\/blockquote>\n<hr class=\"wp-block-separator has-alpha-channel-opacity\" \/>\n<p class=\"has-vivid-purple-color has-text-color has-link-color wp-elements-9e5d6a2347d83fe394c5cc41e9391e16\">Hamid:<\/p>\n<p class=\"has-vivid-purple-color has-text-color has-link-color wp-elements-c9947ee4b4e6b5cebc677b8ebf97b751\">Tak, to bardzo dobre pytanie. Tak wi\u0119c naszym najwi\u0119kszym problemem by\u0142a pojemno\u015b\u0107 sali operacyjnej. Klinicznie jeste\u015bmy bardzo \u015bwiadomi, \u017ce nasi pacjenci czekaj\u0105 d\u0142u\u017cej, ni\u017c powinni. Rozwa\u017cali\u015bmy wiele opcji, aby spr\u00f3bowa\u0107 zrozumie\u0107, jak mo\u017cemy wprowadzi\u0107 t\u0119 pojemno\u015b\u0107. Ale tak naprawd\u0119, ostatecznie by\u0142a to kliniczna dyskusja z zespo\u0142em zarz\u0105dzaj\u0105cym, kt\u00f3ry bardzo popiera\u0142 fakt, \u017ce musimy rozszerzy\u0107 i zwi\u0119kszy\u0107 pojemno\u015b\u0107 sali operacyjnej, aby skr\u00f3ci\u0107 d\u0142ugi czas oczekiwania naszych pacjent\u00f3w, i to zosta\u0142o dobrze przyj\u0119te. Przesz\u0142o to przez w\u0142a\u015bciwe kana\u0142y pod wzgl\u0119dem dyskusji na szczeblu kierowniczym i uznano, \u017ce kliniczne znaczenie tego nie powinno zosta\u0107 przeoczone i powinno by\u0107 najwa\u017cniejsze, i na tej podstawie podj\u0119li\u015bmy decyzj\u0119 o sprowadzeniu zespo\u0142u Vanguard do szpitala Milton Keynes.<\/p>\n<p>Chris:<\/p>\n<p>To naprawd\u0119 interesuj\u0105ce i naprawd\u0119 dobrze s\u0142ysze\u0107, \u017ce to zesp\u00f3\u0142 kliniczny zidentyfikowa\u0142 potrzeb\u0119 tutaj, a nast\u0119pnie \u015bci\u015ble wsp\u00f3\u0142pracowa\u0142 z zespo\u0142em zarz\u0105dzaj\u0105cym, aby to przeprowadzi\u0107. Brzmi jak przypadek.<\/p>\n<p class=\"has-vivid-purple-color has-text-color has-link-color wp-elements-9e5d6a2347d83fe394c5cc41e9391e16\">Hamid:<\/p>\n<p class=\"has-vivid-purple-color has-text-color has-link-color wp-elements-d66eb32bcae4aff0442199918ce5abe7\">Tak, bardzo. Zesp\u00f3\u0142 zarz\u0105dzaj\u0105cy, zesp\u00f3\u0142 wykonawczy rzuci\u0142 nam wyzwanie, jako zespo\u0142owi klinicznemu, aby\u015bmy zrozumieli, jakie s\u0105 opcje. Przeanalizowali\u015bmy wiele r\u00f3\u017cnych opcji, w tym prac\u0119 w weekendy, co robimy obecnie i robimy od jakiego\u015b czasu, ale my, zesp\u00f3\u0142 kliniczny, uznali\u015bmy, \u017ce konieczne jest zwi\u0119kszenie pojemno\u015bci naszego teatru, aby spr\u00f3bowa\u0107 skr\u00f3ci\u0107 czas oczekiwania. I to w\u0142a\u015bnie nam si\u0119 udaje.<\/p>\n<p>Chris:<\/p>\n<p>A wcze\u015bniej m\u00f3wi\u0142e\u015b o tym, \u017ce zacz\u0105\u0142e\u015b stosunkowo wolno, a potem z czasem to si\u0119 narasta\u0142o. Brzmi to tak, jakby\u015b stawa\u0142 si\u0119 bardziej wydajny w jednostce. Dobrze by\u0142oby wi\u0119c zrozumie\u0107, bior\u0105c pod uwag\u0119, \u017ce wydajno\u015b\u0107 jest obecnie do\u015b\u0107 du\u017cym motorem nap\u0119dowym, jak rozwijasz t\u0119 stron\u0119 wydajno\u015bci.<\/p>\n<p class=\"has-vivid-purple-color has-text-color has-link-color wp-elements-9e5d6a2347d83fe394c5cc41e9391e16\">Hamid:<\/p>\n<p class=\"has-vivid-purple-color has-text-color has-link-color wp-elements-0e57aedb68dd80820e62552222d2e64f\">To dobre pytanie, poniewa\u017c wydajno\u015b\u0107 ma r\u00f3\u017cne aspekty. Jest aspekt czynnika ludzkiego, do kt\u00f3rego przejd\u0119, a potem jest aspekt operacyjny. Wi\u0119c, czynniki ludzkie; wyra\u017anie zaczynali\u015bmy jako dwa oddzielne zespo\u0142y. Jest zesp\u00f3\u0142 Vanguard, kt\u00f3ry pracuje na sali operacyjnej, i jest nasz zesp\u00f3\u0142 chirurgii jednego dnia, kt\u00f3ry jest cz\u0119\u015bci\u0105 naszego szpitala, a potem jest zesp\u00f3\u0142 chirurgii i anestezjologii, kt\u00f3ry jest r\u00f3wnie\u017c cz\u0119\u015bci\u0105 MKUH, i poznali\u015bmy si\u0119.<\/p>\n<p class=\"has-vivid-purple-color has-text-color has-link-color wp-elements-7fbd64e81b66fb1a7a88b27b480bad72\">To zajmuje troch\u0119 czasu. Poznali\u015bmy, jak ka\u017cdy z nas pracuje, jakie mamy wobec siebie oczekiwania. Musz\u0119 powiedzie\u0107, \u017ce moje zrozumienie i wiedza na temat zespo\u0142u Vanguard wskazuj\u0105, \u017ce s\u0105 oni niezwykle profesjonalni, co by\u0142o wspania\u0142e. A wraz z rozwojem tej etosu zespo\u0142u, stali\u015bmy si\u0119 bardziej wydajni, poniewa\u017c zrozumieli\u015bmy, jak ka\u017cdy z nas pracuje.<\/p>\n<p class=\"has-vivid-purple-color has-text-color has-link-color wp-elements-7ea7534dd707d91b4e01f9ee617fa10d\">A w operacyjnej stronie rzeczy chodzi o to, aby upewni\u0107 si\u0119, \u017ce mamy odpowiedni sprz\u0119t, odpowiednie materia\u0142y jednorazowego u\u017cytku, aby upewni\u0107 si\u0119, \u017ce HST zarz\u0105dza naszym sprz\u0119tem, tak aby\u015bmy nast\u0119pnego dnia mieli ponownie odpowiedni sprz\u0119t. I tak przepustowo\u015b\u0107 si\u0119 poprawi\u0142a, poniewa\u017c lepiej rozwin\u0119li\u015bmy te procesy.<\/p>\n<p>Chris:<\/p>\n<p>Czy m\u00f3g\u0142by\u015b mi opowiedzie\u0107, czym zajmujesz si\u0119 w oddziale i jakie specjalizacje realizujesz?<\/p>\n<hr class=\"wp-block-separator has-alpha-channel-opacity\" \/>\n<section id=\"section-2-254\" class=\"ct-section\" >\n<div class=\"ct-section-inner-wrap\">\n<div id=\"fancy_icon-5-254\" class=\"ct-fancy-icon\" ><svg id=\"svg-fancy_icon-5-254\"><use xlink:href=\"#FontAwesomeicon-quote-left\"><\/use><\/svg><\/div>\n<div id=\"text_block-3-254\" class=\"ct-text-block\" >\u201eZacz\u0119li\u015bmy od specjalizacji, na kt\u00f3re pacjenci czekali najd\u0142u\u017cej, i starali\u015bmy si\u0119 jak najszybciej skr\u00f3ci\u0107 te czasy oczekiwania. Nast\u0119pnie, gdy pojawi\u0105 si\u0119 inne punkty krytyczne, b\u0119dziemy wyra\u017anie elastyczni, aby spr\u00f3bowa\u0107 skoordynowa\u0107 dzia\u0142ania, aby zmieni\u0107 specjalizacje i zawsze stara\u0107 si\u0119 zapewni\u0107 pacjentom najlepsz\u0105 opiek\u0119\u201d.<\/div>\n<div id=\"text_block-4-254\" class=\"ct-text-block\" >Dr Hamid Manji, konsultant anestezjolog i dyrektor medyczny ds. opieki planowanej<\/div>\n<\/div>\n<\/section>\n<hr class=\"wp-block-separator has-alpha-channel-opacity\" \/>\n<p class=\"has-vivid-purple-color has-text-color has-link-color wp-elements-9e5d6a2347d83fe394c5cc41e9391e16\">Hamid:<\/p>\n<p class=\"has-vivid-purple-color has-text-color has-link-color wp-elements-22d0b3468b6d883ea70f224fa8e849ab\">Tak. Wi\u0119c pierwsz\u0105 rzecz\u0105, kt\u00f3r\u0105 nale\u017cy powiedzie\u0107, jest to, \u017ce to przypadek ca\u0142odniowy. To \u015bwietnie, poniewa\u017c skupiamy si\u0119 na konkretnym rodzaju pacjent\u00f3w. Zwykle s\u0105 to pacjenci ASA 1 lub 2, a my u\u017cywamy Vanguard w r\u00f3\u017cnych specjalno\u015bciach, aby mie\u0107 pewno\u015b\u0107, \u017ce maksymalizujemy jego wykorzystanie i \u017ce nasza wydajno\u015b\u0107 jest zmaksymalizowana. I byliby to pacjenci z chirurgii og\u00f3lnej, ortopedii, niekt\u00f3rzy urologii i niekt\u00f3rzy pacjenci stomatologiczni.<\/p>\n<p>Chris:<\/p>\n<p>A je\u015bli chodzi o to, jak widzisz rozw\u00f3j tego w ci\u0105gu najbli\u017cszych kilku miesi\u0119cy, czy jest jaka\u015b konkretna droga? Mam wra\u017cenie, \u017ce robisz naprawd\u0119 dobre post\u0119py na listach oczekuj\u0105cych, kt\u00f3re masz, i dlatego b\u0119d\u0105 inne elementy, kt\u00f3re, jak s\u0105dz\u0119, nagle zaczn\u0105 wygl\u0105da\u0107 jak nowe wyzwania. Wi\u0119c jak widzisz rozw\u00f3j tego w ci\u0105gu najbli\u017cszych kilku miesi\u0119cy?<\/p>\n<p class=\"has-vivid-purple-color has-text-color has-link-color wp-elements-9e5d6a2347d83fe394c5cc41e9391e16\">Hamid:<\/p>\n<p class=\"has-vivid-purple-color has-text-color has-link-color wp-elements-3cd618239ef0ca21ab1b13693ed88fc5\">Tak. Wi\u0119c my\u015bl\u0119, \u017ce znowu trafi\u0142e\u015b w sedno. To ewoluuj\u0105cy obraz. Zacz\u0119li\u015bmy od specjalizacji, na kt\u00f3re pacjenci czekali najd\u0142u\u017cej i starali\u015bmy si\u0119 skr\u00f3ci\u0107 te czasy oczekiwania tak szybko, jak to mo\u017cliwe. Nast\u0119pnie, gdy pojawi\u0105 si\u0119 inne punkty krytyczne, b\u0119dziemy wyra\u017anie elastyczni, aby spr\u00f3bowa\u0107 skoordynowa\u0107 dzia\u0142ania, aby zmieni\u0107 specjalizacje, aby zawsze stara\u0107 si\u0119 zapewni\u0107 najlepsz\u0105 opiek\u0119 pacjentom, kt\u00f3rzy czekaj\u0105 najd\u0142u\u017cej, i upewni\u0107 si\u0119, \u017ce zmieniamy rzeczy odpowiednio, aby skr\u00f3ci\u0107 te czasy oczekiwania na ca\u0142ej linii, a nie tylko konkretnie w specjalizacjach, kt\u00f3re wymieni\u0142em.<\/p>\n<p>Chris:<\/p>\n<p>Masz samodzielny Oddzia\u0142 Przypadk\u00f3w Dziennych z oddzia\u0142em i mobiln\u0105 sal\u0105 operacyjn\u0105, co zapewnia dodatkow\u0105 pojemno\u015b\u0107, ale tak\u017ce, przenosz\u0105c pacjent\u00f3w z tradycyjnych sal operacyjnych, zwalniasz tam dodatkowe miejsca. Wi\u0119c dobrze by\u0142oby us\u0142ysze\u0107, jak wykorzystujesz t\u0119 dodatkow\u0105 pojemno\u015b\u0107 zar\u00f3wno na istniej\u0105cych salach operacyjnych, jak i na sali Vanguard, i jak to planujesz i zarz\u0105dzasz.<\/p>\n<p class=\"has-vivid-purple-color has-text-color has-link-color wp-elements-9e5d6a2347d83fe394c5cc41e9391e16\">Hamid:<\/p>\n<p class=\"has-vivid-purple-color has-text-color has-link-color wp-elements-768962d221f52b1a102159bf6fd11a34\">Tak. Wi\u0119c ponownie, podstawowym powodem, dla kt\u00f3rego mamy Vanguard, jest zwi\u0119kszenie pojemno\u015bci naszego teatru, co zawsze by\u0142o punktem krytycznym. Wi\u0119c wykorzystujemy Vanguard. Pacjenci, kt\u00f3rzy tam trafiaj\u0105, s\u0105 na tej samej \u015bcie\u017cce, na kt\u00f3rej normalnie by byli. Wi\u0119c przychodz\u0105 na nasz oddzia\u0142 chirurgii jednego dnia, s\u0105 tam przyjmowani i tam badani, a nast\u0119pnie s\u0105 przewo\u017ceni na oddzia\u0142 Vanguard, a nast\u0119pnie przebywaj\u0105 na oddziale Vanguard w celu rekonwalescencji, a nast\u0119pnie w domu. Tak wi\u0119c zdejmuje to ci\u0119\u017car pacjent\u00f3w, je\u015bli tak mo\u017cna powiedzie\u0107, ci\u0119\u017car pracy z istniej\u0105cych zespo\u0142\u00f3w teatralnych, a nast\u0119pnie uzupe\u0142niamy nasze puste sale lub puste sale innymi specjalno\u015bciami lub innymi d\u0142ugo czekaj\u0105cymi pacjentami, a tak\u017ce innymi pacjentami onkologicznymi, kt\u00f3rzy r\u00f3wnie\u017c czekaj\u0105.<\/p>\n<p>Chris:<\/p>\n<p>Wspomnia\u0142e\u015b o tamtejszych pacjentach. Zawsze pojawia si\u0119 odrobina obaw, kiedy zaczynamy rozmawia\u0107 z lekarzami i kadr\u0105 kierownicz\u0105 NHS, \u017ce do\u015bwiadczenia pacjent\u00f3w (w plac\u00f3wce mobilnej) mog\u0105 nie by\u0107 takie same. Dobrze by\u0142oby us\u0142ysze\u0107 od Ciebie, jak pacjenci odnie\u015bli si\u0119 na oddziale.<\/p>\n<p class=\"has-vivid-purple-color has-text-color has-link-color wp-elements-9e5d6a2347d83fe394c5cc41e9391e16\">Hamid:<\/p>\n<p class=\"has-vivid-purple-color has-text-color has-link-color wp-elements-03873a216ec1d1d5a4827362f4a8479f\">Tak wi\u0119c, do\u015bwiadczenia pacjent\u00f3w, kt\u00f3rzy nam przekazali informacje zwrotne, by\u0142y doskona\u0142e. Naprawd\u0119 podoba\u0142 im si\u0119 oddzia\u0142 Vanguard. Podoba\u0142 im si\u0119 fakt, \u017ce maj\u0105 operacje znacznie wcze\u015bniej, ni\u017c mogliby to zrobi\u0107 w innych okoliczno\u015bciach, a tak\u017ce personel, zar\u00f3wno personel chirurgii jednodniowej, jak i zesp\u00f3\u0142 Vanguard, s\u0105, jak ju\u017c powiedzia\u0142em, wysoce profesjonalni, naprawd\u0119 skupieni na bezpiecze\u0144stwie pacjenta i jego do\u015bwiadczeniach i zapewniaj\u0105 naprawd\u0119 dobre do\u015bwiadczenia tym pacjentom. Tak wi\u0119c, przyt\u0142aczaj\u0105ce do\u015bwiadczenie by\u0142o bardzo pozytywne.<\/p>\n<hr class=\"wp-block-separator has-alpha-channel-opacity\" \/>\n<section id=\"section-2-254\" class=\"ct-section\" >\n<div class=\"ct-section-inner-wrap\">\n<div id=\"fancy_icon-5-254\" class=\"ct-fancy-icon\" ><svg id=\"svg-fancy_icon-5-254\"><use xlink:href=\"#FontAwesomeicon-quote-left\"><\/use><\/svg><\/div>\n<div id=\"text_block-3-254\" class=\"ct-text-block\" >\u201eWska\u017aniki pacjenta\u2026 dotycz\u0105 do\u015bwiadcze\u0144 pacjenta i jego bezpiecze\u0144stwa. Dbamy o to, aby zapewni\u0107 najbezpieczniejsz\u0105 opiek\u0119, jak\u0105 mo\u017cemy zapewni\u0107, a pacjent ma fantastyczne do\u015bwiadczenia. Zasadniczo dla nich, ich procedury s\u0105 wykonywane wcze\u015bniej, znacznie wcze\u015bniej, ni\u017c mogliby to zrobi\u0107 w innych okoliczno\u015bciach. Wi\u0119c s\u0105 z tego powodu bardzo, bardzo zadowoleni\u201d.<\/div>\n<div id=\"text_block-4-254\" class=\"ct-text-block\" >Dr Hamid Manji, konsultant anestezjolog i dyrektor medyczny ds. opieki planowanej<\/div>\n<\/div>\n<\/section>\n<hr class=\"wp-block-separator has-alpha-channel-opacity\" \/>\n<blockquote class=\"wp-block-quote has-text-align-right is-layout-flow wp-block-quote-is-layout-flow\">\n<\/blockquote>\n<p>Chris:<\/p>\n<p>My\u015bl\u0119, \u017ce zawsze istnieje niebezpiecze\u0144stwo m\u00f3wienia o liczbie pacjent\u00f3w i skr\u00f3ceniu listy oczekuj\u0105cych, zamiast my\u015blenia o ludzkich historiach, kt\u00f3re za tym stoj\u0105. Dobrze by\u0142oby wi\u0119c us\u0142ysze\u0107, jak pacjenci korzystaj\u0105 z dodatkowych mo\u017cliwo\u015bci i posiadania oddzia\u0142u tutaj.<\/p>\n<p class=\"has-vivid-purple-color has-text-color has-link-color wp-elements-9e5d6a2347d83fe394c5cc41e9391e16\">Hamid:<\/p>\n<p class=\"has-vivid-purple-color has-text-color has-link-color wp-elements-21fd9a92dcad7725f64675eb8a0f3654\">Tak. Tak wi\u0119c podstawowym powodem, dla kt\u00f3rego istniejemy, dla kt\u00f3rego jeste\u015bmy tutaj w szpitalu, s\u0105 pacjenci. I dbamy o naszych pacjent\u00f3w najlepiej, jak potrafimy. Oczywiste jest, \u017ce istniej\u0105 ograniczenia pojemno\u015bciowe, kt\u00f3re dotyczy\u0142y pojemno\u015bci naszego teatru. Poprawili\u015bmy to dzi\u0119ki dost\u0119powi do jednostki Vanguard.<\/p>\n<p class=\"has-vivid-purple-color has-text-color has-link-color wp-elements-28fdc038beae811e8ad3e0001ddf1a26\">Ka\u017cdy pacjent ma swoj\u0105 histori\u0119 i dlatego jest pacjentem, dlatego staramy si\u0119 zapewni\u0107 ka\u017cdemu pacjentowi indywidualn\u0105 opiek\u0119, na jak\u0105 zas\u0142uguje. Ale najwa\u017cniejsze jest to, \u017ce robimy to teraz du\u017co wcze\u015bniej. Nie musz\u0105 czeka\u0107 tak d\u0142ugo.<\/p>\n<p>Chris:<\/p>\n<p>I ostatnie pytanie, w swojej roli dyrektora medycznego, jak postrzega\u0142by\u015b kluczowe mierniki sukcesu? Co, na koniec, da\u0142oby ci wskaz\u00f3wk\u0119, \u017ce by\u0142o to dla ciebie bardzo udane przedsi\u0119wzi\u0119cie?<\/p>\n<p class=\"has-vivid-purple-color has-text-color has-link-color wp-elements-9e5d6a2347d83fe394c5cc41e9391e16\">Hamid:<\/p>\n<p class=\"has-vivid-purple-color has-text-color has-link-color wp-elements-75f7812892cfdd4c9aeb5b27623b6a64\">Podzieli\u0142bym to na metryki operacyjne i zorientowane na pacjenta. Metryki operacyjne s\u0105 bardzo jasne. Musimy skr\u00f3ci\u0107 czas oczekiwania naszych pacjent\u00f3w i robimy to dzi\u0119ki zwi\u0119kszonej pojemno\u015bci, jak\u0105 mamy dzi\u0119ki jednostce Vanguard. Metryki pacjenta s\u0105 nieco bardziej mgliste, ale r\u00f3wnie, je\u015bli nie wa\u017cniejsze, i dotycz\u0105 do\u015bwiadcze\u0144 pacjenta i jego bezpiecze\u0144stwa. Upewniamy si\u0119, \u017ce zapewniamy najbezpieczniejsz\u0105 opiek\u0119, jak\u0105 mo\u017cemy, a pacjent ma fantastyczne do\u015bwiadczenie. Zasadniczo dla nich, ich procedury s\u0105 wykonywane wcze\u015bniej, znacznie wcze\u015bniej, ni\u017c mogliby w innych okoliczno\u015bciach. Wi\u0119c s\u0105 z tego bardzo, bardzo zadowoleni.<\/p>\n<p>Chris:<\/p>\n<p>\u015awietnie. C\u00f3\u017c, z mojej perspektywy, wsp\u00f3\u0142praca zespo\u0142u Vanguard z Waszym zespo\u0142em w Milton Keynes University Hospital Trust by\u0142a niesamowita i uwielbiali\u015bmy ka\u017cd\u0105 minut\u0119 i naprawd\u0119 cieszymy si\u0119, \u017ce mogli\u015bmy Was wspiera\u0107.<\/p>\n<p class=\"has-vivid-purple-color has-text-color has-link-color wp-elements-9e5d6a2347d83fe394c5cc41e9391e16\">Hamid:<\/p>\n<p class=\"has-vivid-purple-color has-text-color has-link-color wp-elements-a480cafc47fe8ef4c769b5ad1f87ac8e\">Dzi\u0119kuj\u0119 bardzo i czujemy si\u0119 bardzo wspierani. My\u015bl\u0119, \u017ce to bardzo wa\u017cne, \u017ceby to powiedzie\u0107. Wspomina\u0142em o tym ju\u017c wcze\u015bniej, ale chcia\u0142bym bardzo pochwali\u0107 zesp\u00f3\u0142 Vanguard. Sam z nimi pracowa\u0142em. S\u0105 bardzo profesjonalni, bardzo skupieni na opiece nad pacjentem, bardzo skupieni na bezpiecze\u0144stwie pacjenta i to by\u0142a prawdziwa przyjemno\u015b\u0107 by\u0107 cz\u0119\u015bci\u0105 tej jednostki.<\/p>\n<p>Chris:<\/p>\n<p>To naprawd\u0119 mi\u0142o s\u0142ysze\u0107. Dzi\u0119kuj\u0119.<\/p>\n<p class=\"has-vivid-purple-color has-text-color has-link-color wp-elements-9e5d6a2347d83fe394c5cc41e9391e16\">Hamid:<\/p>\n<p class=\"has-vivid-purple-color has-text-color has-link-color wp-elements-c70e3a29a6c010ded4f9cfa446fd0d43\">Dzi\u0119kuj\u0119.<\/p>\n<hr class=\"wp-block-separator has-alpha-channel-opacity\" \/>\n<section id=\"section-2-254\" class=\"ct-section\" >\n<div class=\"ct-section-inner-wrap\">\n<div id=\"fancy_icon-5-254\" class=\"ct-fancy-icon\" ><svg id=\"svg-fancy_icon-5-254\"><use xlink:href=\"#FontAwesomeicon-quote-left\"><\/use><\/svg><\/div>\n<div id=\"text_block-3-254\" class=\"ct-text-block\" >\u201eCzujemy si\u0119 bardzo wspierani. My\u015bl\u0119, \u017ce to bardzo wa\u017cne, \u017ce to m\u00f3wi\u0119\u2026 Chcia\u0142bym bardzo pochwali\u0107 zesp\u00f3\u0142 Vanguard. Sam z nimi pracowa\u0142em. S\u0105 bardzo profesjonalni, bardzo skupieni na opiece nad pacjentem, bardzo skupieni na bezpiecze\u0144stwie pacjenta, a bycie cz\u0119\u015bci\u0105 tej jednostki by\u0142o prawdziw\u0105 przyjemno\u015bci\u0105\u201d.<\/div>\n<div id=\"text_block-4-254\" class=\"ct-text-block\" >Dr Hamid Manji, konsultant anestezjolog i dyrektor medyczny ds. opieki planowanej<\/div>\n<\/div>\n<\/section>\n<hr class=\"wp-block-separator has-alpha-channel-opacity\" \/>\n<figure class=\"wp-block-image size-large\"><img loading=\"lazy\" decoding=\"async\" width=\"819\" height=\"1024\" src=\"https:\/\/www.vanguardhealthcare.co.uk\/wp-content\/uploads\/2024\/08\/Image-CUTOUT-1-819x1024.jpg\" alt=\"Floor plan of the Day Case Unit\" class=\"wp-image-7537\" srcset=\"https:\/\/www.vanguardhealthcare.co.uk\/wp-content\/uploads\/2024\/08\/Image-CUTOUT-1-819x1024.jpg 819w, https:\/\/www.vanguardhealthcare.co.uk\/wp-content\/uploads\/2024\/08\/Image-CUTOUT-1-240x300.jpg 240w, https:\/\/www.vanguardhealthcare.co.uk\/wp-content\/uploads\/2024\/08\/Image-CUTOUT-1-768x960.jpg 768w, https:\/\/www.vanguardhealthcare.co.uk\/wp-content\/uploads\/2024\/08\/Image-CUTOUT-1-1229x1536.jpg 1229w, https:\/\/www.vanguardhealthcare.co.uk\/wp-content\/uploads\/2024\/08\/Image-CUTOUT-1-10x12.jpg 10w, https:\/\/www.vanguardhealthcare.co.uk\/wp-content\/uploads\/2024\/08\/Image-CUTOUT-1.jpg 1376w\" sizes=\"auto, (max-width: 819px) 100vw, 819px\" \/><\/figure>","protected":false},"excerpt":{"rendered":"<p>Konsultant ds. anestezjologii i dyrektor medyczny ds. opieki planowanej Trust, dr Hamid Manji, rozmawia z dyrektorem generalnym Vanguard, Chrisem Blackwell-Frostem<\/p>","protected":false},"author":12,"featured_media":7639,"comment_status":"open","ping_status":"open","sticky":false,"template":"","format":"standard","meta":{"_acf_changed":false,"footnotes":""},"categories":[2],"tags":[],"class_list":["post-7573","post","type-post","status-publish","format-standard","has-post-thumbnail","hentry","category-news"],"acf":[],"yoast_head":"<!-- This site is optimized with the Yoast SEO plugin v27.4 - https:\/\/yoast.com\/product\/yoast-seo-wordpress\/ -->\n<title>How a staffed Vanguard Day Case facility is helping Milton Keynes University Hospital reduce the elective backlog - Vanguard Healthcare Solutions<\/title>\n<meta name=\"description\" content=\"Milton Keynes University Hospital&#039;s Consultant Anaesthetist and Medical Director for Planned Care, Dr Hamid Manji, speaks with Vanguard\u2019s CEO, Chris Blackwell-Frost\" \/>\n<meta name=\"robots\" content=\"index, follow, max-snippet:-1, max-image-preview:large, max-video-preview:-1\" \/>\n<link rel=\"canonical\" href=\"https:\/\/www.vanguardhealthcare.co.uk\/pl_pl\/how-a-staffed-vanguard-day-case-facility-is-helping-milton-keynes-university-hospital-reduce-the-elective-backlog\/\" \/>\n<meta property=\"og:locale\" content=\"pl_PL\" \/>\n<meta property=\"og:type\" content=\"article\" \/>\n<meta property=\"og:title\" content=\"How a staffed Vanguard Day Case facility is helping Milton Keynes University Hospital reduce the elective backlog - Vanguard Healthcare Solutions\" \/>\n<meta property=\"og:description\" content=\"Milton Keynes University Hospital&#039;s Consultant Anaesthetist and Medical Director for Planned Care, Dr Hamid Manji, speaks with Vanguard\u2019s CEO, Chris Blackwell-Frost\" \/>\n<meta property=\"og:url\" content=\"https:\/\/www.vanguardhealthcare.co.uk\/pl_pl\/how-a-staffed-vanguard-day-case-facility-is-helping-milton-keynes-university-hospital-reduce-the-elective-backlog\/\" \/>\n<meta property=\"og:site_name\" content=\"Vanguard Healthcare Solutions\" \/>\n<meta property=\"article:published_time\" content=\"2024-10-22T11:21:39+00:00\" \/>\n<meta property=\"article:modified_time\" content=\"2024-10-22T11:24:35+00:00\" \/>\n<meta property=\"og:image\" content=\"https:\/\/www.vanguardhealthcare.co.uk\/wp-content\/uploads\/2024\/10\/thumb-8.jpg\" \/>\n\t<meta property=\"og:image:width\" content=\"1920\" \/>\n\t<meta property=\"og:image:height\" content=\"1080\" \/>\n\t<meta property=\"og:image:type\" content=\"image\/jpeg\" \/>\n<meta name=\"author\" content=\"markbirchmore\" \/>\n<meta name=\"twitter:card\" content=\"summary_large_image\" \/>\n<meta name=\"twitter:label1\" content=\"Napisane przez\" \/>\n\t<meta name=\"twitter:data1\" content=\"markbirchmore\" \/>\n\t<meta name=\"twitter:label2\" content=\"Szacowany czas czytania\" \/>\n\t<meta name=\"twitter:data2\" content=\"10 minut\" \/>\n<script type=\"application\/ld+json\" class=\"yoast-schema-graph\">{\"@context\":\"https:\\\/\\\/schema.org\",\"@graph\":[{\"@type\":\"Article\",\"@id\":\"https:\\\/\\\/www.vanguardhealthcare.co.uk\\\/how-a-staffed-vanguard-day-case-facility-is-helping-milton-keynes-university-hospital-reduce-the-elective-backlog\\\/#article\",\"isPartOf\":{\"@id\":\"https:\\\/\\\/www.vanguardhealthcare.co.uk\\\/how-a-staffed-vanguard-day-case-facility-is-helping-milton-keynes-university-hospital-reduce-the-elective-backlog\\\/\"},\"author\":{\"name\":\"markbirchmore\",\"@id\":\"https:\\\/\\\/www.vanguardhealthcare.co.uk\\\/#\\\/schema\\\/person\\\/28e5002e5381802059b342a6a7c57fe5\"},\"headline\":\"How a staffed Vanguard Day Case facility is helping Milton Keynes University Hospital reduce the elective backlog\",\"datePublished\":\"2024-10-22T11:21:39+00:00\",\"dateModified\":\"2024-10-22T11:24:35+00:00\",\"mainEntityOfPage\":{\"@id\":\"https:\\\/\\\/www.vanguardhealthcare.co.uk\\\/how-a-staffed-vanguard-day-case-facility-is-helping-milton-keynes-university-hospital-reduce-the-elective-backlog\\\/\"},\"wordCount\":2096,\"commentCount\":0,\"image\":{\"@id\":\"https:\\\/\\\/www.vanguardhealthcare.co.uk\\\/how-a-staffed-vanguard-day-case-facility-is-helping-milton-keynes-university-hospital-reduce-the-elective-backlog\\\/#primaryimage\"},\"thumbnailUrl\":\"https:\\\/\\\/www.vanguardhealthcare.co.uk\\\/wp-content\\\/uploads\\\/2024\\\/10\\\/thumb-8.jpg\",\"articleSection\":[\"News\"],\"inLanguage\":\"pl-PL\",\"potentialAction\":[{\"@type\":\"CommentAction\",\"name\":\"Comment\",\"target\":[\"https:\\\/\\\/www.vanguardhealthcare.co.uk\\\/how-a-staffed-vanguard-day-case-facility-is-helping-milton-keynes-university-hospital-reduce-the-elective-backlog\\\/#respond\"]}]},{\"@type\":\"WebPage\",\"@id\":\"https:\\\/\\\/www.vanguardhealthcare.co.uk\\\/how-a-staffed-vanguard-day-case-facility-is-helping-milton-keynes-university-hospital-reduce-the-elective-backlog\\\/\",\"url\":\"https:\\\/\\\/www.vanguardhealthcare.co.uk\\\/how-a-staffed-vanguard-day-case-facility-is-helping-milton-keynes-university-hospital-reduce-the-elective-backlog\\\/\",\"name\":\"How a staffed Vanguard Day Case facility is helping Milton Keynes University Hospital reduce the elective backlog - Vanguard Healthcare Solutions\",\"isPartOf\":{\"@id\":\"https:\\\/\\\/www.vanguardhealthcare.co.uk\\\/#website\"},\"primaryImageOfPage\":{\"@id\":\"https:\\\/\\\/www.vanguardhealthcare.co.uk\\\/how-a-staffed-vanguard-day-case-facility-is-helping-milton-keynes-university-hospital-reduce-the-elective-backlog\\\/#primaryimage\"},\"image\":{\"@id\":\"https:\\\/\\\/www.vanguardhealthcare.co.uk\\\/how-a-staffed-vanguard-day-case-facility-is-helping-milton-keynes-university-hospital-reduce-the-elective-backlog\\\/#primaryimage\"},\"thumbnailUrl\":\"https:\\\/\\\/www.vanguardhealthcare.co.uk\\\/wp-content\\\/uploads\\\/2024\\\/10\\\/thumb-8.jpg\",\"datePublished\":\"2024-10-22T11:21:39+00:00\",\"dateModified\":\"2024-10-22T11:24:35+00:00\",\"author\":{\"@id\":\"https:\\\/\\\/www.vanguardhealthcare.co.uk\\\/#\\\/schema\\\/person\\\/28e5002e5381802059b342a6a7c57fe5\"},\"description\":\"Milton Keynes University Hospital's Consultant Anaesthetist and Medical Director for Planned Care, Dr Hamid Manji, speaks with Vanguard\u2019s CEO, Chris Blackwell-Frost\",\"breadcrumb\":{\"@id\":\"https:\\\/\\\/www.vanguardhealthcare.co.uk\\\/how-a-staffed-vanguard-day-case-facility-is-helping-milton-keynes-university-hospital-reduce-the-elective-backlog\\\/#breadcrumb\"},\"inLanguage\":\"pl-PL\",\"potentialAction\":[{\"@type\":\"ReadAction\",\"target\":[\"https:\\\/\\\/www.vanguardhealthcare.co.uk\\\/how-a-staffed-vanguard-day-case-facility-is-helping-milton-keynes-university-hospital-reduce-the-elective-backlog\\\/\"]}]},{\"@type\":\"ImageObject\",\"inLanguage\":\"pl-PL\",\"@id\":\"https:\\\/\\\/www.vanguardhealthcare.co.uk\\\/how-a-staffed-vanguard-day-case-facility-is-helping-milton-keynes-university-hospital-reduce-the-elective-backlog\\\/#primaryimage\",\"url\":\"https:\\\/\\\/www.vanguardhealthcare.co.uk\\\/wp-content\\\/uploads\\\/2024\\\/10\\\/thumb-8.jpg\",\"contentUrl\":\"https:\\\/\\\/www.vanguardhealthcare.co.uk\\\/wp-content\\\/uploads\\\/2024\\\/10\\\/thumb-8.jpg\",\"width\":1920,\"height\":1080},{\"@type\":\"BreadcrumbList\",\"@id\":\"https:\\\/\\\/www.vanguardhealthcare.co.uk\\\/how-a-staffed-vanguard-day-case-facility-is-helping-milton-keynes-university-hospital-reduce-the-elective-backlog\\\/#breadcrumb\",\"itemListElement\":[{\"@type\":\"ListItem\",\"position\":1,\"name\":\"Home\",\"item\":\"https:\\\/\\\/www.vanguardhealthcare.co.uk\\\/\"},{\"@type\":\"ListItem\",\"position\":2,\"name\":\"How a staffed Vanguard Day Case facility is helping Milton Keynes University Hospital reduce the elective backlog\"}]},{\"@type\":\"WebSite\",\"@id\":\"https:\\\/\\\/www.vanguardhealthcare.co.uk\\\/#website\",\"url\":\"https:\\\/\\\/www.vanguardhealthcare.co.uk\\\/\",\"name\":\"Vanguard Healthcare Solutions\",\"description\":\"\",\"potentialAction\":[{\"@type\":\"SearchAction\",\"target\":{\"@type\":\"EntryPoint\",\"urlTemplate\":\"https:\\\/\\\/www.vanguardhealthcare.co.uk\\\/?s={search_term_string}\"},\"query-input\":{\"@type\":\"PropertyValueSpecification\",\"valueRequired\":true,\"valueName\":\"search_term_string\"}}],\"inLanguage\":\"pl-PL\"},{\"@type\":\"Person\",\"@id\":\"https:\\\/\\\/www.vanguardhealthcare.co.uk\\\/#\\\/schema\\\/person\\\/28e5002e5381802059b342a6a7c57fe5\",\"name\":\"markbirchmore\",\"image\":{\"@type\":\"ImageObject\",\"inLanguage\":\"pl-PL\",\"@id\":\"https:\\\/\\\/secure.gravatar.com\\\/avatar\\\/fe7d53278a7b5ca7a899d25b40407d63635e003b79715b22b7e4507d10eecba5?s=96&d=mm&r=g\",\"url\":\"https:\\\/\\\/secure.gravatar.com\\\/avatar\\\/fe7d53278a7b5ca7a899d25b40407d63635e003b79715b22b7e4507d10eecba5?s=96&d=mm&r=g\",\"contentUrl\":\"https:\\\/\\\/secure.gravatar.com\\\/avatar\\\/fe7d53278a7b5ca7a899d25b40407d63635e003b79715b22b7e4507d10eecba5?s=96&d=mm&r=g\",\"caption\":\"markbirchmore\"}}]}<\/script>\n<!-- \/ Yoast SEO plugin. -->","yoast_head_json":{"title":"W jaki spos\u00f3b obsadzona personelem plac\u00f3wka Vanguard Day Case pomaga Szpitalowi Uniwersyteckiemu Milton Keynes w zmniejszeniu zaleg\u0142o\u015bci w planowanych zabiegach - Vanguard Healthcare Solutions","description":"Konsultant anestezjologii i dyrektor medyczny ds. opieki planowej w Szpitalu Uniwersyteckim Milton Keynes, dr Hamid Manji, rozmawia z dyrektorem generalnym Vanguard, Chrisem Blackwell-Frostem","robots":{"index":"index","follow":"follow","max-snippet":"max-snippet:-1","max-image-preview":"max-image-preview:large","max-video-preview":"max-video-preview:-1"},"canonical":"https:\/\/www.vanguardhealthcare.co.uk\/pl_pl\/how-a-staffed-vanguard-day-case-facility-is-helping-milton-keynes-university-hospital-reduce-the-elective-backlog\/","og_locale":"pl_PL","og_type":"article","og_title":"How a staffed Vanguard Day Case facility is helping Milton Keynes University Hospital reduce the elective backlog - Vanguard Healthcare Solutions","og_description":"Milton Keynes University Hospital's Consultant Anaesthetist and Medical Director for Planned Care, Dr Hamid Manji, speaks with Vanguard\u2019s CEO, Chris Blackwell-Frost","og_url":"https:\/\/www.vanguardhealthcare.co.uk\/pl_pl\/how-a-staffed-vanguard-day-case-facility-is-helping-milton-keynes-university-hospital-reduce-the-elective-backlog\/","og_site_name":"Vanguard Healthcare Solutions","article_published_time":"2024-10-22T11:21:39+00:00","article_modified_time":"2024-10-22T11:24:35+00:00","og_image":[{"width":1920,"height":1080,"url":"https:\/\/www.vanguardhealthcare.co.uk\/wp-content\/uploads\/2024\/10\/thumb-8.jpg","type":"image\/jpeg"}],"author":"markbirchmore","twitter_card":"summary_large_image","twitter_misc":{"Napisane przez":"markbirchmore","Szacowany czas czytania":"10 minut"},"schema":{"@context":"https:\/\/schema.org","@graph":[{"@type":"Article","@id":"https:\/\/www.vanguardhealthcare.co.uk\/how-a-staffed-vanguard-day-case-facility-is-helping-milton-keynes-university-hospital-reduce-the-elective-backlog\/#article","isPartOf":{"@id":"https:\/\/www.vanguardhealthcare.co.uk\/how-a-staffed-vanguard-day-case-facility-is-helping-milton-keynes-university-hospital-reduce-the-elective-backlog\/"},"author":{"name":"markbirchmore","@id":"https:\/\/www.vanguardhealthcare.co.uk\/#\/schema\/person\/28e5002e5381802059b342a6a7c57fe5"},"headline":"How a staffed Vanguard Day Case facility is helping Milton Keynes University Hospital reduce the elective backlog","datePublished":"2024-10-22T11:21:39+00:00","dateModified":"2024-10-22T11:24:35+00:00","mainEntityOfPage":{"@id":"https:\/\/www.vanguardhealthcare.co.uk\/how-a-staffed-vanguard-day-case-facility-is-helping-milton-keynes-university-hospital-reduce-the-elective-backlog\/"},"wordCount":2096,"commentCount":0,"image":{"@id":"https:\/\/www.vanguardhealthcare.co.uk\/how-a-staffed-vanguard-day-case-facility-is-helping-milton-keynes-university-hospital-reduce-the-elective-backlog\/#primaryimage"},"thumbnailUrl":"https:\/\/www.vanguardhealthcare.co.uk\/wp-content\/uploads\/2024\/10\/thumb-8.jpg","articleSection":["News"],"inLanguage":"pl-PL","potentialAction":[{"@type":"CommentAction","name":"Comment","target":["https:\/\/www.vanguardhealthcare.co.uk\/how-a-staffed-vanguard-day-case-facility-is-helping-milton-keynes-university-hospital-reduce-the-elective-backlog\/#respond"]}]},{"@type":"WebPage","@id":"https:\/\/www.vanguardhealthcare.co.uk\/how-a-staffed-vanguard-day-case-facility-is-helping-milton-keynes-university-hospital-reduce-the-elective-backlog\/","url":"https:\/\/www.vanguardhealthcare.co.uk\/how-a-staffed-vanguard-day-case-facility-is-helping-milton-keynes-university-hospital-reduce-the-elective-backlog\/","name":"W jaki spos\u00f3b obsadzona personelem plac\u00f3wka Vanguard Day Case pomaga Szpitalowi Uniwersyteckiemu Milton Keynes w zmniejszeniu zaleg\u0142o\u015bci w planowanych zabiegach - Vanguard Healthcare Solutions","isPartOf":{"@id":"https:\/\/www.vanguardhealthcare.co.uk\/#website"},"primaryImageOfPage":{"@id":"https:\/\/www.vanguardhealthcare.co.uk\/how-a-staffed-vanguard-day-case-facility-is-helping-milton-keynes-university-hospital-reduce-the-elective-backlog\/#primaryimage"},"image":{"@id":"https:\/\/www.vanguardhealthcare.co.uk\/how-a-staffed-vanguard-day-case-facility-is-helping-milton-keynes-university-hospital-reduce-the-elective-backlog\/#primaryimage"},"thumbnailUrl":"https:\/\/www.vanguardhealthcare.co.uk\/wp-content\/uploads\/2024\/10\/thumb-8.jpg","datePublished":"2024-10-22T11:21:39+00:00","dateModified":"2024-10-22T11:24:35+00:00","author":{"@id":"https:\/\/www.vanguardhealthcare.co.uk\/#\/schema\/person\/28e5002e5381802059b342a6a7c57fe5"},"description":"Konsultant anestezjologii i dyrektor medyczny ds. opieki planowej w Szpitalu Uniwersyteckim Milton Keynes, dr Hamid Manji, rozmawia z dyrektorem generalnym Vanguard, Chrisem Blackwell-Frostem","breadcrumb":{"@id":"https:\/\/www.vanguardhealthcare.co.uk\/how-a-staffed-vanguard-day-case-facility-is-helping-milton-keynes-university-hospital-reduce-the-elective-backlog\/#breadcrumb"},"inLanguage":"pl-PL","potentialAction":[{"@type":"ReadAction","target":["https:\/\/www.vanguardhealthcare.co.uk\/how-a-staffed-vanguard-day-case-facility-is-helping-milton-keynes-university-hospital-reduce-the-elective-backlog\/"]}]},{"@type":"ImageObject","inLanguage":"pl-PL","@id":"https:\/\/www.vanguardhealthcare.co.uk\/how-a-staffed-vanguard-day-case-facility-is-helping-milton-keynes-university-hospital-reduce-the-elective-backlog\/#primaryimage","url":"https:\/\/www.vanguardhealthcare.co.uk\/wp-content\/uploads\/2024\/10\/thumb-8.jpg","contentUrl":"https:\/\/www.vanguardhealthcare.co.uk\/wp-content\/uploads\/2024\/10\/thumb-8.jpg","width":1920,"height":1080},{"@type":"BreadcrumbList","@id":"https:\/\/www.vanguardhealthcare.co.uk\/how-a-staffed-vanguard-day-case-facility-is-helping-milton-keynes-university-hospital-reduce-the-elective-backlog\/#breadcrumb","itemListElement":[{"@type":"ListItem","position":1,"name":"Home","item":"https:\/\/www.vanguardhealthcare.co.uk\/"},{"@type":"ListItem","position":2,"name":"How a staffed Vanguard Day Case facility is helping Milton Keynes University Hospital reduce the elective backlog"}]},{"@type":"WebSite","@id":"https:\/\/www.vanguardhealthcare.co.uk\/#website","url":"https:\/\/www.vanguardhealthcare.co.uk\/","name":"Rozwi\u0105zania Vanguard dla opieki zdrowotnej","description":"","potentialAction":[{"@type":"SearchAction","target":{"@type":"EntryPoint","urlTemplate":"https:\/\/www.vanguardhealthcare.co.uk\/?s={search_term_string}"},"query-input":{"@type":"PropertyValueSpecification","valueRequired":true,"valueName":"search_term_string"}}],"inLanguage":"pl-PL"},{"@type":"Person","@id":"https:\/\/www.vanguardhealthcare.co.uk\/#\/schema\/person\/28e5002e5381802059b342a6a7c57fe5","name":"Mark Birchmore","image":{"@type":"ImageObject","inLanguage":"pl-PL","@id":"https:\/\/secure.gravatar.com\/avatar\/fe7d53278a7b5ca7a899d25b40407d63635e003b79715b22b7e4507d10eecba5?s=96&d=mm&r=g","url":"https:\/\/secure.gravatar.com\/avatar\/fe7d53278a7b5ca7a899d25b40407d63635e003b79715b22b7e4507d10eecba5?s=96&d=mm&r=g","contentUrl":"https:\/\/secure.gravatar.com\/avatar\/fe7d53278a7b5ca7a899d25b40407d63635e003b79715b22b7e4507d10eecba5?s=96&d=mm&r=g","caption":"markbirchmore"}}]}},"_links":{"self":[{"href":"https:\/\/www.vanguardhealthcare.co.uk\/pl_pl\/wp-json\/wp\/v2\/posts\/7573","targetHints":{"allow":["GET"]}}],"collection":[{"href":"https:\/\/www.vanguardhealthcare.co.uk\/pl_pl\/wp-json\/wp\/v2\/posts"}],"about":[{"href":"https:\/\/www.vanguardhealthcare.co.uk\/pl_pl\/wp-json\/wp\/v2\/types\/post"}],"author":[{"embeddable":true,"href":"https:\/\/www.vanguardhealthcare.co.uk\/pl_pl\/wp-json\/wp\/v2\/users\/12"}],"replies":[{"embeddable":true,"href":"https:\/\/www.vanguardhealthcare.co.uk\/pl_pl\/wp-json\/wp\/v2\/comments?post=7573"}],"version-history":[{"count":0,"href":"https:\/\/www.vanguardhealthcare.co.uk\/pl_pl\/wp-json\/wp\/v2\/posts\/7573\/revisions"}],"wp:featuredmedia":[{"embeddable":true,"href":"https:\/\/www.vanguardhealthcare.co.uk\/pl_pl\/wp-json\/wp\/v2\/media\/7639"}],"wp:attachment":[{"href":"https:\/\/www.vanguardhealthcare.co.uk\/pl_pl\/wp-json\/wp\/v2\/media?parent=7573"}],"wp:term":[{"taxonomy":"category","embeddable":true,"href":"https:\/\/www.vanguardhealthcare.co.uk\/pl_pl\/wp-json\/wp\/v2\/categories?post=7573"},{"taxonomy":"post_tag","embeddable":true,"href":"https:\/\/www.vanguardhealthcare.co.uk\/pl_pl\/wp-json\/wp\/v2\/tags?post=7573"}],"curies":[{"name":"wp","href":"https:\/\/api.w.org\/{rel}","templated":true}]}}