{"id":7134,"date":"2023-12-05T09:58:33","date_gmt":"2023-12-05T09:58:33","guid":{"rendered":"https:\/\/www.vanguardhealthcare.co.uk\/?p=7134"},"modified":"2023-12-05T10:08:45","modified_gmt":"2023-12-05T10:08:45","slug":"vanguard-healthcare-solutions-is-delighted-to-announce-the-acquisition-of-a-purpose-built-manufacturing-facility-in-hull","status":"publish","type":"post","link":"https:\/\/www.vanguardhealthcare.co.uk\/is_is\/vanguard-healthcare-solutions-is-delighted-to-announce-the-acquisition-of-a-purpose-built-manufacturing-facility-in-hull\/","title":{"rendered":"Vanguard Healthcare Solutions er \u00e1n\u00e6g\u00f0ur me\u00f0 a\u00f0 tilkynna um kaup \u00e1 s\u00e9rbygg\u00f0ri framlei\u00f0slust\u00f6\u00f0 \u00ed Hull"},"content":{"rendered":"<\/p>\n<p>Vanguard Healthcare Solutions (\u201eVanguard\u201c), lei\u00f0andi al\u00fej\u00f3\u00f0legur veitandi sveigjanlegra kl\u00edn\u00edskra innvi\u00f0a og \u00fej\u00f3nustu, er \u00e1n\u00e6g\u00f0ur me\u00f0 a\u00f0 tilkynna kaup \u00e1 s\u00e9rbygg\u00f0ri 100.000 fm framlei\u00f0slua\u00f0st\u00f6\u00f0u \u00ed Hull og r\u00e1\u00f0ningu s\u00e9rstaks li\u00f0s fr\u00e1 Module-AR Takmarka\u00f0.<\/p>\n<div class=\"wp-block-columns is-layout-flex wp-container-core-columns-is-layout-28f84493 wp-block-columns-is-layout-flex\">\n<div class=\"wp-block-column is-layout-flow wp-block-column-is-layout-flow\">\n<p><strong>Samkv\u00e6mt forstj\u00f3ra Vanguard, Chris Blackwell-Frost,<\/strong> <em>\u201e\u00deessi fj\u00e1rfesting gerir okkur kleift a\u00f0 b\u00e6ta vi\u00f0 nau\u00f0synlegri getu til t\u00edmabundinnar og varanlegrar framlei\u00f0slugetu okkar \u00ed r\u00fdmi \u00ed gegnum st\u00f3ra og r\u00f3tgr\u00f3na verksmi\u00f0ju \u00ed Hull og reynslumiki\u00f0 og mj\u00f6g h\u00e6ft teymi. \u00deetta mun<\/em> <em>\u00e1n efa b\u00e6tir vi\u00f0 og b\u00e6tir \u00fe\u00e1 \u00fej\u00f3nustu og v\u00f6rur sem vi\u00f0 bj\u00f3\u00f0um n\u00fa \u00feegar fyrir vi\u00f0skiptavini okkar.\u201c<\/em><\/p>\n<\/div>\n<div class=\"wp-block-column is-layout-flow wp-block-column-is-layout-flow\">\n<figure class=\"wp-block-image size-full is-resized\"><img loading=\"lazy\" decoding=\"async\" width=\"483\" height=\"576\" src=\"https:\/\/www.vanguardhealthcare.co.uk\/wp-content\/uploads\/2023\/07\/Chris-Blackwell-Frost-483x576-1.png\" alt=\"\" class=\"wp-image-581\" style=\"aspect-ratio:0.8385416666666666;width:226px;height:auto\" srcset=\"https:\/\/www.vanguardhealthcare.co.uk\/wp-content\/uploads\/2023\/07\/Chris-Blackwell-Frost-483x576-1.png 483w, https:\/\/www.vanguardhealthcare.co.uk\/wp-content\/uploads\/2023\/07\/Chris-Blackwell-Frost-483x576-1-252x300.png 252w, https:\/\/www.vanguardhealthcare.co.uk\/wp-content\/uploads\/2023\/07\/Chris-Blackwell-Frost-483x576-1-10x12.png 10w\" sizes=\"auto, (max-width: 483px) 100vw, 483px\" \/><\/figure>\n<\/div>\n<\/div>\n<div class=\"wp-block-columns is-layout-flex wp-container-core-columns-is-layout-28f84493 wp-block-columns-is-layout-flex\">\n<div class=\"wp-block-column is-layout-flow wp-block-column-is-layout-flow\">\n<p>Me\u00f0 \u00fev\u00ed a\u00f0 b\u00e6ta vi\u00f0 s\u00e9rbygg\u00f0u a\u00f0st\u00f6\u00f0unni mun enn frekar styrkja Vanguard vettvanginn sem \u00feegar hefur n\u00faverandi s\u00ed\u00f0ur \u00ed Bretlandi og Hollandi. \u00deetta framtak mun veita Vanguard meira svigr\u00fam til a\u00f0 koma til m\u00f3ts vi\u00f0 innvi\u00f0afj\u00e1rfestingar\u00fe\u00f6rf \u00ed heilbrig\u00f0isgeiranum.<\/p>\n<p>Vanguard er spenntur fyrir \u00fev\u00ed a\u00f0 hefja n\u00e6sta kafla vaxtar.<\/p>\n<p>Stephens (M&amp;A) og Eversheds (Legal) g\u00e1fu r\u00e1\u00f0gj\u00f6f og studdu Vanguard vi\u00f0 \u00feessa fj\u00e1rfestingu.<\/p>\n<p><strong>Um Vanguard:<\/strong><\/p>\n<p>Vanguard Healthcare Solutions er lei\u00f0andi al\u00fej\u00f3\u00f0legur veitandi sveigjanlegra kl\u00edn\u00edskra innvi\u00f0a og \u00fej\u00f3nustu, sem skilar h\u00e1g\u00e6\u00f0a, t\u00e6knilega h\u00e1\u00fer\u00f3u\u00f0um lausnum \u00e1 hra\u00f0a me\u00f0 \u00fev\u00ed a\u00f0 vinna me\u00f0 vi\u00f0skiptavinum til a\u00f0 b\u00e6ta heilsufar. Vanguard var stofna\u00f0 \u00e1ri\u00f0 1999 og starfar n\u00fa \u00ed Bretlandi, Hollandi, Sv\u00ed\u00fej\u00f3\u00f0, \u00c1stral\u00edu og Frakklandi.<\/p>\n<\/div>\n<\/div>","protected":false},"excerpt":{"rendered":"<p>Vanguard er spennt a\u00f0 hefja n\u00e6sta kafla vaxtar og hlakkar til a\u00f0 bj\u00f3\u00f0a n\u00fdja samstarfsmenn \u00ed Hull velkomna \u00ed li\u00f0i\u00f0.<\/p>","protected":false},"author":11,"featured_media":1289,"comment_status":"closed","ping_status":"closed","sticky":false,"template":"","format":"standard","meta":{"_acf_changed":false,"footnotes":""},"categories":[2],"tags":[],"class_list":["post-7134","post","type-post","status-publish","format-standard","has-post-thumbnail","hentry","category-news"],"acf":[],"yoast_head":"<!-- This site is optimized with the Yoast SEO plugin v27.4 - https:\/\/yoast.com\/product\/yoast-seo-wordpress\/ -->\n<title>Vanguard Healthcare Solutions is delighted to announce the acquisition of a purpose-built manufacturing facility in Hull - Vanguard Healthcare Solutions<\/title>\n<meta name=\"robots\" content=\"index, follow, max-snippet:-1, max-image-preview:large, max-video-preview:-1\" \/>\n<link rel=\"canonical\" href=\"https:\/\/www.vanguardhealthcare.co.uk\/is_is\/vanguard-healthcare-solutions-is-delighted-to-announce-the-acquisition-of-a-purpose-built-manufacturing-facility-in-hull\/\" \/>\n<meta property=\"og:locale\" content=\"is_IS\" \/>\n<meta property=\"og:type\" content=\"article\" \/>\n<meta property=\"og:title\" content=\"Vanguard Healthcare Solutions is delighted to announce the acquisition of a purpose-built manufacturing facility in Hull - Vanguard Healthcare Solutions\" \/>\n<meta property=\"og:description\" content=\"Vanguard is excited to begin this next chapter of growth and looks forward to welcoming new colleagues in Hull to the team.\" \/>\n<meta property=\"og:url\" content=\"https:\/\/www.vanguardhealthcare.co.uk\/is_is\/vanguard-healthcare-solutions-is-delighted-to-announce-the-acquisition-of-a-purpose-built-manufacturing-facility-in-hull\/\" \/>\n<meta property=\"og:site_name\" content=\"Vanguard Healthcare Solutions\" \/>\n<meta property=\"article:published_time\" content=\"2023-12-05T09:58:33+00:00\" \/>\n<meta property=\"article:modified_time\" content=\"2023-12-05T10:08:45+00:00\" \/>\n<meta property=\"og:image\" content=\"https:\/\/www.vanguardhealthcare.co.uk\/wp-content\/uploads\/legacy\/2022\/12\/Chris-Blackwell-Frost-6.12.2022-scaled-e1670344303741.jpg\" \/>\n\t<meta property=\"og:image:width\" content=\"1707\" \/>\n\t<meta property=\"og:image:height\" content=\"1105\" \/>\n\t<meta property=\"og:image:type\" content=\"image\/jpeg\" \/>\n<meta name=\"author\" content=\"chrissybligh\" \/>\n<meta name=\"twitter:card\" content=\"summary_large_image\" \/>\n<meta name=\"twitter:label1\" content=\"Written by\" \/>\n\t<meta name=\"twitter:data1\" content=\"chrissybligh\" \/>\n\t<meta name=\"twitter:label2\" content=\"Est. reading time\" \/>\n\t<meta name=\"twitter:data2\" content=\"2 minutes\" \/>\n<script type=\"application\/ld+json\" class=\"yoast-schema-graph\">{\"@context\":\"https:\\\/\\\/schema.org\",\"@graph\":[{\"@type\":\"Article\",\"@id\":\"https:\\\/\\\/www.vanguardhealthcare.co.uk\\\/vanguard-healthcare-solutions-is-delighted-to-announce-the-acquisition-of-a-purpose-built-manufacturing-facility-in-hull\\\/#article\",\"isPartOf\":{\"@id\":\"https:\\\/\\\/www.vanguardhealthcare.co.uk\\\/vanguard-healthcare-solutions-is-delighted-to-announce-the-acquisition-of-a-purpose-built-manufacturing-facility-in-hull\\\/\"},\"author\":{\"name\":\"chrissybligh\",\"@id\":\"https:\\\/\\\/www.vanguardhealthcare.co.uk\\\/#\\\/schema\\\/person\\\/a7817235898449de836f9c0de1c782d5\"},\"headline\":\"Vanguard Healthcare Solutions is delighted to announce the acquisition of a purpose-built manufacturing facility in Hull\",\"datePublished\":\"2023-12-05T09:58:33+00:00\",\"dateModified\":\"2023-12-05T10:08:45+00:00\",\"mainEntityOfPage\":{\"@id\":\"https:\\\/\\\/www.vanguardhealthcare.co.uk\\\/vanguard-healthcare-solutions-is-delighted-to-announce-the-acquisition-of-a-purpose-built-manufacturing-facility-in-hull\\\/\"},\"wordCount\":220,\"image\":{\"@id\":\"https:\\\/\\\/www.vanguardhealthcare.co.uk\\\/vanguard-healthcare-solutions-is-delighted-to-announce-the-acquisition-of-a-purpose-built-manufacturing-facility-in-hull\\\/#primaryimage\"},\"thumbnailUrl\":\"https:\\\/\\\/www.vanguardhealthcare.co.uk\\\/wp-content\\\/uploads\\\/legacy\\\/2022\\\/12\\\/Chris-Blackwell-Frost-6.12.2022-scaled-e1670344303741.jpg\",\"articleSection\":[\"News\"],\"inLanguage\":\"is\"},{\"@type\":\"WebPage\",\"@id\":\"https:\\\/\\\/www.vanguardhealthcare.co.uk\\\/vanguard-healthcare-solutions-is-delighted-to-announce-the-acquisition-of-a-purpose-built-manufacturing-facility-in-hull\\\/\",\"url\":\"https:\\\/\\\/www.vanguardhealthcare.co.uk\\\/vanguard-healthcare-solutions-is-delighted-to-announce-the-acquisition-of-a-purpose-built-manufacturing-facility-in-hull\\\/\",\"name\":\"Vanguard Healthcare Solutions is delighted to announce the acquisition of a purpose-built manufacturing facility in Hull - Vanguard Healthcare Solutions\",\"isPartOf\":{\"@id\":\"https:\\\/\\\/www.vanguardhealthcare.co.uk\\\/#website\"},\"primaryImageOfPage\":{\"@id\":\"https:\\\/\\\/www.vanguardhealthcare.co.uk\\\/vanguard-healthcare-solutions-is-delighted-to-announce-the-acquisition-of-a-purpose-built-manufacturing-facility-in-hull\\\/#primaryimage\"},\"image\":{\"@id\":\"https:\\\/\\\/www.vanguardhealthcare.co.uk\\\/vanguard-healthcare-solutions-is-delighted-to-announce-the-acquisition-of-a-purpose-built-manufacturing-facility-in-hull\\\/#primaryimage\"},\"thumbnailUrl\":\"https:\\\/\\\/www.vanguardhealthcare.co.uk\\\/wp-content\\\/uploads\\\/legacy\\\/2022\\\/12\\\/Chris-Blackwell-Frost-6.12.2022-scaled-e1670344303741.jpg\",\"datePublished\":\"2023-12-05T09:58:33+00:00\",\"dateModified\":\"2023-12-05T10:08:45+00:00\",\"author\":{\"@id\":\"https:\\\/\\\/www.vanguardhealthcare.co.uk\\\/#\\\/schema\\\/person\\\/a7817235898449de836f9c0de1c782d5\"},\"breadcrumb\":{\"@id\":\"https:\\\/\\\/www.vanguardhealthcare.co.uk\\\/vanguard-healthcare-solutions-is-delighted-to-announce-the-acquisition-of-a-purpose-built-manufacturing-facility-in-hull\\\/#breadcrumb\"},\"inLanguage\":\"is\",\"potentialAction\":[{\"@type\":\"ReadAction\",\"target\":[\"https:\\\/\\\/www.vanguardhealthcare.co.uk\\\/vanguard-healthcare-solutions-is-delighted-to-announce-the-acquisition-of-a-purpose-built-manufacturing-facility-in-hull\\\/\"]}]},{\"@type\":\"ImageObject\",\"inLanguage\":\"is\",\"@id\":\"https:\\\/\\\/www.vanguardhealthcare.co.uk\\\/vanguard-healthcare-solutions-is-delighted-to-announce-the-acquisition-of-a-purpose-built-manufacturing-facility-in-hull\\\/#primaryimage\",\"url\":\"https:\\\/\\\/www.vanguardhealthcare.co.uk\\\/wp-content\\\/uploads\\\/legacy\\\/2022\\\/12\\\/Chris-Blackwell-Frost-6.12.2022-scaled-e1670344303741.jpg\",\"contentUrl\":\"https:\\\/\\\/www.vanguardhealthcare.co.uk\\\/wp-content\\\/uploads\\\/legacy\\\/2022\\\/12\\\/Chris-Blackwell-Frost-6.12.2022-scaled-e1670344303741.jpg\",\"width\":1707,\"height\":1105},{\"@type\":\"BreadcrumbList\",\"@id\":\"https:\\\/\\\/www.vanguardhealthcare.co.uk\\\/vanguard-healthcare-solutions-is-delighted-to-announce-the-acquisition-of-a-purpose-built-manufacturing-facility-in-hull\\\/#breadcrumb\",\"itemListElement\":[{\"@type\":\"ListItem\",\"position\":1,\"name\":\"Home\",\"item\":\"https:\\\/\\\/www.vanguardhealthcare.co.uk\\\/\"},{\"@type\":\"ListItem\",\"position\":2,\"name\":\"Vanguard Healthcare Solutions is delighted to announce the acquisition of a purpose-built manufacturing facility in Hull\"}]},{\"@type\":\"WebSite\",\"@id\":\"https:\\\/\\\/www.vanguardhealthcare.co.uk\\\/#website\",\"url\":\"https:\\\/\\\/www.vanguardhealthcare.co.uk\\\/\",\"name\":\"Vanguard Healthcare Solutions\",\"description\":\"\",\"potentialAction\":[{\"@type\":\"SearchAction\",\"target\":{\"@type\":\"EntryPoint\",\"urlTemplate\":\"https:\\\/\\\/www.vanguardhealthcare.co.uk\\\/?s={search_term_string}\"},\"query-input\":{\"@type\":\"PropertyValueSpecification\",\"valueRequired\":true,\"valueName\":\"search_term_string\"}}],\"inLanguage\":\"is\"},{\"@type\":\"Person\",\"@id\":\"https:\\\/\\\/www.vanguardhealthcare.co.uk\\\/#\\\/schema\\\/person\\\/a7817235898449de836f9c0de1c782d5\",\"name\":\"chrissybligh\",\"image\":{\"@type\":\"ImageObject\",\"inLanguage\":\"is\",\"@id\":\"https:\\\/\\\/secure.gravatar.com\\\/avatar\\\/68263e1def00912ffced2190270fc09ca3bf608ccf0a2d6ad1fde586b4e54b10?s=96&d=mm&r=g\",\"url\":\"https:\\\/\\\/secure.gravatar.com\\\/avatar\\\/68263e1def00912ffced2190270fc09ca3bf608ccf0a2d6ad1fde586b4e54b10?s=96&d=mm&r=g\",\"contentUrl\":\"https:\\\/\\\/secure.gravatar.com\\\/avatar\\\/68263e1def00912ffced2190270fc09ca3bf608ccf0a2d6ad1fde586b4e54b10?s=96&d=mm&r=g\",\"caption\":\"chrissybligh\"}}]}<\/script>\n<!-- \/ Yoast SEO plugin. -->","yoast_head_json":{"title":"Vanguard Healthcare Solutions er \u00e1n\u00e6gt a\u00f0 tilkynna kaup \u00e1 s\u00e9rhanna\u00f0ri framlei\u00f0slua\u00f0st\u00f6\u00f0u \u00ed Hull - Vanguard Healthcare Solutions","robots":{"index":"index","follow":"follow","max-snippet":"max-snippet:-1","max-image-preview":"max-image-preview:large","max-video-preview":"max-video-preview:-1"},"canonical":"https:\/\/www.vanguardhealthcare.co.uk\/is_is\/vanguard-healthcare-solutions-is-delighted-to-announce-the-acquisition-of-a-purpose-built-manufacturing-facility-in-hull\/","og_locale":"is_IS","og_type":"article","og_title":"Vanguard Healthcare Solutions is delighted to announce the acquisition of a purpose-built manufacturing facility in Hull - Vanguard Healthcare Solutions","og_description":"Vanguard is excited to begin this next chapter of growth and looks forward to welcoming new colleagues in Hull to the team.","og_url":"https:\/\/www.vanguardhealthcare.co.uk\/is_is\/vanguard-healthcare-solutions-is-delighted-to-announce-the-acquisition-of-a-purpose-built-manufacturing-facility-in-hull\/","og_site_name":"Vanguard Healthcare Solutions","article_published_time":"2023-12-05T09:58:33+00:00","article_modified_time":"2023-12-05T10:08:45+00:00","og_image":[{"width":1707,"height":1105,"url":"https:\/\/www.vanguardhealthcare.co.uk\/wp-content\/uploads\/legacy\/2022\/12\/Chris-Blackwell-Frost-6.12.2022-scaled-e1670344303741.jpg","type":"image\/jpeg"}],"author":"chrissybligh","twitter_card":"summary_large_image","twitter_misc":{"Written by":"chrissybligh","Est. reading time":"2 minutes"},"schema":{"@context":"https:\/\/schema.org","@graph":[{"@type":"Article","@id":"https:\/\/www.vanguardhealthcare.co.uk\/vanguard-healthcare-solutions-is-delighted-to-announce-the-acquisition-of-a-purpose-built-manufacturing-facility-in-hull\/#article","isPartOf":{"@id":"https:\/\/www.vanguardhealthcare.co.uk\/vanguard-healthcare-solutions-is-delighted-to-announce-the-acquisition-of-a-purpose-built-manufacturing-facility-in-hull\/"},"author":{"name":"chrissybligh","@id":"https:\/\/www.vanguardhealthcare.co.uk\/#\/schema\/person\/a7817235898449de836f9c0de1c782d5"},"headline":"Vanguard Healthcare Solutions is delighted to announce the acquisition of a purpose-built manufacturing facility in Hull","datePublished":"2023-12-05T09:58:33+00:00","dateModified":"2023-12-05T10:08:45+00:00","mainEntityOfPage":{"@id":"https:\/\/www.vanguardhealthcare.co.uk\/vanguard-healthcare-solutions-is-delighted-to-announce-the-acquisition-of-a-purpose-built-manufacturing-facility-in-hull\/"},"wordCount":220,"image":{"@id":"https:\/\/www.vanguardhealthcare.co.uk\/vanguard-healthcare-solutions-is-delighted-to-announce-the-acquisition-of-a-purpose-built-manufacturing-facility-in-hull\/#primaryimage"},"thumbnailUrl":"https:\/\/www.vanguardhealthcare.co.uk\/wp-content\/uploads\/legacy\/2022\/12\/Chris-Blackwell-Frost-6.12.2022-scaled-e1670344303741.jpg","articleSection":["News"],"inLanguage":"is"},{"@type":"WebPage","@id":"https:\/\/www.vanguardhealthcare.co.uk\/vanguard-healthcare-solutions-is-delighted-to-announce-the-acquisition-of-a-purpose-built-manufacturing-facility-in-hull\/","url":"https:\/\/www.vanguardhealthcare.co.uk\/vanguard-healthcare-solutions-is-delighted-to-announce-the-acquisition-of-a-purpose-built-manufacturing-facility-in-hull\/","name":"Vanguard Healthcare Solutions er \u00e1n\u00e6gt a\u00f0 tilkynna kaup \u00e1 s\u00e9rhanna\u00f0ri framlei\u00f0slua\u00f0st\u00f6\u00f0u \u00ed Hull - Vanguard Healthcare Solutions","isPartOf":{"@id":"https:\/\/www.vanguardhealthcare.co.uk\/#website"},"primaryImageOfPage":{"@id":"https:\/\/www.vanguardhealthcare.co.uk\/vanguard-healthcare-solutions-is-delighted-to-announce-the-acquisition-of-a-purpose-built-manufacturing-facility-in-hull\/#primaryimage"},"image":{"@id":"https:\/\/www.vanguardhealthcare.co.uk\/vanguard-healthcare-solutions-is-delighted-to-announce-the-acquisition-of-a-purpose-built-manufacturing-facility-in-hull\/#primaryimage"},"thumbnailUrl":"https:\/\/www.vanguardhealthcare.co.uk\/wp-content\/uploads\/legacy\/2022\/12\/Chris-Blackwell-Frost-6.12.2022-scaled-e1670344303741.jpg","datePublished":"2023-12-05T09:58:33+00:00","dateModified":"2023-12-05T10:08:45+00:00","author":{"@id":"https:\/\/www.vanguardhealthcare.co.uk\/#\/schema\/person\/a7817235898449de836f9c0de1c782d5"},"breadcrumb":{"@id":"https:\/\/www.vanguardhealthcare.co.uk\/vanguard-healthcare-solutions-is-delighted-to-announce-the-acquisition-of-a-purpose-built-manufacturing-facility-in-hull\/#breadcrumb"},"inLanguage":"is","potentialAction":[{"@type":"ReadAction","target":["https:\/\/www.vanguardhealthcare.co.uk\/vanguard-healthcare-solutions-is-delighted-to-announce-the-acquisition-of-a-purpose-built-manufacturing-facility-in-hull\/"]}]},{"@type":"ImageObject","inLanguage":"is","@id":"https:\/\/www.vanguardhealthcare.co.uk\/vanguard-healthcare-solutions-is-delighted-to-announce-the-acquisition-of-a-purpose-built-manufacturing-facility-in-hull\/#primaryimage","url":"https:\/\/www.vanguardhealthcare.co.uk\/wp-content\/uploads\/legacy\/2022\/12\/Chris-Blackwell-Frost-6.12.2022-scaled-e1670344303741.jpg","contentUrl":"https:\/\/www.vanguardhealthcare.co.uk\/wp-content\/uploads\/legacy\/2022\/12\/Chris-Blackwell-Frost-6.12.2022-scaled-e1670344303741.jpg","width":1707,"height":1105},{"@type":"BreadcrumbList","@id":"https:\/\/www.vanguardhealthcare.co.uk\/vanguard-healthcare-solutions-is-delighted-to-announce-the-acquisition-of-a-purpose-built-manufacturing-facility-in-hull\/#breadcrumb","itemListElement":[{"@type":"ListItem","position":1,"name":"Home","item":"https:\/\/www.vanguardhealthcare.co.uk\/"},{"@type":"ListItem","position":2,"name":"Vanguard Healthcare Solutions is delighted to announce the acquisition of a purpose-built manufacturing facility in Hull"}]},{"@type":"WebSite","@id":"https:\/\/www.vanguardhealthcare.co.uk\/#website","url":"https:\/\/www.vanguardhealthcare.co.uk\/","name":"Vanguard Healthcare Solutions","description":"","potentialAction":[{"@type":"SearchAction","target":{"@type":"EntryPoint","urlTemplate":"https:\/\/www.vanguardhealthcare.co.uk\/?s={search_term_string}"},"query-input":{"@type":"PropertyValueSpecification","valueRequired":true,"valueName":"search_term_string"}}],"inLanguage":"is"},{"@type":"Person","@id":"https:\/\/www.vanguardhealthcare.co.uk\/#\/schema\/person\/a7817235898449de836f9c0de1c782d5","name":"chrissybligh","image":{"@type":"ImageObject","inLanguage":"is","@id":"https:\/\/secure.gravatar.com\/avatar\/68263e1def00912ffced2190270fc09ca3bf608ccf0a2d6ad1fde586b4e54b10?s=96&d=mm&r=g","url":"https:\/\/secure.gravatar.com\/avatar\/68263e1def00912ffced2190270fc09ca3bf608ccf0a2d6ad1fde586b4e54b10?s=96&d=mm&r=g","contentUrl":"https:\/\/secure.gravatar.com\/avatar\/68263e1def00912ffced2190270fc09ca3bf608ccf0a2d6ad1fde586b4e54b10?s=96&d=mm&r=g","caption":"chrissybligh"}}]}},"_links":{"self":[{"href":"https:\/\/www.vanguardhealthcare.co.uk\/is_is\/wp-json\/wp\/v2\/posts\/7134","targetHints":{"allow":["GET"]}}],"collection":[{"href":"https:\/\/www.vanguardhealthcare.co.uk\/is_is\/wp-json\/wp\/v2\/posts"}],"about":[{"href":"https:\/\/www.vanguardhealthcare.co.uk\/is_is\/wp-json\/wp\/v2\/types\/post"}],"author":[{"embeddable":true,"href":"https:\/\/www.vanguardhealthcare.co.uk\/is_is\/wp-json\/wp\/v2\/users\/11"}],"replies":[{"embeddable":true,"href":"https:\/\/www.vanguardhealthcare.co.uk\/is_is\/wp-json\/wp\/v2\/comments?post=7134"}],"version-history":[{"count":0,"href":"https:\/\/www.vanguardhealthcare.co.uk\/is_is\/wp-json\/wp\/v2\/posts\/7134\/revisions"}],"wp:featuredmedia":[{"embeddable":true,"href":"https:\/\/www.vanguardhealthcare.co.uk\/is_is\/wp-json\/wp\/v2\/media\/1289"}],"wp:attachment":[{"href":"https:\/\/www.vanguardhealthcare.co.uk\/is_is\/wp-json\/wp\/v2\/media?parent=7134"}],"wp:term":[{"taxonomy":"category","embeddable":true,"href":"https:\/\/www.vanguardhealthcare.co.uk\/is_is\/wp-json\/wp\/v2\/categories?post=7134"},{"taxonomy":"post_tag","embeddable":true,"href":"https:\/\/www.vanguardhealthcare.co.uk\/is_is\/wp-json\/wp\/v2\/tags?post=7134"}],"curies":[{"name":"wp","href":"https:\/\/api.w.org\/{rel}","templated":true}]}}