{"id":6002,"date":"2018-10-19T11:21:24","date_gmt":"2018-10-19T11:21:24","guid":{"rendered":"\/?p=1909"},"modified":"2018-10-19T11:21:24","modified_gmt":"2018-10-19T11:21:24","slug":"hereford-county-hospital-prepares-for-winter-hospital-pressures","status":"publish","type":"post","link":"https:\/\/www.vanguardhealthcare.co.uk\/is_is\/hereford-county-hospital-prepares-for-winter-hospital-pressures\/","title":{"rendered":"Hereford s\u00fdslusj\u00fakrah\u00fasi\u00f0 b\u00fdr sig undir vetrar\u00e1lag"},"content":{"rendered":"<p>F\u00e6ranleg deild me\u00f0 8 r\u00famum kom \u00e1 Hereford-s\u00fdslusj\u00fakrah\u00fasi\u00f0 \u00ed byrjun september til a\u00f0 hj\u00e1lpa til vi\u00f0 a\u00f0 stj\u00f3rna aukinni eftirspurn eftir sj\u00fakrah\u00fas\u00fej\u00f3nustu.<\/p>\n<p>\u00deetta er s\u00e9rstaklega mikilv\u00e6gt \u00fear sem sj\u00f3\u00f0urinn undirb\u00fdr sig fyrir vetrar\u00fer\u00fdsting sem er a\u00f0eins eftir nokkra m\u00e1nu\u00f0i, en einnig endurspeglun \u00e1 \u00e1framhaldandi \u00e1\u00f0ur \u00f3\u00feekktum \u00fer\u00fdstingi \u00e1 \u00fej\u00f3nustu sem hefur haldi\u00f0 \u00e1fram \u00ed gegnum sumari\u00f0.<\/p>\n<p>Fj\u00f6ldi sj\u00faklinga \u00e1 br\u00e1\u00f0am\u00f3tt\u00f6ku sem \u00fej\u00e1st af meirih\u00e1ttar veikindum e\u00f0a mei\u00f0sli eykst jafnan yfir veturinn, en \u00ed \u00e1r hefur \u00feessi fj\u00f6lgun haldi\u00f0 \u00e1fram allt vori\u00f0 og fram \u00e1 sumarm\u00e1nu\u00f0ina, s\u00ed\u00f0ar hefur a\u00f0s\u00f3kn \u00e1 br\u00e1\u00f0am\u00f3tt\u00f6ku aukist me\u00f0 10-20 sj\u00faklingum til vi\u00f0b\u00f3tar \u00e1 hverjum degi.<\/p>\n<p>\u00c1ri\u00f0 2016 t\u00f3k sj\u00fakrah\u00fasi\u00f0 inn um 190 fullor\u00f0na sj\u00faklinga \u00e1 viku \u00ed gegnum br\u00e1\u00f0am\u00f3tt\u00f6ku s\u00edna. \u00cd fyrra f\u00f3r \u00feessi tala upp \u00ed 225 og \u00ed \u00e1r stendur h\u00fan \u00ed 250 - t\u00e6plega 30 pr\u00f3senta aukningu \u00e1 s\u00ed\u00f0ustu tveimur \u00e1rum.<\/p>\n<p>\u201eForgangsverkefni okkar er a\u00f0 tryggja a\u00f0 vi\u00f0 veitum \u00f6rugga og skilvirka um\u00f6nnun \u00e1 t\u00edmum mikillar eftirspurnar, s\u00e9rstaklega \u00e1 vetrart\u00edmabilinu,\u201c sag\u00f0i Jane Ives, framkv\u00e6mdastj\u00f3ri wye Valley NHS Trust.<\/p>\n<p>&quot;Vanguard einingin veitir h\u00e1g\u00e6\u00f0a kl\u00edn\u00edskt umhverfi sem hentar sj\u00faklingum og mun hj\u00e1lpa okkur n\u00fana og einnig \u00feegar vi\u00f0 undirb\u00faum okkur fyrir vetrar\u00e1lag.&quot;<\/p>\n<p>Faradeildin hefur veri\u00f0 afhent \u00ed vikunni og mun h\u00fan gangast undir gangsetningart\u00edmabil \u00e1\u00f0ur en teki\u00f0 ver\u00f0ur \u00e1 m\u00f3ti sj\u00faklingum \u00ed september.<\/p>\n<p>Einingin er f\u00e6ranleg sj\u00fakradeild sem ver\u00f0ur mi\u00f0l\u00e6gtengd a\u00f0alsj\u00fakrah\u00fasinu til a\u00f0 tryggja grei\u00f0an a\u00f0gang a\u00f0 \u00f6\u00f0rum kl\u00edn\u00edskum sv\u00e6\u00f0um. Hann ver\u00f0ur sta\u00f0settur \u00e1 b\u00edlaplani vi\u00f0 geislame\u00f0fer\u00f0ardeildina.<\/p>\n<p>Samstarf Wye Valley NHS Trust og Vanguard n\u00e6r aftur til fj\u00f6lda \u00e1ra - \u00e1 \u00e1rum \u00e1\u00f0ur hefur fyrirt\u00e6ki\u00f0 \u00fatvega\u00f0 a\u00f0st\u00f6\u00f0u til a\u00f0 sty\u00f0ja sj\u00fakrah\u00fasi\u00f0, \u00fear \u00e1 me\u00f0al fars\u00edma heilsug\u00e6slust\u00f6\u00f0 og fars\u00edma skur\u00f0stofu.<\/p>\n<p>Steve Peak, forst\u00f6\u00f0uma\u00f0ur afhendingar og \u00fer\u00f3unar hj\u00e1 Vanguard Healthcare Solutions, sag\u00f0i: &quot;Vi\u00f0 erum \u00e1n\u00e6g\u00f0 me\u00f0 a\u00f0 vera enn og aftur a\u00f0 sty\u00f0ja Hereford County Hospital me\u00f0 vi\u00f0b\u00f3tar kl\u00edn\u00edskum innvi\u00f0um. \u00deessi fyrirbyggjandi n\u00e1lgun mun hj\u00e1lpa til vi\u00f0 a\u00f0 draga \u00far hugsanlegum vetrar\u00fer\u00fdstingi.&quot;<\/p>","protected":false},"excerpt":{"rendered":"<p>F\u00e6ranleg deild me\u00f0 8 r\u00famum kom \u00e1 Hereford-s\u00fdslusj\u00fakrah\u00fasi\u00f0 \u00ed byrjun september til a\u00f0 hj\u00e1lpa til vi\u00f0 a\u00f0 stj\u00f3rna aukinni eftirspurn eftir sj\u00fakrah\u00fas\u00fej\u00f3nustu.<\/p>","protected":false},"author":1,"featured_media":1396,"comment_status":"closed","ping_status":"closed","sticky":false,"template":"","format":"standard","meta":{"_acf_changed":false,"footnotes":""},"categories":[1],"tags":[],"class_list":["post-6002","post","type-post","status-publish","format-standard","has-post-thumbnail","hentry","category-uncategorized"],"acf":[],"yoast_head":"<!-- This site is optimized with the Yoast SEO plugin v27.4 - https:\/\/yoast.com\/product\/yoast-seo-wordpress\/ -->\n<title>Hereford County Hospital prepares for winter pressures - Vanguard Healthcare Solutions<\/title>\n<meta name=\"robots\" content=\"index, follow, max-snippet:-1, max-image-preview:large, max-video-preview:-1\" \/>\n<link rel=\"canonical\" href=\"https:\/\/www.vanguardhealthcare.co.uk\/is_is\/hereford-county-hospital-prepares-for-winter-hospital-pressures\/\" \/>\n<meta property=\"og:locale\" content=\"is_IS\" \/>\n<meta property=\"og:type\" content=\"article\" \/>\n<meta property=\"og:title\" content=\"Hereford County Hospital prepares for winter pressures - Vanguard Healthcare Solutions\" \/>\n<meta property=\"og:description\" content=\"A mobile ward with 8 beds arrived at Hereford County Hospital at the beginning of September to help manage the increase in demands on hospital services.\" \/>\n<meta property=\"og:url\" content=\"https:\/\/www.vanguardhealthcare.co.uk\/is_is\/hereford-county-hospital-prepares-for-winter-hospital-pressures\/\" \/>\n<meta property=\"og:site_name\" content=\"Vanguard Healthcare Solutions\" \/>\n<meta property=\"article:published_time\" content=\"2018-10-19T11:21:24+00:00\" \/>\n<meta property=\"og:image\" content=\"https:\/\/www.vanguardhealthcare.co.uk\/wp-content\/uploads\/legacy\/2018\/10\/WyeValley-MobileWard-External-DayLight.jpg\" \/>\n\t<meta property=\"og:image:width\" content=\"2048\" \/>\n\t<meta property=\"og:image:height\" content=\"1152\" \/>\n\t<meta property=\"og:image:type\" content=\"image\/jpeg\" \/>\n<meta name=\"author\" content=\"Vanguard Healthcare Solutions\" \/>\n<meta name=\"twitter:card\" content=\"summary_large_image\" \/>\n<meta name=\"twitter:label1\" content=\"Written by\" \/>\n\t<meta name=\"twitter:data1\" content=\"Vanguard Healthcare Solutions\" \/>\n\t<meta name=\"twitter:label2\" content=\"Est. reading time\" \/>\n\t<meta name=\"twitter:data2\" content=\"2 minutes\" \/>\n<script type=\"application\/ld+json\" class=\"yoast-schema-graph\">{\"@context\":\"https:\\\/\\\/schema.org\",\"@graph\":[{\"@type\":\"Article\",\"@id\":\"https:\\\/\\\/www.vanguardhealthcare.co.uk\\\/hereford-county-hospital-prepares-for-winter-hospital-pressures\\\/#article\",\"isPartOf\":{\"@id\":\"https:\\\/\\\/www.vanguardhealthcare.co.uk\\\/hereford-county-hospital-prepares-for-winter-hospital-pressures\\\/\"},\"author\":{\"name\":\"Vanguard Healthcare Solutions\",\"@id\":\"https:\\\/\\\/www.vanguardhealthcare.co.uk\\\/#\\\/schema\\\/person\\\/426decd65e2d39321705e63d5ea4394b\"},\"headline\":\"Hereford County Hospital prepares for winter pressures\",\"datePublished\":\"2018-10-19T11:21:24+00:00\",\"mainEntityOfPage\":{\"@id\":\"https:\\\/\\\/www.vanguardhealthcare.co.uk\\\/hereford-county-hospital-prepares-for-winter-hospital-pressures\\\/\"},\"wordCount\":334,\"image\":{\"@id\":\"https:\\\/\\\/www.vanguardhealthcare.co.uk\\\/hereford-county-hospital-prepares-for-winter-hospital-pressures\\\/#primaryimage\"},\"thumbnailUrl\":\"https:\\\/\\\/www.vanguardhealthcare.co.uk\\\/wp-content\\\/uploads\\\/legacy\\\/2018\\\/10\\\/WyeValley-MobileWard-External-DayLight.jpg\",\"articleSection\":[\"Uncategorized\"],\"inLanguage\":\"is\"},{\"@type\":\"WebPage\",\"@id\":\"https:\\\/\\\/www.vanguardhealthcare.co.uk\\\/hereford-county-hospital-prepares-for-winter-hospital-pressures\\\/\",\"url\":\"https:\\\/\\\/www.vanguardhealthcare.co.uk\\\/hereford-county-hospital-prepares-for-winter-hospital-pressures\\\/\",\"name\":\"Hereford County Hospital prepares for winter pressures - Vanguard Healthcare Solutions\",\"isPartOf\":{\"@id\":\"https:\\\/\\\/www.vanguardhealthcare.co.uk\\\/#website\"},\"primaryImageOfPage\":{\"@id\":\"https:\\\/\\\/www.vanguardhealthcare.co.uk\\\/hereford-county-hospital-prepares-for-winter-hospital-pressures\\\/#primaryimage\"},\"image\":{\"@id\":\"https:\\\/\\\/www.vanguardhealthcare.co.uk\\\/hereford-county-hospital-prepares-for-winter-hospital-pressures\\\/#primaryimage\"},\"thumbnailUrl\":\"https:\\\/\\\/www.vanguardhealthcare.co.uk\\\/wp-content\\\/uploads\\\/legacy\\\/2018\\\/10\\\/WyeValley-MobileWard-External-DayLight.jpg\",\"datePublished\":\"2018-10-19T11:21:24+00:00\",\"author\":{\"@id\":\"https:\\\/\\\/www.vanguardhealthcare.co.uk\\\/#\\\/schema\\\/person\\\/426decd65e2d39321705e63d5ea4394b\"},\"breadcrumb\":{\"@id\":\"https:\\\/\\\/www.vanguardhealthcare.co.uk\\\/hereford-county-hospital-prepares-for-winter-hospital-pressures\\\/#breadcrumb\"},\"inLanguage\":\"is\",\"potentialAction\":[{\"@type\":\"ReadAction\",\"target\":[\"https:\\\/\\\/www.vanguardhealthcare.co.uk\\\/hereford-county-hospital-prepares-for-winter-hospital-pressures\\\/\"]}]},{\"@type\":\"ImageObject\",\"inLanguage\":\"is\",\"@id\":\"https:\\\/\\\/www.vanguardhealthcare.co.uk\\\/hereford-county-hospital-prepares-for-winter-hospital-pressures\\\/#primaryimage\",\"url\":\"https:\\\/\\\/www.vanguardhealthcare.co.uk\\\/wp-content\\\/uploads\\\/legacy\\\/2018\\\/10\\\/WyeValley-MobileWard-External-DayLight.jpg\",\"contentUrl\":\"https:\\\/\\\/www.vanguardhealthcare.co.uk\\\/wp-content\\\/uploads\\\/legacy\\\/2018\\\/10\\\/WyeValley-MobileWard-External-DayLight.jpg\",\"width\":2048,\"height\":1152},{\"@type\":\"BreadcrumbList\",\"@id\":\"https:\\\/\\\/www.vanguardhealthcare.co.uk\\\/hereford-county-hospital-prepares-for-winter-hospital-pressures\\\/#breadcrumb\",\"itemListElement\":[{\"@type\":\"ListItem\",\"position\":1,\"name\":\"Home\",\"item\":\"https:\\\/\\\/www.vanguardhealthcare.co.uk\\\/\"},{\"@type\":\"ListItem\",\"position\":2,\"name\":\"Hereford County Hospital prepares for winter pressures\"}]},{\"@type\":\"WebSite\",\"@id\":\"https:\\\/\\\/www.vanguardhealthcare.co.uk\\\/#website\",\"url\":\"https:\\\/\\\/www.vanguardhealthcare.co.uk\\\/\",\"name\":\"Vanguard Healthcare Solutions\",\"description\":\"\",\"potentialAction\":[{\"@type\":\"SearchAction\",\"target\":{\"@type\":\"EntryPoint\",\"urlTemplate\":\"https:\\\/\\\/www.vanguardhealthcare.co.uk\\\/?s={search_term_string}\"},\"query-input\":{\"@type\":\"PropertyValueSpecification\",\"valueRequired\":true,\"valueName\":\"search_term_string\"}}],\"inLanguage\":\"is\"},{\"@type\":\"Person\",\"@id\":\"https:\\\/\\\/www.vanguardhealthcare.co.uk\\\/#\\\/schema\\\/person\\\/426decd65e2d39321705e63d5ea4394b\",\"name\":\"Vanguard Healthcare Solutions\",\"image\":{\"@type\":\"ImageObject\",\"inLanguage\":\"is\",\"@id\":\"https:\\\/\\\/secure.gravatar.com\\\/avatar\\\/7ba7c80067fbd6952425e7e5a94fa842f37365b39fe1fd0a01287a5a0b6f7d2b?s=96&d=mm&r=g\",\"url\":\"https:\\\/\\\/secure.gravatar.com\\\/avatar\\\/7ba7c80067fbd6952425e7e5a94fa842f37365b39fe1fd0a01287a5a0b6f7d2b?s=96&d=mm&r=g\",\"contentUrl\":\"https:\\\/\\\/secure.gravatar.com\\\/avatar\\\/7ba7c80067fbd6952425e7e5a94fa842f37365b39fe1fd0a01287a5a0b6f7d2b?s=96&d=mm&r=g\",\"caption\":\"Vanguard Healthcare Solutions\"},\"sameAs\":[\"https:\\\/\\\/www.vanguardhealthcare.co.uk\"]}]}<\/script>\n<!-- \/ Yoast SEO plugin. -->","yoast_head_json":{"title":"Sj\u00fakrah\u00fasi\u00f0 \u00ed Hereford-s\u00fdslu b\u00fdr sig undir vetrar\u00e1lag - Vanguard Heilbrig\u00f0islausnir","robots":{"index":"index","follow":"follow","max-snippet":"max-snippet:-1","max-image-preview":"max-image-preview:large","max-video-preview":"max-video-preview:-1"},"canonical":"https:\/\/www.vanguardhealthcare.co.uk\/is_is\/hereford-county-hospital-prepares-for-winter-hospital-pressures\/","og_locale":"is_IS","og_type":"article","og_title":"Hereford County Hospital prepares for winter pressures - Vanguard Healthcare Solutions","og_description":"A mobile ward with 8 beds arrived at Hereford County Hospital at the beginning of September to help manage the increase in demands on hospital services.","og_url":"https:\/\/www.vanguardhealthcare.co.uk\/is_is\/hereford-county-hospital-prepares-for-winter-hospital-pressures\/","og_site_name":"Vanguard Healthcare Solutions","article_published_time":"2018-10-19T11:21:24+00:00","og_image":[{"width":2048,"height":1152,"url":"https:\/\/www.vanguardhealthcare.co.uk\/wp-content\/uploads\/legacy\/2018\/10\/WyeValley-MobileWard-External-DayLight.jpg","type":"image\/jpeg"}],"author":"Vanguard Healthcare Solutions","twitter_card":"summary_large_image","twitter_misc":{"Written by":"Vanguard Healthcare Solutions","Est. reading time":"2 minutes"},"schema":{"@context":"https:\/\/schema.org","@graph":[{"@type":"Article","@id":"https:\/\/www.vanguardhealthcare.co.uk\/hereford-county-hospital-prepares-for-winter-hospital-pressures\/#article","isPartOf":{"@id":"https:\/\/www.vanguardhealthcare.co.uk\/hereford-county-hospital-prepares-for-winter-hospital-pressures\/"},"author":{"name":"Vanguard Healthcare Solutions","@id":"https:\/\/www.vanguardhealthcare.co.uk\/#\/schema\/person\/426decd65e2d39321705e63d5ea4394b"},"headline":"Hereford County Hospital prepares for winter pressures","datePublished":"2018-10-19T11:21:24+00:00","mainEntityOfPage":{"@id":"https:\/\/www.vanguardhealthcare.co.uk\/hereford-county-hospital-prepares-for-winter-hospital-pressures\/"},"wordCount":334,"image":{"@id":"https:\/\/www.vanguardhealthcare.co.uk\/hereford-county-hospital-prepares-for-winter-hospital-pressures\/#primaryimage"},"thumbnailUrl":"https:\/\/www.vanguardhealthcare.co.uk\/wp-content\/uploads\/legacy\/2018\/10\/WyeValley-MobileWard-External-DayLight.jpg","articleSection":["Uncategorized"],"inLanguage":"is"},{"@type":"WebPage","@id":"https:\/\/www.vanguardhealthcare.co.uk\/hereford-county-hospital-prepares-for-winter-hospital-pressures\/","url":"https:\/\/www.vanguardhealthcare.co.uk\/hereford-county-hospital-prepares-for-winter-hospital-pressures\/","name":"Sj\u00fakrah\u00fasi\u00f0 \u00ed Hereford-s\u00fdslu b\u00fdr sig undir vetrar\u00e1lag - Vanguard Heilbrig\u00f0islausnir","isPartOf":{"@id":"https:\/\/www.vanguardhealthcare.co.uk\/#website"},"primaryImageOfPage":{"@id":"https:\/\/www.vanguardhealthcare.co.uk\/hereford-county-hospital-prepares-for-winter-hospital-pressures\/#primaryimage"},"image":{"@id":"https:\/\/www.vanguardhealthcare.co.uk\/hereford-county-hospital-prepares-for-winter-hospital-pressures\/#primaryimage"},"thumbnailUrl":"https:\/\/www.vanguardhealthcare.co.uk\/wp-content\/uploads\/legacy\/2018\/10\/WyeValley-MobileWard-External-DayLight.jpg","datePublished":"2018-10-19T11:21:24+00:00","author":{"@id":"https:\/\/www.vanguardhealthcare.co.uk\/#\/schema\/person\/426decd65e2d39321705e63d5ea4394b"},"breadcrumb":{"@id":"https:\/\/www.vanguardhealthcare.co.uk\/hereford-county-hospital-prepares-for-winter-hospital-pressures\/#breadcrumb"},"inLanguage":"is","potentialAction":[{"@type":"ReadAction","target":["https:\/\/www.vanguardhealthcare.co.uk\/hereford-county-hospital-prepares-for-winter-hospital-pressures\/"]}]},{"@type":"ImageObject","inLanguage":"is","@id":"https:\/\/www.vanguardhealthcare.co.uk\/hereford-county-hospital-prepares-for-winter-hospital-pressures\/#primaryimage","url":"https:\/\/www.vanguardhealthcare.co.uk\/wp-content\/uploads\/legacy\/2018\/10\/WyeValley-MobileWard-External-DayLight.jpg","contentUrl":"https:\/\/www.vanguardhealthcare.co.uk\/wp-content\/uploads\/legacy\/2018\/10\/WyeValley-MobileWard-External-DayLight.jpg","width":2048,"height":1152},{"@type":"BreadcrumbList","@id":"https:\/\/www.vanguardhealthcare.co.uk\/hereford-county-hospital-prepares-for-winter-hospital-pressures\/#breadcrumb","itemListElement":[{"@type":"ListItem","position":1,"name":"Home","item":"https:\/\/www.vanguardhealthcare.co.uk\/"},{"@type":"ListItem","position":2,"name":"Hereford County Hospital prepares for winter pressures"}]},{"@type":"WebSite","@id":"https:\/\/www.vanguardhealthcare.co.uk\/#website","url":"https:\/\/www.vanguardhealthcare.co.uk\/","name":"Vanguard Healthcare Solutions","description":"","potentialAction":[{"@type":"SearchAction","target":{"@type":"EntryPoint","urlTemplate":"https:\/\/www.vanguardhealthcare.co.uk\/?s={search_term_string}"},"query-input":{"@type":"PropertyValueSpecification","valueRequired":true,"valueName":"search_term_string"}}],"inLanguage":"is"},{"@type":"Person","@id":"https:\/\/www.vanguardhealthcare.co.uk\/#\/schema\/person\/426decd65e2d39321705e63d5ea4394b","name":"Vanguard Healthcare Solutions","image":{"@type":"ImageObject","inLanguage":"is","@id":"https:\/\/secure.gravatar.com\/avatar\/7ba7c80067fbd6952425e7e5a94fa842f37365b39fe1fd0a01287a5a0b6f7d2b?s=96&d=mm&r=g","url":"https:\/\/secure.gravatar.com\/avatar\/7ba7c80067fbd6952425e7e5a94fa842f37365b39fe1fd0a01287a5a0b6f7d2b?s=96&d=mm&r=g","contentUrl":"https:\/\/secure.gravatar.com\/avatar\/7ba7c80067fbd6952425e7e5a94fa842f37365b39fe1fd0a01287a5a0b6f7d2b?s=96&d=mm&r=g","caption":"Vanguard Healthcare Solutions"},"sameAs":["https:\/\/www.vanguardhealthcare.co.uk"]}]}},"_links":{"self":[{"href":"https:\/\/www.vanguardhealthcare.co.uk\/is_is\/wp-json\/wp\/v2\/posts\/6002","targetHints":{"allow":["GET"]}}],"collection":[{"href":"https:\/\/www.vanguardhealthcare.co.uk\/is_is\/wp-json\/wp\/v2\/posts"}],"about":[{"href":"https:\/\/www.vanguardhealthcare.co.uk\/is_is\/wp-json\/wp\/v2\/types\/post"}],"author":[{"embeddable":true,"href":"https:\/\/www.vanguardhealthcare.co.uk\/is_is\/wp-json\/wp\/v2\/users\/1"}],"replies":[{"embeddable":true,"href":"https:\/\/www.vanguardhealthcare.co.uk\/is_is\/wp-json\/wp\/v2\/comments?post=6002"}],"version-history":[{"count":0,"href":"https:\/\/www.vanguardhealthcare.co.uk\/is_is\/wp-json\/wp\/v2\/posts\/6002\/revisions"}],"wp:featuredmedia":[{"embeddable":true,"href":"https:\/\/www.vanguardhealthcare.co.uk\/is_is\/wp-json\/wp\/v2\/media\/1396"}],"wp:attachment":[{"href":"https:\/\/www.vanguardhealthcare.co.uk\/is_is\/wp-json\/wp\/v2\/media?parent=6002"}],"wp:term":[{"taxonomy":"category","embeddable":true,"href":"https:\/\/www.vanguardhealthcare.co.uk\/is_is\/wp-json\/wp\/v2\/categories?post=6002"},{"taxonomy":"post_tag","embeddable":true,"href":"https:\/\/www.vanguardhealthcare.co.uk\/is_is\/wp-json\/wp\/v2\/tags?post=6002"}],"curies":[{"name":"wp","href":"https:\/\/api.w.org\/{rel}","templated":true}]}}