{"id":3181,"date":"2020-09-18T13:04:42","date_gmt":"2020-09-18T13:04:42","guid":{"rendered":"\/?p=3181"},"modified":"2023-09-05T09:42:21","modified_gmt":"2023-09-05T09:42:21","slug":"modular-ward-provides-covid-free-zone-at-kettering-general-hospital","status":"publish","type":"post","link":"https:\/\/www.vanguardhealthcare.co.uk\/is_is\/modular-ward-provides-covid-free-zone-at-kettering-general-hospital\/","title":{"rendered":"Einingadeild b\u00fd\u00f0ur upp \u00e1 Covid-fr\u00edtt sv\u00e6\u00f0i \u00e1 Kettering General Hospital"},"content":{"rendered":"<p>N\u00fd 18 r\u00fama einingadeild hefur veri\u00f0 sett upp \u00e1 Kettering General Hospital (KGH) til a\u00f0 veita auka getu me\u00f0an \u00e1 Covid-19 heimsfaraldri stendur.<\/p>\n<p>Deildin, sem var \u00fatvegu\u00f0 af Vanguard Healthcare Solutions og hefur veri\u00f0 sett upp \u00e1 b\u00edlast\u00e6\u00f0inu \u00e1 a\u00f0alsv\u00e6\u00f0i sj\u00fakrah\u00fassins \u00ed Rothwell Road, er notu\u00f0 sem vi\u00f0brag\u00f0sr\u00e1\u00f0st\u00f6fun, sem veitir sj\u00fakrah\u00fasinu t\u00edmabundna vi\u00f0b\u00f3tarr\u00famr\u00fdmi fyrir sj\u00faklinga sem ekki eru Covid.<\/p>\n<p>Undanfarna m\u00e1nu\u00f0i hafa m\u00f6rg sj\u00fakrah\u00fas \u00feurft a\u00f0 endurstilla innra leikh\u00fas- og deildar\u00fdmi til a\u00f0 tryggja a\u00f0 n\u00e6gileg getu haldist fyrir Covid-19 sj\u00faklinga. A\u00f0alsj\u00fakrah\u00fas Kettering er engin undantekning.<\/p>\n<p>R\u00faml\u00edkana\u00e6fing \u00ed upphafi heimsfaraldursins benti til \u00feess a\u00f0 sp\u00edtalinn g\u00e6ti \u00feurft vi\u00f0b\u00f3tar r\u00famr\u00fdmi til a\u00f0 takast \u00e1 vi\u00f0 kreppuna \u00e1 \u00e1hrifar\u00edkan h\u00e1tt og sj\u00f3\u00f0urinn \u00e1kva\u00f0 a\u00f0 taka \u00ed notkun einingadeild til a\u00f0 b\u00faa til anna\u00f0 \u201egr\u00e6nt\u201c sv\u00e6\u00f0i, fjarri Covid-19 sv\u00e6\u00f0um, \u00fear sem h\u00e6gt v\u00e6ri a\u00f0 hl\u00faa a\u00f0 sj\u00faklingum \u00ed \u00e1h\u00e6ttuh\u00f3pi.<\/p>\n<p>A\u00f0sta\u00f0an sj\u00e1lfst\u00e6\u00f0a deildin var fullger\u00f0 \u00e1 fimm vikna t\u00edmabili, sem er mj\u00f6g stuttur t\u00edmi fyrir verkefni af \u00feessu tagi, jafnvel \u00e1n vi\u00f0b\u00f3tar\u00e1skorana af v\u00f6ldum lokunartakmarkana sem voru til sta\u00f0ar vi\u00f0 bygginguna.<\/p>\n<p>Einingarnar voru bygg\u00f0ar utan sta\u00f0num af <a href=\"https:\/\/young-medical.com\/\">Young Medical<\/a>, s\u00e9rh\u00e6ft d\u00f3tturfyrirt\u00e6ki Vanguard, og var lyft \u00ed st\u00f6\u00f0u me\u00f0 krana. \u00dea\u00f0 sem eftir var af verkinu var s\u00ed\u00f0an loki\u00f0 \u00e1 sta\u00f0num me\u00f0 afar \u00fer\u00f6ngri t\u00edma\u00e1\u00e6tlun.<\/p>\n<p>Verkefnateymi Vanguard vann \u00ed n\u00e1nu samstarfi vi\u00f0 trausti\u00f0 a\u00f0 \u00f6llum \u00fe\u00e1ttum gangsetningar, uppsetningar og afhendingu. \u00deessi n\u00e1lgun l\u00e1gmarka\u00f0i \u00e1h\u00e6ttu sem og hvers kyns \u201erek\u201c \u00e1 t\u00edmal\u00ednu verkefnisins, eitthva\u00f0 sem skipti sk\u00f6pum til a\u00f0 tryggja a\u00f0 a\u00f0sta\u00f0an v\u00e6ri afhent \u00e1 r\u00e9ttum t\u00edma og innan fj\u00e1rhags\u00e1\u00e6tlunar.<\/p>\n<p>Fullb\u00fain bygging er 600 fm og samanstendur af 18 r\u00famum. Einnig eru \u00fevottah\u00fas, geymslur og hj\u00fakrunarst\u00f6\u00f0varsv\u00e6\u00f0i \u00e1 deildinni. Innri uppsetningin var h\u00f6nnu\u00f0 me\u00f0 skilvirkt fl\u00e6\u00f0i sj\u00faklinga \u00ed huga, sem h\u00e1markar n\u00fdtingu \u00e1 tilt\u00e6ku r\u00fdmi og tryggir hagn\u00fdtan - og \u00f6ruggan - flutning sj\u00faklinga sem koma fr\u00e1 a\u00f0albyggingu sj\u00fakrah\u00fassins.<\/p>\n<p>Eftir a\u00f0 hafa veri\u00f0 opin sj\u00faklingum fr\u00e1 1. j\u00fan\u00ed er deildin notu\u00f0 til a\u00f0 h\u00fdsa fyrst og fremst \u00e1h\u00e6ttuh\u00f3pa, vi\u00f0kv\u00e6ma e\u00f0a aldra\u00f0a sj\u00faklinga fyrir, me\u00f0an \u00e1 og eftir me\u00f0fer\u00f0. Til a\u00f0 tryggja a\u00f0 deildin haldist Covid-laus eru allir sj\u00faklingar skima\u00f0ir og pr\u00f3fa\u00f0ir \u00e1\u00f0ur en \u00feeir koma inn \u00e1 deildina.<\/p>\n<p>Gert er r\u00e1\u00f0 fyrir a\u00f0 a\u00f0sta\u00f0an ver\u00f0i \u00e1fram \u00e1 sta\u00f0num \u00ed fyrstu sex m\u00e1nu\u00f0i, sem gerir sj\u00fakrah\u00fasinu kleift a\u00f0 halda Covid-19 getu innan sj\u00fakrah\u00fassins ef \u00f6nnur bylgja ver\u00f0ur.\n<em>\nTalsma\u00f0ur KGH\n<\/em>\nsag\u00f0i: \u201eN\u00fdja blokkin sem h\u00fdsir 18 r\u00fama deildina var sett upp sem vi\u00f0brag\u00f0sr\u00e1\u00f0st\u00f6fun til a\u00f0 sty\u00f0ja vi\u00f0 \u00f6rugga stj\u00f3rnun og fl\u00e6\u00f0i sj\u00faklinga sem ekki eru Covid, \u00fear sem vi\u00f0 h\u00f6ldum \u00e1fram a\u00f0 sj\u00e1 um Covid-19 sj\u00faklinga \u00e1 sj\u00fakrah\u00fasinu. Fr\u00e1 \u00fev\u00ed a\u00f0 a\u00f0sta\u00f0an t\u00f3k til starfa hafa b\u00e6\u00f0i starfsmenn og sj\u00faklingar veri\u00f0 \u00e1n\u00e6g\u00f0ir me\u00f0 hi\u00f0 r\u00famg\u00f3\u00f0a, hreina og bjarta n\u00fdja deildar\u00fdmi.<\/p>\n<p>\u201eA\u00f0 hafa vi\u00f0b\u00f3tarr\u00famr\u00fdmi til umr\u00e1\u00f0a \u00e1 \u00feessum mikilv\u00e6ga t\u00edma hefur veri\u00f0 afar d\u00fdrm\u00e6tt og s\u00fa sta\u00f0reynd a\u00f0 \u00fea\u00f0 er sta\u00f0sett fjarri a\u00f0albyggingu sj\u00fakrah\u00fassins hefur veitt fullvissu fyrir sj\u00faklinga \u00ed \u00e1h\u00e6ttuh\u00f3pi, sem kunna a\u00f0 hafa haft \u00e1hyggjur af \u00e1h\u00e6ttunni sem fylgir sj\u00fakrah\u00fass\u00f3kn. .\u201d\n<img loading=\"lazy\" decoding=\"async\" class=\"alignnone wp-image-3183\" src=\"\/wp-content\/uploads\/legacy\/2020\/09\/kETTERING-4-1024x768.jpg\" alt=\"\" width=\"544\" height=\"408\" \/>\nBrian Gubb, framkv\u00e6mdastj\u00f3ri rekstrarlausna Vanguard, sag\u00f0i: \u201eVi\u00f0 h\u00f6fum unni\u00f0 n\u00e1i\u00f0 me\u00f0 traustinu \u00ed gegnum verkefni\u00f0 og erum mj\u00f6g \u00e1n\u00e6g\u00f0 me\u00f0 a\u00f0 geta veitt lausn \u00e1 vi\u00f0b\u00f3targetu\u00fe\u00f6rf KGH me\u00f0an \u00e1 Covid-19 heimsfaraldrinum stendur. Sveigjanlegar t\u00edmabundnar lausnir Vanguard eru tilvalnar til notkunar sem Covid-fr\u00edtt sv\u00e6\u00f0i, \u00fear sem \u00fe\u00e6r geta veri\u00f0 algj\u00f6rlega sj\u00e1lfst\u00e6\u00f0ar.<\/p>\n<p>Rob van Liefland, framkv\u00e6mdastj\u00f3ri Young Medical, sag\u00f0i: \u201e\u00cd lj\u00f3si \u00feess a\u00f0 Bretland var \u00ed fullri lokun me\u00f0an \u00e1 byggingu st\u00f3\u00f0 og a\u00f0 fylgja \u00feurfti str\u00f6ngum s\u00fdkingav\u00f6rnum og lei\u00f0beiningum um f\u00e9lagslega fjarl\u00e6g\u00f0, reyndist hinn \u00fer\u00f6ngi t\u00edmarammi s\u00e9rstaklega krefjandi.<\/p>\n<p>\u201eEiningabyggingara\u00f0fer\u00f0in, \u00fear sem einingar voru bygg\u00f0ar \u00e1 sta\u00f0num \u00e1\u00f0ur en \u00fe\u00e6r voru krana\u00f0ar inn og kl\u00e1ra\u00f0ar, \u00fe\u00fdddi a\u00f0 vi\u00f0 g\u00e1tum komi\u00f0 n\u00fdju deildinni \u00ed gang mj\u00f6g flj\u00f3tt, \u00fer\u00e1tt fyrir vi\u00f0b\u00f3tar\u00e1skoranir af v\u00f6ldum lokunartakmarkana.<\/p>\n<p>Til a\u00f0 f\u00e1 frekari uppl\u00fdsingar um fars\u00edma- og einingaa\u00f0st\u00f6\u00f0u Vanguard og Covid-19 lausnir, vinsamlegast\n<a href=\"\/is_is\/contact\/\">\nkomast \u00ed samband\n<\/a>\n.<\/p>","protected":false},"excerpt":{"rendered":"<p>N\u00fd 18 r\u00fama einingadeild hefur veri\u00f0 sett upp \u00e1 Kettering General Hospital (KGH) til a\u00f0 veita auka getu me\u00f0an \u00e1 Covid-19 heimsfaraldri stendur. <\/p>","protected":false},"author":1,"featured_media":1383,"comment_status":"closed","ping_status":"closed","sticky":false,"template":"","format":"standard","meta":{"_acf_changed":false,"footnotes":""},"categories":[2,115],"tags":[4,140,138],"class_list":["post-3181","post","type-post","status-publish","format-standard","has-post-thumbnail","hentry","category-news","category-products-and-services","tag-modular","tag-northamptonshire","tag-ward"],"acf":[],"yoast_head":"<!-- This site is optimized with the Yoast SEO plugin v27.4 - https:\/\/yoast.com\/product\/yoast-seo-wordpress\/ -->\n<title>Modular ward provides Covid-free zone at Kettering General Hospital - Vanguard Healthcare Solutions<\/title>\n<meta name=\"description\" content=\"A new 18-bed modular ward has been installed at Kettering General Hospital (KGH) to provide extra capacity during the Covid-19 pandemic.\" \/>\n<meta name=\"robots\" content=\"index, follow, max-snippet:-1, max-image-preview:large, max-video-preview:-1\" \/>\n<link rel=\"canonical\" href=\"https:\/\/www.vanguardhealthcare.co.uk\/is_is\/modular-ward-provides-covid-free-zone-at-kettering-general-hospital\/\" \/>\n<meta property=\"og:locale\" content=\"is_IS\" \/>\n<meta property=\"og:type\" content=\"article\" \/>\n<meta property=\"og:title\" content=\"Modular ward provides Covid-free zone at Kettering General Hospital - Vanguard Healthcare Solutions\" \/>\n<meta property=\"og:description\" content=\"A new 18-bed modular ward has been installed at Kettering General Hospital (KGH) to provide extra capacity during the Covid-19 pandemic.\" \/>\n<meta property=\"og:url\" content=\"https:\/\/www.vanguardhealthcare.co.uk\/is_is\/modular-ward-provides-covid-free-zone-at-kettering-general-hospital\/\" \/>\n<meta property=\"og:site_name\" content=\"Vanguard Healthcare Solutions\" \/>\n<meta property=\"article:published_time\" content=\"2020-09-18T13:04:42+00:00\" \/>\n<meta property=\"article:modified_time\" content=\"2023-09-05T09:42:21+00:00\" \/>\n<meta property=\"og:image\" content=\"https:\/\/www.vanguardhealthcare.co.uk\/wp-content\/uploads\/legacy\/2020\/09\/kETTERING-4.jpg\" \/>\n\t<meta property=\"og:image:width\" content=\"1599\" \/>\n\t<meta property=\"og:image:height\" content=\"1200\" \/>\n\t<meta property=\"og:image:type\" content=\"image\/jpeg\" \/>\n<meta name=\"author\" content=\"Vanguard Healthcare Solutions\" \/>\n<meta name=\"twitter:card\" content=\"summary_large_image\" \/>\n<meta name=\"twitter:label1\" content=\"Written by\" \/>\n\t<meta name=\"twitter:data1\" content=\"Vanguard Healthcare Solutions\" \/>\n\t<meta name=\"twitter:label2\" content=\"Est. reading time\" \/>\n\t<meta name=\"twitter:data2\" content=\"4 minutes\" \/>\n<script type=\"application\/ld+json\" class=\"yoast-schema-graph\">{\"@context\":\"https:\\\/\\\/schema.org\",\"@graph\":[{\"@type\":\"Article\",\"@id\":\"https:\\\/\\\/www.vanguardhealthcare.co.uk\\\/modular-ward-provides-covid-free-zone-at-kettering-general-hospital\\\/#article\",\"isPartOf\":{\"@id\":\"https:\\\/\\\/www.vanguardhealthcare.co.uk\\\/modular-ward-provides-covid-free-zone-at-kettering-general-hospital\\\/\"},\"author\":{\"name\":\"Vanguard Healthcare Solutions\",\"@id\":\"https:\\\/\\\/www.vanguardhealthcare.co.uk\\\/#\\\/schema\\\/person\\\/426decd65e2d39321705e63d5ea4394b\"},\"headline\":\"Modular ward provides Covid-free zone at Kettering General Hospital\",\"datePublished\":\"2020-09-18T13:04:42+00:00\",\"dateModified\":\"2023-09-05T09:42:21+00:00\",\"mainEntityOfPage\":{\"@id\":\"https:\\\/\\\/www.vanguardhealthcare.co.uk\\\/modular-ward-provides-covid-free-zone-at-kettering-general-hospital\\\/\"},\"wordCount\":668,\"image\":{\"@id\":\"https:\\\/\\\/www.vanguardhealthcare.co.uk\\\/modular-ward-provides-covid-free-zone-at-kettering-general-hospital\\\/#primaryimage\"},\"thumbnailUrl\":\"https:\\\/\\\/www.vanguardhealthcare.co.uk\\\/wp-content\\\/uploads\\\/legacy\\\/2020\\\/09\\\/kETTERING-4.jpg\",\"keywords\":[\"Modular\",\"Northamptonshire\",\"Ward\"],\"articleSection\":[\"News\",\"Products and services\"],\"inLanguage\":\"is\"},{\"@type\":\"WebPage\",\"@id\":\"https:\\\/\\\/www.vanguardhealthcare.co.uk\\\/modular-ward-provides-covid-free-zone-at-kettering-general-hospital\\\/\",\"url\":\"https:\\\/\\\/www.vanguardhealthcare.co.uk\\\/modular-ward-provides-covid-free-zone-at-kettering-general-hospital\\\/\",\"name\":\"Modular ward provides Covid-free zone at Kettering General Hospital - Vanguard Healthcare Solutions\",\"isPartOf\":{\"@id\":\"https:\\\/\\\/www.vanguardhealthcare.co.uk\\\/#website\"},\"primaryImageOfPage\":{\"@id\":\"https:\\\/\\\/www.vanguardhealthcare.co.uk\\\/modular-ward-provides-covid-free-zone-at-kettering-general-hospital\\\/#primaryimage\"},\"image\":{\"@id\":\"https:\\\/\\\/www.vanguardhealthcare.co.uk\\\/modular-ward-provides-covid-free-zone-at-kettering-general-hospital\\\/#primaryimage\"},\"thumbnailUrl\":\"https:\\\/\\\/www.vanguardhealthcare.co.uk\\\/wp-content\\\/uploads\\\/legacy\\\/2020\\\/09\\\/kETTERING-4.jpg\",\"datePublished\":\"2020-09-18T13:04:42+00:00\",\"dateModified\":\"2023-09-05T09:42:21+00:00\",\"author\":{\"@id\":\"https:\\\/\\\/www.vanguardhealthcare.co.uk\\\/#\\\/schema\\\/person\\\/426decd65e2d39321705e63d5ea4394b\"},\"description\":\"A new 18-bed modular ward has been installed at Kettering General Hospital (KGH) to provide extra capacity during the Covid-19 pandemic.\",\"breadcrumb\":{\"@id\":\"https:\\\/\\\/www.vanguardhealthcare.co.uk\\\/modular-ward-provides-covid-free-zone-at-kettering-general-hospital\\\/#breadcrumb\"},\"inLanguage\":\"is\",\"potentialAction\":[{\"@type\":\"ReadAction\",\"target\":[\"https:\\\/\\\/www.vanguardhealthcare.co.uk\\\/modular-ward-provides-covid-free-zone-at-kettering-general-hospital\\\/\"]}]},{\"@type\":\"ImageObject\",\"inLanguage\":\"is\",\"@id\":\"https:\\\/\\\/www.vanguardhealthcare.co.uk\\\/modular-ward-provides-covid-free-zone-at-kettering-general-hospital\\\/#primaryimage\",\"url\":\"https:\\\/\\\/www.vanguardhealthcare.co.uk\\\/wp-content\\\/uploads\\\/legacy\\\/2020\\\/09\\\/kETTERING-4.jpg\",\"contentUrl\":\"https:\\\/\\\/www.vanguardhealthcare.co.uk\\\/wp-content\\\/uploads\\\/legacy\\\/2020\\\/09\\\/kETTERING-4.jpg\",\"width\":1599,\"height\":1200},{\"@type\":\"BreadcrumbList\",\"@id\":\"https:\\\/\\\/www.vanguardhealthcare.co.uk\\\/modular-ward-provides-covid-free-zone-at-kettering-general-hospital\\\/#breadcrumb\",\"itemListElement\":[{\"@type\":\"ListItem\",\"position\":1,\"name\":\"Home\",\"item\":\"https:\\\/\\\/www.vanguardhealthcare.co.uk\\\/\"},{\"@type\":\"ListItem\",\"position\":2,\"name\":\"Modular ward provides Covid-free zone at Kettering General Hospital\"}]},{\"@type\":\"WebSite\",\"@id\":\"https:\\\/\\\/www.vanguardhealthcare.co.uk\\\/#website\",\"url\":\"https:\\\/\\\/www.vanguardhealthcare.co.uk\\\/\",\"name\":\"Vanguard Healthcare Solutions\",\"description\":\"\",\"potentialAction\":[{\"@type\":\"SearchAction\",\"target\":{\"@type\":\"EntryPoint\",\"urlTemplate\":\"https:\\\/\\\/www.vanguardhealthcare.co.uk\\\/?s={search_term_string}\"},\"query-input\":{\"@type\":\"PropertyValueSpecification\",\"valueRequired\":true,\"valueName\":\"search_term_string\"}}],\"inLanguage\":\"is\"},{\"@type\":\"Person\",\"@id\":\"https:\\\/\\\/www.vanguardhealthcare.co.uk\\\/#\\\/schema\\\/person\\\/426decd65e2d39321705e63d5ea4394b\",\"name\":\"Vanguard Healthcare Solutions\",\"image\":{\"@type\":\"ImageObject\",\"inLanguage\":\"is\",\"@id\":\"https:\\\/\\\/secure.gravatar.com\\\/avatar\\\/7ba7c80067fbd6952425e7e5a94fa842f37365b39fe1fd0a01287a5a0b6f7d2b?s=96&d=mm&r=g\",\"url\":\"https:\\\/\\\/secure.gravatar.com\\\/avatar\\\/7ba7c80067fbd6952425e7e5a94fa842f37365b39fe1fd0a01287a5a0b6f7d2b?s=96&d=mm&r=g\",\"contentUrl\":\"https:\\\/\\\/secure.gravatar.com\\\/avatar\\\/7ba7c80067fbd6952425e7e5a94fa842f37365b39fe1fd0a01287a5a0b6f7d2b?s=96&d=mm&r=g\",\"caption\":\"Vanguard Healthcare Solutions\"},\"sameAs\":[\"https:\\\/\\\/www.vanguardhealthcare.co.uk\"]}]}<\/script>\n<!-- \/ Yoast SEO plugin. -->","yoast_head_json":{"title":"Einangru\u00f0 deild b\u00fd\u00f0ur upp \u00e1 Covid-laust sv\u00e6\u00f0i \u00e1 Kettering General Hospital - Vanguard Heilbrig\u00f0islausnir","description":"N\u00fd 18 r\u00fama einingadeild hefur veri\u00f0 sett upp \u00e1 Kettering General Hospital (KGH) til a\u00f0 veita auka getu me\u00f0an \u00e1 Covid-19 heimsfaraldri stendur.","robots":{"index":"index","follow":"follow","max-snippet":"max-snippet:-1","max-image-preview":"max-image-preview:large","max-video-preview":"max-video-preview:-1"},"canonical":"https:\/\/www.vanguardhealthcare.co.uk\/is_is\/modular-ward-provides-covid-free-zone-at-kettering-general-hospital\/","og_locale":"is_IS","og_type":"article","og_title":"Modular ward provides Covid-free zone at Kettering General Hospital - Vanguard Healthcare Solutions","og_description":"A new 18-bed modular ward has been installed at Kettering General Hospital (KGH) to provide extra capacity during the Covid-19 pandemic.","og_url":"https:\/\/www.vanguardhealthcare.co.uk\/is_is\/modular-ward-provides-covid-free-zone-at-kettering-general-hospital\/","og_site_name":"Vanguard Healthcare Solutions","article_published_time":"2020-09-18T13:04:42+00:00","article_modified_time":"2023-09-05T09:42:21+00:00","og_image":[{"width":1599,"height":1200,"url":"https:\/\/www.vanguardhealthcare.co.uk\/wp-content\/uploads\/legacy\/2020\/09\/kETTERING-4.jpg","type":"image\/jpeg"}],"author":"Vanguard Healthcare Solutions","twitter_card":"summary_large_image","twitter_misc":{"Written by":"Vanguard Healthcare Solutions","Est. reading time":"4 minutes"},"schema":{"@context":"https:\/\/schema.org","@graph":[{"@type":"Article","@id":"https:\/\/www.vanguardhealthcare.co.uk\/modular-ward-provides-covid-free-zone-at-kettering-general-hospital\/#article","isPartOf":{"@id":"https:\/\/www.vanguardhealthcare.co.uk\/modular-ward-provides-covid-free-zone-at-kettering-general-hospital\/"},"author":{"name":"Vanguard Healthcare Solutions","@id":"https:\/\/www.vanguardhealthcare.co.uk\/#\/schema\/person\/426decd65e2d39321705e63d5ea4394b"},"headline":"Modular ward provides Covid-free zone at Kettering General Hospital","datePublished":"2020-09-18T13:04:42+00:00","dateModified":"2023-09-05T09:42:21+00:00","mainEntityOfPage":{"@id":"https:\/\/www.vanguardhealthcare.co.uk\/modular-ward-provides-covid-free-zone-at-kettering-general-hospital\/"},"wordCount":668,"image":{"@id":"https:\/\/www.vanguardhealthcare.co.uk\/modular-ward-provides-covid-free-zone-at-kettering-general-hospital\/#primaryimage"},"thumbnailUrl":"https:\/\/www.vanguardhealthcare.co.uk\/wp-content\/uploads\/legacy\/2020\/09\/kETTERING-4.jpg","keywords":["Modular","Northamptonshire","Ward"],"articleSection":["News","Products and services"],"inLanguage":"is"},{"@type":"WebPage","@id":"https:\/\/www.vanguardhealthcare.co.uk\/modular-ward-provides-covid-free-zone-at-kettering-general-hospital\/","url":"https:\/\/www.vanguardhealthcare.co.uk\/modular-ward-provides-covid-free-zone-at-kettering-general-hospital\/","name":"Einangru\u00f0 deild b\u00fd\u00f0ur upp \u00e1 Covid-laust sv\u00e6\u00f0i \u00e1 Kettering General Hospital - Vanguard Heilbrig\u00f0islausnir","isPartOf":{"@id":"https:\/\/www.vanguardhealthcare.co.uk\/#website"},"primaryImageOfPage":{"@id":"https:\/\/www.vanguardhealthcare.co.uk\/modular-ward-provides-covid-free-zone-at-kettering-general-hospital\/#primaryimage"},"image":{"@id":"https:\/\/www.vanguardhealthcare.co.uk\/modular-ward-provides-covid-free-zone-at-kettering-general-hospital\/#primaryimage"},"thumbnailUrl":"https:\/\/www.vanguardhealthcare.co.uk\/wp-content\/uploads\/legacy\/2020\/09\/kETTERING-4.jpg","datePublished":"2020-09-18T13:04:42+00:00","dateModified":"2023-09-05T09:42:21+00:00","author":{"@id":"https:\/\/www.vanguardhealthcare.co.uk\/#\/schema\/person\/426decd65e2d39321705e63d5ea4394b"},"description":"N\u00fd 18 r\u00fama einingadeild hefur veri\u00f0 sett upp \u00e1 Kettering General Hospital (KGH) til a\u00f0 veita auka getu me\u00f0an \u00e1 Covid-19 heimsfaraldri stendur.","breadcrumb":{"@id":"https:\/\/www.vanguardhealthcare.co.uk\/modular-ward-provides-covid-free-zone-at-kettering-general-hospital\/#breadcrumb"},"inLanguage":"is","potentialAction":[{"@type":"ReadAction","target":["https:\/\/www.vanguardhealthcare.co.uk\/modular-ward-provides-covid-free-zone-at-kettering-general-hospital\/"]}]},{"@type":"ImageObject","inLanguage":"is","@id":"https:\/\/www.vanguardhealthcare.co.uk\/modular-ward-provides-covid-free-zone-at-kettering-general-hospital\/#primaryimage","url":"https:\/\/www.vanguardhealthcare.co.uk\/wp-content\/uploads\/legacy\/2020\/09\/kETTERING-4.jpg","contentUrl":"https:\/\/www.vanguardhealthcare.co.uk\/wp-content\/uploads\/legacy\/2020\/09\/kETTERING-4.jpg","width":1599,"height":1200},{"@type":"BreadcrumbList","@id":"https:\/\/www.vanguardhealthcare.co.uk\/modular-ward-provides-covid-free-zone-at-kettering-general-hospital\/#breadcrumb","itemListElement":[{"@type":"ListItem","position":1,"name":"Home","item":"https:\/\/www.vanguardhealthcare.co.uk\/"},{"@type":"ListItem","position":2,"name":"Modular ward provides Covid-free zone at Kettering General Hospital"}]},{"@type":"WebSite","@id":"https:\/\/www.vanguardhealthcare.co.uk\/#website","url":"https:\/\/www.vanguardhealthcare.co.uk\/","name":"Vanguard Healthcare Solutions","description":"","potentialAction":[{"@type":"SearchAction","target":{"@type":"EntryPoint","urlTemplate":"https:\/\/www.vanguardhealthcare.co.uk\/?s={search_term_string}"},"query-input":{"@type":"PropertyValueSpecification","valueRequired":true,"valueName":"search_term_string"}}],"inLanguage":"is"},{"@type":"Person","@id":"https:\/\/www.vanguardhealthcare.co.uk\/#\/schema\/person\/426decd65e2d39321705e63d5ea4394b","name":"Vanguard Healthcare Solutions","image":{"@type":"ImageObject","inLanguage":"is","@id":"https:\/\/secure.gravatar.com\/avatar\/7ba7c80067fbd6952425e7e5a94fa842f37365b39fe1fd0a01287a5a0b6f7d2b?s=96&d=mm&r=g","url":"https:\/\/secure.gravatar.com\/avatar\/7ba7c80067fbd6952425e7e5a94fa842f37365b39fe1fd0a01287a5a0b6f7d2b?s=96&d=mm&r=g","contentUrl":"https:\/\/secure.gravatar.com\/avatar\/7ba7c80067fbd6952425e7e5a94fa842f37365b39fe1fd0a01287a5a0b6f7d2b?s=96&d=mm&r=g","caption":"Vanguard Healthcare Solutions"},"sameAs":["https:\/\/www.vanguardhealthcare.co.uk"]}]}},"_links":{"self":[{"href":"https:\/\/www.vanguardhealthcare.co.uk\/is_is\/wp-json\/wp\/v2\/posts\/3181","targetHints":{"allow":["GET"]}}],"collection":[{"href":"https:\/\/www.vanguardhealthcare.co.uk\/is_is\/wp-json\/wp\/v2\/posts"}],"about":[{"href":"https:\/\/www.vanguardhealthcare.co.uk\/is_is\/wp-json\/wp\/v2\/types\/post"}],"author":[{"embeddable":true,"href":"https:\/\/www.vanguardhealthcare.co.uk\/is_is\/wp-json\/wp\/v2\/users\/1"}],"replies":[{"embeddable":true,"href":"https:\/\/www.vanguardhealthcare.co.uk\/is_is\/wp-json\/wp\/v2\/comments?post=3181"}],"version-history":[{"count":0,"href":"https:\/\/www.vanguardhealthcare.co.uk\/is_is\/wp-json\/wp\/v2\/posts\/3181\/revisions"}],"wp:featuredmedia":[{"embeddable":true,"href":"https:\/\/www.vanguardhealthcare.co.uk\/is_is\/wp-json\/wp\/v2\/media\/1383"}],"wp:attachment":[{"href":"https:\/\/www.vanguardhealthcare.co.uk\/is_is\/wp-json\/wp\/v2\/media?parent=3181"}],"wp:term":[{"taxonomy":"category","embeddable":true,"href":"https:\/\/www.vanguardhealthcare.co.uk\/is_is\/wp-json\/wp\/v2\/categories?post=3181"},{"taxonomy":"post_tag","embeddable":true,"href":"https:\/\/www.vanguardhealthcare.co.uk\/is_is\/wp-json\/wp\/v2\/tags?post=3181"}],"curies":[{"name":"wp","href":"https:\/\/api.w.org\/{rel}","templated":true}]}}