{"id":7731,"date":"2024-12-23T13:52:39","date_gmt":"2024-12-23T13:52:39","guid":{"rendered":"https:\/\/www.vanguardhealthcare.co.uk\/?p=7731"},"modified":"2024-12-23T13:57:09","modified_gmt":"2024-12-23T13:57:09","slug":"paul-super-consultant-surgeon-reflects-on-nearly-six-years-of-working-in-vanguards-mobile-theatres","status":"publish","type":"post","link":"https:\/\/www.vanguardhealthcare.co.uk\/hu_hu\/paul-super-consultant-surgeon-reflects-on-nearly-six-years-of-working-in-vanguards-mobile-theatres\/","title":{"rendered":"Paul Super seb\u00e9sz szaktan\u00e1csad\u00f3 az Vanguard mobil mozikban elt\u00f6lt\u00f6tt k\u00f6zel hat \u00e9v\u00e9r\u0151l sz\u00e1mol be"},"content":{"rendered":"<\/p>\n<p>Paul \u00e9s Chris arr\u00f3l besz\u00e9lt, hogy h\u00e1rom Vanguard mobil lamin\u00e1ris \u00e1raml\u00e1si sz\u00ednh\u00e1z, amelyekben Vanguard klinikai csapatok dolgoznak, l\u00e9tfontoss\u00e1g\u00fa volt ahhoz, hogy a Birminghami Egyetemi K\u00f3rh\u00e1zak megfeleljenek a v\u00e1ltoz\u00f3 c\u00e9lkit\u0171z\u00e9seknek a k\u00f6zel hat \u00e9vig tart\u00f3 egy\u00fcttm\u0171k\u00f6d\u00e9s sor\u00e1n. Paul nagyon dics\u00e9ri a sz\u00ednh\u00e1zakat, \u00e9s az Vanguard embereinek k\u00e9szs\u00e9gei, hozz\u00e1\u00e1ll\u00e1sa \u00e9s elk\u00f6telezetts\u00e9ge m\u00e9g nagyobb benyom\u00e1st keltett.<\/p>\n<p>A jobb betekint\u00e9s \u00e9rdek\u00e9ben van egy esettanulm\u00e1ny, <a href=\"https:\/\/www.vanguardhealthcare.co.uk\/hu_hu\/case-study\/three-mobile-theatres-and-five-years-of-partnering-with-university-hospitals-birmingham-to-optimise-patient-experience\/\"><strong>itt<\/strong>.<\/a><\/p>\n<p>Az egy\u00fcttm\u0171k\u00f6d\u00e9s m\u00e1sik n\u00e9zet\u00e9hez egy interj\u00fa Natalie Arnolddal, az UHB m\u0171veleti vezet\u0151j\u00e9vel <strong><a href=\"https:\/\/www.vanguardhealthcare.co.uk\/hu_hu\/reflections-on-the-long-term-collaboration-of-uhb-and-vanguard\/\">itt<\/a><\/strong>.<\/p>\n<figure class=\"wp-block-embed is-type-video is-provider-vimeo wp-block-embed-vimeo wp-embed-aspect-16-9 wp-has-aspect-ratio\">\n<div class=\"wp-block-embed__wrapper\">\n<iframe loading=\"lazy\" title=\"Paul Super, seb\u00e9sz szaktan\u00e1csad\u00f3, UHB Interj\u00fa 1.3 (2)\" src=\"https:\/\/player.vimeo.com\/video\/1040359373?dnt=1&amp;app_id=122963\" width=\"500\" height=\"281\" frameborder=\"0\" allow=\"autoplay; fullscreen; picture-in-picture; clipboard-write\"><\/iframe>\n<\/div>\n<\/figure>\n<p>Chris:<\/p>\n<p>Paul, nagyon \u00f6r\u00fcl\u00f6k, hogy l\u00e1tlak ma, \u00e9s nagyon h\u00e1l\u00e1s vagyok, hogy elj\u00f6tt\u00e9l hozz\u00e1m besz\u00e9lni. \u00dagy gondolom, hogy a legjobb kiindul\u00f3pont az, ha megismerkedsz azzal, hogy ki vagy, \u00e9s milyen szereped van itt a k\u00f3rh\u00e1zban.<\/p>\n<p class=\"has-vivid-purple-color has-text-color has-link-color wp-elements-666701efddbef01a0cd9e6bbb42d7236\">P\u00e1l:<\/p>\n<p class=\"has-vivid-purple-color has-text-color has-link-color wp-elements-1da74539197cf0994a6e07a382ab807a\">Nagy \u00f6r\u00f6m\u00f6mre. \u00c1ltal\u00e1nos seb\u00e9sz vagyok, \u00e9s 25 \u00e9ve dolgozom ebben a k\u00f3rh\u00e1zban. Alspecialit\u00e1som a j\u00f3indulat\u00fa fels\u0151 GI m\u0171t\u00e9t, amely mag\u00e1ban foglalja a bari\u00e1triai m\u0171t\u00e9tet is. A vezet\u0151i k\u00f6telezetts\u00e9geim pedig 2017 \u00e9s 2022 k\u00f6z\u00f6tt voltak. Ez egy \u00f6t\u00e9ves id\u0151szak. \u00c9n voltam a klinikai szolg\u00e1lat vezet\u0151je a tr\u00f6sztnek, amely 75, 76 sz\u00ednh\u00e1zhoz tartozott.<\/p>\n<p>Chris:<\/p>\n<p>Kiv\u00e1l\u00f3. Ez\u00e9rt, ahogy mondtad, itt volt\u00e1l az els\u0151 sz\u00ednh\u00e1zunk kezdet\u00e9n 2019-ben a Solihullban. L\u00e9gy igaz\u00e1n j\u00f3, hogy meg\u00e9rtsd, mi a gondolat az Vanguard sz\u00ednh\u00e1z m\u00f6g\u00f6tt \u00f6t \u00e9vvel ezel\u0151tt\u2026<\/p>\n<div class=\"wp-block-media-text is-stacked-on-mobile has-small-font-size\">\n<figure class=\"wp-block-media-text__media\"><img loading=\"lazy\" decoding=\"async\" width=\"751\" height=\"1024\" src=\"https:\/\/www.vanguardhealthcare.co.uk\/wp-content\/uploads\/2024\/12\/IMG_1221-751x1024.jpg\" alt=\"Mobile theatre\" class=\"wp-image-7732 size-full\" srcset=\"https:\/\/www.vanguardhealthcare.co.uk\/wp-content\/uploads\/2024\/12\/IMG_1221-751x1024.jpg 751w, https:\/\/www.vanguardhealthcare.co.uk\/wp-content\/uploads\/2024\/12\/IMG_1221-220x300.jpg 220w, https:\/\/www.vanguardhealthcare.co.uk\/wp-content\/uploads\/2024\/12\/IMG_1221-768x1048.jpg 768w, https:\/\/www.vanguardhealthcare.co.uk\/wp-content\/uploads\/2024\/12\/IMG_1221-1126x1536.jpg 1126w, https:\/\/www.vanguardhealthcare.co.uk\/wp-content\/uploads\/2024\/12\/IMG_1221-1501x2048.jpg 1501w, https:\/\/www.vanguardhealthcare.co.uk\/wp-content\/uploads\/2024\/12\/IMG_1221-9x12.jpg 9w, https:\/\/www.vanguardhealthcare.co.uk\/wp-content\/uploads\/2024\/12\/IMG_1221-scaled.jpg 1877w\" sizes=\"auto, (max-width: 751px) 100vw, 751px\" \/><\/figure>\n<div class=\"wp-block-media-text__content\">\n<section id=\"section-2-254\" class=\"ct-section\" >\n<div class=\"ct-section-inner-wrap\">\n<div id=\"fancy_icon-5-254\" class=\"ct-fancy-icon\" ><svg id=\"svg-fancy_icon-5-254\"><use xlink:href=\"#FontAwesomeicon-quote-left\"><\/use><\/svg><\/div>\n<div id=\"text_block-3-254\" class=\"ct-text-block\" >&quot;Nem tudtunk epeh\u00f3lyag-m\u0171t\u00e9tet v\u00e9gezni az egyik megl\u00e9v\u0151 moziban, mert olyan sok felhaszn\u00e1l\u00f3 haszn\u00e1lta m\u00e1r a mozit. Mindig hi\u00e1nyzott a sz\u00ednh\u00e1zi er\u0151forr\u00e1s. Ezt szem el\u0151tt tartva j\u00f6tt a javaslat, hogy rendelj\u00fcnk meg egy Vanguard sz\u00ednh\u00e1zat a bizalomnak. ..\u00c9s el tudtuk tal\u00e1lni ezeket a c\u00e9lokat az\u00e1ltal, hogy egy \u00f6n\u00e1ll\u00f3 sz\u00ednh\u00e1zat v\u00e9gezt\u00fcnk \u00e9ppen ezzel a m\u0171velettel.&quot;<\/div>\n<div id=\"text_block-4-254\" class=\"ct-text-block\" >\n<div style=\"direction: rtl\">\u2013 Paul Super, fels\u0151 GI-seb\u00e9sz tan\u00e1csad\u00f3, BirminghamSmith Egyetemi K\u00f3rh\u00e1zak<\/div>\n<\/div>\n<\/div>\n<\/section>\n<\/div>\n<\/div>\n<p class=\"has-vivid-purple-color has-text-color has-link-color wp-elements-666701efddbef01a0cd9e6bbb42d7236\">P\u00e1l:<\/p>\n<p class=\"has-vivid-purple-color has-text-color has-link-color wp-elements-9cb1fdfd5e8089f9a59fb5c8887a6c1a\">Igen, 2019-ben ez a Covid el\u0151tt volt. Extra sz\u00ednh\u00e1zkapacit\u00e1st kerest\u00fcnk, \u00e9s k\u00e9t lehet\u0151s\u00e9g\u00fcnk volt. L\u00e9trehozhatunk esti \u00e9s h\u00e9tv\u00e9gi munkav\u00e9gz\u00e9st, vagy pr\u00f3b\u00e1lkozhatunk a sz\u00ednh\u00e1zak b\u0151v\u00edt\u00e9s\u00e9vel. A fels\u0151 GI m\u0171t\u00e9t n\u00e9gy k\u00fcl\u00f6nb\u00f6z\u0151 helyen l\u00e9tezett, \u00e9s probl\u00e9m\u00e1nk volt az epeh\u00f3lyag m\u0171t\u00e9ttel. A v\u00e1r\u00f3list\u00e1k nagyon hossz\u00faak voltak, \u00e9s sok gyakorl\u00f3 \u00e9s seb\u00e9sz v\u00e9gezte az epeh\u00f3lyag-m\u0171t\u00e9tet, de mindezt m\u00e1shogy csin\u00e1lt\u00e1k, \u00e9s val\u00f3j\u00e1ban nem t\u00fal hat\u00e9konyan.<\/p>\n<p class=\"has-vivid-purple-color has-text-color has-link-color wp-elements-6f6e8cb8cf124c240a48f7ce91d9ec5b\">K\u00f6vetelm\u00e9ny volt s\u00fcrg\u0151ss\u00e9gi epeh\u00f3lyag-m\u0171t\u00e9t elv\u00e9gz\u00e9se, \u00e9s egy olyan \u00fat, amellyel beker\u00fclhetnek a v\u00e1laszthat\u00f3 list\u00e1kra. \u00c9s mindezt szem el\u0151tt tartva \u00fagy gondoltuk, hogy nagyon j\u00f3 \u00f6tlet lenne az \u00f6sszes epeh\u00f3lyagm\u0171t\u00e9tet egyetlen sz\u00ednh\u00e1zba t\u00f6m\u00f6r\u00edteni. \u00c9s az \u00f6sszes megbesz\u00e9l\u00e9sen gyorsan nyilv\u00e1nval\u00f3v\u00e1 v\u00e1lt, hogy nem tudunk epeh\u00f3lyag-m\u0171t\u00e9tet v\u00e9gezni az egyik megl\u00e9v\u0151 sz\u00ednh\u00e1zban, mert olyan sok felhaszn\u00e1l\u00f3 haszn\u00e1lja m\u00e1r a mozit. Mindig sz\u0171k\u00f6s volt a sz\u00ednh\u00e1zi er\u0151forr\u00e1sunk. Ezt szem el\u0151tt tartva felmer\u00fclt a javaslat, hogy rendeljenek meg egy Vanguard-sz\u00ednh\u00e1zat a tr\u00f6szt sz\u00e1m\u00e1ra, beker\u00fclt a helysz\u00ednre, \u00e9s az egyik sz\u00ednh\u00e1z lesz a laparoszk\u00f3pos kolecisztekt\u00f3mia sz\u00ednh\u00e1za. \u00c9s val\u00f3ban, ez az, amibe belekezdt\u00fcnk.<\/p>\n<p>Chris:<\/p>\n<p>\u00c9s tudja, hogy akkoriban m\u00e1s lehet\u0151s\u00e9geket is vizsg\u00e1ltak-e, \u00e9s mi\u00e9rt \u00e9ppen az Vanguard-t v\u00e1lasztott\u00e1k volna?<\/p>\n<p class=\"has-vivid-purple-color has-text-color has-link-color wp-elements-666701efddbef01a0cd9e6bbb42d7236\">P\u00e1l:<\/p>\n<p class=\"has-vivid-purple-color has-text-color has-link-color wp-elements-8e694d005af5bf6db10d296e9f4bc43f\">Nos, akkoriban a rendelkez\u00e9s\u00fcnkre \u00e1ll\u00f3 lehet\u0151s\u00e9gek az voltak, hogy kir\u00e1ngatjuk az embereket a megl\u00e9v\u0151 sz\u00ednh\u00e1zakb\u00f3l, ami nem nagyon ment volna, vagy h\u00e9tv\u00e9gi \u00e9s \u00e9jszakai munk\u00e1ba vonultunk, csak hogy t\u00f6bbletkapacit\u00e1st teremts\u00fcnk. \u00c9s term\u00e9szetesen a megl\u00e9v\u0151 sz\u00ednh\u00e1zb\u00f3l kiszor\u00edtott embereknek fel kell venni\u00fck az esti \u00e9s h\u00e9tv\u00e9gi list\u00e1kat. \u00c9s rengeteg szem\u00e9lyzet\u00fcnk volt, legal\u00e1bbis eg\u00e9szs\u00e9g\u00fcgyi szem\u00e9lyzet\u00fcnk a m\u0171t\u00e9tekhez \u00e9s az \u00e9rz\u00e9stelen\u00edt\u00e9shez. \u00c9s ami nem volt, az az volt, hogy elhelyezz\u00fck \u0151ket.<\/p>\n<p class=\"has-vivid-purple-color has-text-color has-link-color wp-elements-170216591db1a06159baa6650e5bc743\">\u00cdgy ennek tudat\u00e1ban a k\u00e9zenfekv\u0151 megold\u00e1s egy \u00faj sz\u00ednh\u00e1z \u00e9p\u00edt\u00e9se volt. Nos, ez nem lett volna el\u00e9g gyors. Teh\u00e1t v\u00e1llaltuk az Vanguard sz\u00ednh\u00e1zat.<\/p>\n<p>Chris:<\/p>\n<p>\u00c9s a besz\u00e9lget\u00e9seink sor\u00e1n teljesen vil\u00e1goss\u00e1 v\u00e1lik, hogy eg\u00e9szen m\u00e1sk\u00e9pp k\u00f6zel\u00edtetted meg a dolgok teljes k\u00f6rm\u00f6s oldal\u00e1t. \u00c9s tudom, hogy ezt egy kicsit m\u00e1r \u00e9rintette, de le tudn\u00e1 \u00edrni, hogy mi volt az innovat\u00edv abban, ahogy megk\u00f6zel\u00edtette az \u00f6lel\u00e9si tev\u00e9kenys\u00e9get, \u00e9s milyen eredm\u00e9nyeket kezdett el\u00e9rni a h\u00e1t\u00e1n?<\/p>\n<p class=\"has-vivid-purple-color has-text-color has-link-color wp-elements-666701efddbef01a0cd9e6bbb42d7236\">P\u00e1l:<\/p>\n<p class=\"has-vivid-purple-color has-text-color has-link-color wp-elements-03b0848816eaf3aba3764613022b9994\">N\u00f6vekv\u0151 v\u00e1r\u00f3list\u00e1nk volt, \u00e9s az \u00f6lel\u00e9st t\u00fal sok ember v\u00e9gezte, t\u00fal sok k\u00fcl\u00f6nb\u00f6z\u0151 sz\u00ednh\u00e1zban, \u00e9s ez csak jelent\u0151s hat\u00e1stalans\u00e1got vezet be. Azzal, hogy egy sz\u00ednh\u00e1zi ter\u00fcletet jel\u00f6lt\u00fcnk ki a bizalmi k\u00f6rbej\u00e1r\u00e1sok elv\u00e9gz\u00e9s\u00e9re, nem kellett m\u00e1st tenn\u00fcnk, mint kital\u00e1lni egy megfelel\u0151 rot\u00e1ci\u00f3t, ahol mindenki, aki jelenleg csin\u00e1lja, elj\u00f6n, \u00e9s szerz\u0151d\u00e9ses alapon csin\u00e1lja azt abban az egy sz\u00ednh\u00e1zban.<\/p>\n<p class=\"has-vivid-purple-color has-text-color has-link-color wp-elements-721a0c29da53ea117e6b9e74997a5415\">Az \u00e9n esetemben havonta k\u00e9tszer j\u00f6ttem, \u00e9s a t\u00f6bbi napon visszamentem a norm\u00e1l sz\u00ednh\u00e1zamba, \u00e9s elv\u00e9geztem a t\u00f6bbi munk\u00e1mat, de nem epeh\u00f3lyagm\u0171t\u00e9tet. Ez azt jelentette, hogy jobban tervezhett\u00fck a kapacit\u00e1st. A sz\u00ednh\u00e1z nyolc\u00f3r\u00e1s napi 5-6 k\u00f6r\u00f6s chole-t vett fel. Ebben tudtunk egy helyet hagyni <a>\u00f6leb chole <\/a>A s\u00fcrg\u0151s \u00f6lebek list\u00e1ja, akik v\u00e9szhelyzetk\u00e9nt jelentkeztek olyan \u00e1llapotok miatt, mint az epek\u0151 hasny\u00e1lmirigy-gyullad\u00e1s \u00e9s az epeh\u00f3lyag-gyullad\u00e1s. N\u00e9h\u00e1ny h\u00e9ten bel\u00fcl beker\u00fclhetnek a tervezett list\u00e1kba.<\/p>\n<p class=\"has-vivid-purple-color has-text-color has-link-color wp-elements-74a27b69d1c5b6ed4263139aef741fee\">\u00c9s el tudtuk tal\u00e1lni ezeket a c\u00e9lokat, ha egy \u00f6n\u00e1ll\u00f3 sz\u00ednh\u00e1zat v\u00e9gezt\u00fcnk \u00e9ppen ezzel a m\u0171velettel.<\/p>\n<p>Chris:<\/p>\n<p>\u00c9s azt hiszem, a dolgok egy kicsit el\u0151rehaladtak a Covid \u00f3ta. Most pedig hamarosan besz\u00e9lek a Covidr\u00f3l. De az eg\u00e9sz hat\u00e1s a v\u00e1r\u00f3list\u00e1k k\u00f6r\u00fcl, \u00e9s az ide\u00e1lisn\u00e1l \u00e9s a c\u00e9ln\u00e1l tov\u00e1bb v\u00e1rakoz\u00f3 betegek, \u00fagy hangzik, hogy azok a v\u00e1ltoztat\u00e1sok, amelyeket kifejezetten az \u00f6lelj\u00e1r\u00e1s k\u00f6r\u00fcl v\u00e9grehajtott, val\u00f3ban seg\u00edtettek \u00e1tt\u00f6rni azokat a kih\u00edv\u00e1sokat, amelyekkel a betegek k\u00f6r\u00fcl kellett volna. t\u00fal sok\u00e1ig v\u00e1rni ezen a ponton.<\/p>\n<p class=\"has-vivid-purple-color has-text-color has-link-color wp-elements-666701efddbef01a0cd9e6bbb42d7236\">P\u00e1l:<\/p>\n<p class=\"has-vivid-purple-color has-text-color has-link-color wp-elements-5612a5bc8f13516c9cecd45d77e3d888\">Nos, j\u00f3kor j\u00f6tt, mert b\u00e1r a Covid el\u0151tt volt, az \u00faj sz\u00ednh\u00e1z csak n\u00f6velte a kapacit\u00e1st. Akkoriban a bizalom t\u00f6bb mint 70 sz\u00ednh\u00e1zzal rendelkezett, \u00e9s egy plusz sz\u00ednh\u00e1z nem hangzik t\u00fal j\u00f3l, de ez olyan, mint egy 1,51 TP4T kapacit\u00e1sn\u00f6veked\u00e9s. Ez csak azt jelentette, hogy a v\u00e1r\u00f3lista nem emelkedett tov\u00e1bb, \u00e9s val\u00f3j\u00e1ban emiatt kezdett cs\u00f6kkenni.<\/p>\n<section id=\"section-2-254\" class=\"ct-section\" >\n<div class=\"ct-section-inner-wrap\">\n<div id=\"fancy_icon-5-254\" class=\"ct-fancy-icon\" ><svg id=\"svg-fancy_icon-5-254\"><use xlink:href=\"#FontAwesomeicon-quote-left\"><\/use><\/svg><\/div>\n<div id=\"text_block-3-254\" class=\"ct-text-block\" >&quot;Az Vanguard-vel val\u00f3 munka \u00f6r\u00f6m volt, igazi \u00f6r\u00f6m... Azt hiszem, bizonyos fok\u00fa motiv\u00e1ci\u00f3val jelentkeznek, hogy elv\u00e9gezz\u00e9k a munk\u00e1t, \u00e9s nagyon eredm\u00e9nyes list\u00e1kat l\u00e1ttunk.&quot;<\/div>\n<div id=\"text_block-4-254\" class=\"ct-text-block\" >Paul Super, fels\u0151 GI-seb\u00e9sz tan\u00e1csad\u00f3, Birminghami Egyetemi K\u00f3rh\u00e1zak<\/div>\n<\/div>\n<\/section>\n<p>Chris:<\/p>\n<p>Sz\u00f3val, m\u00e1r besz\u00e9lt\u00fcnk a Covidr\u00f3l. Alig egy perce eml\u00edtettem. Teh\u00e1t hogyan hasznos\u00edtott\u00e1k a sz\u00ednh\u00e1zat a Covid idej\u00e9n?<\/p>\n<p class=\"has-vivid-purple-color has-text-color has-link-color wp-elements-666701efddbef01a0cd9e6bbb42d7236\">P\u00e1l:<\/p>\n<p class=\"has-vivid-purple-color has-text-color has-link-color wp-elements-af0a3f7ebaaa63ab70c9ca8e932c65e7\">Ez a ter\u00fclet eg\u00e9szen egyed\u00fcl\u00e1ll\u00f3 volt, mivel az Vanguard-t a Solihull K\u00f3rh\u00e1z ter\u00fclet\u00e9n hozt\u00e1k l\u00e9tre. N\u00e9gy telephely\u00fcnk van a tr\u00f6sztben, ezek k\u00f6z\u00fcl kett\u0151n a Covid-betegek \u00e9s az esetlegesen Covid-fert\u0151z\u00f6ttek meglehet\u0151sen k\u00f6nnyen elv\u00e1laszthat\u00f3k a sz\u0171rt betegekt\u0151l a z\u00f6ld \u00f6sv\u00e9nyen, akik tervezett m\u0171t\u00e9tre \u00e9rkeznek Covid-mentes ter\u00fcleten. Amikor err\u0151l a bizonyos solihulli k\u00f3rh\u00e1zr\u00f3l volt sz\u00f3, nyilv\u00e1nval\u00f3nak t\u0171nt, hogy rengeteg \u00e1gyunk van, de val\u00f3j\u00e1ban nem sok s\u00fcrg\u0151ss\u00e9gi \u00e1raml\u00e1s j\u00f6tt \u00e1t rajta.<\/p>\n<p class=\"has-vivid-purple-color has-text-color has-link-color wp-elements-41aaefb0899b5a3848106e03d3e6a940\">Teh\u00e1t a Solihullba \u00e9rkez\u0151 s\u00fcrg\u0151ss\u00e9gi \u00e1raml\u00e1s le\u00e1ll\u00edt\u00e1s\u00e1val megoldottuk a Covid-mentes k\u00f3rh\u00e1z probl\u00e9m\u00e1j\u00e1t. De amink nem volt, az a sz\u00ednh\u00e1zterem volt, mert itt csak n\u00e9gy sz\u00ednh\u00e1z plusz k\u00e9t napos mozi volt. Teh\u00e1t van egy hatalmas k\u00f3rh\u00e1zunk, nyolc k\u00f3rteremmel, t\u00edz k\u00f3rteremmel, \u00e9s \u00f6sszesen csak hat sz\u00ednh\u00e1zunk volt, ami nem volt el\u00e9g az oszt\u00e1lyunkhoz k\u00e9pest.<\/p>\n<p class=\"has-vivid-purple-color has-text-color has-link-color wp-elements-adce944af5edaabb1c6f2798c1ad9935\">Szerencs\u00e9re volt m\u00e1r itt egy Vanguard sz\u00ednh\u00e1zunk, de ez nem volt el\u00e9g.<\/p>\n<p>Chris:<\/p>\n<p>Ez tulajdonk\u00e9ppen elvezet a k\u00f6vetkez\u0151 pontomhoz. Teh\u00e1t a Covid ut\u00e1ni kih\u00edv\u00e1sok a v\u00e1laszthat\u00f3 lemarad\u00e1sok tekintet\u00e9ben, amelyek j\u00f3l dokument\u00e1ltak, ha egy\u00e1ltal\u00e1n tov\u00e1bb bonyol\u00f3dnak az elm\u00falt n\u00e9h\u00e1ny \u00e9vben. Teh\u00e1t egy sz\u00ednh\u00e1zb\u00f3l h\u00e1rom sz\u00ednh\u00e1zba \u00e9s tov\u00e1bbi szem\u00e9lyzetbe ker\u00fclt\u00fcnk. Teh\u00e1t j\u00f3 meg\u00e9rteni a m\u00f6g\u00f6ttes logikai folyamatot, \u00e9s azt a fajta tev\u00e9kenys\u00e9get, amelyet ezekben a sz\u00ednh\u00e1zakban az elm\u00falt n\u00e9h\u00e1ny \u00e9vben v\u00e9gzett.<\/p>\n<p class=\"has-vivid-purple-color has-text-color has-link-color wp-elements-666701efddbef01a0cd9e6bbb42d7236\">P\u00e1l:<\/p>\n<p class=\"has-vivid-purple-color has-text-color has-link-color wp-elements-185426eda1e6a7d93db4e40a390d9f03\">A Covid ut\u00e1n azt tapasztaltuk, hogy hatalmas lemarad\u00e1sunk volt, amely jelent\u0151sen megn\u0151tt a Covid alatt. \u00c9s m\u00e9g a Covid ut\u00e1ni munkam\u00f3dszer ellen\u00e9re is lassan n\u0151ttek a v\u00e1r\u00f3list\u00e1ink, mert nem volt annyi tiszta, \u00e1tvizsg\u00e1lt kapacit\u00e1sunk a z\u00f6ld \u00faton, hogy kezelj\u00fck az \u00fcgyh\u00e1tral\u00e9kot. De j\u00f3 tapasztalataink voltak az Vanguard-vel kapcsolatban, mert az Vanguard-vel megb\u00edzottk\u00e9nt az az el\u0151ny\u00fcnk, hogy a sz\u00ednh\u00e1zak megsz\u0171ntek, \u00e9s az \u00e1pol\u00f3szem\u00e9lyzetet az Vanguard szervezet biztos\u00edtja, a t\u00f6bbit pedig mi tudjuk biztos\u00edtani. Voltak seb\u00e9szek, aneszteziol\u00f3gusaink, \u00e9s t\u00f6bb sz\u00ednh\u00e1zi kapacit\u00e1sra volt sz\u00fcks\u00e9g\u00fcnk erre az oldalra. \u00c9s azt tervezt\u00fck, hogy m\u00e9g k\u00e9t Vanguard-t telep\u00edt\u00fcnk, \u00e9s amikor be\u00fczemelt\u00e9k \u00e9s beindultak, gyorsan kezelt\u00fck a lemarad\u00e1st, \u00e9s ez fokozatosan el\u00e9g gyorsan cs\u00f6kkent.<\/p>\n<p>Chris:<\/p>\n<p>\u00c9s ami a sokoldal\u00fas\u00e1got illeti, azokr\u00f3l a szakter\u00fcletekr\u0151l, amelyeket a k\u00fcl\u00f6nb\u00f6z\u0151 sz\u00ednh\u00e1zakban bemutatott, el tudn\u00e1 nekem besz\u00e9lni, milyen tev\u00e9kenys\u00e9gen ment kereszt\u00fcl?<\/p>\n<p class=\"has-vivid-purple-color has-text-color has-link-color wp-elements-666701efddbef01a0cd9e6bbb42d7236\">P\u00e1l:<\/p>\n<p class=\"has-vivid-purple-color has-text-color has-link-color wp-elements-cc35e742c2a91339cf8a458ee6122739\">Nos, sz\u00e1munkra az volt a k\u00e9zenfekv\u0151, hogy megpr\u00f3b\u00e1ljuk a lehet\u0151 legpontosabb\u00e1 tenni ezt a k\u00fcl\u00f6nlegess\u00e9get. Teh\u00e1t az egyik Vanguard fels\u0151 GI-m\u0171hely maradt, mert az eg\u00e9sz laparoszk\u00f3pos m\u0171t\u00e9t volt, \u00e9s a felszerel\u00e9si t\u00e1lc\u00e1k j\u00f3r\u00e9szt v\u00e9ges sz\u00e1m\u00faak voltak. Teh\u00e1t tudtuk, hogy nem akarunk m\u0171szereket hozni a k\u00f3rh\u00e1z m\u00e1s r\u00e9szeir\u0151l.<\/p>\n<p class=\"has-vivid-purple-color has-text-color has-link-color wp-elements-4001ef0b8abc725125f9c99a4dc7e0e1\">Teh\u00e1t a t\u00e1rol\u00e1s nem jelentett probl\u00e9m\u00e1t, ha 1 vagy 2 szakter\u00fcletre korl\u00e1tozhattuk, \u00e9s szerintem ez ugyanolyan fontos a sz\u00ednh\u00e1zakban dolgoz\u00f3 \u00e1pol\u00f3szem\u00e9lyzet sz\u00e1m\u00e1ra. Teh\u00e1t az Vanguard mozikba olyan szakter\u00fcletek ker\u00fcltek, mint a plasztikai seb\u00e9szet, az urol\u00f3giai seb\u00e9szet, a fels\u0151 GI- \u00e9s GI-seb\u00e9szet, mert ezeknek a keresztez\u00e9se meglehet\u0151sen hasonl\u00f3, valamint a bari\u00e1triai seb\u00e9szet.<\/p>\n<p>Chris:<\/p>\n<p>Rendben. \u00c9s hogyan dolgozott egy\u00fctt az Vanguard csapatokkal, \u00e9s mennyire integr\u00e1l\u00f3dtak a t\u00e1gabb k\u00f3rh\u00e1zi csapatba?<\/p>\n<p class=\"has-vivid-purple-color has-text-color has-link-color wp-elements-666701efddbef01a0cd9e6bbb42d7236\">P\u00e1l:<\/p>\n<p class=\"has-vivid-purple-color has-text-color has-link-color wp-elements-6eb96ae887119614daa24f1f086b89c9\">Az Vanguard-vel val\u00f3 munka \u00f6r\u00f6m volt, igazi \u00f6r\u00f6m. Szerintem \u0151k, ahogy mondom, egy fizetett hivat\u00e1sos st\u00e1b, de a mi gerinces szem\u00e9lyzet\u00fcnk is az. \u00dagy gondolom, hogy bizonyos fok\u00fa motiv\u00e1ci\u00f3val jelentkeznek, hogy elv\u00e9gezz\u00e9k a munk\u00e1t, \u00e9s hossz\u00fa id\u0151 \u00f3ta el\u0151sz\u00f6r l\u00e1ttunk nagyon eredm\u00e9nyes list\u00e1kat.<\/p>\n<p>Chris:<\/p>\n<p>\u00c9s \u00fagy gondolom, hogy a termel\u00e9kenys\u00e9g, amit az im\u00e9nt le\u00edrt\u00e1l, nagyon j\u00f3, csak az\u00e9rt, hogy meg\u00e9rtsd, hogyan zajlott a munka a lemarad\u00e1son kereszt\u00fcl, \u00e9s val\u00f3j\u00e1ban milyen poz\u00edci\u00f3ban vagy, mert ez nem az. Azt hiszem, j\u00f3val azel\u0151tt, hogy megnyitn\u00e1d a vadonat\u00faj sz\u00ednh\u00e1zaidat.<\/p>\n<section id=\"section-2-254\" class=\"ct-section\" >\n<div class=\"ct-section-inner-wrap\">\n<div id=\"fancy_icon-5-254\" class=\"ct-fancy-icon\" ><svg id=\"svg-fancy_icon-5-254\"><use xlink:href=\"#FontAwesomeicon-quote-left\"><\/use><\/svg><\/div>\n<div id=\"text_block-3-254\" class=\"ct-text-block\" >&quot;Az Vanguard olyan gyorsan tudott ide telep\u00edteni Vanguard egys\u00e9geket, \u00e9s el tudtuk v\u00e9gezni az elekt\u00edv m\u0171t\u00e9tet a Covid ut\u00e1n... Kezelt\u00fck a lemarad\u00e1st, \u00e9s m\u00e1ra kezelhet\u0151 szintre cs\u00f6kkent, \u00e9s alig v\u00e1rjuk, hogy megsz\u00fcntess\u00fck.&quot;<\/div>\n<div id=\"text_block-4-254\" class=\"ct-text-block\" >Paul Super, fels\u0151 GI-seb\u00e9sz tan\u00e1csad\u00f3, Birminghami Egyetemi K\u00f3rh\u00e1zak<\/div>\n<\/div>\n<\/section>\n<p class=\"has-vivid-purple-color has-text-color has-link-color wp-elements-666701efddbef01a0cd9e6bbb42d7236\">P\u00e1l:<\/p>\n<p class=\"has-vivid-purple-color has-text-color has-link-color wp-elements-cafcf22c1dd00b0ce63787533dcfc47f\">Azt hiszem, tal\u00e1n az Vanguard sikere \u00e9s az a t\u00e9ny, hogy volt tartal\u00e9k oszt\u00e1lyonk\u00e9nti betegfelv\u00e9teli kapacit\u00e1sunk, el\u00e9g gyorsan nyilv\u00e1nval\u00f3v\u00e1 v\u00e1lt, hogy ha ezen az oldalon m\u00e9g n\u00e9h\u00e1ny \u00e1lland\u00f3 sz\u00ednh\u00e1zat \u00e9p\u00edthetn\u00e9nk, az lenne a v\u00e1lasz n\u00f6vekv\u0151 n\u00e9pess\u00e9g, \u00e9s tov\u00e1bbra is z\u00f6ld, biztons\u00e1gos \u00fat marad a betegek sz\u00e1m\u00e1ra. Eg\u00e9sz p\u00e1lyafut\u00e1som sor\u00e1n el\u0151sz\u00f6r \u00fagy gondolom, hogy el\u0151sz\u00f6r az Vanguard-vel dolgoztam ezen az oldalon a Covid \u00f3ta, majd azt k\u00f6vet\u0151en, hogy nem igaz\u00e1n vannak \u00e1gyi gondjaink. Kor\u00e1bban tal\u00e1n 10 vagy 151 TP4T beteget mondtunk le aznap, mert nem volt el\u00e9g \u00e1gyunk.<\/p>\n<p class=\"has-vivid-purple-color has-text-color has-link-color wp-elements-ab238a55ed9c7e5e2c03d3342502010a\">Az a t\u00e9ny, hogy az Vanguard ilyen gyorsan telep\u00edtette ide az Vanguard egys\u00e9geket, \u00e9s a Covid ut\u00e1n el tudtunk v\u00e9gezni elekt\u00edv m\u0171t\u00e9tet, azt\u00e1n r\u00e1j\u00f6tt\u00fcnk, hogy nem mondunk le senkit az \u00e1gyak miatt. Azt\u00e1n egy \u00faj sz\u00ednh\u00e1z\u00e9p\u00fclet l\u00e9tes\u00edt\u00e9se, amelynek fel\u00e1ll\u00edt\u00e1sa mind\u00f6ssze k\u00e9t \u00e9s f\u00e9l \u00e9vbe telt. Korrig\u00e1ltuk a lemarad\u00e1st, \u00e9s m\u00e1ra kezelhet\u0151 szintre cs\u00f6kkent, \u00e9s alig v\u00e1rjuk, hogy elsz\u00e1molhassuk.<\/p>\n<p>Chris:<\/p>\n<p>Kiv\u00e1l\u00f3. Milyennek tal\u00e1lta a t\u00f6bbi tan\u00e1csad\u00f3 a sz\u00ednh\u00e1zi munk\u00e1t?<\/p>\n<figure class=\"wp-block-image size-large is-resized\"><img loading=\"lazy\" decoding=\"async\" width=\"1024\" height=\"576\" src=\"https:\/\/www.vanguardhealthcare.co.uk\/wp-content\/uploads\/2024\/11\/Copy-of-Warwick-Hub-2-1024x576.png\" alt=\"\" class=\"wp-image-7678\" style=\"width:840px;height:auto\" srcset=\"https:\/\/www.vanguardhealthcare.co.uk\/wp-content\/uploads\/2024\/11\/Copy-of-Warwick-Hub-2-1024x576.png 1024w, https:\/\/www.vanguardhealthcare.co.uk\/wp-content\/uploads\/2024\/11\/Copy-of-Warwick-Hub-2-300x169.png 300w, https:\/\/www.vanguardhealthcare.co.uk\/wp-content\/uploads\/2024\/11\/Copy-of-Warwick-Hub-2-768x432.png 768w, https:\/\/www.vanguardhealthcare.co.uk\/wp-content\/uploads\/2024\/11\/Copy-of-Warwick-Hub-2-1536x864.png 1536w, https:\/\/www.vanguardhealthcare.co.uk\/wp-content\/uploads\/2024\/11\/Copy-of-Warwick-Hub-2-2048x1152.png 2048w, https:\/\/www.vanguardhealthcare.co.uk\/wp-content\/uploads\/2024\/11\/Copy-of-Warwick-Hub-2-18x10.png 18w, https:\/\/www.vanguardhealthcare.co.uk\/wp-content\/uploads\/2024\/11\/Copy-of-Warwick-Hub-2.png 3750w\" sizes=\"auto, (max-width: 1024px) 100vw, 1024px\" \/><\/figure>\n<p class=\"has-vivid-purple-color has-text-color has-link-color wp-elements-666701efddbef01a0cd9e6bbb42d7236\">P\u00e1l:<\/p>\n<p class=\"has-vivid-purple-color has-text-color has-link-color wp-elements-245bc748117b80248cabf66326a8e6f0\">\u0150szint\u00e9n sz\u00f3lva, a sz\u00ednh\u00e1zak kisebbnek t\u0171nnek, mint n\u00e9melyik f\u0151sodorbeli sz\u00ednh\u00e1z, de a nap v\u00e9g\u00e9n csak egy betegre van sz\u00fcks\u00e9g\u00fcnk a m\u0171t\u0151asztalon, egy t\u00e1lc\u00e1ra m\u0171szerekre \u00e9s h\u00e1rom emberre, esetleg n\u00e9gy emberre a beteg k\u00f6r\u00fcl. Az \u00e9n esetemben laparoszk\u00f3pos m\u0171t\u00e9tet v\u00e9gzek. Teh\u00e1t sz\u00fcks\u00e9g\u00fcnk van egy stack rendszerre a laparoszk\u00f3pos m\u0171t\u00e9thez. De tudod, a m\u0171veletek elv\u00e9gz\u00e9s\u00e9nek helye nem volt probl\u00e9ma.<\/p>\n<p>Chris:<\/p>\n<p>\u00c9s \u00e1ltal\u00e1ban megszoktad, hogy a csapaton bel\u00fcl dolgozol, azt is elhiszem. \u00c9s el\u00e9g magabiztosnak \u00e9rzi mag\u00e1t, ennek alapj\u00e1n el\u00e9g gyorsan.<\/p>\n<p class=\"has-vivid-purple-color has-text-color has-link-color wp-elements-666701efddbef01a0cd9e6bbb42d7236\">P\u00e1l:<\/p>\n<p class=\"has-vivid-purple-color has-text-color has-link-color wp-elements-7bd7fbc8e4ab1dd2af0927511267fbb2\">Szerintem ez rendk\u00edv\u00fcl fontos, \u00e9s ha a seb\u00e9sz \u00f6ssze\u00e1llt a csapattal, \u00e9s ugyanazokat a tagokat l\u00e1tj\u00e1k, vagy ugyanazt az embercsoportot l\u00e1tj\u00e1k h\u00e9tr\u0151l h\u00e9tre, mindig van bizalom az aneszteziol\u00f3gus \u00e9s a kezel\u00e9s id\u0151tartama k\u00f6z\u00f6tt. vegye figyelembe, a seb\u00e9sz azt, hogy mi a feladat, \u00e9s a sz\u00ednh\u00e1zi szem\u00e9lyzet b\u00edzik abban, amit a seb\u00e9sz k\u00e9r t\u0151l\u00fck. Mindez pedig egyre jobb \u00e9s jobb hat\u00e9konys\u00e1got \u00e9s t\u00f6bb munk\u00e1t eredm\u00e9nyez.<\/p>\n<p>Chris:<\/p>\n<p>V\u00e9g\u00fcl is mir\u0151l is van sz\u00f3, a betegek seg\u00edt\u00e9s\u00e9r\u0151l, nem igaz? Sz\u00f3val hetek v\u00e1lasztj\u00e1k el az \u00faj sz\u00ednh\u00e1zakt\u00f3l. \u00d6t \u00e9v telt el, szerintem itt dolgozt\u00e1l az Vanguard-n. Sz\u00f3val j\u00f3 lenne n\u00e9h\u00e1ny gondolatot \u00e1tgondolni, hogyan tal\u00e1ltad ezt az elm\u00falt \u00f6t \u00e9v sor\u00e1n, \u00e9s milyen v\u00e9gs\u0151 gondolatok...<\/p>\n<p class=\"has-vivid-purple-color has-text-color has-link-color wp-elements-666701efddbef01a0cd9e6bbb42d7236\">P\u00e1l:<\/p>\n<p class=\"has-vivid-purple-color has-text-color has-link-color wp-elements-65046ac010494a354fa529706f1d3d50\">Azt hiszem, szomor\u00fa lesz, ha nem j\u00f6v\u00f6k az Vanguard-re. V\u00e1rom az \u00faj sz\u00ednh\u00e1zakat, de azt hiszem, hi\u00e1nyozni fog a r\u00e9gi csapat.<\/p>\n<p>Chris:<\/p>\n<p>J\u00f3 hallani, \u00e9s val\u00f3sz\u00edn\u0171leg kiv\u00e1gjuk azt a kis mondatot, amit elk\u00e9pzelek! Sz\u00f3val, Paul, van egy\u00e1ltal\u00e1n m\u00e1s utols\u00f3 gondolat? Ahogy visszatekint a meghozott d\u00f6nt\u00e9sekre \u00e9s arra a nagyszer\u0171 munk\u00e1ra, amelyet itt, a Solihull k\u00f3rh\u00e1zban v\u00e9gzett a betegek\u00e9rt.<\/p>\n<p class=\"has-vivid-purple-color has-text-color has-link-color wp-elements-666701efddbef01a0cd9e6bbb42d7236\">P\u00e1l:<\/p>\n<p class=\"has-vivid-purple-color has-text-color has-link-color wp-elements-0bbeee1f22bb2fedf590dd82454bd8e6\">\u00dagy gondolom, hogy t\u00f6bb tr\u00f6sztnek kellene fontol\u00f3ra vennie az Vanguard-t, \u00e9s tal\u00e1n, tudod, a programok \u00e9s a besz\u00e1mol\u00f3k \u00f6nbizalmat adnak nekik egy Vanguard egys\u00e9g l\u00e9trehoz\u00e1s\u00e1hoz. \u00c9s ha val\u00f3ban sz\u00fcks\u00e9g\u00fck van egy extra sz\u00ednh\u00e1zra, \u00e9s nincs \u00e1pol\u00f3 szem\u00e9lyzet\u00fck, akkor az Vanguard ide\u00e1lis.<\/p>\n<p class=\"has-contrast-color has-text-color has-link-color wp-elements-9e3f11529eac53956989ce92cb281a32\">Chris:<\/p>\n<p class=\"has-contrast-color has-text-color has-link-color wp-elements-30392d86d10a37379240e923b0160e9b\">Rendben. B\u00e1jos. Ez igaz\u00e1n hasznos volt. K\u00f6sz\u00f6n\u00f6m, hogy besz\u00e9lt\u00e9l velem.<\/p>\n<figure class=\"wp-block-image size-full\"><img loading=\"lazy\" decoding=\"async\" width=\"1460\" height=\"821\" src=\"https:\/\/www.vanguardhealthcare.co.uk\/wp-content\/uploads\/2024\/12\/Drone-photo-Off-centre-cropped-sharper.jpg\" alt=\"\" class=\"wp-image-7726\" srcset=\"https:\/\/www.vanguardhealthcare.co.uk\/wp-content\/uploads\/2024\/12\/Drone-photo-Off-centre-cropped-sharper.jpg 1460w, https:\/\/www.vanguardhealthcare.co.uk\/wp-content\/uploads\/2024\/12\/Drone-photo-Off-centre-cropped-sharper-300x169.jpg 300w, https:\/\/www.vanguardhealthcare.co.uk\/wp-content\/uploads\/2024\/12\/Drone-photo-Off-centre-cropped-sharper-1024x576.jpg 1024w, https:\/\/www.vanguardhealthcare.co.uk\/wp-content\/uploads\/2024\/12\/Drone-photo-Off-centre-cropped-sharper-768x432.jpg 768w, https:\/\/www.vanguardhealthcare.co.uk\/wp-content\/uploads\/2024\/12\/Drone-photo-Off-centre-cropped-sharper-18x10.jpg 18w\" sizes=\"auto, (max-width: 1460px) 100vw, 1460px\" \/><\/figure>\n<section id=\"section-2-254\" class=\"ct-section\" >\n<div class=\"ct-section-inner-wrap\">\n<div id=\"fancy_icon-5-254\" class=\"ct-fancy-icon\" ><svg id=\"svg-fancy_icon-5-254\"><use xlink:href=\"#FontAwesomeicon-quote-left\"><\/use><\/svg><\/div>\n<div id=\"text_block-3-254\" class=\"ct-text-block\" >&quot;Miut\u00e1n a seb\u00e9sz \u00f6ssze\u00e1llt a csapattal, \u00e9s ugyanazokat a tagokat l\u00e1tj\u00e1k, vagy ugyanazt az embercsoportot l\u00e1tj\u00e1k h\u00e9tr\u0151l h\u00e9tre, mindig van bizalom az aneszteziol\u00f3gus \u00e9s a seb\u00e9sz k\u00f6z\u00f6tt, hogy mennyi ideig tart. a feladat a kez\u00e9ben van, \u00e9s a sz\u00ednh\u00e1zi szem\u00e9lyzet b\u00edzik abban, amit a seb\u00e9sz k\u00e9r t\u0151l\u00fck, \u00e9s mindez csak jobb \u00e9s jobb hat\u00e9konys\u00e1got \u00e9s t\u00f6bb munk\u00e1t eredm\u00e9nyez.&quot;<\/div>\n<div id=\"text_block-4-254\" class=\"ct-text-block\" >Paul Super, fels\u0151 GI-seb\u00e9sz tan\u00e1csad\u00f3, Birminghami Egyetemi K\u00f3rh\u00e1zak<\/div>\n<\/div>\n<\/section>","protected":false},"excerpt":{"rendered":"<p>Paul az Vanguard vez\u00e9rigazgat\u00f3j\u00e1val, Chris Blackwell-Frosttal besz\u00e9lget az elekt\u00edv m\u0171t\u00e9tek lemarad\u00e1sainak megel\u0151z\u00e9s\u00e9r\u0151l a Covid-19 legrosszabb id\u0151szaka el\u0151tt, alatt \u00e9s ut\u00e1n.<\/p>","protected":false},"author":12,"featured_media":7733,"comment_status":"open","ping_status":"open","sticky":false,"template":"","format":"standard","meta":{"_acf_changed":false,"footnotes":""},"categories":[2],"tags":[],"class_list":["post-7731","post","type-post","status-publish","format-standard","has-post-thumbnail","hentry","category-news"],"acf":[],"yoast_head":"<!-- This site is optimized with the Yoast SEO plugin v27.5 - https:\/\/yoast.com\/product\/yoast-seo-wordpress\/ -->\n<title>Paul Super, Consultant Surgeon, reflects on nearly six years of working in Vanguard&#039;s mobile theatres - Vanguard Healthcare Solutions<\/title>\n<meta name=\"description\" content=\"Paul is very complimentary about the theatres, and the skills, attitude and commitment of Vanguard&#039;s people have made an even greater impression.\" \/>\n<meta name=\"robots\" content=\"index, follow, max-snippet:-1, max-image-preview:large, max-video-preview:-1\" \/>\n<link rel=\"canonical\" href=\"https:\/\/www.vanguardhealthcare.co.uk\/hu_hu\/paul-super-consultant-surgeon-reflects-on-nearly-six-years-of-working-in-vanguards-mobile-theatres\/\" \/>\n<meta property=\"og:locale\" content=\"hu_HU\" \/>\n<meta property=\"og:type\" content=\"article\" \/>\n<meta property=\"og:title\" content=\"Paul Super, Consultant Surgeon, reflects on nearly six years of working in Vanguard&#039;s mobile theatres - Vanguard Healthcare Solutions\" \/>\n<meta property=\"og:description\" content=\"Paul is very complimentary about the theatres, and the skills, attitude and commitment of Vanguard&#039;s people have made an even greater impression.\" \/>\n<meta property=\"og:url\" content=\"https:\/\/www.vanguardhealthcare.co.uk\/hu_hu\/paul-super-consultant-surgeon-reflects-on-nearly-six-years-of-working-in-vanguards-mobile-theatres\/\" \/>\n<meta property=\"og:site_name\" content=\"Vanguard Healthcare Solutions\" \/>\n<meta property=\"article:published_time\" content=\"2024-12-23T13:52:39+00:00\" \/>\n<meta property=\"article:modified_time\" content=\"2024-12-23T13:57:09+00:00\" \/>\n<meta property=\"og:image\" content=\"https:\/\/www.vanguardhealthcare.co.uk\/wp-content\/uploads\/2024\/12\/Paul-Super-and-CBF.png\" \/>\n\t<meta property=\"og:image:width\" content=\"606\" \/>\n\t<meta property=\"og:image:height\" content=\"342\" \/>\n\t<meta property=\"og:image:type\" content=\"image\/png\" \/>\n<meta name=\"author\" content=\"markbirchmore\" \/>\n<meta name=\"twitter:card\" content=\"summary_large_image\" \/>\n<meta name=\"twitter:label1\" content=\"Szerz\u0151:\" \/>\n\t<meta name=\"twitter:data1\" content=\"markbirchmore\" \/>\n\t<meta name=\"twitter:label2\" content=\"Becs\u00fclt olvas\u00e1si id\u0151\" \/>\n\t<meta name=\"twitter:data2\" content=\"11 perc\" \/>\n<script type=\"application\/ld+json\" class=\"yoast-schema-graph\">{\"@context\":\"https:\\\/\\\/schema.org\",\"@graph\":[{\"@type\":\"Article\",\"@id\":\"https:\\\/\\\/www.vanguardhealthcare.co.uk\\\/paul-super-consultant-surgeon-reflects-on-nearly-six-years-of-working-in-vanguards-mobile-theatres\\\/#article\",\"isPartOf\":{\"@id\":\"https:\\\/\\\/www.vanguardhealthcare.co.uk\\\/paul-super-consultant-surgeon-reflects-on-nearly-six-years-of-working-in-vanguards-mobile-theatres\\\/\"},\"author\":{\"name\":\"markbirchmore\",\"@id\":\"https:\\\/\\\/www.vanguardhealthcare.co.uk\\\/#\\\/schema\\\/person\\\/28e5002e5381802059b342a6a7c57fe5\"},\"headline\":\"Paul Super, Consultant Surgeon, reflects on nearly six years of working in Vanguard's mobile theatres\",\"datePublished\":\"2024-12-23T13:52:39+00:00\",\"dateModified\":\"2024-12-23T13:57:09+00:00\",\"mainEntityOfPage\":{\"@id\":\"https:\\\/\\\/www.vanguardhealthcare.co.uk\\\/paul-super-consultant-surgeon-reflects-on-nearly-six-years-of-working-in-vanguards-mobile-theatres\\\/\"},\"wordCount\":2306,\"commentCount\":0,\"image\":{\"@id\":\"https:\\\/\\\/www.vanguardhealthcare.co.uk\\\/paul-super-consultant-surgeon-reflects-on-nearly-six-years-of-working-in-vanguards-mobile-theatres\\\/#primaryimage\"},\"thumbnailUrl\":\"https:\\\/\\\/www.vanguardhealthcare.co.uk\\\/wp-content\\\/uploads\\\/2024\\\/12\\\/Paul-Super-and-CBF.png\",\"articleSection\":[\"News\"],\"inLanguage\":\"hu\",\"potentialAction\":[{\"@type\":\"CommentAction\",\"name\":\"Comment\",\"target\":[\"https:\\\/\\\/www.vanguardhealthcare.co.uk\\\/paul-super-consultant-surgeon-reflects-on-nearly-six-years-of-working-in-vanguards-mobile-theatres\\\/#respond\"]}]},{\"@type\":\"WebPage\",\"@id\":\"https:\\\/\\\/www.vanguardhealthcare.co.uk\\\/paul-super-consultant-surgeon-reflects-on-nearly-six-years-of-working-in-vanguards-mobile-theatres\\\/\",\"url\":\"https:\\\/\\\/www.vanguardhealthcare.co.uk\\\/paul-super-consultant-surgeon-reflects-on-nearly-six-years-of-working-in-vanguards-mobile-theatres\\\/\",\"name\":\"Paul Super, Consultant Surgeon, reflects on nearly six years of working in Vanguard's mobile theatres - Vanguard Healthcare Solutions\",\"isPartOf\":{\"@id\":\"https:\\\/\\\/www.vanguardhealthcare.co.uk\\\/#website\"},\"primaryImageOfPage\":{\"@id\":\"https:\\\/\\\/www.vanguardhealthcare.co.uk\\\/paul-super-consultant-surgeon-reflects-on-nearly-six-years-of-working-in-vanguards-mobile-theatres\\\/#primaryimage\"},\"image\":{\"@id\":\"https:\\\/\\\/www.vanguardhealthcare.co.uk\\\/paul-super-consultant-surgeon-reflects-on-nearly-six-years-of-working-in-vanguards-mobile-theatres\\\/#primaryimage\"},\"thumbnailUrl\":\"https:\\\/\\\/www.vanguardhealthcare.co.uk\\\/wp-content\\\/uploads\\\/2024\\\/12\\\/Paul-Super-and-CBF.png\",\"datePublished\":\"2024-12-23T13:52:39+00:00\",\"dateModified\":\"2024-12-23T13:57:09+00:00\",\"author\":{\"@id\":\"https:\\\/\\\/www.vanguardhealthcare.co.uk\\\/#\\\/schema\\\/person\\\/28e5002e5381802059b342a6a7c57fe5\"},\"description\":\"Paul is very complimentary about the theatres, and the skills, attitude and commitment of Vanguard's people have made an even greater impression.\",\"breadcrumb\":{\"@id\":\"https:\\\/\\\/www.vanguardhealthcare.co.uk\\\/paul-super-consultant-surgeon-reflects-on-nearly-six-years-of-working-in-vanguards-mobile-theatres\\\/#breadcrumb\"},\"inLanguage\":\"hu\",\"potentialAction\":[{\"@type\":\"ReadAction\",\"target\":[\"https:\\\/\\\/www.vanguardhealthcare.co.uk\\\/paul-super-consultant-surgeon-reflects-on-nearly-six-years-of-working-in-vanguards-mobile-theatres\\\/\"]}]},{\"@type\":\"ImageObject\",\"inLanguage\":\"hu\",\"@id\":\"https:\\\/\\\/www.vanguardhealthcare.co.uk\\\/paul-super-consultant-surgeon-reflects-on-nearly-six-years-of-working-in-vanguards-mobile-theatres\\\/#primaryimage\",\"url\":\"https:\\\/\\\/www.vanguardhealthcare.co.uk\\\/wp-content\\\/uploads\\\/2024\\\/12\\\/Paul-Super-and-CBF.png\",\"contentUrl\":\"https:\\\/\\\/www.vanguardhealthcare.co.uk\\\/wp-content\\\/uploads\\\/2024\\\/12\\\/Paul-Super-and-CBF.png\",\"width\":606,\"height\":342},{\"@type\":\"BreadcrumbList\",\"@id\":\"https:\\\/\\\/www.vanguardhealthcare.co.uk\\\/paul-super-consultant-surgeon-reflects-on-nearly-six-years-of-working-in-vanguards-mobile-theatres\\\/#breadcrumb\",\"itemListElement\":[{\"@type\":\"ListItem\",\"position\":1,\"name\":\"Home\",\"item\":\"https:\\\/\\\/www.vanguardhealthcare.co.uk\\\/\"},{\"@type\":\"ListItem\",\"position\":2,\"name\":\"Paul Super, Consultant Surgeon, reflects on nearly six years of working in Vanguard's mobile theatres\"}]},{\"@type\":\"WebSite\",\"@id\":\"https:\\\/\\\/www.vanguardhealthcare.co.uk\\\/#website\",\"url\":\"https:\\\/\\\/www.vanguardhealthcare.co.uk\\\/\",\"name\":\"Vanguard Healthcare Solutions\",\"description\":\"\",\"potentialAction\":[{\"@type\":\"SearchAction\",\"target\":{\"@type\":\"EntryPoint\",\"urlTemplate\":\"https:\\\/\\\/www.vanguardhealthcare.co.uk\\\/?s={search_term_string}\"},\"query-input\":{\"@type\":\"PropertyValueSpecification\",\"valueRequired\":true,\"valueName\":\"search_term_string\"}}],\"inLanguage\":\"hu\"},{\"@type\":\"Person\",\"@id\":\"https:\\\/\\\/www.vanguardhealthcare.co.uk\\\/#\\\/schema\\\/person\\\/28e5002e5381802059b342a6a7c57fe5\",\"name\":\"markbirchmore\",\"image\":{\"@type\":\"ImageObject\",\"inLanguage\":\"hu\",\"@id\":\"https:\\\/\\\/secure.gravatar.com\\\/avatar\\\/fe7d53278a7b5ca7a899d25b40407d63635e003b79715b22b7e4507d10eecba5?s=96&d=mm&r=g\",\"url\":\"https:\\\/\\\/secure.gravatar.com\\\/avatar\\\/fe7d53278a7b5ca7a899d25b40407d63635e003b79715b22b7e4507d10eecba5?s=96&d=mm&r=g\",\"contentUrl\":\"https:\\\/\\\/secure.gravatar.com\\\/avatar\\\/fe7d53278a7b5ca7a899d25b40407d63635e003b79715b22b7e4507d10eecba5?s=96&d=mm&r=g\",\"caption\":\"markbirchmore\"}}]}<\/script>\n<!-- \/ Yoast SEO plugin. -->","yoast_head_json":{"title":"Paul Super, seb\u00e9sz konzult\u00e1ns, visszatekint az Vanguard mobil m\u0171t\u0151iben elt\u00f6lt\u00f6tt k\u00f6zel hat \u00e9v\u00e9re - Vanguard Healthcare Solutions","description":"Paul nagyon dics\u00e9ri a sz\u00ednh\u00e1zakat, \u00e9s az Vanguard munkat\u00e1rsainak k\u00e9pess\u00e9gei, hozz\u00e1\u00e1ll\u00e1sa \u00e9s elk\u00f6telezetts\u00e9ge m\u00e9g nagyobb benyom\u00e1st tett r\u00e1juk.","robots":{"index":"index","follow":"follow","max-snippet":"max-snippet:-1","max-image-preview":"max-image-preview:large","max-video-preview":"max-video-preview:-1"},"canonical":"https:\/\/www.vanguardhealthcare.co.uk\/hu_hu\/paul-super-consultant-surgeon-reflects-on-nearly-six-years-of-working-in-vanguards-mobile-theatres\/","og_locale":"hu_HU","og_type":"article","og_title":"Paul Super, Consultant Surgeon, reflects on nearly six years of working in Vanguard's mobile theatres - Vanguard Healthcare Solutions","og_description":"Paul is very complimentary about the theatres, and the skills, attitude and commitment of Vanguard's people have made an even greater impression.","og_url":"https:\/\/www.vanguardhealthcare.co.uk\/hu_hu\/paul-super-consultant-surgeon-reflects-on-nearly-six-years-of-working-in-vanguards-mobile-theatres\/","og_site_name":"Vanguard Healthcare Solutions","article_published_time":"2024-12-23T13:52:39+00:00","article_modified_time":"2024-12-23T13:57:09+00:00","og_image":[{"width":606,"height":342,"url":"https:\/\/www.vanguardhealthcare.co.uk\/wp-content\/uploads\/2024\/12\/Paul-Super-and-CBF.png","type":"image\/png"}],"author":"markbirchmore","twitter_card":"summary_large_image","twitter_misc":{"Szerz\u0151:":"markbirchmore","Becs\u00fclt olvas\u00e1si id\u0151":"11 perc"},"schema":{"@context":"https:\/\/schema.org","@graph":[{"@type":"Article","@id":"https:\/\/www.vanguardhealthcare.co.uk\/paul-super-consultant-surgeon-reflects-on-nearly-six-years-of-working-in-vanguards-mobile-theatres\/#article","isPartOf":{"@id":"https:\/\/www.vanguardhealthcare.co.uk\/paul-super-consultant-surgeon-reflects-on-nearly-six-years-of-working-in-vanguards-mobile-theatres\/"},"author":{"name":"markbirchmore","@id":"https:\/\/www.vanguardhealthcare.co.uk\/#\/schema\/person\/28e5002e5381802059b342a6a7c57fe5"},"headline":"Paul Super, Consultant Surgeon, reflects on nearly six years of working in Vanguard's mobile theatres","datePublished":"2024-12-23T13:52:39+00:00","dateModified":"2024-12-23T13:57:09+00:00","mainEntityOfPage":{"@id":"https:\/\/www.vanguardhealthcare.co.uk\/paul-super-consultant-surgeon-reflects-on-nearly-six-years-of-working-in-vanguards-mobile-theatres\/"},"wordCount":2306,"commentCount":0,"image":{"@id":"https:\/\/www.vanguardhealthcare.co.uk\/paul-super-consultant-surgeon-reflects-on-nearly-six-years-of-working-in-vanguards-mobile-theatres\/#primaryimage"},"thumbnailUrl":"https:\/\/www.vanguardhealthcare.co.uk\/wp-content\/uploads\/2024\/12\/Paul-Super-and-CBF.png","articleSection":["News"],"inLanguage":"hu","potentialAction":[{"@type":"CommentAction","name":"Comment","target":["https:\/\/www.vanguardhealthcare.co.uk\/paul-super-consultant-surgeon-reflects-on-nearly-six-years-of-working-in-vanguards-mobile-theatres\/#respond"]}]},{"@type":"WebPage","@id":"https:\/\/www.vanguardhealthcare.co.uk\/paul-super-consultant-surgeon-reflects-on-nearly-six-years-of-working-in-vanguards-mobile-theatres\/","url":"https:\/\/www.vanguardhealthcare.co.uk\/paul-super-consultant-surgeon-reflects-on-nearly-six-years-of-working-in-vanguards-mobile-theatres\/","name":"Paul Super, seb\u00e9sz konzult\u00e1ns, visszatekint az Vanguard mobil m\u0171t\u0151iben elt\u00f6lt\u00f6tt k\u00f6zel hat \u00e9v\u00e9re - Vanguard Healthcare Solutions","isPartOf":{"@id":"https:\/\/www.vanguardhealthcare.co.uk\/#website"},"primaryImageOfPage":{"@id":"https:\/\/www.vanguardhealthcare.co.uk\/paul-super-consultant-surgeon-reflects-on-nearly-six-years-of-working-in-vanguards-mobile-theatres\/#primaryimage"},"image":{"@id":"https:\/\/www.vanguardhealthcare.co.uk\/paul-super-consultant-surgeon-reflects-on-nearly-six-years-of-working-in-vanguards-mobile-theatres\/#primaryimage"},"thumbnailUrl":"https:\/\/www.vanguardhealthcare.co.uk\/wp-content\/uploads\/2024\/12\/Paul-Super-and-CBF.png","datePublished":"2024-12-23T13:52:39+00:00","dateModified":"2024-12-23T13:57:09+00:00","author":{"@id":"https:\/\/www.vanguardhealthcare.co.uk\/#\/schema\/person\/28e5002e5381802059b342a6a7c57fe5"},"description":"Paul nagyon dics\u00e9ri a sz\u00ednh\u00e1zakat, \u00e9s az Vanguard munkat\u00e1rsainak k\u00e9pess\u00e9gei, hozz\u00e1\u00e1ll\u00e1sa \u00e9s elk\u00f6telezetts\u00e9ge m\u00e9g nagyobb benyom\u00e1st tett r\u00e1juk.","breadcrumb":{"@id":"https:\/\/www.vanguardhealthcare.co.uk\/paul-super-consultant-surgeon-reflects-on-nearly-six-years-of-working-in-vanguards-mobile-theatres\/#breadcrumb"},"inLanguage":"hu","potentialAction":[{"@type":"ReadAction","target":["https:\/\/www.vanguardhealthcare.co.uk\/paul-super-consultant-surgeon-reflects-on-nearly-six-years-of-working-in-vanguards-mobile-theatres\/"]}]},{"@type":"ImageObject","inLanguage":"hu","@id":"https:\/\/www.vanguardhealthcare.co.uk\/paul-super-consultant-surgeon-reflects-on-nearly-six-years-of-working-in-vanguards-mobile-theatres\/#primaryimage","url":"https:\/\/www.vanguardhealthcare.co.uk\/wp-content\/uploads\/2024\/12\/Paul-Super-and-CBF.png","contentUrl":"https:\/\/www.vanguardhealthcare.co.uk\/wp-content\/uploads\/2024\/12\/Paul-Super-and-CBF.png","width":606,"height":342},{"@type":"BreadcrumbList","@id":"https:\/\/www.vanguardhealthcare.co.uk\/paul-super-consultant-surgeon-reflects-on-nearly-six-years-of-working-in-vanguards-mobile-theatres\/#breadcrumb","itemListElement":[{"@type":"ListItem","position":1,"name":"Home","item":"https:\/\/www.vanguardhealthcare.co.uk\/"},{"@type":"ListItem","position":2,"name":"Paul Super, Consultant Surgeon, reflects on nearly six years of working in Vanguard's mobile theatres"}]},{"@type":"WebSite","@id":"https:\/\/www.vanguardhealthcare.co.uk\/#website","url":"https:\/\/www.vanguardhealthcare.co.uk\/","name":"Vanguard Healthcare Solutions","description":"","potentialAction":[{"@type":"SearchAction","target":{"@type":"EntryPoint","urlTemplate":"https:\/\/www.vanguardhealthcare.co.uk\/?s={search_term_string}"},"query-input":{"@type":"PropertyValueSpecification","valueRequired":true,"valueName":"search_term_string"}}],"inLanguage":"hu"},{"@type":"Person","@id":"https:\/\/www.vanguardhealthcare.co.uk\/#\/schema\/person\/28e5002e5381802059b342a6a7c57fe5","name":"markbirchmore","image":{"@type":"ImageObject","inLanguage":"hu","@id":"https:\/\/secure.gravatar.com\/avatar\/fe7d53278a7b5ca7a899d25b40407d63635e003b79715b22b7e4507d10eecba5?s=96&d=mm&r=g","url":"https:\/\/secure.gravatar.com\/avatar\/fe7d53278a7b5ca7a899d25b40407d63635e003b79715b22b7e4507d10eecba5?s=96&d=mm&r=g","contentUrl":"https:\/\/secure.gravatar.com\/avatar\/fe7d53278a7b5ca7a899d25b40407d63635e003b79715b22b7e4507d10eecba5?s=96&d=mm&r=g","caption":"markbirchmore"}}]}},"_links":{"self":[{"href":"https:\/\/www.vanguardhealthcare.co.uk\/hu_hu\/wp-json\/wp\/v2\/posts\/7731","targetHints":{"allow":["GET"]}}],"collection":[{"href":"https:\/\/www.vanguardhealthcare.co.uk\/hu_hu\/wp-json\/wp\/v2\/posts"}],"about":[{"href":"https:\/\/www.vanguardhealthcare.co.uk\/hu_hu\/wp-json\/wp\/v2\/types\/post"}],"author":[{"embeddable":true,"href":"https:\/\/www.vanguardhealthcare.co.uk\/hu_hu\/wp-json\/wp\/v2\/users\/12"}],"replies":[{"embeddable":true,"href":"https:\/\/www.vanguardhealthcare.co.uk\/hu_hu\/wp-json\/wp\/v2\/comments?post=7731"}],"version-history":[{"count":0,"href":"https:\/\/www.vanguardhealthcare.co.uk\/hu_hu\/wp-json\/wp\/v2\/posts\/7731\/revisions"}],"wp:featuredmedia":[{"embeddable":true,"href":"https:\/\/www.vanguardhealthcare.co.uk\/hu_hu\/wp-json\/wp\/v2\/media\/7733"}],"wp:attachment":[{"href":"https:\/\/www.vanguardhealthcare.co.uk\/hu_hu\/wp-json\/wp\/v2\/media?parent=7731"}],"wp:term":[{"taxonomy":"category","embeddable":true,"href":"https:\/\/www.vanguardhealthcare.co.uk\/hu_hu\/wp-json\/wp\/v2\/categories?post=7731"},{"taxonomy":"post_tag","embeddable":true,"href":"https:\/\/www.vanguardhealthcare.co.uk\/hu_hu\/wp-json\/wp\/v2\/tags?post=7731"}],"curies":[{"name":"munkaf\u00fczet","href":"https:\/\/api.w.org\/{rel}","templated":true}]}}