{"id":7729,"date":"2024-12-23T13:53:57","date_gmt":"2024-12-23T13:53:57","guid":{"rendered":"https:\/\/www.vanguardhealthcare.co.uk\/?p=7729"},"modified":"2024-12-23T13:55:42","modified_gmt":"2024-12-23T13:55:42","slug":"reflections-on-the-long-term-collaboration-of-uhb-and-vanguard","status":"publish","type":"post","link":"https:\/\/www.vanguardhealthcare.co.uk\/hu_hu\/reflections-on-the-long-term-collaboration-of-uhb-and-vanguard\/","title":{"rendered":"Reflexi\u00f3k az UHB \u00e9s az Vanguard hossz\u00fa t\u00e1v\u00fa egy\u00fcttm\u0171k\u00f6d\u00e9s\u00e9r\u0151l"},"content":{"rendered":"<\/p>\n<p>Natalie \u00e9s Chris akkor tal\u00e1lkoztak, amikor k\u00f6zel hat \u00e9v ut\u00e1n az Vanguard mobil mozik hamarosan elhagyt\u00e1k a Solihull k\u00f3rh\u00e1zat. Ez id\u0151 alatt a sz\u00ednh\u00e1zak \u00e9s az \u0151ket foglalkoztat\u00f3 h\u00e1rom klinikai csapat kulcsszerepet j\u00e1tszott az elekt\u00edv m\u0171t\u00e9tek lemarad\u00e1sainak kezel\u00e9s\u00e9ben \u00e9s megel\u0151z\u00e9s\u00e9ben, a Covid-19 legrosszabb id\u0151szaka el\u0151tt, alatt \u00e9s ut\u00e1n. A h\u00e1rom lamin\u00e1ris \u00e1raml\u00e1s\u00fa m\u0171t\u0151 biztons\u00e1gos klinikai k\u00f6rnyezetet biztos\u00edtott, el\u0151seg\u00edtve a nagy hat\u00e9konys\u00e1got, de mint mindig, amikor az Vanguard klinikai csapata jelen van, az emberek keltett\u00e9k a legnagyobb benyom\u00e1st.<\/p>\n<p>A jobb betekint\u00e9s \u00e9rdek\u00e9ben van egy esettanulm\u00e1ny, <a href=\"https:\/\/www.vanguardhealthcare.co.uk\/hu_hu\/case-study\/three-mobile-theatres-and-five-years-of-partnering-with-university-hospitals-birmingham-to-optimise-patient-experience\/?_gl=1*1ialcca*_up*MQ..*_ga*MTAwOTMzODU3NC4xNzM0OTYxODky*_ga_3G8MSVGTZJ*MTczNDk2MTg5MC4xLjAuMTczNDk2MTg5MC4wLjAuMA..\"><strong>itt<\/strong>.<\/a><\/p>\n<p>Egy m\u00e1sik v\u00e9lem\u00e9ny az egy\u00fcttm\u0171k\u00f6d\u00e9sr\u0151l, egy interj\u00fa Paul Super seb\u00e9sz szaktan\u00e1csad\u00f3val <a href=\"https:\/\/www.vanguardhealthcare.co.uk\/hu_hu\/paul-super-consultant-surgeon-reflects-on-nearly-six-years-of-working-in-vanguards-mobile-theatres\/\"><strong>itt<\/strong>.<\/a><\/p>\n<figure class=\"wp-block-embed is-type-video is-provider-vimeo wp-block-embed-vimeo wp-embed-aspect-16-9 wp-has-aspect-ratio\">\n<div class=\"wp-block-embed__wrapper\">\n<iframe loading=\"lazy\" title=\"Natalie Arnold, m\u0171veleti vezet\u0151, UHB Interj\u00fa 1.3 (1)\" src=\"https:\/\/player.vimeo.com\/video\/1040333735?dnt=1&amp;app_id=122963\" width=\"500\" height=\"281\" frameborder=\"0\" allow=\"autoplay; fullscreen; picture-in-picture; clipboard-write\"><\/iframe>\n<\/div>\n<\/figure>\n<p>Chris:<\/p>\n<p>Natalie, nagyon \u00f6r\u00fcl\u00f6k, hogy l\u00e1tlak ma, \u00e9s \u0151szint\u00e9n k\u00f6sz\u00f6n\u00f6m, hogy id\u0151t sz\u00e1nt\u00e1l r\u00e1d. K\u00edv\u00e1ncsi vagyok, kezdj\u00fck-e azzal, hogy bemutatkozzunk, \u00e9s elmes\u00e9lj\u00fck a k\u00f3rh\u00e1zban bet\u00f6lt\u00f6tt szerep\u00e9t.<\/p>\n<div class=\"wp-block-group is-nowrap is-layout-flex wp-container-core-group-is-layout-6c531013 wp-block-group-is-layout-flex\">\n<div class=\"wp-block-group is-vertical is-layout-flex wp-container-core-group-is-layout-fe9cc265 wp-block-group-is-layout-flex\">\n<div class=\"wp-block-group is-vertical is-layout-flex wp-container-core-group-is-layout-2d729e81 wp-block-group-is-layout-flex\">\n<p class=\"has-vivid-purple-color has-text-color has-link-color wp-elements-89eeff87e2318a37acc42a1434908c6d\">Natalie:<\/p>\n<p class=\"has-vivid-purple-color has-text-color has-link-color wp-elements-792048a7976925bae359b07537c33c41\">Igen. Natalie Arnold vagyok, a Solihull fekv\u0151beteg-\u00fatvonal operat\u00edv vezet\u0151je, ami EPOC, pre-op, sz\u00ednh\u00e1zak, SEIU \u00e9s oszt\u00e1lyok. Teh\u00e1t a sz\u00ednh\u00e1zakat m\u0171k\u00f6d\u00e9si szempontb\u00f3l ir\u00e1ny\u00edtom, ami mag\u00e1ban foglalja az Vanguard-ket is.<\/p>\n<\/div>\n<\/div>\n<\/div>\n<div class=\"wp-block-group is-nowrap is-layout-flex wp-container-core-group-is-layout-6c531013 wp-block-group-is-layout-flex\">\n<div class=\"wp-block-group is-vertical is-layout-flex wp-container-core-group-is-layout-fe9cc265 wp-block-group-is-layout-flex\">\n<p>Chris:<\/p>\n<p>Nagyon j\u00f3. \u00c9s azt hiszem, 2019-ben r\u00e9szt vett volna az eredeti d\u00f6nt\u00e9sben\u2026<\/p>\n<\/div>\n<\/div>\n<p class=\"has-vivid-purple-color has-text-color has-link-color wp-elements-89eeff87e2318a37acc42a1434908c6d\">Natalie:<\/p>\n<p class=\"has-vivid-purple-color has-text-color has-link-color wp-elements-572b1325ca8f6a3052cbabce192d13b2\">Hat\u00e1rozottan r\u00e9szt vesz a projektben, igen, az Vanguard One eset\u00e9ben, az epeh\u00f3lyag projektben.<\/p>\n<p>Chris:<\/p>\n<p>Sz\u00f3val, szeretn\u00e9 \u00e1tbesz\u00e9lni vel\u00fcnk, mi volt akkoriban a folyamat, \u00e9s mi\u00e9rt \u00e9rezte \u00fagy, hogy hasznos lenne egy tov\u00e1bbi sz\u00ednh\u00e1z ezen az oldalon?<\/p>\n<div class=\"wp-block-media-text alignwide is-stacked-on-mobile has-small-font-size\">\n<figure class=\"wp-block-media-text__media\"><img loading=\"lazy\" decoding=\"async\" width=\"1024\" height=\"768\" src=\"https:\/\/www.vanguardhealthcare.co.uk\/wp-content\/uploads\/2024\/02\/Vanguard-Mobile-Operating-Theatre-1024x768.jpeg\" alt=\"\" class=\"wp-image-7230 size-full\" srcset=\"https:\/\/www.vanguardhealthcare.co.uk\/wp-content\/uploads\/2024\/02\/Vanguard-Mobile-Operating-Theatre-1024x768.jpeg 1024w, https:\/\/www.vanguardhealthcare.co.uk\/wp-content\/uploads\/2024\/02\/Vanguard-Mobile-Operating-Theatre-300x225.jpeg 300w, https:\/\/www.vanguardhealthcare.co.uk\/wp-content\/uploads\/2024\/02\/Vanguard-Mobile-Operating-Theatre-768x576.jpeg 768w, https:\/\/www.vanguardhealthcare.co.uk\/wp-content\/uploads\/2024\/02\/Vanguard-Mobile-Operating-Theatre-1536x1152.jpeg 1536w, https:\/\/www.vanguardhealthcare.co.uk\/wp-content\/uploads\/2024\/02\/Vanguard-Mobile-Operating-Theatre-2048x1536.jpeg 2048w, https:\/\/www.vanguardhealthcare.co.uk\/wp-content\/uploads\/2024\/02\/Vanguard-Mobile-Operating-Theatre-16x12.jpeg 16w, https:\/\/www.vanguardhealthcare.co.uk\/wp-content\/uploads\/2024\/02\/Vanguard-Mobile-Operating-Theatre-scaled.jpeg 2560w\" sizes=\"auto, (max-width: 1024px) 100vw, 1024px\" \/><\/figure>\n<div class=\"wp-block-media-text__content\">\n<section id=\"section-2-254\" class=\"ct-section\" >\n<div class=\"ct-section-inner-wrap\">\n<div id=\"fancy_icon-5-254\" class=\"ct-fancy-icon\" ><svg id=\"svg-fancy_icon-5-254\"><use xlink:href=\"#FontAwesomeicon-quote-left\"><\/use><\/svg><\/div>\n<div id=\"text_block-3-254\" class=\"ct-text-block\" >&quot;A szakter\u00fclet \u00fagy d\u00f6nt\u00f6tt, hogy az epeh\u00f3lyagok egy r\u00e9sz\u00e9t ki kell \u00fcr\u00edteni a rendszerb\u0151l, \u00e9s meg kell akad\u00e1lyozniuk, hogy forr\u00f3 epeh\u00f3lyagg\u00e1 v\u00e1ljanak, \u00e9s elz\u00e1rj\u00e1k a v\u00e9szhelyzeti \u00fatvonalat. Teh\u00e1t egy dedik\u00e1lt sz\u00ednh\u00e1zzal val\u00f3ban mindent megtehet\u00fcnk, \u00e9s egy id\u0151ben elv\u00e9gezz\u00fck \u0151ket. id\u0151ben...&quot;<\/div>\n<div id=\"text_block-4-254\" class=\"ct-text-block\" >Natalie Arnold, m\u0171veleti vezet\u0151, Pre-Op, SEAU, sz\u00ednh\u00e1zak, EPOC \u00e9s seb\u00e9szeti oszt\u00e1lyok<\/div>\n<\/div>\n<\/section>\n<\/div>\n<\/div>\n<p class=\"has-vivid-purple-color has-text-color has-link-color wp-elements-89eeff87e2318a37acc42a1434908c6d\">Natalie:<\/p>\n<p class=\"has-vivid-purple-color has-text-color has-link-color wp-elements-cbdc334d6f304434ee14e5f48590feec\">A szakember \u00fagy d\u00f6nt\u00f6tt, hogy az epeh\u00f3lyagok egy r\u00e9sz\u00e9t ki kell venni a rendszerb\u0151l, \u00e9s meg kell akad\u00e1lyozniuk, hogy forr\u00f3 epeh\u00f3lyagg\u00e1 v\u00e1ljanak, \u00e9s elz\u00e1rj\u00e1k a v\u00e9szhelyzeti \u00fatvonalat. Teh\u00e1t, ha van egy dedik\u00e1lt sz\u00ednh\u00e1zunk, akkor tulajdonk\u00e9ppen mindent \u00e1t tudn\u00e1nk vinni, \u00e9s id\u0151ben elk\u00e9sz\u00fclhetn\u00e9nk.<\/p>\n<p class=\"has-vivid-purple-color has-text-color has-link-color wp-elements-c4f06f0f65906cc66644732a8f5ea5fd\">A bejuttat\u00e1s folyamata nagyon egyszer\u0171 volt. Sokat dolgoztunk az Estates-szel. Akkoriban Heartlandsben dolgoztam, \u00e9s onnan vigy\u00e1ztam Solihullra. Teh\u00e1t az Estates sokat dolgozott az\u00e9rt, hogy beker\u00fclj\u00f6n az Vanguard, majd a csapattal csak azon dolgozott, hogy integr\u00e1lj\u00e1k \u0151ket a m\u00e1sik csapatba, ami el\u00e9g gyorsan \u00e9s egyszer\u0171en megt\u00f6rt\u00e9nt egyetlen sz\u00ednh\u00e1zzal.<\/p>\n<p>Chris:<\/p>\n<p>Sz\u00f3val, Natalie, volt m\u00e1r tapasztalata az Vanguard-r\u0151l, miel\u0151tt 2019-ben a helysz\u00ednre j\u00f6tt\u00fcnk?<\/p>\n<p class=\"has-vivid-purple-color has-text-color has-link-color wp-elements-89eeff87e2318a37acc42a1434908c6d\">Natalie:<\/p>\n<p class=\"has-vivid-purple-color has-text-color has-link-color wp-elements-8e2ae2a8f8084404519d5bf894ac1d6b\">Miel\u0151tt az UHB-hoz ker\u00fcltem, a Gyermekk\u00f3rh\u00e1zban dolgoztam, ahol sz\u00ednh\u00e1zat \u00e9s oszt\u00e1lyt alak\u00edtottak ki. \u00c9s Simon Squirrel-lel dolgoztam azon, hogy ezt bejuthassuk. Sajnos elmentem az UHB-hoz, miel\u0151tt az teljesen beindult volna, de igen, m\u00e1r dolgoztam a csapat egy r\u00e9sz\u00e9vel.<\/p>\n<p>Chris:<\/p>\n<p>\u00c9s hogyan tal\u00e1ltad meg?<\/p>\n<p class=\"has-vivid-purple-color has-text-color has-link-color wp-elements-89eeff87e2318a37acc42a1434908c6d\">Natalie:<\/p>\n<p class=\"has-vivid-purple-color has-text-color has-link-color wp-elements-d6e0622c39e1a432487c7a342af7e707\">Nagyon j\u00f3. Nagyon. Nagyon \u00e9rintett. K\u00f6nnyen el\u00e9rhet\u0151. Nem volt olyan l\u00e9p\u00e9s, hogy ne tudtad volna, mi t\u00f6rt\u00e9nik ezut\u00e1n. Igen. Sz\u00f3val nagyon j\u00f3.<\/p>\n<p>Chris:<\/p>\n<p>Tulajdonk\u00e9ppen j\u00f3 hallani. Besz\u00e9lgett\u00fcnk 2019-r\u0151l \u00e9s az epepanaszokr\u00f3l, \u00e9s az eg\u00e9sz epeh\u00f3lyag-megk\u00f6zel\u00edt\u00e9sr\u0151l, amit \u00f6n k\u00f6vetett. Azt\u00e1n nyilv\u00e1n nem besz\u00e9lhet\u00fcnk a Covid-r\u00f3l, azt hiszem, 2020-t\u00f3l, 2020 m\u00e1rcius\u00e1t\u00f3l az eg\u00e9sz az eml\u00e9kezet\u00fcnkbe \u00e9gett. Sz\u00f3val, hogyan t\u00e1mogatta a sz\u00ednh\u00e1z a k\u00f3rh\u00e1zat annak idej\u00e9n, a Covid idej\u00e9n?<\/p>\n<section id=\"section-2-254\" class=\"ct-section\" >\n<div class=\"ct-section-inner-wrap\">\n<div id=\"fancy_icon-5-254\" class=\"ct-fancy-icon\" ><svg id=\"svg-fancy_icon-5-254\"><use xlink:href=\"#FontAwesomeicon-quote-left\"><\/use><\/svg><\/div>\n<div id=\"text_block-3-254\" class=\"ct-text-block\" >&quot;Teh\u00e1t nyilv\u00e1nval\u00f3an (a Covid-19 vil\u00e1gj\u00e1rv\u00e1ny idej\u00e9n) minden v\u00e1laszthat\u00f3 tev\u00e9kenys\u00e9g le\u00e1llt Solihullban... az \u00f6sszes szem\u00e9lyzet a Heartlands ITU-ba ment, hogy ott t\u00e1mogassa, \u00e9s val\u00f3j\u00e1ban az Vanguard munkat\u00e1rsainak egy r\u00e9sze \u00f6nk\u00e9nt jelentkezett, \u00e9s \u00e1tment Heartlandsbe, hogy seg\u00edtsen az ITU-nak. , \u00e9s soha nem lehet el\u00e9g szem\u00e9lyzet, aki seg\u00edt.<\/p>\n<p>\u00dagy \u00e9rtem, tudod, mindannyian emberek vagyunk. Mindannyian \u00e1tes\u00fcnk rajta, miut\u00e1n elhagytuk a munk\u00e1t. Sz\u00f3val, igen, ez csak a munkat\u00e1rsak tisztess\u00e9g\u00e9t mutatja, hogy \u00d6n helyett dolgozik.&quot;<\/p><\/div>\n<div id=\"text_block-4-254\" class=\"ct-text-block\" >Natalie Arnold, m\u0171veleti vezet\u0151, Pre-Op, SEAU, sz\u00ednh\u00e1zak, EPOC \u00e9s seb\u00e9szeti oszt\u00e1lyok<\/div>\n<\/div>\n<\/section>\n<p class=\"has-vivid-purple-color has-text-color has-link-color wp-elements-89eeff87e2318a37acc42a1434908c6d\">Natalie:<\/p>\n<p class=\"has-vivid-purple-color has-text-color has-link-color wp-elements-a95dfac761a9f397761fd928798ee6db\">Teh\u00e1t nyilv\u00e1nval\u00f3an minden v\u00e1laszthat\u00f3 tev\u00e9kenys\u00e9g meg\u00e1llt Solihulln\u00e1l. Szellemv\u00e1ros lett. Mert az \u00f6sszes szem\u00e9lyzet a Heartlands ITU-ba ment, hogy ott t\u00e1mogassa, \u00e9s val\u00f3j\u00e1ban az Vanguard szem\u00e9lyzet egy r\u00e9sze \u00f6nk\u00e9nt jelentkezett, \u00e9s \u00e1tment a Heartlands-be, hogy seg\u00edtsen az ITU-ban, \u00e9s ott soha nem lehetett el\u00e9g munkat\u00e1rs.<\/p>\n<p class=\"has-vivid-purple-color has-text-color has-link-color wp-elements-3bebeb06475cfb5d853a08b77fb04a04\">\u00dagy \u00e9rtem, tudod, mindannyian emberek vagyunk. Mindannyian \u00e1tes\u00fcnk rajta, miut\u00e1n elhagytuk a munk\u00e1t. Sz\u00f3val, igen, ez csak a munkat\u00e1rsak tisztess\u00e9g\u00e9t mutatja, hogy \u00d6n helyett dolgozik.<\/p>\n<p>Chris:<\/p>\n<p>Ezt j\u00f3 hallani. \u00c9s azt hiszem, z\u00f6ld oldal lett\u00e9l. Igaz, a Covid alatt?<\/p>\n<p class=\"has-vivid-purple-color has-text-color has-link-color wp-elements-89eeff87e2318a37acc42a1434908c6d\">Natalie:<\/p>\n<p class=\"has-vivid-purple-color has-text-color has-link-color wp-elements-ba4fdb6dbb26c67ef228896babc99ffb\">Igen. Amikor a Covid be\u00fct\u00f6tt, v\u00e9glegesen Solihullba k\u00f6lt\u00f6ztem, hogy megpr\u00f3b\u00e1ljam megnyitni z\u00f6ld helysz\u00ednk\u00e9nt, v\u00e1laszthat\u00f3 k\u00f6zpontk\u00e9nt. \u00c9s nyilv\u00e1nval\u00f3an azt gondolom, hogy az Vanguard eset\u00e9ben minden sz\u00ednh\u00e1zunk eset\u00e9ben h\u00e1romhavonta megv\u00e1ltozott a priorit\u00e1sa annak, aminek \u00e1t kellett mennie a sz\u00ednh\u00e1zakon, mert sehol m\u00e1shol m\u00e9g mindig nem volt v\u00e1laszthat\u00f3.<\/p>\n<p class=\"has-vivid-purple-color has-text-color has-link-color wp-elements-630ddd7b1ebd492ee481a204bb49cd65\">Az Vanguard pedig zseni\u00e1lis volt: a sz\u00ednh\u00e1zi szem\u00e9lyzet, amikor h\u00e1romhavonta besz\u00e9lt\u00e9l vel\u00fck a v\u00e1ltoz\u00e1sr\u00f3l.  Nyilv\u00e1n v\u00e1ltozott az emelet, a f\u0151bb sz\u00ednh\u00e1zainkban, de az Vanguard is v\u00e1ltozott. Sz\u00f3val, amire jelentkezt\u00e9l, az epeh\u00f3lyag, amikor val\u00f3j\u00e1ban bej\u00f6tt egy kis n\u0151gy\u00f3gy\u00e1sz, meg egy kis urol\u00f3gia\u2026<\/p>\n<p class=\"has-vivid-purple-color has-text-color has-link-color wp-elements-59630a60382b9d34f28d5c4c74423f41\">Soha semmi nem volt t\u00fal sok. Mindaddig, am\u00edg megvolt a megfelel\u0151 k\u00e9szs\u00e9gk\u00e9szletem, \u00e9s megvolt a megfelel\u0151 mennyis\u00e9g\u0171 k\u00e9szlet\u00fcnk, amivel rendelkezni lehetett, semmi sem volt t\u00fal sok sz\u00e1mukra.<\/p>\n<section id=\"section-2-254\" class=\"ct-section\" >\n<div class=\"ct-section-inner-wrap\">\n<div id=\"fancy_icon-5-254\" class=\"ct-fancy-icon\" ><svg id=\"svg-fancy_icon-5-254\"><use xlink:href=\"#FontAwesomeicon-quote-left\"><\/use><\/svg><\/div>\n<div id=\"text_block-3-254\" class=\"ct-text-block\" >&quot;Teh\u00e1t, amire jelentkezett, az epeh\u00f3lyag, amikor val\u00f3j\u00e1ban volt egy kis n\u0151gy\u00f3gy\u00e1szat, \u00e9s egy kis urol\u00f3gia... Semmi sem volt t\u00fal sok nekik.&quot;<\/div>\n<div id=\"text_block-4-254\" class=\"ct-text-block\" >Natalie Arnold, m\u0171veleti vezet\u0151, Pre-Op, SEAU, sz\u00ednh\u00e1zak, EPOC \u00e9s seb\u00e9szeti oszt\u00e1lyok<\/div>\n<\/div>\n<\/section>\n<p>Chris:<\/p>\n<p>\u00c9s akkor nyilv\u00e1nval\u00f3an ott van a Covid ut\u00e1ni id\u0151szak, a v\u00e1laszthat\u00f3 lemarad\u00e1s, amely minden nyilv\u00e1nval\u00f3 ok miatt n\u00f6vekszik. Egy sz\u00ednh\u00e1zb\u00f3l h\u00e1rom sz\u00ednh\u00e1zba ker\u00fclt\u00e9l. Legyen teh\u00e1t igaz\u00e1n j\u00f3 ahhoz, hogy meg\u00e9rtse az egyr\u0151l h\u00e1romra t\u00f6rt\u00e9n\u0151 tov\u00e1bbi b\u0151v\u00edt\u00e9s m\u00f6g\u00f6tt megh\u00faz\u00f3d\u00f3 gondolkod\u00e1sm\u00f3dot, \u00e9s azt is, hogyan haszn\u00e1lta a sz\u00ednh\u00e1zakat az\u00f3ta.<\/p>\n<p class=\"has-vivid-purple-color has-text-color has-link-color wp-elements-89eeff87e2318a37acc42a1434908c6d\">Natalie:<\/p>\n<p class=\"has-vivid-purple-color has-text-color has-link-color wp-elements-e5422b518f895a5933f0861692ff2314\">Rendben. Teh\u00e1t Solihull egy v\u00e1laszthat\u00f3 k\u00f6zpont volt a Covid ut\u00e1n, \u00e9s nyilv\u00e1nval\u00f3an annyit nyomott a mozikban, amennyit csak tudtunk. Mivel nem volt bej\u00e1rati ajt\u00f3nk, t\u00f6bb volt a k\u00f3rterem kapacit\u00e1sa, mint amennyit felhaszn\u00e1ltunk. Teh\u00e1t hogyan tudn\u00e1nk kihaszn\u00e1lni az oszt\u00e1ly teljes kapacit\u00e1s\u00e1t \u00e9s befoly\u00e1solni a v\u00e1r\u00f3list\u00e1t, \u00e9s hogyan m\u0171thet\u0151k meg az emberek, \u00e9s hogyan lehet eg\u00e9szs\u00e9gesen hazat\u00e9rve?<\/p>\n<p class=\"has-vivid-purple-color has-text-color has-link-color wp-elements-c7bbe1e8889baa924645db9b318882a3\">\u00dagy gondolt\u00e1k, hogy megbirk\u00f3zunk k\u00e9t sz\u00ednh\u00e1zzal, plusz munk\u00e1val, megt\u00f6ltj\u00fck az \u00e1gyakat, \u00e9s m\u00e9g mindig nem lesz f\u00e9r\u0151hely miatti lemond\u00e1s. Teh\u00e1t nyilv\u00e1nval\u00f3an megkerest\u00fck az Vanguard-t, \u00e9s k\u00e9t plusz mozit k\u00e9rt\u00fcnk.<\/p>\n<p class=\"has-vivid-purple-color has-text-color has-link-color wp-elements-a1283b397988ecda00acab2d54ff2afb\">A Covid ut\u00e1n h\u00e1romhavonta v\u00e1ltozott a v\u00e1r\u00f3lista, \u00e9s megv\u00e1ltozott a nyom\u00e1s, hogy mire van sz\u00fcks\u00e9g. \u00c9s mivel akkoriban mi voltunk az egyetlen oldal, ahol v\u00e1laszthat\u00f3 munk\u00e1t v\u00e9gezt\u00fcnk, ez h\u00e1romhavonta kiss\u00e9 megv\u00e1ltozik. Teh\u00e1t az Vanguard, \u00e1ldd meg \u0151ket, csin\u00e1ltak\u2026 b\u00e1rmit megtehetn\u00e9nek. Nyilv\u00e1n epeh\u00f3lyagra lettek be\u00e1ll\u00edtva, de csin\u00e1ltak n\u0151gy\u00f3gy\u00e1szatot, urol\u00f3gi\u00e1t. Sz\u00f3val ez valahogy megv\u00e1ltoztatta azt, amit h\u00e1romhavonta tehettek, am\u00edg nem stabiliz\u00e1l\u00f3dtunk. Azt hiszem, ennek h\u00e1tter\u00e9ben, nyilv\u00e1nval\u00f3an az Vanguard 1-r\u0151l 3-ra emelked\u00e9s\u00e9vel, a Covid ut\u00e1n, ugyanazok a probl\u00e9m\u00e1ik voltak, mint nek\u00fcnk a szem\u00e9lyzet megtart\u00e1s\u00e1val \u00e9s toborz\u00e1s\u00e1val. Tudjuk, hogy sok embert l\u00e1ttunk t\u00e1vozni, mert a Covid r\u00e1vette \u0151ket, hogy \u00fajra\u00e9rt\u00e9kelj\u00e9k az \u00e9letet maguknak, \u00e9s n\u00e9h\u00e1nyan \u00fagy d\u00f6nt\u00f6ttek, ideje t\u00e1vozni. Teh\u00e1t sok v\u00e1ltoz\u00e1s t\u00f6rt\u00e9nt az Vanguard be\u00e1ll\u00edt\u00e1son bel\u00fcl, ami a vezet\u00e9st is jelentette. De azt\u00e1n ezek ut\u00e1n megkaptuk a kedves Dell\u00e1t \u00e9s Simont, akik m\u00e9g ma is vel\u00fcnk vannak. Nyilv\u00e1nval\u00f3an eltakarj\u00e1k egym\u00e1st. Tudj\u00e1k, hogyan dolgozunk, tudj\u00e1k, mit akarunk.<\/p>\n<p class=\"has-vivid-purple-color has-text-color has-link-color wp-elements-8dd799a4386478bb442b298bc66e9b25\">Stabiliz\u00e1l\u00f3dott, \u00e9s soha nem n\u00e9zt\u00fcnk vissza sz\u00ednh\u00e1zi szempontb\u00f3l. Sz\u00e1momra, amikor vel\u00fck dolgozom, soha nem n\u00e9ztem vissza.<\/p>\n<div class=\"wp-block-media-text is-stacked-on-mobile has-small-font-size\">\n<figure class=\"wp-block-media-text__media\"><img loading=\"lazy\" decoding=\"async\" width=\"768\" height=\"1024\" src=\"https:\/\/www.vanguardhealthcare.co.uk\/wp-content\/uploads\/2024\/12\/Natalie-Arnold-Simon-Barker-and-Della-Smith-cropped-768x1024.jpg\" alt=\"\" class=\"wp-image-7728 size-full\" srcset=\"https:\/\/www.vanguardhealthcare.co.uk\/wp-content\/uploads\/2024\/12\/Natalie-Arnold-Simon-Barker-and-Della-Smith-cropped-768x1024.jpg 768w, https:\/\/www.vanguardhealthcare.co.uk\/wp-content\/uploads\/2024\/12\/Natalie-Arnold-Simon-Barker-and-Della-Smith-cropped-225x300.jpg 225w, https:\/\/www.vanguardhealthcare.co.uk\/wp-content\/uploads\/2024\/12\/Natalie-Arnold-Simon-Barker-and-Della-Smith-cropped-9x12.jpg 9w, https:\/\/www.vanguardhealthcare.co.uk\/wp-content\/uploads\/2024\/12\/Natalie-Arnold-Simon-Barker-and-Della-Smith-cropped.jpg 896w\" sizes=\"auto, (max-width: 768px) 100vw, 768px\" \/><\/figure>\n<div class=\"wp-block-media-text__content\">\n<section id=\"section-2-254\" class=\"ct-section\" >\n<div class=\"ct-section-inner-wrap\">\n<div id=\"fancy_icon-5-254\" class=\"ct-fancy-icon\" ><svg id=\"svg-fancy_icon-5-254\"><use xlink:href=\"#FontAwesomeicon-quote-left\"><\/use><\/svg><\/div>\n<div id=\"text_block-3-254\" class=\"ct-text-block\" >&quot;Megpr\u00f3b\u00e1ltam n\u00e9h\u00e1ny alkalmazottat \u00e1tverni az \u00faj \u00e9p\u00fclethez... Szomor\u00fa leszek, amikor elmennek. A csapat egy r\u00e9sze, akikkel 5 vagy 6 \u00e9ve dolgozom. A csal\u00e1d r\u00e9sz\u00e9v\u00e9 v\u00e1ltak. .&quot;<\/div>\n<div id=\"text_block-4-254\" class=\"ct-text-block\" >Natalie Arnold, m\u0171veleti vezet\u0151, Pre-Op, SEAU, sz\u00ednh\u00e1zak, EPOC \u00e9s seb\u00e9szeti oszt\u00e1lyok<\/p>\n<div><br><\/div>\n<div style=\"direction: rtl\">K\u00e9p: Natalie corners Vanguard&#039;s Clinical Leads, Simon Barker \u00e9s Della Smith<\/div>\n<\/div>\n<\/div>\n<\/section>\n<\/div>\n<\/div>\n<p>Chris:<\/p>\n<p>Igen. \u00c9s ez az\u00e9rt \u00e9rdekes, mert besz\u00e9lt\u00fcnk Paullal, az egyik konzult\u00e1ns seb\u00e9szrel arr\u00f3l, hogy val\u00f3ban van az a szok\u00e1sos Vanguard csapat. Annyi \u00f6nbizalmat \u00e9breszt a tan\u00e1csad\u00f3i b\u00e1zison bel\u00fcl, hogy azt\u00e1n elj\u00f6jj\u00f6n a sz\u00ednh\u00e1zakba dolgozni.<\/p>\n<p class=\"has-vivid-purple-color has-text-color has-link-color wp-elements-89eeff87e2318a37acc42a1434908c6d\">Natalie:<\/p>\n<p class=\"has-vivid-purple-color has-text-color has-link-color wp-elements-bbd5a58ef6b037c1a193824c4186b8cf\">Seg\u00edti a termel\u00e9kenys\u00e9get is, \u00e9s azt is, hogy az emberek mit hajland\u00f3k felvenni a list\u00e1ra, hogy biztosan teljes m\u00e9rt\u00e9kben kihaszn\u00e1lj\u00e1k \u0151ket. \u00c9s magasabb termel\u00e9kenys\u00e9get \u00e9s kihaszn\u00e1lts\u00e1got \u00e9r el, ami mindenki sz\u00e1m\u00e1ra el\u0151ny\u00f6s. Sz\u00f3val igen, hat\u00e1rozottan pozit\u00edv lett.<\/p>\n<p>Chris:<\/p>\n<p>Azt\u00e1n ahogy elkezdt\u00e9l v\u00e1ltozni \u00e9s hajl\u00edtani a folyamatban l\u00e9v\u0151 tev\u00e9kenys\u00e9ggel, az is. Ism\u00e9t egy stabil csapat, amiben megvan az \u00f6nbizalmad. Igen, ez mindent sokkal k\u00f6nnyebb\u00e9 tesz.<\/p>\n<p class=\"has-vivid-purple-color has-text-color has-link-color wp-elements-89eeff87e2318a37acc42a1434908c6d\">Natalie:<\/p>\n<p class=\"has-vivid-purple-color has-text-color has-link-color wp-elements-afddb2608964a7c0a98bd2bccda8ef61\">Igen, siker\u00fclt. Kezdetben megvoltak a kih\u00edv\u00e1sai, de val\u00f3j\u00e1ban egyszer csak megoldott\u00e1k, \u00e9s el\u0151re nem l\u00e1that\u00f3ak voltak. Rem\u00e9lhet\u0151leg nem lesz m\u00e9g egy Covid-unk, tudod, voltak dolgok, amiket m\u00e9g soha nem csin\u00e1ltunk. Teh\u00e1t mindenki a t\u0151le telhet\u0151 legjobb m\u00f3don pr\u00f3b\u00e1lt dolgozni. \u00c9s megint mindannyian emberek vagyunk. Mindannyian foglalkoztunk a Coviddal kint, \u00e9s azzal, hogy mit jelent ez mindenki sz\u00e1m\u00e1ra a munk\u00e1n k\u00edv\u00fcl.<\/p>\n<p class=\"has-vivid-purple-color has-text-color has-link-color wp-elements-3ec0a22b65c3bd36642fe696376e841c\">Sz\u00f3val igen, ez egy nagyon embert pr\u00f3b\u00e1l\u00f3 id\u0151szak volt, de \u00e1tv\u00e9szelt\u00fck, \u00e9s ahogy mondtam, ha egyszer megvan ez a stabil csapat, soha t\u00f6bb\u00e9 nem n\u00e9zett vissza.<\/p>\n<p>Chris:<\/p>\n<p>\u00c9s azt hiszem, az \u00f6n szerepe r\u00e9szben az Vanguard kulcsfontoss\u00e1g\u00fa kapcsolattart\u00f3ja \u00e9s ir\u00e1ny\u00edt\u00e1sa volt, \u00e9s tulajdonk\u00e9ppen az Vanguard csapat\u00e1val val\u00f3 egy\u00fcttm\u0171k\u00f6d\u00e9s is. Teh\u00e1t az im\u00e9nt adott v\u00e1laszban \u00fagy hangzott, mint egy \u00e9rz\u00e9keny csapat, de j\u00f3 lenne hallani, hogyan dolgozott az Vanguard-vel az elm\u00falt 3-4 \u00e9vben.<\/p>\n<p class=\"has-vivid-purple-color has-text-color has-link-color wp-elements-89eeff87e2318a37acc42a1434908c6d\">Natalie:<\/p>\n<p class=\"has-vivid-purple-color has-text-color has-link-color wp-elements-342c4b3c29f1c9da7461a1b9f6ce1816\">Nos, megpr\u00f3b\u00e1ltam n\u00e9h\u00e1ny alkalmazottat \u00e1tverni az \u00faj \u00e9p\u00fcletbe. \u00d6r\u00fclni fog, ha megtudja, hogy mindannyian nemet mondtak, mert t\u00fal messze van otthon\u00e1t\u00f3l. Ami miatt szomor\u00fa vagyok, de megtenn\u00e9k, ha k\u00f6zelebb lenn\u00e9nek, ami megint csak pozit\u00edvum a Solihull-lal val\u00f3 egy\u00fcttm\u0171k\u00f6d\u00e9s sor\u00e1n. Szomor\u00fa leszek, amikor elmennek.<\/p>\n<p class=\"has-vivid-purple-color has-text-color has-link-color wp-elements-9e418ec5e275d00ec12db38970f89eb1\">\u00dagy \u00e9rtem, ahogy mondtam, n\u00e9h\u00e1ny csapat, akivel 5 vagy 6 \u00e9ve dolgozom, a csal\u00e1d r\u00e9sz\u00e9v\u00e9 v\u00e1lik. Mintha valaki elmenne a f\u0151bb sz\u00ednh\u00e1zakb\u00f3l, ott szomor\u00fas\u00e1g van. \u0150k emberek. Nem sz\u00e1m\u00edt, ha Vanguard-nek dolgoznak. Dolgoztak vel\u00fcnk. Igen. Sz\u00f3val szomor\u00fa leszek, ha elmegy.<\/p>\n<p>Chris:<\/p>\n<p>Nagyon j\u00f3 hallani az Vanguard vez\u00e9rigazgat\u00f3jak\u00e9nt, hogy az Vanguard csapatai milyen hat\u00e1st gyakoroltak a csapat t\u00f6bbi tagj\u00e1ra, de a betegekre is, ezalatt az id\u0151 alatt, eg\u00e9szen addig a pontig, ahogy \u00d6n mondja. , a csal\u00e1d r\u00e9sz\u00e9nek \u00e9rzik magukat. Nagyon j\u00f3 hallani. Sz\u00f3val mennyi id\u0151 van az \u00faj mozik nyit\u00e1s\u00e1ig?<\/p>\n<p class=\"has-vivid-purple-color has-text-color has-link-color wp-elements-89eeff87e2318a37acc42a1434908c6d\">Natalie:<\/p>\n<p class=\"has-vivid-purple-color has-text-color has-link-color wp-elements-282267abc1d9d5815b0f82fc9f67952f\">K\u00f6vetkez\u0151 h\u00f3napban. Gondolnom kellett, melyik napon vagyunk!<\/p>\n<p>Chris:<\/p>\n<p>Azt hiszem, itt az ideje, hogy elgondolkozzunk az elm\u00falt 4-5 \u00e9ven. Sz\u00f3val van valami \u00e1tfog\u00f3 gondolat azzal kapcsolatban, hogy az elm\u00falt 3-4 \u00e9vben hogyan telt az Vanguard-vel val\u00f3 munka?<\/p>\n<p class=\"has-vivid-purple-color has-text-color has-link-color wp-elements-89eeff87e2318a37acc42a1434908c6d\">Natalie:<\/p>\n<p class=\"has-vivid-purple-color has-text-color has-link-color wp-elements-1dede9536d3f9b683fa66028bcc5306a\">Csak tegy\u00fck \u00e1t, amennyit csak tudunk a k\u00f6vetkez\u0151 hat h\u00e9tben! Nem, azt hiszem, m\u00e1r besz\u00e9ltem arr\u00f3l, hogyan tanultunk, mik\u00f6zben haladtunk. Sz\u00f3val, hogy \u0151szinte legyek, most, tudod, szomor\u00fa leszek, ha l\u00e1tom, hogy emberekk\u00e9nt mennek el. Nem mondhatom, hogy hi\u00e1nyozni fog a tev\u00e9kenys\u00e9g, mert hat \u00faj sz\u00ednh\u00e1zzal megdupl\u00e1zom.<\/p>\n<p class=\"has-vivid-purple-color has-text-color has-link-color wp-elements-c13dbfbdda15e53a4f33df2222e273e6\">Teh\u00e1t ennek megvannak a maga kih\u00edv\u00e1sai hat h\u00e9t m\u00falva. Sz\u00f3val azok lesznek, akik hi\u00e1nyoznak.<\/p>\n<p>Chris:<\/p>\n<p>Igen. \u00c9s azt hiszem, nagyon szerett\u00fck a Solihullt t\u00e1mogat\u00f3 szervezetet. \u00c9s m\u00e1r r\u00e9g\u00f3ta. Val\u00f3j\u00e1ban ez volt az egyik leghosszabb szerz\u0151d\u00e9s\u00fcnk. M\u00e9g csak hat \u00e9v m\u00falva lesz. Teh\u00e1t \u0151szint\u00e9n k\u00f6sz\u00f6nj\u00fck t\u00e1mogat\u00e1s\u00e1t \u00e9s sz\u00e9lesebb csapat\u00e1nak t\u00e1mogat\u00e1s\u00e1t.<\/p>\n<p>\u00c9s nagyon szerett\u00fck, hogy t\u00e1mogathattuk \u00d6nt \u00e9s p\u00e1cienseit. Sz\u00f3val sok sikert az \u00faj sz\u00ednh\u00e1zakhoz.<\/p>\n<p class=\"has-vivid-purple-color has-text-color has-link-color wp-elements-89eeff87e2318a37acc42a1434908c6d\">Natalie:<\/p>\n<p class=\"has-vivid-purple-color has-text-color has-link-color wp-elements-97da61c84c4d60347ae6a15e45079a17\">K\u00f6sz\u00f6n\u00f6m. sz\u00fcks\u00e9gem lesz r\u00e1!<\/p>\n<figure class=\"wp-block-image size-full\"><img loading=\"lazy\" decoding=\"async\" width=\"1460\" height=\"821\" src=\"https:\/\/www.vanguardhealthcare.co.uk\/wp-content\/uploads\/2024\/12\/Drone-photo-Off-centre-cropped-sharper.jpg\" alt=\"\" class=\"wp-image-7726\" srcset=\"https:\/\/www.vanguardhealthcare.co.uk\/wp-content\/uploads\/2024\/12\/Drone-photo-Off-centre-cropped-sharper.jpg 1460w, https:\/\/www.vanguardhealthcare.co.uk\/wp-content\/uploads\/2024\/12\/Drone-photo-Off-centre-cropped-sharper-300x169.jpg 300w, https:\/\/www.vanguardhealthcare.co.uk\/wp-content\/uploads\/2024\/12\/Drone-photo-Off-centre-cropped-sharper-1024x576.jpg 1024w, https:\/\/www.vanguardhealthcare.co.uk\/wp-content\/uploads\/2024\/12\/Drone-photo-Off-centre-cropped-sharper-768x432.jpg 768w, https:\/\/www.vanguardhealthcare.co.uk\/wp-content\/uploads\/2024\/12\/Drone-photo-Off-centre-cropped-sharper-18x10.jpg 18w\" sizes=\"auto, (max-width: 1460px) 100vw, 1460px\" \/><\/figure>","protected":false},"excerpt":{"rendered":"<p>Natalie Arnold, a SEAU, sz\u00ednh\u00e1zak, EPOC \u00e9s seb\u00e9szeti oszt\u00e1lyok el\u0151k\u00e9sz\u00fcleti igazgat\u00f3ja, az Vanguard vez\u00e9rigazgat\u00f3j\u00e1val, Chris Blackwell-Frosttal besz\u00e9lget.<\/p>","protected":false},"author":12,"featured_media":7730,"comment_status":"open","ping_status":"open","sticky":false,"template":"","format":"standard","meta":{"_acf_changed":false,"footnotes":""},"categories":[2],"tags":[],"class_list":["post-7729","post","type-post","status-publish","format-standard","has-post-thumbnail","hentry","category-news"],"acf":[],"yoast_head":"<!-- This site is optimized with the Yoast SEO plugin v27.4 - https:\/\/yoast.com\/product\/yoast-seo-wordpress\/ -->\n<title>Reflections on the long-term collaboration of UHB and Vanguard - Vanguard Healthcare Solutions<\/title>\n<meta name=\"description\" content=\"Natalie Arnold, Operations Manager, Pre-Op, SEAU, Theatres, EPOC and Surgical wards, speaks with Vanguard CEO, Chris Blackwell-Frost.\" \/>\n<meta name=\"robots\" content=\"index, follow, max-snippet:-1, max-image-preview:large, max-video-preview:-1\" \/>\n<link rel=\"canonical\" href=\"https:\/\/www.vanguardhealthcare.co.uk\/hu_hu\/reflections-on-the-long-term-collaboration-of-uhb-and-vanguard\/\" \/>\n<meta property=\"og:locale\" content=\"hu_HU\" \/>\n<meta property=\"og:type\" content=\"article\" \/>\n<meta property=\"og:title\" content=\"Reflections on the long-term collaboration of UHB and Vanguard - Vanguard Healthcare Solutions\" \/>\n<meta property=\"og:description\" content=\"Natalie Arnold, Operations Manager, Pre-Op, SEAU, Theatres, EPOC and Surgical wards, speaks with Vanguard CEO, Chris Blackwell-Frost.\" \/>\n<meta property=\"og:url\" content=\"https:\/\/www.vanguardhealthcare.co.uk\/hu_hu\/reflections-on-the-long-term-collaboration-of-uhb-and-vanguard\/\" \/>\n<meta property=\"og:site_name\" content=\"Vanguard Healthcare Solutions\" \/>\n<meta property=\"article:published_time\" content=\"2024-12-23T13:53:57+00:00\" \/>\n<meta property=\"article:modified_time\" content=\"2024-12-23T13:55:42+00:00\" \/>\n<meta property=\"og:image\" content=\"https:\/\/www.vanguardhealthcare.co.uk\/wp-content\/uploads\/2024\/12\/Natalie-Arnold-and-Chris-Blackwell-Frost-scaled.jpg\" \/>\n\t<meta property=\"og:image:width\" content=\"2560\" \/>\n\t<meta property=\"og:image:height\" content=\"1920\" \/>\n\t<meta property=\"og:image:type\" content=\"image\/jpeg\" \/>\n<meta name=\"author\" content=\"markbirchmore\" \/>\n<meta name=\"twitter:card\" content=\"summary_large_image\" \/>\n<meta name=\"twitter:label1\" content=\"Szerz\u0151:\" \/>\n\t<meta name=\"twitter:data1\" content=\"markbirchmore\" \/>\n\t<meta name=\"twitter:label2\" content=\"Becs\u00fclt olvas\u00e1si id\u0151\" \/>\n\t<meta name=\"twitter:data2\" content=\"9 perc\" \/>\n<script type=\"application\/ld+json\" class=\"yoast-schema-graph\">{\"@context\":\"https:\\\/\\\/schema.org\",\"@graph\":[{\"@type\":\"Article\",\"@id\":\"https:\\\/\\\/www.vanguardhealthcare.co.uk\\\/reflections-on-the-long-term-collaboration-of-uhb-and-vanguard\\\/#article\",\"isPartOf\":{\"@id\":\"https:\\\/\\\/www.vanguardhealthcare.co.uk\\\/reflections-on-the-long-term-collaboration-of-uhb-and-vanguard\\\/\"},\"author\":{\"name\":\"markbirchmore\",\"@id\":\"https:\\\/\\\/www.vanguardhealthcare.co.uk\\\/#\\\/schema\\\/person\\\/28e5002e5381802059b342a6a7c57fe5\"},\"headline\":\"Reflections on the long-term collaboration of UHB and Vanguard\",\"datePublished\":\"2024-12-23T13:53:57+00:00\",\"dateModified\":\"2024-12-23T13:55:42+00:00\",\"mainEntityOfPage\":{\"@id\":\"https:\\\/\\\/www.vanguardhealthcare.co.uk\\\/reflections-on-the-long-term-collaboration-of-uhb-and-vanguard\\\/\"},\"wordCount\":1866,\"commentCount\":0,\"image\":{\"@id\":\"https:\\\/\\\/www.vanguardhealthcare.co.uk\\\/reflections-on-the-long-term-collaboration-of-uhb-and-vanguard\\\/#primaryimage\"},\"thumbnailUrl\":\"https:\\\/\\\/www.vanguardhealthcare.co.uk\\\/wp-content\\\/uploads\\\/2024\\\/12\\\/Natalie-Arnold-and-Chris-Blackwell-Frost-scaled.jpg\",\"articleSection\":[\"News\"],\"inLanguage\":\"hu\",\"potentialAction\":[{\"@type\":\"CommentAction\",\"name\":\"Comment\",\"target\":[\"https:\\\/\\\/www.vanguardhealthcare.co.uk\\\/reflections-on-the-long-term-collaboration-of-uhb-and-vanguard\\\/#respond\"]}]},{\"@type\":\"WebPage\",\"@id\":\"https:\\\/\\\/www.vanguardhealthcare.co.uk\\\/reflections-on-the-long-term-collaboration-of-uhb-and-vanguard\\\/\",\"url\":\"https:\\\/\\\/www.vanguardhealthcare.co.uk\\\/reflections-on-the-long-term-collaboration-of-uhb-and-vanguard\\\/\",\"name\":\"Reflections on the long-term collaboration of UHB and Vanguard - Vanguard Healthcare Solutions\",\"isPartOf\":{\"@id\":\"https:\\\/\\\/www.vanguardhealthcare.co.uk\\\/#website\"},\"primaryImageOfPage\":{\"@id\":\"https:\\\/\\\/www.vanguardhealthcare.co.uk\\\/reflections-on-the-long-term-collaboration-of-uhb-and-vanguard\\\/#primaryimage\"},\"image\":{\"@id\":\"https:\\\/\\\/www.vanguardhealthcare.co.uk\\\/reflections-on-the-long-term-collaboration-of-uhb-and-vanguard\\\/#primaryimage\"},\"thumbnailUrl\":\"https:\\\/\\\/www.vanguardhealthcare.co.uk\\\/wp-content\\\/uploads\\\/2024\\\/12\\\/Natalie-Arnold-and-Chris-Blackwell-Frost-scaled.jpg\",\"datePublished\":\"2024-12-23T13:53:57+00:00\",\"dateModified\":\"2024-12-23T13:55:42+00:00\",\"author\":{\"@id\":\"https:\\\/\\\/www.vanguardhealthcare.co.uk\\\/#\\\/schema\\\/person\\\/28e5002e5381802059b342a6a7c57fe5\"},\"description\":\"Natalie Arnold, Operations Manager, Pre-Op, SEAU, Theatres, EPOC and Surgical wards, speaks with Vanguard CEO, Chris Blackwell-Frost.\",\"breadcrumb\":{\"@id\":\"https:\\\/\\\/www.vanguardhealthcare.co.uk\\\/reflections-on-the-long-term-collaboration-of-uhb-and-vanguard\\\/#breadcrumb\"},\"inLanguage\":\"hu\",\"potentialAction\":[{\"@type\":\"ReadAction\",\"target\":[\"https:\\\/\\\/www.vanguardhealthcare.co.uk\\\/reflections-on-the-long-term-collaboration-of-uhb-and-vanguard\\\/\"]}]},{\"@type\":\"ImageObject\",\"inLanguage\":\"hu\",\"@id\":\"https:\\\/\\\/www.vanguardhealthcare.co.uk\\\/reflections-on-the-long-term-collaboration-of-uhb-and-vanguard\\\/#primaryimage\",\"url\":\"https:\\\/\\\/www.vanguardhealthcare.co.uk\\\/wp-content\\\/uploads\\\/2024\\\/12\\\/Natalie-Arnold-and-Chris-Blackwell-Frost-scaled.jpg\",\"contentUrl\":\"https:\\\/\\\/www.vanguardhealthcare.co.uk\\\/wp-content\\\/uploads\\\/2024\\\/12\\\/Natalie-Arnold-and-Chris-Blackwell-Frost-scaled.jpg\",\"width\":2560,\"height\":1920,\"caption\":\"Natalie Arnold and Chris Blackwell-Frost\"},{\"@type\":\"BreadcrumbList\",\"@id\":\"https:\\\/\\\/www.vanguardhealthcare.co.uk\\\/reflections-on-the-long-term-collaboration-of-uhb-and-vanguard\\\/#breadcrumb\",\"itemListElement\":[{\"@type\":\"ListItem\",\"position\":1,\"name\":\"Home\",\"item\":\"https:\\\/\\\/www.vanguardhealthcare.co.uk\\\/\"},{\"@type\":\"ListItem\",\"position\":2,\"name\":\"Reflections on the long-term collaboration of UHB and Vanguard\"}]},{\"@type\":\"WebSite\",\"@id\":\"https:\\\/\\\/www.vanguardhealthcare.co.uk\\\/#website\",\"url\":\"https:\\\/\\\/www.vanguardhealthcare.co.uk\\\/\",\"name\":\"Vanguard Healthcare Solutions\",\"description\":\"\",\"potentialAction\":[{\"@type\":\"SearchAction\",\"target\":{\"@type\":\"EntryPoint\",\"urlTemplate\":\"https:\\\/\\\/www.vanguardhealthcare.co.uk\\\/?s={search_term_string}\"},\"query-input\":{\"@type\":\"PropertyValueSpecification\",\"valueRequired\":true,\"valueName\":\"search_term_string\"}}],\"inLanguage\":\"hu\"},{\"@type\":\"Person\",\"@id\":\"https:\\\/\\\/www.vanguardhealthcare.co.uk\\\/#\\\/schema\\\/person\\\/28e5002e5381802059b342a6a7c57fe5\",\"name\":\"markbirchmore\",\"image\":{\"@type\":\"ImageObject\",\"inLanguage\":\"hu\",\"@id\":\"https:\\\/\\\/secure.gravatar.com\\\/avatar\\\/fe7d53278a7b5ca7a899d25b40407d63635e003b79715b22b7e4507d10eecba5?s=96&d=mm&r=g\",\"url\":\"https:\\\/\\\/secure.gravatar.com\\\/avatar\\\/fe7d53278a7b5ca7a899d25b40407d63635e003b79715b22b7e4507d10eecba5?s=96&d=mm&r=g\",\"contentUrl\":\"https:\\\/\\\/secure.gravatar.com\\\/avatar\\\/fe7d53278a7b5ca7a899d25b40407d63635e003b79715b22b7e4507d10eecba5?s=96&d=mm&r=g\",\"caption\":\"markbirchmore\"}}]}<\/script>\n<!-- \/ Yoast SEO plugin. -->","yoast_head_json":{"title":"Gondolatok az UHB \u00e9s az Vanguard hossz\u00fa t\u00e1v\u00fa egy\u00fcttm\u0171k\u00f6d\u00e9s\u00e9r\u0151l - Vanguard Healthcare Solutions","description":"Natalie Arnold, a SEAU, sz\u00ednh\u00e1zak, EPOC \u00e9s seb\u00e9szeti oszt\u00e1lyok el\u0151k\u00e9sz\u00fcleti igazgat\u00f3ja, az Vanguard vez\u00e9rigazgat\u00f3j\u00e1val, Chris Blackwell-Frosttal besz\u00e9lget.","robots":{"index":"index","follow":"follow","max-snippet":"max-snippet:-1","max-image-preview":"max-image-preview:large","max-video-preview":"max-video-preview:-1"},"canonical":"https:\/\/www.vanguardhealthcare.co.uk\/hu_hu\/reflections-on-the-long-term-collaboration-of-uhb-and-vanguard\/","og_locale":"hu_HU","og_type":"article","og_title":"Reflections on the long-term collaboration of UHB and Vanguard - Vanguard Healthcare Solutions","og_description":"Natalie Arnold, Operations Manager, Pre-Op, SEAU, Theatres, EPOC and Surgical wards, speaks with Vanguard CEO, Chris Blackwell-Frost.","og_url":"https:\/\/www.vanguardhealthcare.co.uk\/hu_hu\/reflections-on-the-long-term-collaboration-of-uhb-and-vanguard\/","og_site_name":"Vanguard Healthcare Solutions","article_published_time":"2024-12-23T13:53:57+00:00","article_modified_time":"2024-12-23T13:55:42+00:00","og_image":[{"width":2560,"height":1920,"url":"https:\/\/www.vanguardhealthcare.co.uk\/wp-content\/uploads\/2024\/12\/Natalie-Arnold-and-Chris-Blackwell-Frost-scaled.jpg","type":"image\/jpeg"}],"author":"markbirchmore","twitter_card":"summary_large_image","twitter_misc":{"Szerz\u0151:":"markbirchmore","Becs\u00fclt olvas\u00e1si id\u0151":"9 perc"},"schema":{"@context":"https:\/\/schema.org","@graph":[{"@type":"Article","@id":"https:\/\/www.vanguardhealthcare.co.uk\/reflections-on-the-long-term-collaboration-of-uhb-and-vanguard\/#article","isPartOf":{"@id":"https:\/\/www.vanguardhealthcare.co.uk\/reflections-on-the-long-term-collaboration-of-uhb-and-vanguard\/"},"author":{"name":"markbirchmore","@id":"https:\/\/www.vanguardhealthcare.co.uk\/#\/schema\/person\/28e5002e5381802059b342a6a7c57fe5"},"headline":"Reflections on the long-term collaboration of UHB and Vanguard","datePublished":"2024-12-23T13:53:57+00:00","dateModified":"2024-12-23T13:55:42+00:00","mainEntityOfPage":{"@id":"https:\/\/www.vanguardhealthcare.co.uk\/reflections-on-the-long-term-collaboration-of-uhb-and-vanguard\/"},"wordCount":1866,"commentCount":0,"image":{"@id":"https:\/\/www.vanguardhealthcare.co.uk\/reflections-on-the-long-term-collaboration-of-uhb-and-vanguard\/#primaryimage"},"thumbnailUrl":"https:\/\/www.vanguardhealthcare.co.uk\/wp-content\/uploads\/2024\/12\/Natalie-Arnold-and-Chris-Blackwell-Frost-scaled.jpg","articleSection":["News"],"inLanguage":"hu","potentialAction":[{"@type":"CommentAction","name":"Comment","target":["https:\/\/www.vanguardhealthcare.co.uk\/reflections-on-the-long-term-collaboration-of-uhb-and-vanguard\/#respond"]}]},{"@type":"WebPage","@id":"https:\/\/www.vanguardhealthcare.co.uk\/reflections-on-the-long-term-collaboration-of-uhb-and-vanguard\/","url":"https:\/\/www.vanguardhealthcare.co.uk\/reflections-on-the-long-term-collaboration-of-uhb-and-vanguard\/","name":"Gondolatok az UHB \u00e9s az Vanguard hossz\u00fa t\u00e1v\u00fa egy\u00fcttm\u0171k\u00f6d\u00e9s\u00e9r\u0151l - Vanguard Healthcare Solutions","isPartOf":{"@id":"https:\/\/www.vanguardhealthcare.co.uk\/#website"},"primaryImageOfPage":{"@id":"https:\/\/www.vanguardhealthcare.co.uk\/reflections-on-the-long-term-collaboration-of-uhb-and-vanguard\/#primaryimage"},"image":{"@id":"https:\/\/www.vanguardhealthcare.co.uk\/reflections-on-the-long-term-collaboration-of-uhb-and-vanguard\/#primaryimage"},"thumbnailUrl":"https:\/\/www.vanguardhealthcare.co.uk\/wp-content\/uploads\/2024\/12\/Natalie-Arnold-and-Chris-Blackwell-Frost-scaled.jpg","datePublished":"2024-12-23T13:53:57+00:00","dateModified":"2024-12-23T13:55:42+00:00","author":{"@id":"https:\/\/www.vanguardhealthcare.co.uk\/#\/schema\/person\/28e5002e5381802059b342a6a7c57fe5"},"description":"Natalie Arnold, a SEAU, sz\u00ednh\u00e1zak, EPOC \u00e9s seb\u00e9szeti oszt\u00e1lyok el\u0151k\u00e9sz\u00fcleti igazgat\u00f3ja, az Vanguard vez\u00e9rigazgat\u00f3j\u00e1val, Chris Blackwell-Frosttal besz\u00e9lget.","breadcrumb":{"@id":"https:\/\/www.vanguardhealthcare.co.uk\/reflections-on-the-long-term-collaboration-of-uhb-and-vanguard\/#breadcrumb"},"inLanguage":"hu","potentialAction":[{"@type":"ReadAction","target":["https:\/\/www.vanguardhealthcare.co.uk\/reflections-on-the-long-term-collaboration-of-uhb-and-vanguard\/"]}]},{"@type":"ImageObject","inLanguage":"hu","@id":"https:\/\/www.vanguardhealthcare.co.uk\/reflections-on-the-long-term-collaboration-of-uhb-and-vanguard\/#primaryimage","url":"https:\/\/www.vanguardhealthcare.co.uk\/wp-content\/uploads\/2024\/12\/Natalie-Arnold-and-Chris-Blackwell-Frost-scaled.jpg","contentUrl":"https:\/\/www.vanguardhealthcare.co.uk\/wp-content\/uploads\/2024\/12\/Natalie-Arnold-and-Chris-Blackwell-Frost-scaled.jpg","width":2560,"height":1920,"caption":"Natalie Arnold and Chris Blackwell-Frost"},{"@type":"BreadcrumbList","@id":"https:\/\/www.vanguardhealthcare.co.uk\/reflections-on-the-long-term-collaboration-of-uhb-and-vanguard\/#breadcrumb","itemListElement":[{"@type":"ListItem","position":1,"name":"Home","item":"https:\/\/www.vanguardhealthcare.co.uk\/"},{"@type":"ListItem","position":2,"name":"Reflections on the long-term collaboration of UHB and Vanguard"}]},{"@type":"WebSite","@id":"https:\/\/www.vanguardhealthcare.co.uk\/#website","url":"https:\/\/www.vanguardhealthcare.co.uk\/","name":"Vanguard Healthcare Solutions","description":"","potentialAction":[{"@type":"SearchAction","target":{"@type":"EntryPoint","urlTemplate":"https:\/\/www.vanguardhealthcare.co.uk\/?s={search_term_string}"},"query-input":{"@type":"PropertyValueSpecification","valueRequired":true,"valueName":"search_term_string"}}],"inLanguage":"hu"},{"@type":"Person","@id":"https:\/\/www.vanguardhealthcare.co.uk\/#\/schema\/person\/28e5002e5381802059b342a6a7c57fe5","name":"markbirchmore","image":{"@type":"ImageObject","inLanguage":"hu","@id":"https:\/\/secure.gravatar.com\/avatar\/fe7d53278a7b5ca7a899d25b40407d63635e003b79715b22b7e4507d10eecba5?s=96&d=mm&r=g","url":"https:\/\/secure.gravatar.com\/avatar\/fe7d53278a7b5ca7a899d25b40407d63635e003b79715b22b7e4507d10eecba5?s=96&d=mm&r=g","contentUrl":"https:\/\/secure.gravatar.com\/avatar\/fe7d53278a7b5ca7a899d25b40407d63635e003b79715b22b7e4507d10eecba5?s=96&d=mm&r=g","caption":"markbirchmore"}}]}},"_links":{"self":[{"href":"https:\/\/www.vanguardhealthcare.co.uk\/hu_hu\/wp-json\/wp\/v2\/posts\/7729","targetHints":{"allow":["GET"]}}],"collection":[{"href":"https:\/\/www.vanguardhealthcare.co.uk\/hu_hu\/wp-json\/wp\/v2\/posts"}],"about":[{"href":"https:\/\/www.vanguardhealthcare.co.uk\/hu_hu\/wp-json\/wp\/v2\/types\/post"}],"author":[{"embeddable":true,"href":"https:\/\/www.vanguardhealthcare.co.uk\/hu_hu\/wp-json\/wp\/v2\/users\/12"}],"replies":[{"embeddable":true,"href":"https:\/\/www.vanguardhealthcare.co.uk\/hu_hu\/wp-json\/wp\/v2\/comments?post=7729"}],"version-history":[{"count":0,"href":"https:\/\/www.vanguardhealthcare.co.uk\/hu_hu\/wp-json\/wp\/v2\/posts\/7729\/revisions"}],"wp:featuredmedia":[{"embeddable":true,"href":"https:\/\/www.vanguardhealthcare.co.uk\/hu_hu\/wp-json\/wp\/v2\/media\/7730"}],"wp:attachment":[{"href":"https:\/\/www.vanguardhealthcare.co.uk\/hu_hu\/wp-json\/wp\/v2\/media?parent=7729"}],"wp:term":[{"taxonomy":"category","embeddable":true,"href":"https:\/\/www.vanguardhealthcare.co.uk\/hu_hu\/wp-json\/wp\/v2\/categories?post=7729"},{"taxonomy":"post_tag","embeddable":true,"href":"https:\/\/www.vanguardhealthcare.co.uk\/hu_hu\/wp-json\/wp\/v2\/tags?post=7729"}],"curies":[{"name":"munkaf\u00fczet","href":"https:\/\/api.w.org\/{rel}","templated":true}]}}