{"id":7064,"date":"2023-11-13T11:43:26","date_gmt":"2023-11-13T11:43:26","guid":{"rendered":"https:\/\/www.vanguardhealthcare.co.uk\/?p=7064"},"modified":"2024-07-19T16:26:25","modified_gmt":"2024-07-19T16:26:25","slug":"what-are-the-benefits-of-a-vanguard-mobile-theatre-set-up-as-an-elective-hub","status":"publish","type":"post","link":"https:\/\/www.vanguardhealthcare.co.uk\/hu_hu\/what-are-the-benefits-of-a-vanguard-mobile-theatre-set-up-as-an-elective-hub\/","title":{"rendered":"Milyen el\u0151nyei vannak a \u201ev\u00e1laszthat\u00f3 k\u00f6zpontk\u00e9nt\u201d be\u00e1ll\u00edtott Vanguard mobilsz\u00ednh\u00e1znak?"},"content":{"rendered":"<\/p>\n<p>Glen, Harkamal \u00e9s Chris tal\u00e1lkozott erre a megbesz\u00e9l\u00e9sre a Warwick K\u00f3rh\u00e1zban, k\u00f6r\u00fclbel\u00fcl egy h\u00f3nappal azut\u00e1n, hogy a South Warwickshire Egyetem NHS Foundation Trust ortop\u00e9diai beavatkoz\u00e1sokat kezdett egy Vanguard mobil lamin\u00e1ris \u00e1raml\u00e1si m\u0171t\u0151ben. A tal\u00e1lkoz\u00f3t itt n\u00e9zheti meg, vagy r\u00e9szleteket olvashat al\u00e1bb.<\/p>\n<p>A jobb betekint\u00e9s \u00e9rdek\u00e9ben van egy esettanulm\u00e1ny, <a href=\"https:\/\/www.vanguardhealthcare.co.uk\/hu_hu\/case-study\/south-warwickshire-nhs-foundation-trust\/\"><strong>itt<\/strong><\/a><\/p>\n<p>A projekt m\u00e1s szemsz\u00f6g\u00e9b\u0151l pedig megtekintheti a besz\u00e9lget\u00e9st Chris \u00e9s Tim Robertson, a Warwick K\u00f3rh\u00e1z ortop\u00e9d seb\u00e9sz szaktan\u00e1csad\u00f3ja k\u00f6z\u00f6tt, kattintson <a href=\"https:\/\/www.vanguardhealthcare.co.uk\/hu_hu\/whats-it-like-to-operate-in-a-vanguard-mobile-theatre-set-up-as-an-elective-hub\/\"><strong>itt<\/strong><\/a><\/p>\n<figure class=\"wp-block-embed is-type-video is-provider-vimeo wp-block-embed-vimeo wp-embed-aspect-16-9 wp-has-aspect-ratio\">\n<div class=\"wp-block-embed__wrapper\">\n<iframe loading=\"lazy\" title=\"Glen Burley (CE) \u00e9s Harkamal Heran (COO), a South Warwickshire Egyetem NHS FT munkat\u00e1rsa, besz\u00e9lnek az Vanguard vez\u00e9rigazgat\u00f3j\u00e1val, Chris Blackwell-Frosttal\" src=\"https:\/\/player.vimeo.com\/video\/885139783?dnt=1&amp;app_id=122963\" width=\"500\" height=\"281\" frameborder=\"0\" allow=\"autoplay; fullscreen; picture-in-picture; clipboard-write\"><\/iframe>\n<\/div>\n<\/figure>\n<figure class=\"wp-block-image size-full\"><img loading=\"lazy\" decoding=\"async\" width=\"2173\" height=\"395\" src=\"https:\/\/www.vanguardhealthcare.co.uk\/wp-content\/uploads\/2023\/11\/roundtable-quote-1.png\" alt=\"\" class=\"wp-image-7065\" srcset=\"https:\/\/www.vanguardhealthcare.co.uk\/wp-content\/uploads\/2023\/11\/roundtable-quote-1.png 2173w, https:\/\/www.vanguardhealthcare.co.uk\/wp-content\/uploads\/2023\/11\/roundtable-quote-1-300x55.png 300w, https:\/\/www.vanguardhealthcare.co.uk\/wp-content\/uploads\/2023\/11\/roundtable-quote-1-1024x186.png 1024w, https:\/\/www.vanguardhealthcare.co.uk\/wp-content\/uploads\/2023\/11\/roundtable-quote-1-768x140.png 768w, https:\/\/www.vanguardhealthcare.co.uk\/wp-content\/uploads\/2023\/11\/roundtable-quote-1-1536x279.png 1536w, https:\/\/www.vanguardhealthcare.co.uk\/wp-content\/uploads\/2023\/11\/roundtable-quote-1-2048x372.png 2048w, https:\/\/www.vanguardhealthcare.co.uk\/wp-content\/uploads\/2023\/11\/roundtable-quote-1-18x3.png 18w\" sizes=\"auto, (max-width: 2173px) 100vw, 2173px\" \/><\/figure>\n<p>Chris:<\/p>\n<p>Jelenleg j\u00f3l szerepelsz az RTT (Referral to Treatment Times) bajnoki tabell\u00e1n. Azt hiszem, az els\u0151 \u00f6t az, amit hallottunk. Teh\u00e1t mi volt az oka annak, hogy be akart ker\u00fclni egy Vanguard sz\u00ednh\u00e1zba?<\/p>\n<p>Szurdok:<\/p>\n<p>Nos, el\u0151sz\u00f6r is, van kapacit\u00e1sunk seg\u00edteni az NHS t\u00f6bbi r\u00e9sz\u00e9nek. Mik\u00f6zben nagy hangs\u00falyt fektet\u00fcnk arra, hogy a v\u00e1rakoz\u00e1si id\u0151ket a lehet\u0151 legr\u00f6videbbre tartsuk helyi szinten, hatalmas lehet\u0151s\u00e9g k\u00edn\u00e1lkozik a v\u00e1rakoz\u00e1si id\u0151k jav\u00edt\u00e1s\u00e1ra sz\u00e1mos k\u00f6r\u00fcl\u00f6tt\u00fcnk l\u00e9v\u0151 szervezetben. Sz\u00e1mos tr\u00f6szt van, amelyekre nagyon sokat kell v\u00e1rni, \u00e9s a p\u00e1cienseik k\u00f6nnyen j\u00f6hetnek ide m\u0171t\u00e9tre.<\/p>\n<p>Harkamal:<\/p>\n<p>Ha arr\u00f3l besz\u00e9l\u00fcnk, hogy az els\u0151 \u00f6t helyen vagyunk, a T&amp;O (trauma \u00e9s ortop\u00e9dia) az egyik legjobb az orsz\u00e1gban. Teh\u00e1t a k\u00f6lcs\u00f6n\u00f6s seg\u00edts\u00e9gny\u00fajt\u00e1s ter\u00e9n szerzett tapasztalataink alapj\u00e1n logikus, hogy ez az a ter\u00fclet, amelybe tov\u00e1bbra is befektetn\u00e9nk.<\/p>\n<hr class=\"wp-block-separator has-text-color has-cyan-bluish-gray-color has-alpha-channel-opacity has-cyan-bluish-gray-background-color has-background\" style=\"margin-top:var(--wp--preset--spacing--30);margin-bottom:var(--wp--preset--spacing--30)\" \/>\n<div class=\"wp-block-image\">\n<figure class=\"aligncenter size-large\"><img loading=\"lazy\" decoding=\"async\" width=\"1024\" height=\"223\" src=\"https:\/\/www.vanguardhealthcare.co.uk\/wp-content\/uploads\/2023\/11\/rt2-1024x223.png\" alt=\"\" class=\"wp-image-7067\" srcset=\"https:\/\/www.vanguardhealthcare.co.uk\/wp-content\/uploads\/2023\/11\/rt2-1024x223.png 1024w, https:\/\/www.vanguardhealthcare.co.uk\/wp-content\/uploads\/2023\/11\/rt2-300x65.png 300w, https:\/\/www.vanguardhealthcare.co.uk\/wp-content\/uploads\/2023\/11\/rt2-768x168.png 768w, https:\/\/www.vanguardhealthcare.co.uk\/wp-content\/uploads\/2023\/11\/rt2-1536x335.png 1536w, https:\/\/www.vanguardhealthcare.co.uk\/wp-content\/uploads\/2023\/11\/rt2-2048x447.png 2048w, https:\/\/www.vanguardhealthcare.co.uk\/wp-content\/uploads\/2023\/11\/rt2-18x4.png 18w, https:\/\/www.vanguardhealthcare.co.uk\/wp-content\/uploads\/2023\/11\/rt2.png 2117w\" sizes=\"auto, (max-width: 1024px) 100vw, 1024px\" \/><\/figure>\n<\/div>\n<p>Chris:<\/p>\n<p>Tudom\u00e1som szerint ez az els\u0151 vagy az egyik els\u0151 alkalom, amikor a seb\u00e9szeti k\u00f6zpontot egy A&amp;E \u00e9s trauma helysz\u00edn\u00e9n hozt\u00e1k l\u00e9tre. Ez tov\u00e1bbi kih\u00edv\u00e1sokat jelent sz\u00e1modra?<\/p>\n<p>Szurdok:<\/p>\n<p>Igen, de \u00fagy gondolom, hogy ez a megfelel\u0151 hely a m\u0171t\u00e9t elv\u00e9gz\u00e9s\u00e9re, k\u00fcl\u00f6n\u00f6sen a betegek \u00e9letkora miatt. Soha nem lehetsz biztos abban, hogy a m\u0171t\u00e9tnek lehet-e sz\u00f6v\u0151dm\u00e9nye. Teh\u00e1t fontos, hogy olyan oldalon legyen, ahol orvosok \u00e9s id\u0151sek gondoz\u00f3orvosai vannak. Azt is nagyon fontosnak tartom, hogy az NHS kihaszn\u00e1lja az \u00f6sszes sz\u00ednh\u00e1zi kapacit\u00e1s\u00e1t, \u00e9s val\u00f3sz\u00edn\u0171leg 90% mozi van akut helysz\u00edneken. Teh\u00e1t, ha feladjuk a termel\u00e9kenys\u00e9get az akut helysz\u00edneken, akkor el\u00e9g nagy bajunk lesz.<\/p>\n<p>Chris:<\/p>\n<p>Ez a termel\u00e9kenys\u00e9gi darab nagyon \u00e9rdekes. Ha van egy olyan helyzet, amikor szinte szabv\u00e1nyos\u00edtja a tev\u00e9kenys\u00e9get, \u00e9s van egy elk\u00f6telezett csapata, amely az egys\u00e9gen is dolgozik, felt\u00e9telezem, hogy csak seg\u00edt a hat\u00e9konys\u00e1gon \u00e9s az \u00e1tereszt\u0151k\u00e9pess\u00e9gen. Ezt tal\u00e1lod?<\/p>\n<p>Szurdok:<\/p>\n<p>Igen, adatokat haszn\u00e1lunk a csapattagok teljes\u00edtm\u00e9ny\u00e9nek \u00f6sszehasonl\u00edt\u00e1s\u00e1ra, de a t\u00f6bbi legjobban teljes\u00edt\u0151 szervezettel is. Ez\u00e9rt mindig keress\u00fck a lehet\u0151s\u00e9geket a fejl\u0151d\u00e9sre. Ennek nagy r\u00e9sze a tart\u00f3zkod\u00e1s id\u0151tartam\u00e1ra vonatkozik, valamint arra, hogy val\u00f3j\u00e1ban mit csin\u00e1lunk a sz\u00ednh\u00e1zakban. De a m\u00e1sik kih\u00edv\u00e1s ezzel p\u00e1rhuzamosan val\u00f3j\u00e1ban csak a v\u00e1laszthat\u00f3 \u00e1gyak v\u00e9delme, hogy biztos\u00edtsa a s\u00fcrg\u0151s ell\u00e1t\u00e1st.<\/p>\n<p>Harkamal filoz\u00f3fi\u00e1ja az, hogy egyszer\u0171en nem mondjuk le a v\u00e1laszthat\u00f3 tev\u00e9kenys\u00e9geket ezen az oldalon, \u00e9s ez az, ami miatt sok tudom\u00e1ny\u00e1ga van. \u00c9s ez egy gondolkod\u00e1sm\u00f3d a szervezetben.<\/p>\n<hr class=\"wp-block-separator has-text-color has-cyan-bluish-gray-color has-alpha-channel-opacity has-cyan-bluish-gray-background-color has-background\" style=\"margin-top:var(--wp--preset--spacing--30);margin-bottom:var(--wp--preset--spacing--30)\" \/>\n<div class=\"wp-block-image\">\n<figure class=\"aligncenter size-large\"><img loading=\"lazy\" decoding=\"async\" width=\"1024\" height=\"223\" src=\"https:\/\/www.vanguardhealthcare.co.uk\/wp-content\/uploads\/2023\/11\/rt3-1024x223.png\" alt=\"\" class=\"wp-image-7068\" srcset=\"https:\/\/www.vanguardhealthcare.co.uk\/wp-content\/uploads\/2023\/11\/rt3-1024x223.png 1024w, https:\/\/www.vanguardhealthcare.co.uk\/wp-content\/uploads\/2023\/11\/rt3-300x65.png 300w, https:\/\/www.vanguardhealthcare.co.uk\/wp-content\/uploads\/2023\/11\/rt3-768x168.png 768w, https:\/\/www.vanguardhealthcare.co.uk\/wp-content\/uploads\/2023\/11\/rt3-1536x335.png 1536w, https:\/\/www.vanguardhealthcare.co.uk\/wp-content\/uploads\/2023\/11\/rt3-2048x447.png 2048w, https:\/\/www.vanguardhealthcare.co.uk\/wp-content\/uploads\/2023\/11\/rt3-18x4.png 18w, https:\/\/www.vanguardhealthcare.co.uk\/wp-content\/uploads\/2023\/11\/rt3.png 2117w\" sizes=\"auto, (max-width: 1024px) 100vw, 1024px\" \/><\/figure>\n<\/div>\n<p>Chris:<\/p>\n<p>Amit nagyon \u00e9rdekesnek tal\u00e1ltam, az az volt, hogy az Vanguard sz\u00ednh\u00e1zat kiss\u00e9 t\u00e1volabb helyezte el a norm\u00e1l seb\u00e9szeti blokkt\u00f3l, hogy odaadja azt a dedik\u00e1lt csapatot, dedik\u00e1lt er\u0151forr\u00e1st, majd egyenesen a v\u00e1laszthat\u00f3 \u00e1gyakba. Tudsz err\u0151l besz\u00e9lni nek\u00fcnk?<\/p>\n<p>Harkamal:<\/p>\n<p>K\u00f6zvetlen\u00fcl a v\u00e1laszthat\u00f3 ortop\u00e9diai oszt\u00e1lyhoz \u00e9p\u00edtett\u00fcnk egy folyos\u00f3t, \u00e9s ez val\u00f3ban jav\u00edtja a beteg utaz\u00e1s\u00e1t. A betegek elk\u00e9pzelhetik, hogy merre tartanak, \u00e9s ez az utaz\u00e1s sokkal egyszer\u0171bb. Minden olyan mikronyeres\u00e9g, amelyet b\u00e1rmilyen sz\u00ednh\u00e1zi p\u00e1ly\u00e1n el\u00e9rhet, val\u00f3ban n\u00f6veli a termel\u00e9kenys\u00e9get \u00e9s az \u00e1ltal\u00e1nos hat\u00e9konys\u00e1got, ez\u00e9rt fontos. Megvan a lehet\u0151s\u00e9g\u00fcnk, \u00fagyhogy ak\u00e1r \u00e9lhet\u00fcnk vele, \u00e9s ez\u00e9rt d\u00f6nt\u00f6tt\u00fcnk \u00fagy, hogy ezt odatessz\u00fck. \u00c9s eddig egyetlen \u00edz\u00fcletet sem vesz\u00edtett\u00fcnk el. Nem l\u00e9p\u00fcnk t\u00fal, \u00edgy a szem\u00e9lyzet tapasztalata sokkal jobb. Id\u0151ben kezd\u00fcnk. Ez nyilv\u00e1nval\u00f3an jobb a szem\u00e9lyzet \u00e9s a betegek sz\u00e1m\u00e1ra. Teh\u00e1t \u00e9rdemes megpr\u00f3b\u00e1lni annyit tenni a p\u00e1ciens k\u00f6zel\u00e9ben, amennyit csak tud.<\/p>\n<p>Chris:<\/p>\n<p>Szeretem azt a filoz\u00f3fi\u00e1t, hogy ne t\u00f6r\u00f6ljem le a v\u00e1laszthat\u00f3 betegeket vagy a v\u00e1laszthat\u00f3 list\u00e1t. \u00c9s azt hiszem, ez \u00fagy hangzik, mintha egy k\u00fcl\u00f6n m\u0171t\u00e9tet kellene v\u00e9gezni a v\u00e1laszthat\u00f3 list\u00e1n, m\u00e9g ha jelent\u0151s sz\u00e1m\u00fa A&amp;E vagy traum\u00e1s beteg \u00e9rkezik is, akkor is megvan ez a lehet\u0151s\u00e9g.<\/p>\n<p>Harkamal:<\/p>\n<p>Abszol\u00fat, \u00e9s ez f\u00fcggetlen\u00fcl att\u00f3l, hogy melyik sz\u00ednh\u00e1zban van. Teh\u00e1t a s\u00fcrg\u0151ss\u00e9gi betegeket nem helyezn\u00e9nk be a v\u00e1laszthat\u00f3 \u00e1gykapacit\u00e1sba. Az egyetlen ok, ami\u00e9rt le kell mondanunk, az az, ha a p\u00e1ciens nem alkalmas, vagy ha, tudod, v\u00e1ratlan dolog t\u00f6rt\u00e9nik a felszerel\u00e9ssel vagy valamivel. De \u00e1ltal\u00e1ban soha nem mondjuk le a v\u00e1laszthat\u00f3 t\u00e1rgyakat, m\u00e9g t\u00e9len sem. Egyszer\u0171en nem tenn\u00e9nk, \u00e9s ez\u00e9rt van \u00e9rtelme az Vanguard-t k\u00f6zelebb helyezni a k\u00f3rteremhez, mert tudjuk, hogy \u00fagysem fogjuk m\u00e1sra haszn\u00e1lni.<\/p>\n<p>Chris:<\/p>\n<p>Tim-mel (Tim Robertson, a Warwick K\u00f3rh\u00e1z ortop\u00e9d seb\u00e9sz szaktan\u00e1csad\u00f3ja) besz\u00e9lgetve kor\u00e1bban azt mondta nek\u00fcnk, hogy az \u00edz\u00fcleti csere egyre gyakoribbnak t\u0171nik, \u00e9s ennek k\u00f6vetkezt\u00e9ben az \u00d6n tart\u00f3zkod\u00e1si ideje cs\u00f6kken. Ez hat\u00e1ssal van az \u00e1gyak felszabad\u00edt\u00e1s\u00e1ra, vagy csak \u00f6sszess\u00e9g\u00e9ben jobb a betegek sz\u00e1m\u00e1ra?<\/p>\n<p>Harkamal:<\/p>\n<p>Mindkett\u0151b\u0151l egy kicsit. Nyilv\u00e1nval\u00f3an jobb a betegek sz\u00e1m\u00e1ra. Amint megm\u0171t\u00f6tt\u00e9k, haza akar menni, \u00e9s megkezdje a rehabilit\u00e1ci\u00f3s \u00fatj\u00e1t. Megvizsg\u00e1ljuk, mit tehet\u00fcnk m\u00e9g az esetleges tov\u00e1bbi esetek tekintet\u00e9ben, \u00e9s ez m\u00e1r kezd felfutni, mert tudjuk, hogy megteremthetj\u00fck az \u00e1gykapacit\u00e1st, hogy t\u00f6bb beteget hozhassunk be, ahol \u00e9s amikor sz\u00fcks\u00e9ges. Arr\u00f3l van sz\u00f3, hogy optimaliz\u00e1ljuk a m\u0171t\u00e9t el\u0151tti szakaszt, majd a rehabilit\u00e1ci\u00f3t, \u00e9s ennek nagyon fontos r\u00e9sze a betegek hazajuttat\u00e1sa.<\/p>\n<hr class=\"wp-block-separator has-text-color has-cyan-bluish-gray-color has-alpha-channel-opacity has-cyan-bluish-gray-background-color has-background\" style=\"margin-top:var(--wp--preset--spacing--30);margin-bottom:var(--wp--preset--spacing--30)\" \/>\n<div class=\"wp-block-image\">\n<figure class=\"aligncenter size-large\"><img loading=\"lazy\" decoding=\"async\" width=\"1024\" height=\"247\" src=\"https:\/\/www.vanguardhealthcare.co.uk\/wp-content\/uploads\/2023\/11\/rt4-1024x247.png\" alt=\"\" class=\"wp-image-7069\" srcset=\"https:\/\/www.vanguardhealthcare.co.uk\/wp-content\/uploads\/2023\/11\/rt4-1024x247.png 1024w, https:\/\/www.vanguardhealthcare.co.uk\/wp-content\/uploads\/2023\/11\/rt4-300x72.png 300w, https:\/\/www.vanguardhealthcare.co.uk\/wp-content\/uploads\/2023\/11\/rt4-768x185.png 768w, https:\/\/www.vanguardhealthcare.co.uk\/wp-content\/uploads\/2023\/11\/rt4-1536x371.png 1536w, https:\/\/www.vanguardhealthcare.co.uk\/wp-content\/uploads\/2023\/11\/rt4-2048x494.png 2048w, https:\/\/www.vanguardhealthcare.co.uk\/wp-content\/uploads\/2023\/11\/rt4-18x4.png 18w, https:\/\/www.vanguardhealthcare.co.uk\/wp-content\/uploads\/2023\/11\/rt4.png 2197w\" sizes=\"auto, (max-width: 1024px) 100vw, 1024px\" \/><\/figure>\n<\/div>\n<p>Chris:<\/p>\n<p>Hogyan tal\u00e1lja meg, ha van egy elk\u00f6telezett Vanguard csapat \u00e9s egy elk\u00f6telezett tan\u00e1csad\u00f3 csapat is? Ez j\u00f3l m\u0171k\u00f6dik?<\/p>\n<p>Harkamal:<\/p>\n<p>Massz\u00edvan, igen. Azt hiszem, nagyon szerencs\u00e9sek vagyunk. Az Vanguard-vel \u00e9rkezett szem\u00e9lyzet nagy r\u00e9sze kor\u00e1bban itt dolgozott. Teh\u00e1t sok arcra eml\u00e9keznek. \u00c9rtik, hogyan dolgozunk itt. Sz\u00f3val, ez a fegyelem az \u00fctemez\u00e9s\u00fcnk \u00e9s az id\u0151ben t\u00f6rt\u00e9n\u0151 kezd\u00e9s k\u00f6r\u00fcl, nem kellett senkit bevonnunk a fed\u00e9lzetre, \u00e9s ez teljesen z\u00f6kken\u0151mentes volt.<\/p>\n<p>Az Vanguard csapata zseni\u00e1lis volt. Nagyon j\u00f3l integr\u00e1l\u00f3dtak, \u00e9s mivel mindenki ismeri egym\u00e1st, \u00e9s az a k\u00f6rnyezet, ahol mindenki oly gyakran l\u00e1tja egym\u00e1st, gondoskodott arr\u00f3l, hogy az integr\u00e1ci\u00f3 z\u00f6kken\u0151mentes \u00e9s gyors legyen. Sz\u00f3val n\u00e9h\u00e1ny napon bel\u00fcl t\u00e9nyleg a megszokott \u00fczletmenet v\u00e1lt.<\/p>\n<hr class=\"wp-block-separator has-text-color has-cyan-bluish-gray-color has-alpha-channel-opacity has-cyan-bluish-gray-background-color has-background\" style=\"margin-top:var(--wp--preset--spacing--30);margin-bottom:var(--wp--preset--spacing--30)\" \/>\n<div class=\"wp-block-image\">\n<figure class=\"aligncenter size-large\"><img loading=\"lazy\" decoding=\"async\" width=\"1024\" height=\"307\" src=\"https:\/\/www.vanguardhealthcare.co.uk\/wp-content\/uploads\/2023\/11\/rt5-1024x307.png\" alt=\"\" class=\"wp-image-7070\" srcset=\"https:\/\/www.vanguardhealthcare.co.uk\/wp-content\/uploads\/2023\/11\/rt5-1024x307.png 1024w, https:\/\/www.vanguardhealthcare.co.uk\/wp-content\/uploads\/2023\/11\/rt5-300x90.png 300w, https:\/\/www.vanguardhealthcare.co.uk\/wp-content\/uploads\/2023\/11\/rt5-768x230.png 768w, https:\/\/www.vanguardhealthcare.co.uk\/wp-content\/uploads\/2023\/11\/rt5-1536x460.png 1536w, https:\/\/www.vanguardhealthcare.co.uk\/wp-content\/uploads\/2023\/11\/rt5-2048x613.png 2048w, https:\/\/www.vanguardhealthcare.co.uk\/wp-content\/uploads\/2023\/11\/rt5-18x5.png 18w, https:\/\/www.vanguardhealthcare.co.uk\/wp-content\/uploads\/2023\/11\/rt5.png 2217w\" sizes=\"auto, (max-width: 1024px) 100vw, 1024px\" \/><\/figure>\n<\/div>\n<p>Chris:<\/p>\n<p>Glenn, \u00fagy tudom, hogy m\u00e1s k\u00f3rh\u00e1zaknak is t\u00e1mogat\u00e1st ny\u00fajt. Hogyan m\u0171k\u00f6dik ez? Mert ez bizonyos m\u00e9rt\u00e9k\u0171 komplik\u00e1ci\u00f3t jelent, gondoltam volna a beteglist\u00e1k kezel\u00e9s\u00e9t \u00e9s\u2026<\/p>\n<p>Szurdok:<\/p>\n<p>Igen, igen, de nagyon kifizet\u0151d\u0151 volt. Val\u00f3j\u00e1ban bel\u00fcl kezdt\u00fck <a href=\"https:\/\/nhsproviders.org\/providers-deliver-collaborating-for-better-care\/the-foundation-group\">Az alap\u00edtv\u00e1nyi csoport<\/a>, a Wye Valley-vel, Herefordban, ami j\u00f3 m\u00e1sf\u00e9l \u00f3r\u00e1nyira van. Eredetileg azon t\u00f6prengt\u00fcnk, hogy a betegek elfogadn\u00e1k-e ezt az aj\u00e1nlatot, de az \u00fatvonal fel\u00e9p\u00edt\u00e9s\u00e9nek m\u00f3dja, valamint a csapataink \u00e1ltal Herefordshire-be t\u00f6rt\u00e9n\u0151 nyomon k\u00f6vet\u00e9s miatt nagyon j\u00f3l fogadt\u00e1k.<\/p>\n<p>Nagyszer\u0171 volt a csapatnak a Wye Valley csapat\u00e1val dolgozni. Amellett, hogy a v\u00e1rakoz\u00e1si id\u0151k r\u00f6videbb\u00e9 t\u00e9tel\u00e9t biztos\u00edtott\u00e1k, megosztott\u00e1k egym\u00e1ssal a tanultak egy r\u00e9sz\u00e9t, \u00e9s ennek k\u00f6vetkezt\u00e9ben mindk\u00e9t szolg\u00e1ltat\u00e1st jav\u00edtott\u00e1k.<\/p>\n<p>Chris:<\/p>\n<p>Kiv\u00e1l\u00f3. \u00c9s engem ez a p\u00e9nz\u00fcgyi eset \u00e9rdekel, mert nyilv\u00e1nval\u00f3an az Vanguard-nek k\u00f6lts\u00e9ge van, mert plusz szem\u00e9lyzettel \u00e9s kapacit\u00e1ssal rendelkezik. Azt hiszem, \u00e1prilist\u00f3l megv\u00e1ltozott a tev\u00e9kenys\u00e9galap\u00fa finansz\u00edroz\u00e1s az NHS-en bel\u00fcl. Ez seg\u00edtett? \u00c9s az a t\u00e9ny, hogy sz\u00e9lesebb vonz\u00e1sk\u00f6rzetb\u0151l h\u00faz, az is t\u00e1mogatja a t\u00f6bbletk\u00f6lts\u00e9get?<\/p>\n<p>Szurdok:<\/p>\n<p>Igen. A Payment By Results megt\u00e9r\u00fcl\u00e9se fontos eleme volt az ezzel kapcsolatos gondolkod\u00e1sunknak, csak\u00fagy, mint annak biztos\u00edt\u00e1sa, hogy j\u00f3 termel\u00e9kenys\u00e9gi szintet kapjunk a sz\u00ednh\u00e1zt\u00f3l. A PBR-hez val\u00f3 visszat\u00e9r\u00e9st szorgalmaztam, mert \u00fagy gondolom, hogy ez egy nagyszer\u0171 m\u00f3dszer a klinikusok motiv\u00e1l\u00e1s\u00e1ra, \u00e9s \u00fagy gondolom, hogy am\u00edg be tudja \u00e9p\u00edteni azt a k\u00e9pess\u00e9get, hogy befektessen a szolg\u00e1ltat\u00e1saikba, addig \u0151k nagyon hajland\u00f3k erre.<\/p>\n<p>Chris:<\/p>\n<p>Ez az a mentalit\u00e1s, nem igaz, hogy jelent\u0151s kih\u00edv\u00e1s \u00e1ll el\u0151tted, majd jutalmat kapsz a kih\u00edv\u00e1s megold\u00e1s\u00e1\u00e9rt? Ez el\u00e9g nagy \u00f6szt\u00f6nz\u00e9s \u00d6nnek, mint bizalminak, de, ahogy mondod, a tan\u00e1csad\u00f3knak is.<\/p>\n<p>Szurdok:<\/p>\n<p>Igen, az itteni ortop\u00e9diai blokk n\u00e9h\u00e1ny \u00e9ve \u00e9p\u00fclt a r\u00e9gi PBR modell alapj\u00e1n. Nagyon eredm\u00e9nyesek voltak. Magas szint\u0171 munkaterhel\u00e9ssel \u00e1ll\u00edtottuk \u0151ket kih\u00edv\u00e1s el\u00e9, ezt teljes\u00edtett\u00e9k is, mi pedig be tudtunk fektetni a szolg\u00e1ltat\u00e1sba, \u00e9s ez egy j\u00f3 filoz\u00f3fia.<\/p>\n<hr class=\"wp-block-separator has-text-color has-cyan-bluish-gray-color has-alpha-channel-opacity has-cyan-bluish-gray-background-color has-background\" style=\"margin-top:var(--wp--preset--spacing--30);margin-bottom:var(--wp--preset--spacing--30)\" \/>\n<div class=\"wp-block-image\">\n<figure class=\"aligncenter size-large\"><img loading=\"lazy\" decoding=\"async\" width=\"1024\" height=\"306\" src=\"https:\/\/www.vanguardhealthcare.co.uk\/wp-content\/uploads\/2023\/11\/rt6-1024x306.png\" alt=\"\" class=\"wp-image-7071\" srcset=\"https:\/\/www.vanguardhealthcare.co.uk\/wp-content\/uploads\/2023\/11\/rt6-1024x306.png 1024w, https:\/\/www.vanguardhealthcare.co.uk\/wp-content\/uploads\/2023\/11\/rt6-300x90.png 300w, https:\/\/www.vanguardhealthcare.co.uk\/wp-content\/uploads\/2023\/11\/rt6-768x230.png 768w, https:\/\/www.vanguardhealthcare.co.uk\/wp-content\/uploads\/2023\/11\/rt6-1536x459.png 1536w, https:\/\/www.vanguardhealthcare.co.uk\/wp-content\/uploads\/2023\/11\/rt6-2048x612.png 2048w, https:\/\/www.vanguardhealthcare.co.uk\/wp-content\/uploads\/2023\/11\/rt6-18x5.png 18w, https:\/\/www.vanguardhealthcare.co.uk\/wp-content\/uploads\/2023\/11\/rt6.png 2217w\" sizes=\"auto, (max-width: 1024px) 100vw, 1024px\" \/><\/figure>\n<\/div>\n<p>Chris:<\/p>\n<p>\u00d6n egy\u00e9rtelm\u0171en egy olyan tr\u00f6szt, amely befektet a k\u00e9pz\u00e9sbe \u00e9s a j\u00f6v\u0151beli klinikusok k\u00e9pz\u00e9s\u00e9be. Azt hiszem, neked is megvan az Acorn House k\u00f6r\u00fclbel\u00fcl egy \u00e9ve. Teh\u00e1t tudja-e haszn\u00e1lni az Vanguard l\u00e9tes\u00edtm\u00e9nyt a klinikusok k\u00f6vetkez\u0151 gener\u00e1ci\u00f3j\u00e1nak k\u00e9pz\u00e9s\u00e9re, vagy hogyan l\u00e1tja ezt a tov\u00e1bbl\u00e9p\u00e9sben?<\/p>\n<p>Szurdok:<\/p>\n<p>Igen, mind a k\u00e9pz\u00e9sre, mind a kutat\u00e1sra nagyon koncentr\u00e1ltunk. Sok klinikusunk, k\u00f6zt\u00fck az ortop\u00e9d csapatunk, val\u00f3ban r\u00e9szt vesz a szolg\u00e1ltat\u00e1s k\u00f6vetkez\u0151 szintj\u00e9nek ny\u00fajt\u00e1s\u00e1ban \u00e9s a tud\u00e1s megoszt\u00e1s\u00e1ban az NHS-en bel\u00fcl. Teh\u00e1t ez \u00f6nmag\u00e1ban is vonzer\u0151t jelent a j\u00f6v\u0151beli szem\u00e9lyzet toborz\u00e1s\u00e1ban, de egyben a fiatal seb\u00e9szek k\u00e9pz\u00e9s\u00e9ben is, \u00e9s annak biztos\u00edt\u00e1s\u00e1ra, hogy amikor vel\u00fcnk vannak, val\u00f3ban elfoglaltak legyenek, \u00e9s azt csin\u00e1lj\u00e1k, amit a k\u00e9pz\u00e9si programjuk r\u00e9szek\u00e9nt szeretn\u00e9nek. Teh\u00e1t a termel\u00e9kenys\u00e9g dolog is fontos.<\/p>\n<p>Chris:<\/p>\n<p>Nagyon \u00e9rdekes hallgatni t\u00e9ged, mert v\u00e9gs\u0151 soron \u00fagy t\u0171nik, hogy az NHS k\u00e9t jelent\u0151s kih\u00edv\u00e1s el\u0151tt \u00e1ll a sok k\u00f6z\u00fcl. Az egyik a v\u00e1r\u00f3list\u00e1k k\u00f6r\u00fcl a COVID ut\u00e1ni k\u00f6rnyezetben, de azt\u00e1n a klinikusok \u00e9s tan\u00e1csad\u00f3k k\u00f6vetkez\u0151 gener\u00e1ci\u00f3ja is bej\u00f6n. \u00dagy t\u0171nik, hogy az Vanguard sz\u00ednh\u00e1zat haszn\u00e1lja mindk\u00e9t k\u00e9rd\u00e9sben, de nagyon \u00fcgyesen csin\u00e1lja.<\/p>\n<p>Szurdok:<\/p>\n<p>Igen. Egy \u00e9ve szerezt\u00fck meg az egyetemi st\u00e1tuszt, ami mind az orvosok k\u00e9pz\u00e9si tapasztalataira \u00e9p\u00fclt, mind a Warwick Medical School-al dolgozunk t\u00falnyom\u00f3r\u00e9szt, de m\u00e1s szakter\u00fcletek k\u00e9pz\u00e9s\u00e9vel is foglalkozunk. Val\u00f3j\u00e1ban teh\u00e1t az ortop\u00e9d csapat egyik m\u00e1sik szempontja az volt, ahogyan ter\u00e1pi\u00e1s csapatunkat fejlesztett\u00fck. A South Warwickshire Accelerated Transfer Team-en bel\u00fcl ezeket a szerepk\u00f6r\u00f6ket kiterjesztett\u00e9k. A csapat tagjak\u00e9nt halad\u00f3 klinikai szakemberek is vannak. Teh\u00e1t az az elm\u00e9let\u00fcnk, hogy biztos\u00edtjuk, hogy a szem\u00e9lyzet minden tagja el\u00e9rje potenci\u00e1lj\u00e1t, a jogos\u00edtv\u00e1nya cs\u00facs\u00e1n dolgozhasson, \u00e9s fejleszthesse k\u00e9szs\u00e9geit, ez\u00e9rt fejlesztett\u00fck ki a k\u00e9pz\u00e9si k\u00f6zpontot, \u00e9s ez\u00e9rt pr\u00f3b\u00e1ltunk egy kis m\u00e1gnes a toborz\u00e1shoz.<\/p>\n<hr class=\"wp-block-separator has-text-color has-cyan-bluish-gray-color has-alpha-channel-opacity has-cyan-bluish-gray-background-color has-background\" style=\"margin-top:var(--wp--preset--spacing--30);margin-bottom:var(--wp--preset--spacing--30)\" \/>\n<div class=\"wp-block-image\">\n<figure class=\"aligncenter size-large\"><img loading=\"lazy\" decoding=\"async\" width=\"1024\" height=\"212\" src=\"https:\/\/www.vanguardhealthcare.co.uk\/wp-content\/uploads\/2023\/11\/rt7-1024x212.png\" alt=\"\" class=\"wp-image-7072\" srcset=\"https:\/\/www.vanguardhealthcare.co.uk\/wp-content\/uploads\/2023\/11\/rt7-1024x212.png 1024w, https:\/\/www.vanguardhealthcare.co.uk\/wp-content\/uploads\/2023\/11\/rt7-300x62.png 300w, https:\/\/www.vanguardhealthcare.co.uk\/wp-content\/uploads\/2023\/11\/rt7-768x159.png 768w, https:\/\/www.vanguardhealthcare.co.uk\/wp-content\/uploads\/2023\/11\/rt7-1536x318.png 1536w, https:\/\/www.vanguardhealthcare.co.uk\/wp-content\/uploads\/2023\/11\/rt7-2048x424.png 2048w, https:\/\/www.vanguardhealthcare.co.uk\/wp-content\/uploads\/2023\/11\/rt7-18x4.png 18w, https:\/\/www.vanguardhealthcare.co.uk\/wp-content\/uploads\/2023\/11\/rt7.png 2233w\" sizes=\"auto, (max-width: 1024px) 100vw, 1024px\" \/><\/figure>\n<\/div>\n<p>Chris:<\/p>\n<p>Feltehetek egy k\u00e9rd\u00e9st a betegkezel\u00e9ssel \u00e9s a beteg\u00e1raml\u00e1ssal kapcsolatban? K\u00fcl\u00f6nb\u00f6z\u0151 tr\u00f6szt\u00f6kb\u0151l val\u00f3 leh\u00edv\u00e1s, valamint a PTL-ek (Patient Tracking List) kezel\u00e9se a leghat\u00e9konyabb \u00e1tviteli sebess\u00e9ggel\u2026 Hogyan kezeli ezt?<\/p>\n<p>Harkamal:<\/p>\n<p>Ez n\u00f6veli a bonyolults\u00e1got, csak annyiban, hogy a betegek k\u00fcl\u00f6n r\u00e9szhalmaz\u00e1t kell kezelni, de a betegek nyomon k\u00f6vet\u00e9se \u00f6r\u00f6kk\u00e9 zajlik, teh\u00e1t mindaddig, am\u00edg betartja ugyanazokat a szab\u00e1lyokat, amelyeket megszokott, \u00e9s mi csak haszn\u00e1ljuk a PTL-einket ugyan\u00fagy, mint mindig, ez a l\u00e9nyeg. Nagyon szenved\u00e9lyes vagyok, hogy ne tal\u00e1ljam fel \u00fajra a kereket, ez\u00e9rt csal\u00f3dott vagyok, amikor az emberek k\u00fcl\u00f6nb\u00f6z\u0151 list\u00e1kat javasolnak ugyanarra a dologra.<\/p>\n<p>J\u00f3k vagyunk itt, tudod, p\u00e9ld\u00e1ul a trauma- \u00e9s ortop\u00e9diai foglal\u00e1si csapatunk kiv\u00e1l\u00f3. V\u00e9gig \u00e9rv\u00e9nyes\u00edtettek. Pontosan tudjuk, mi t\u00f6rt\u00e9nik p\u00e1cienseinkkel. Tudjuk, mikor \u00e1llnak k\u00e9szen arra, hogy itt legyenek. Tudjuk, ha van valami, amit meg kell oldanunk, \u00e9s ez nagyon fontos, \u00e9s kulcsfontoss\u00e1g\u00fa volt a list\u00e1k maximaliz\u00e1l\u00e1s\u00e1ban.<\/p>\n<p>Az elm\u00falt n\u00e9h\u00e1ny h\u00e9tben voltak olyan betegek, akik nem voltak t\u00fal j\u00f3l, de van egy eg\u00e9sz csoportunk, akik k\u00e9szen \u00e1llnak arra, hogy r\u00f6vid id\u0151n bel\u00fcl bej\u00f6jjenek. Reggel felh\u00edvjuk \u0151ket, majd bej\u00f6nnek. Teh\u00e1t egyetlen m\u0171t\u00e9ti lehet\u0151s\u00e9get sem vesz\u00edtett\u00fcnk el, mi\u00f3ta az Vanguard be van kapcsolva, \u00e9s ugyanazt a megk\u00f6zel\u00edt\u00e9st alkalmaztuk a betegek sz\u00e1m\u00e1ra, akiknek k\u00f6lcs\u00f6n\u00f6s seg\u00edts\u00e9get ny\u00fajtunk. Hozz\u00e1adjuk \u0151ket a list\u00e1nkhoz, \u00e9s pontosan ugyan\u00fagy kezelj\u00fck \u0151ket, mint \u00e1ltal\u00e1ban.<\/p>\n<p>Chris:<\/p>\n<p>\u00dagy hallom, \u00d6n is nagyon j\u00f3l kezeli ezt az el\u0151zetes felv\u00e9teli feladatot, \u00fcgyelve arra, hogy maguk a betegek a megfelel\u0151 betegek legyenek az Vanguard oszt\u00e1lyon val\u00f3 \u00e1tes\u00e9shez, a megfelel\u0151 tart\u00f3zkod\u00e1si id\u0151 el\u00e9r\u00e9s\u00e9hez, lefel\u00e9 tart\u00e1s\u00e1hoz, \u00e9s ne legyenek potenci\u00e1lis ut\u00f3kezel\u00e9seik. m\u0171t\u00e9ti sz\u00f6v\u0151dm\u00e9nyek.<\/p>\n<p>Harkamal:<\/p>\n<p>Teljesen. Az, hogy a megfelel\u0151 beteg a megfelel\u0151 helyen legyen, kulcsfontoss\u00e1g\u00fa a termel\u00e9kenys\u00e9g, a j\u00f3 betegkimenetel \u00e9s a j\u00f3 beteg\u00e9lm\u00e9ny biztos\u00edt\u00e1s\u00e1hoz. \u00c9s az Vanguard nem k\u00fcl\u00f6nb\u00f6zik ett\u0151l. Teh\u00e1t ugyanezt a filoz\u00f3fi\u00e1t k\u00f6vett\u00fck az Vanguard eset\u00e9ben.<\/p>\n<hr class=\"wp-block-separator has-text-color has-cyan-bluish-gray-color has-alpha-channel-opacity has-cyan-bluish-gray-background-color has-background\" style=\"margin-top:var(--wp--preset--spacing--30);margin-bottom:var(--wp--preset--spacing--30)\" \/>\n<div class=\"wp-block-image\">\n<figure class=\"aligncenter size-large\"><img loading=\"lazy\" decoding=\"async\" width=\"1024\" height=\"243\" src=\"https:\/\/www.vanguardhealthcare.co.uk\/wp-content\/uploads\/2023\/11\/rt8-1024x243.png\" alt=\"\" class=\"wp-image-7073\" srcset=\"https:\/\/www.vanguardhealthcare.co.uk\/wp-content\/uploads\/2023\/11\/rt8-1024x243.png 1024w, https:\/\/www.vanguardhealthcare.co.uk\/wp-content\/uploads\/2023\/11\/rt8-300x71.png 300w, https:\/\/www.vanguardhealthcare.co.uk\/wp-content\/uploads\/2023\/11\/rt8-768x182.png 768w, https:\/\/www.vanguardhealthcare.co.uk\/wp-content\/uploads\/2023\/11\/rt8-1536x364.png 1536w, https:\/\/www.vanguardhealthcare.co.uk\/wp-content\/uploads\/2023\/11\/rt8-2048x485.png 2048w, https:\/\/www.vanguardhealthcare.co.uk\/wp-content\/uploads\/2023\/11\/rt8-18x4.png 18w, https:\/\/www.vanguardhealthcare.co.uk\/wp-content\/uploads\/2023\/11\/rt8.png 2232w\" sizes=\"auto, (max-width: 1024px) 100vw, 1024px\" \/><\/figure>\n<\/div>\n<p>Chris:<\/p>\n<p>\u00c9ppen most v\u00e9gezt\u00fcnk egy kis munk\u00e1t annak \u00e9rdek\u00e9ben, hogy sz\u00e1mszer\u0171s\u00edts\u00fck annak t\u00e1rsadalmi hat\u00e1s\u00e1t \u00e9s t\u00e1rsadalmi haszn\u00e1t, ha valakinek k\u00f6z\u00f6s p\u00f3tl\u00e1sa van, \u00e9s hamarabb megt\u00f6rt\u00e9nik. Nyilv\u00e1nval\u00f3, hogy anyagi haszna van a PBR-en alapul\u00f3 tr\u00f6sztb\u0151l, amely alapj\u00e1n tudja, mennyit \u00e9r a k\u00f6t\u00e9s, \u00e9s \u00edgy tudja, hogy 81 k\u00f6t\u00e9s eset\u00e9n\u2026<\/p>\n<p>De azut\u00e1n elkezdheti sz\u00e1mszer\u0171s\u00edteni a beteg sz\u00e1m\u00e1ra hozz\u00e1adott \u201e\u00e9letmin\u0151s\u00e9gi \u00e9vek\u201d seg\u00edts\u00e9g\u00e9vel, hogy ez mit \u00e9r a sz\u00e1m\u00e1ra. Valamint a t\u00e1rsadalom eg\u00e9sz\u00e9re.<\/p>\n<p>Nagyon \u00e9rdekes lenne elj\u00f6nni \u00e9s besz\u00e9lgetni \u00d6nnel err\u0151l, \u00e9s \u00e1tadni ezeket az adatokat. V\u00e9gs\u0151 soron megfordulhat, \u00e9s azt mondhatja: nos, az egys\u00e9g a k\u00f6lts\u00e9gek szempontj\u00e1b\u00f3l \u201eennyi\u201d volt, ez p\u00e9nz\u00fcgyi hozz\u00e1adott \u00e9rt\u00e9k a bizalomhoz, \u00e9s nyilv\u00e1nval\u00f3an \u00fczletileg \u00e9rz\u00e9keny, de ez a hozz\u00e1adott \u00e9rt\u00e9k a beteg sz\u00e1m\u00e1ra.<\/p>\n<p>Szurdok:<\/p>\n<p>Igen, azt hiszem, van kapcsolat a r\u00f6videbb v\u00e1laszthat\u00f3 v\u00e1rakoz\u00e1s \u00e9s a s\u00fcrg\u0151s ell\u00e1t\u00e1s k\u00f6z\u00f6tt is, k\u00fcl\u00f6n\u00f6sen az ortop\u00e9di\u00e1ban. Teh\u00e1t, ha k\u00e9pesek vagyunk kezelni ezeket az egyes betegeket, kev\u00e9sb\u00e9 val\u00f3sz\u00edn\u0171, hogy v\u00e9szhelyzetben ker\u00fclnek be, ami nagyobb p\u00e9nz\u00fcgyi hat\u00e1st jelent az NHS sz\u00e1m\u00e1ra, \u00e9s rossz kimenetel\u0171.<\/p>\n<p>Chris:<\/p>\n<p>Jobb. Nagyon \u00e9rdekes, ha megn\u00e9zz\u00fck a betegell\u00e1t\u00e1st. Nyilv\u00e1n van hasznuk. Hamarabb visszat\u00e9rhetnek dolgozni, de nem felt\u00e9tlen\u00fcl ig\u00e9nyelnek gondoz\u00f3t. El\u0151fordulhat, hogy a partnereik vissza tudnak menni dolgozni, de nem mennek vissza az A&amp;E-be, vagy nem mennek vissza a h\u00e1ziorvoshoz. Teh\u00e1t hosszabb t\u00e1v\u00fa k\u00f6lts\u00e9gmegtakar\u00edt\u00e1s \u00e9rhet\u0151 el.<\/p>\n<p>Szurdok:<\/p>\n<p>Csak az\u00e9rt, hogy mobiliz\u00e1lni tudjanak, hogy akt\u00edv, f\u00fcggetlen \u00e9letet tudjanak \u00e9lni. Ahogy mondod, az NHS-re nehezed\u0151 folyamatos teher, ha nem, val\u00f3ban jelent\u0151s.<\/p>\n<p>Harkamal:<\/p>\n<p>Ezt az \u201eeg\u00e9szs\u00e9g\u00fcgyi egyenl\u0151tlens\u00e9gek szem\u00fcveg\u00e9n\u201d kereszt\u00fcl vizsg\u00e1ltuk. Teh\u00e1t Warwickshire-en bel\u00fcl azt hiszem, ez 16,9 \u00e9v a n\u0151kn\u00e9l \u00e9s 19 \u00e9v a f\u00e9rfiakn\u00e1l az \u00e1tlagos \u00e9let\u00e9vek sz\u00e1m\u00e1t tekintve, am\u00edg az emberek rossz eg\u00e9szs\u00e9gi \u00e1llapotban \u00e9lnek, \u00e9s sok minden ahhoz kapcsol\u00f3dik, hogy olyan sok\u00e1ig kell v\u00e1rni, hogy eg\u00e9szs\u00e9g\u00fcgyi ell\u00e1t\u00e1shoz jussanak. . Teh\u00e1t, ha kor\u00e1bban hozz\u00e1f\u00e9r, kevesebb \u00e9vet fog rosszul eg\u00e9szs\u00e9gben \u00e9lni, ami \u00e1ltal\u00e1nos k\u00f6lts\u00e9gcs\u00f6kken\u00e9st jelent az NHS gazdas\u00e1g\u00e1ban. Ez nagyon fontos.<\/p>\n<p>Chris:<\/p>\n<p>Szerintem nagyon \u00e9rdekes. \u00c1ltal\u00e1ban, amikor az Vanguard sz\u00ednh\u00e1z sikert\u00e9nyez\u0151ir\u0151l besz\u00e9l\u00fcnk, az emberek gyakran t\u00f6bbet besz\u00e9lnek a dolgok p\u00e9nz\u00fcgyi oldal\u00e1r\u00f3l. Azt gondolom, hogy fenn\u00e1ll annak a vesz\u00e9lye, hogy figyelmen k\u00edv\u00fcl hagyjuk a betegell\u00e1t\u00e1st \u00e9s azt az \u00e9rt\u00e9ket, amit ebb\u0151l kihoznak, \u00e9s visszaadhatj\u00e1k a t\u00e1rsadalomnak is. Sz\u00f3val nagyon j\u00f3 hallani a v\u00e9lem\u00e9ny\u00e9t arr\u00f3l, hogyan n\u00e9zhet ki ez egy beteg sz\u00e1m\u00e1ra.<\/p>\n<p>Harkamal:<\/p>\n<p>A mi szempontunkb\u00f3l nyilv\u00e1nval\u00f3, hogy a betegek hamarabb megjelennek, ez nagy \u00e9lm\u00e9ny sz\u00e1mukra. Nem akarjuk, hogy a betegek t\u00fal sok\u00e1ig v\u00e1rjanak a kezel\u00e9sre. De ha az eg\u00e9szs\u00e9g\u00fcgyi egyenl\u0151tlens\u00e9gek szem\u00fcveg\u00e9n kereszt\u00fcl n\u00e9zz\u00fck a dolgokat, akkor azt hiszem, hogy ez a besz\u00e9lget\u00e9s val\u00f3ban \u00e9letre kel. Teh\u00e1t tudjuk, hogy a betegek 16 \u00e9s 20 \u00e9v k\u00f6z\u00f6tt \u00e9lhetnek rossz eg\u00e9szs\u00e9gi \u00e1llapotban ezen a ter\u00fcleten, \u00e9s ennek val\u00f3s k\u00f6lts\u00e9ge van, \u00e9s val\u00f3s hat\u00e1ssal van helyi gazdas\u00e1gunkra. Teh\u00e1t nagyon fontosnak \u00e9rzi, hogy seg\u00edts\u00fcnk az embereknek hamarabb megoper\u00e1lni, hamarabb mobiliz\u00e1l\u00f3dni, visszat\u00e9rni a munk\u00e1ba, vagy visszat\u00e9rni ahhoz, hogy nincs sz\u00fcks\u00e9g\u00fck annyi t\u00e1mogat\u00e1sra, \u00e9s az, hogy megpr\u00f3b\u00e1ljuk cs\u00f6kkenteni a rosszull\u00e9tben elt\u00f6lt\u00f6tt id\u0151t, mindenk\u00e9ppen hajt\u00f3er\u0151 sz\u00e1munkra, \u00e9s Az egyenl\u0151tlens\u00e9g meg\u00e9rt\u00e9se \u00e9s az, hogy ez az egy\u00e9n sz\u00e1m\u00e1ra mit jelent, nagyon fontosnak \u00e9rzi mag\u00e1t.<\/p>\n<p>Chris:<\/p>\n<p>Nagyon leny\u0171g\u00f6z\u0151, \u00e9s b\u00e1rcsak eml\u00e9kezn\u00e9k a statisztik\u00e1ra, de mindannyian tudjuk, hogy az \u00e1tlagos v\u00e1rhat\u00f3 \u00e9lettartam jelent\u0151sen megn\u0151tt az elm\u00falt 50 \u00e9vben, de az a t\u00f6bbletid\u0151, amelyet valaki t\u00e9nylegesen eg\u00e9szs\u00e9ges \u00e9letet t\u00f6lt ebben az id\u0151szakban, l\u00e9nyegesen kevesebb. Azt hiszem, ez k\u00f6r\u00fclbel\u00fcl h\u00e1rom \u00e9v tov\u00e1bbi eg\u00e9szs\u00e9ges \u00e9letben. Teh\u00e1t, ahogy \u00d6n mondta, bizonyos esetekben 19-20 \u00e9v az \u00f6sszes olyan j\u00e1rul\u00e9kos tev\u00e9kenys\u00e9ge, amely csak rossz eg\u00e9szs\u00e9gi \u00e1llapotban \u00e9l. Teh\u00e1t tov\u00e1bb \u00e9lnek, de nem igaz\u00e1n \u00e9lvezik az \u00e9let \u00e9rt\u00e9k\u00e9t vagy haszn\u00e1t.<\/p>\n<p>Harkamal:<\/p>\n<p>Igen, pontosan. \u00c9s ha az eg\u00e9szs\u00e9gi egyenl\u0151tlens\u00e9gekre gondolunk, akkor meglehet\u0151sen k\u00f6nny\u0171 a n\u00e9lk\u00fcl\u00f6z\u00e9sre gondolni, \u00e9s ez nyilv\u00e1nval\u00f3an nagyon fontos, \u00e9s megpr\u00f3b\u00e1ljuk ezt figyelembe venni a modellez\u00e9s\u00fcnk sor\u00e1n, \u00e9s megpr\u00f3b\u00e1ljuk meg\u00e9rteni ezt a demogr\u00e1fiai helyzetet. De az \u00f6reged\u00e9s \u00e9s az id\u0151skor az eg\u00e9szs\u00e9g \u00e9s az eg\u00e9szs\u00e9g ter\u00e9n mutatkoz\u00f3 egyenl\u0151tlens\u00e9gek legnagyobb meghat\u00e1roz\u00f3ja. Nagyon fontos, hogy elgondolkodjunk ezen.<\/p>\n<p>\u00c9s ha megn\u00e9zi a traumaortop\u00e9diai v\u00e1r\u00f3list\u00e1nk bont\u00e1s\u00e1t, tudja, hogy ezek a betegek az id\u0151sebb gener\u00e1ci\u00f3. \u00c9s \u00edgy tudjuk, hogy val\u00f3sz\u00edn\u0171leg eg\u00e9szs\u00e9g\u00fcgyi egyenl\u0151tlens\u00e9gekkel kell szemben\u00e9zni\u00fck. Teh\u00e1t nagyon fontosnak \u00e9rezz\u00fck, hogy megk\u00fczdj\u00fcnk ezzel a csoporttal, \u00e9s mindent megtesz\u00fcnk a v\u00e1rakoz\u00e1si id\u0151k cs\u00f6kkent\u00e9se \u00e9rdek\u00e9ben.<\/p>\n<p>Chris:<\/p>\n<p>Igen, \u00e9s annak a kock\u00e1zata, hogy ha egyszer m\u00e1r esnek, annak nem mindig lesz j\u00f3 v\u00e9ge\u2026<\/p>\n<p>Harkamal:<\/p>\n<p>Pontosan. Nem akarjuk, hogy betegek \u00e9rkezzenek hozz\u00e1nk az A&amp;E-n kereszt\u00fcl. Azt akarjuk, hogy itt legyenek a v\u00e1laszthat\u00f3 v\u00e1r\u00f3list\u00e1n, miut\u00e1n nagyon-nagyon j\u00f3 m\u0171t\u00e9tet kaptak, eg\u00e9szs\u00e9gesek, fittek, hajland\u00f3k \u00e9s k\u00e9pesek a kezel\u00e9sre, megkapj\u00e1k a kezel\u00e9s\u00fcket, majd a lehet\u0151 leggyorsabban hazamennek.<\/p>\n<p>Chris:<\/p>\n<p>El\u0151rel\u00e9p\u00e9s, amikor komplik\u00e1ci\u00f3k l\u00e9phetnek fel. Elk\u00e9peszt\u0151. \u00c9rdekes, mert ortop\u00e9di\u00e1ra haszn\u00e1lja, \u00e9s egy\u00e9rtelm\u0171en a GIRFT (Getting It Right First Time) nagy kezdem\u00e9nyez\u00e9s volt az NHS-ben. Hogyan seg\u00edti ez a GIRFT teljes\u00edtm\u00e9ny\u00e9t?<\/p>\n<p>Szurdok:<\/p>\n<p>A GIRFT a termel\u00e9kenys\u00e9g \u00e9s a klinikai eredm\u00e9nyek val\u00f3di fizet\u0151eszk\u00f6z\u00e9v\u00e9 v\u00e1lt, \u00e9s az \u00e9vek sor\u00e1n az egyes szakter\u00fcleteken dolgoz\u00f3 \u00f6sszes klinikus fel\u00e9p\u00edtette. Teh\u00e1t csapatunk egy ideig meglehet\u0151sen akt\u00edv a GIRFT-en, de ez lehet\u0151v\u00e9 tette sz\u00e1munkra, hogy egy m\u00e1sik szintre emelj\u00fck a termel\u00e9kenys\u00e9get, \u00e9s k\u00e9pesek vagyunk az \u00f6sszes seb\u00e9szt ig\u00e9nybe venni. Eln\u00f6ke vagyok a region\u00e1lis v\u00e1laszthat\u00f3 helyre\u00e1ll\u00edt\u00e1si bizotts\u00e1gnak, \u00e9s Tim Briggs is ott van, aki mindig felteszi az adatokat, \u00e9s mindig j\u00f3 l\u00e1tni, hogy South Warwickshire mikor ker\u00fcl a lista \u00e9l\u00e9re.<\/p>\n<hr class=\"wp-block-separator has-text-color has-cyan-bluish-gray-color has-alpha-channel-opacity has-cyan-bluish-gray-background-color has-background\" style=\"margin-top:var(--wp--preset--spacing--30);margin-bottom:var(--wp--preset--spacing--30)\" \/>\n<div class=\"wp-block-image\">\n<figure class=\"aligncenter size-large\"><img loading=\"lazy\" decoding=\"async\" width=\"1024\" height=\"304\" src=\"https:\/\/www.vanguardhealthcare.co.uk\/wp-content\/uploads\/2023\/11\/rt9-1024x304.png\" alt=\"\" class=\"wp-image-7074\" srcset=\"https:\/\/www.vanguardhealthcare.co.uk\/wp-content\/uploads\/2023\/11\/rt9-1024x304.png 1024w, https:\/\/www.vanguardhealthcare.co.uk\/wp-content\/uploads\/2023\/11\/rt9-300x89.png 300w, https:\/\/www.vanguardhealthcare.co.uk\/wp-content\/uploads\/2023\/11\/rt9-768x228.png 768w, https:\/\/www.vanguardhealthcare.co.uk\/wp-content\/uploads\/2023\/11\/rt9-1536x456.png 1536w, https:\/\/www.vanguardhealthcare.co.uk\/wp-content\/uploads\/2023\/11\/rt9-2048x609.png 2048w, https:\/\/www.vanguardhealthcare.co.uk\/wp-content\/uploads\/2023\/11\/rt9-18x5.png 18w, https:\/\/www.vanguardhealthcare.co.uk\/wp-content\/uploads\/2023\/11\/rt9.png 2231w\" sizes=\"auto, (max-width: 1024px) 100vw, 1024px\" \/><\/figure>\n<\/div>\n<p>Chris:<\/p>\n<p>Glenn, hogy megy?<\/p>\n<p>Szurdok:<\/p>\n<p>Nagyon j\u00f3l megy. Sz\u00f3val nagyszer\u0171 volt a csapatnak, hogy a tervez\u00e9s m\u00f6g\u00e9 \u00e1llhatott. K\u00fcl\u00f6n folyos\u00f3t \u00e9p\u00edtett\u00fcnk, amely hozz\u00e1f\u00e9r\u00e9st biztos\u00edt sz\u00e1mukra az Vanguard sz\u00ednh\u00e1zhoz. Ez tulajdonk\u00e9ppen azt jelenti, hogy a j\u00f6v\u0151ben be tudunk \u00e1ll\u00edtani egy m\u00e1sik sz\u00ednh\u00e1zat, amikor \u00e9s amikor sz\u00fcks\u00e9g\u00fcnk van r\u00e1.<\/p>\n<p>A csapat munkav\u00e9gz\u00e9se a termel\u00e9kenys\u00e9g szempontj\u00e1b\u00f3l is nagyszer\u0171 volt. Meg\u00e1llapodtunk vel\u00fck, hogy n\u00f6velj\u00fck a list\u00e1n szerepl\u0151 betegek sz\u00e1m\u00e1t. Ez a m\u0171t\u00e9t el\u0151tti elem, hogy megbizonyosodjunk arr\u00f3l, hogy a megfelel\u0151 betegek szerepelnek a list\u00e1n, nagyon fontos. A betegek k\u00f6z\u00f6tti v\u00e1lt\u00e1s is fontos. De nagyon szeretik az ell\u00e1t\u00e1st \u00e9s a v\u00e1rakoz\u00e1si id\u0151 cs\u00f6kkent\u00e9s\u00e9t.<\/p>\n<p>Chris:<\/p>\n<p>\u00c9s azt hiszem, mindezek v\u00e9g\u00e9n visszatekintve arra gondol, \u201eel\u00e9rt\u00fck, amit el akartunk \u00e9rni?\u201d Teh\u00e1t mit tartana a siker kulcsfontoss\u00e1g\u00fa m\u00e9rc\u00e9j\u00e9nek?<\/p>\n<p>Szurdok:<\/p>\n<p>Nyilv\u00e1nval\u00f3an az NHS v\u00e1rakoz\u00e1si id\u0151k cs\u00f6kkent\u00e9s\u00e9r\u0151l van sz\u00f3 \u2013 ez orsz\u00e1gos priorit\u00e1s, \u00e9s ezt oly m\u00f3don tessz\u00fck, hogy biztos\u00edtsuk, hogy a k\u00f6r\u00fcl\u00f6tt\u00fcnk hosszabb v\u00e1rakoz\u00e1si id\u0151vel rendelkez\u0151k is hozz\u00e1f\u00e9rjenek ehhez, \u00e9s hogy ez nagyszer\u0171 \u00e9lm\u00e9ny legyen a betegek sz\u00e1m\u00e1ra. De azt is, hogy ez a szervezet sz\u00e1m\u00e1ra is m\u0171k\u00f6dik. Ez n\u00e9mi bev\u00e9telt jelent, ami seg\u00edt a k\u00f6lts\u00e9gn\u00f6veked\u00e9si c\u00e9lunk teljes\u00edt\u00e9s\u00e9ben. Sz\u00f3val ez egy win-win.<\/p>\n<p>Chris:<\/p>\n<p>(Harkamalhoz) Valami hozz\u00e1f\u0171znival\u00f3?<\/p>\n<p>Harkamal:<\/p>\n<p class=\"has-contrast-color has-text-color\">Nem. Azt hiszem, Glen mindent elmondott! Mit kell m\u00e9g mondani? Az emberek nem v\u00e1rnak, \u00e9s j\u00f3l \u00e9rzik magukat, amikor itt vannak.<\/p>","protected":false},"excerpt":{"rendered":"<p>Glen Burley (vez\u00e9rigazgat\u00f3) \u00e9s Harkamal Heran (\u00fczemeltet\u00e9si vez\u00e9rigazgat\u00f3) a South Warwickshire Egyetem NHS FT-j\u00e9t\u0151l besz\u00e9l az Vanguard vez\u00e9rigazgat\u00f3j\u00e1val, Chris Blackwell-Frosttal<\/p>","protected":false},"author":12,"featured_media":7100,"comment_status":"open","ping_status":"open","sticky":false,"template":"","format":"standard","meta":{"_acf_changed":false,"footnotes":""},"categories":[2],"tags":[],"class_list":["post-7064","post","type-post","status-publish","format-standard","has-post-thumbnail","hentry","category-news"],"acf":[],"yoast_head":"<!-- This site is optimized with the Yoast SEO plugin v27.4 - https:\/\/yoast.com\/product\/yoast-seo-wordpress\/ -->\n<title>What are the benefits of a Vanguard mobile theatre, set up as an \u2018Elective hub\u2019? - Vanguard Healthcare Solutions<\/title>\n<meta name=\"robots\" content=\"index, follow, max-snippet:-1, max-image-preview:large, max-video-preview:-1\" \/>\n<link rel=\"canonical\" href=\"https:\/\/www.vanguardhealthcare.co.uk\/hu_hu\/what-are-the-benefits-of-a-vanguard-mobile-theatre-set-up-as-an-elective-hub\/\" \/>\n<meta property=\"og:locale\" content=\"hu_HU\" \/>\n<meta property=\"og:type\" content=\"article\" \/>\n<meta property=\"og:title\" content=\"What are the benefits of a Vanguard mobile theatre, set up as an \u2018Elective hub\u2019? - Vanguard Healthcare Solutions\" \/>\n<meta property=\"og:description\" content=\"Glen Burley (Chief Executive) and Harkamal Heran (Chief Operating Officer) of South Warwickshire University NHS FT, speak with Vanguard CEO, Chris Blackwell-Frost\" \/>\n<meta property=\"og:url\" content=\"https:\/\/www.vanguardhealthcare.co.uk\/hu_hu\/what-are-the-benefits-of-a-vanguard-mobile-theatre-set-up-as-an-elective-hub\/\" \/>\n<meta property=\"og:site_name\" content=\"Vanguard Healthcare Solutions\" \/>\n<meta property=\"article:published_time\" content=\"2023-11-13T11:43:26+00:00\" \/>\n<meta property=\"article:modified_time\" content=\"2024-07-19T16:26:25+00:00\" \/>\n<meta property=\"og:image\" content=\"https:\/\/www.vanguardhealthcare.co.uk\/wp-content\/uploads\/2023\/11\/Untitled-design-8.png\" \/>\n\t<meta property=\"og:image:width\" content=\"1200\" \/>\n\t<meta property=\"og:image:height\" content=\"628\" \/>\n\t<meta property=\"og:image:type\" content=\"image\/png\" \/>\n<meta name=\"author\" content=\"markbirchmore\" \/>\n<meta name=\"twitter:card\" content=\"summary_large_image\" \/>\n<meta name=\"twitter:label1\" content=\"Szerz\u0151:\" \/>\n\t<meta name=\"twitter:data1\" content=\"markbirchmore\" \/>\n\t<meta name=\"twitter:label2\" content=\"Becs\u00fclt olvas\u00e1si id\u0151\" \/>\n\t<meta name=\"twitter:data2\" content=\"18 perc\" \/>\n<script type=\"application\/ld+json\" class=\"yoast-schema-graph\">{\"@context\":\"https:\\\/\\\/schema.org\",\"@graph\":[{\"@type\":\"Article\",\"@id\":\"https:\\\/\\\/www.vanguardhealthcare.co.uk\\\/what-are-the-benefits-of-a-vanguard-mobile-theatre-set-up-as-an-elective-hub\\\/#article\",\"isPartOf\":{\"@id\":\"https:\\\/\\\/www.vanguardhealthcare.co.uk\\\/what-are-the-benefits-of-a-vanguard-mobile-theatre-set-up-as-an-elective-hub\\\/\"},\"author\":{\"name\":\"markbirchmore\",\"@id\":\"https:\\\/\\\/www.vanguardhealthcare.co.uk\\\/#\\\/schema\\\/person\\\/28e5002e5381802059b342a6a7c57fe5\"},\"headline\":\"What are the benefits of a Vanguard mobile theatre, set up as an \u2018Elective hub\u2019?\",\"datePublished\":\"2023-11-13T11:43:26+00:00\",\"dateModified\":\"2024-07-19T16:26:25+00:00\",\"mainEntityOfPage\":{\"@id\":\"https:\\\/\\\/www.vanguardhealthcare.co.uk\\\/what-are-the-benefits-of-a-vanguard-mobile-theatre-set-up-as-an-elective-hub\\\/\"},\"wordCount\":3579,\"commentCount\":0,\"image\":{\"@id\":\"https:\\\/\\\/www.vanguardhealthcare.co.uk\\\/what-are-the-benefits-of-a-vanguard-mobile-theatre-set-up-as-an-elective-hub\\\/#primaryimage\"},\"thumbnailUrl\":\"https:\\\/\\\/www.vanguardhealthcare.co.uk\\\/wp-content\\\/uploads\\\/2023\\\/11\\\/Untitled-design-8.png\",\"articleSection\":[\"News\"],\"inLanguage\":\"hu\",\"potentialAction\":[{\"@type\":\"CommentAction\",\"name\":\"Comment\",\"target\":[\"https:\\\/\\\/www.vanguardhealthcare.co.uk\\\/what-are-the-benefits-of-a-vanguard-mobile-theatre-set-up-as-an-elective-hub\\\/#respond\"]}]},{\"@type\":\"WebPage\",\"@id\":\"https:\\\/\\\/www.vanguardhealthcare.co.uk\\\/what-are-the-benefits-of-a-vanguard-mobile-theatre-set-up-as-an-elective-hub\\\/\",\"url\":\"https:\\\/\\\/www.vanguardhealthcare.co.uk\\\/what-are-the-benefits-of-a-vanguard-mobile-theatre-set-up-as-an-elective-hub\\\/\",\"name\":\"What are the benefits of a Vanguard mobile theatre, set up as an \u2018Elective hub\u2019? - Vanguard Healthcare Solutions\",\"isPartOf\":{\"@id\":\"https:\\\/\\\/www.vanguardhealthcare.co.uk\\\/#website\"},\"primaryImageOfPage\":{\"@id\":\"https:\\\/\\\/www.vanguardhealthcare.co.uk\\\/what-are-the-benefits-of-a-vanguard-mobile-theatre-set-up-as-an-elective-hub\\\/#primaryimage\"},\"image\":{\"@id\":\"https:\\\/\\\/www.vanguardhealthcare.co.uk\\\/what-are-the-benefits-of-a-vanguard-mobile-theatre-set-up-as-an-elective-hub\\\/#primaryimage\"},\"thumbnailUrl\":\"https:\\\/\\\/www.vanguardhealthcare.co.uk\\\/wp-content\\\/uploads\\\/2023\\\/11\\\/Untitled-design-8.png\",\"datePublished\":\"2023-11-13T11:43:26+00:00\",\"dateModified\":\"2024-07-19T16:26:25+00:00\",\"author\":{\"@id\":\"https:\\\/\\\/www.vanguardhealthcare.co.uk\\\/#\\\/schema\\\/person\\\/28e5002e5381802059b342a6a7c57fe5\"},\"breadcrumb\":{\"@id\":\"https:\\\/\\\/www.vanguardhealthcare.co.uk\\\/what-are-the-benefits-of-a-vanguard-mobile-theatre-set-up-as-an-elective-hub\\\/#breadcrumb\"},\"inLanguage\":\"hu\",\"potentialAction\":[{\"@type\":\"ReadAction\",\"target\":[\"https:\\\/\\\/www.vanguardhealthcare.co.uk\\\/what-are-the-benefits-of-a-vanguard-mobile-theatre-set-up-as-an-elective-hub\\\/\"]}]},{\"@type\":\"ImageObject\",\"inLanguage\":\"hu\",\"@id\":\"https:\\\/\\\/www.vanguardhealthcare.co.uk\\\/what-are-the-benefits-of-a-vanguard-mobile-theatre-set-up-as-an-elective-hub\\\/#primaryimage\",\"url\":\"https:\\\/\\\/www.vanguardhealthcare.co.uk\\\/wp-content\\\/uploads\\\/2023\\\/11\\\/Untitled-design-8.png\",\"contentUrl\":\"https:\\\/\\\/www.vanguardhealthcare.co.uk\\\/wp-content\\\/uploads\\\/2023\\\/11\\\/Untitled-design-8.png\",\"width\":1200,\"height\":628},{\"@type\":\"BreadcrumbList\",\"@id\":\"https:\\\/\\\/www.vanguardhealthcare.co.uk\\\/what-are-the-benefits-of-a-vanguard-mobile-theatre-set-up-as-an-elective-hub\\\/#breadcrumb\",\"itemListElement\":[{\"@type\":\"ListItem\",\"position\":1,\"name\":\"Home\",\"item\":\"https:\\\/\\\/www.vanguardhealthcare.co.uk\\\/\"},{\"@type\":\"ListItem\",\"position\":2,\"name\":\"What are the benefits of a Vanguard mobile theatre, set up as an \u2018Elective hub\u2019?\"}]},{\"@type\":\"WebSite\",\"@id\":\"https:\\\/\\\/www.vanguardhealthcare.co.uk\\\/#website\",\"url\":\"https:\\\/\\\/www.vanguardhealthcare.co.uk\\\/\",\"name\":\"Vanguard Healthcare Solutions\",\"description\":\"\",\"potentialAction\":[{\"@type\":\"SearchAction\",\"target\":{\"@type\":\"EntryPoint\",\"urlTemplate\":\"https:\\\/\\\/www.vanguardhealthcare.co.uk\\\/?s={search_term_string}\"},\"query-input\":{\"@type\":\"PropertyValueSpecification\",\"valueRequired\":true,\"valueName\":\"search_term_string\"}}],\"inLanguage\":\"hu\"},{\"@type\":\"Person\",\"@id\":\"https:\\\/\\\/www.vanguardhealthcare.co.uk\\\/#\\\/schema\\\/person\\\/28e5002e5381802059b342a6a7c57fe5\",\"name\":\"markbirchmore\",\"image\":{\"@type\":\"ImageObject\",\"inLanguage\":\"hu\",\"@id\":\"https:\\\/\\\/secure.gravatar.com\\\/avatar\\\/fe7d53278a7b5ca7a899d25b40407d63635e003b79715b22b7e4507d10eecba5?s=96&d=mm&r=g\",\"url\":\"https:\\\/\\\/secure.gravatar.com\\\/avatar\\\/fe7d53278a7b5ca7a899d25b40407d63635e003b79715b22b7e4507d10eecba5?s=96&d=mm&r=g\",\"contentUrl\":\"https:\\\/\\\/secure.gravatar.com\\\/avatar\\\/fe7d53278a7b5ca7a899d25b40407d63635e003b79715b22b7e4507d10eecba5?s=96&d=mm&r=g\",\"caption\":\"markbirchmore\"}}]}<\/script>\n<!-- \/ Yoast SEO plugin. -->","yoast_head_json":{"title":"Milyen el\u0151nyei vannak egy \u201ev\u00e1laszt\u00e1si k\u00f6zpontk\u00e9nt\u201d fel\u00e1ll\u00edtott Vanguard mobil m\u0171t\u0151nek? - Vanguard Eg\u00e9szs\u00e9g\u00fcgyi Megold\u00e1sok","robots":{"index":"index","follow":"follow","max-snippet":"max-snippet:-1","max-image-preview":"max-image-preview:large","max-video-preview":"max-video-preview:-1"},"canonical":"https:\/\/www.vanguardhealthcare.co.uk\/hu_hu\/what-are-the-benefits-of-a-vanguard-mobile-theatre-set-up-as-an-elective-hub\/","og_locale":"hu_HU","og_type":"article","og_title":"What are the benefits of a Vanguard mobile theatre, set up as an \u2018Elective hub\u2019? - Vanguard Healthcare Solutions","og_description":"Glen Burley (Chief Executive) and Harkamal Heran (Chief Operating Officer) of South Warwickshire University NHS FT, speak with Vanguard CEO, Chris Blackwell-Frost","og_url":"https:\/\/www.vanguardhealthcare.co.uk\/hu_hu\/what-are-the-benefits-of-a-vanguard-mobile-theatre-set-up-as-an-elective-hub\/","og_site_name":"Vanguard Healthcare Solutions","article_published_time":"2023-11-13T11:43:26+00:00","article_modified_time":"2024-07-19T16:26:25+00:00","og_image":[{"width":1200,"height":628,"url":"https:\/\/www.vanguardhealthcare.co.uk\/wp-content\/uploads\/2023\/11\/Untitled-design-8.png","type":"image\/png"}],"author":"markbirchmore","twitter_card":"summary_large_image","twitter_misc":{"Szerz\u0151:":"markbirchmore","Becs\u00fclt olvas\u00e1si id\u0151":"18 perc"},"schema":{"@context":"https:\/\/schema.org","@graph":[{"@type":"Article","@id":"https:\/\/www.vanguardhealthcare.co.uk\/what-are-the-benefits-of-a-vanguard-mobile-theatre-set-up-as-an-elective-hub\/#article","isPartOf":{"@id":"https:\/\/www.vanguardhealthcare.co.uk\/what-are-the-benefits-of-a-vanguard-mobile-theatre-set-up-as-an-elective-hub\/"},"author":{"name":"markbirchmore","@id":"https:\/\/www.vanguardhealthcare.co.uk\/#\/schema\/person\/28e5002e5381802059b342a6a7c57fe5"},"headline":"What are the benefits of a Vanguard mobile theatre, set up as an \u2018Elective hub\u2019?","datePublished":"2023-11-13T11:43:26+00:00","dateModified":"2024-07-19T16:26:25+00:00","mainEntityOfPage":{"@id":"https:\/\/www.vanguardhealthcare.co.uk\/what-are-the-benefits-of-a-vanguard-mobile-theatre-set-up-as-an-elective-hub\/"},"wordCount":3579,"commentCount":0,"image":{"@id":"https:\/\/www.vanguardhealthcare.co.uk\/what-are-the-benefits-of-a-vanguard-mobile-theatre-set-up-as-an-elective-hub\/#primaryimage"},"thumbnailUrl":"https:\/\/www.vanguardhealthcare.co.uk\/wp-content\/uploads\/2023\/11\/Untitled-design-8.png","articleSection":["News"],"inLanguage":"hu","potentialAction":[{"@type":"CommentAction","name":"Comment","target":["https:\/\/www.vanguardhealthcare.co.uk\/what-are-the-benefits-of-a-vanguard-mobile-theatre-set-up-as-an-elective-hub\/#respond"]}]},{"@type":"WebPage","@id":"https:\/\/www.vanguardhealthcare.co.uk\/what-are-the-benefits-of-a-vanguard-mobile-theatre-set-up-as-an-elective-hub\/","url":"https:\/\/www.vanguardhealthcare.co.uk\/what-are-the-benefits-of-a-vanguard-mobile-theatre-set-up-as-an-elective-hub\/","name":"Milyen el\u0151nyei vannak egy \u201ev\u00e1laszt\u00e1si k\u00f6zpontk\u00e9nt\u201d fel\u00e1ll\u00edtott Vanguard mobil m\u0171t\u0151nek? - Vanguard Eg\u00e9szs\u00e9g\u00fcgyi Megold\u00e1sok","isPartOf":{"@id":"https:\/\/www.vanguardhealthcare.co.uk\/#website"},"primaryImageOfPage":{"@id":"https:\/\/www.vanguardhealthcare.co.uk\/what-are-the-benefits-of-a-vanguard-mobile-theatre-set-up-as-an-elective-hub\/#primaryimage"},"image":{"@id":"https:\/\/www.vanguardhealthcare.co.uk\/what-are-the-benefits-of-a-vanguard-mobile-theatre-set-up-as-an-elective-hub\/#primaryimage"},"thumbnailUrl":"https:\/\/www.vanguardhealthcare.co.uk\/wp-content\/uploads\/2023\/11\/Untitled-design-8.png","datePublished":"2023-11-13T11:43:26+00:00","dateModified":"2024-07-19T16:26:25+00:00","author":{"@id":"https:\/\/www.vanguardhealthcare.co.uk\/#\/schema\/person\/28e5002e5381802059b342a6a7c57fe5"},"breadcrumb":{"@id":"https:\/\/www.vanguardhealthcare.co.uk\/what-are-the-benefits-of-a-vanguard-mobile-theatre-set-up-as-an-elective-hub\/#breadcrumb"},"inLanguage":"hu","potentialAction":[{"@type":"ReadAction","target":["https:\/\/www.vanguardhealthcare.co.uk\/what-are-the-benefits-of-a-vanguard-mobile-theatre-set-up-as-an-elective-hub\/"]}]},{"@type":"ImageObject","inLanguage":"hu","@id":"https:\/\/www.vanguardhealthcare.co.uk\/what-are-the-benefits-of-a-vanguard-mobile-theatre-set-up-as-an-elective-hub\/#primaryimage","url":"https:\/\/www.vanguardhealthcare.co.uk\/wp-content\/uploads\/2023\/11\/Untitled-design-8.png","contentUrl":"https:\/\/www.vanguardhealthcare.co.uk\/wp-content\/uploads\/2023\/11\/Untitled-design-8.png","width":1200,"height":628},{"@type":"BreadcrumbList","@id":"https:\/\/www.vanguardhealthcare.co.uk\/what-are-the-benefits-of-a-vanguard-mobile-theatre-set-up-as-an-elective-hub\/#breadcrumb","itemListElement":[{"@type":"ListItem","position":1,"name":"Home","item":"https:\/\/www.vanguardhealthcare.co.uk\/"},{"@type":"ListItem","position":2,"name":"What are the benefits of a Vanguard mobile theatre, set up as an \u2018Elective hub\u2019?"}]},{"@type":"WebSite","@id":"https:\/\/www.vanguardhealthcare.co.uk\/#website","url":"https:\/\/www.vanguardhealthcare.co.uk\/","name":"Vanguard Healthcare Solutions","description":"","potentialAction":[{"@type":"SearchAction","target":{"@type":"EntryPoint","urlTemplate":"https:\/\/www.vanguardhealthcare.co.uk\/?s={search_term_string}"},"query-input":{"@type":"PropertyValueSpecification","valueRequired":true,"valueName":"search_term_string"}}],"inLanguage":"hu"},{"@type":"Person","@id":"https:\/\/www.vanguardhealthcare.co.uk\/#\/schema\/person\/28e5002e5381802059b342a6a7c57fe5","name":"markbirchmore","image":{"@type":"ImageObject","inLanguage":"hu","@id":"https:\/\/secure.gravatar.com\/avatar\/fe7d53278a7b5ca7a899d25b40407d63635e003b79715b22b7e4507d10eecba5?s=96&d=mm&r=g","url":"https:\/\/secure.gravatar.com\/avatar\/fe7d53278a7b5ca7a899d25b40407d63635e003b79715b22b7e4507d10eecba5?s=96&d=mm&r=g","contentUrl":"https:\/\/secure.gravatar.com\/avatar\/fe7d53278a7b5ca7a899d25b40407d63635e003b79715b22b7e4507d10eecba5?s=96&d=mm&r=g","caption":"markbirchmore"}}]}},"_links":{"self":[{"href":"https:\/\/www.vanguardhealthcare.co.uk\/hu_hu\/wp-json\/wp\/v2\/posts\/7064","targetHints":{"allow":["GET"]}}],"collection":[{"href":"https:\/\/www.vanguardhealthcare.co.uk\/hu_hu\/wp-json\/wp\/v2\/posts"}],"about":[{"href":"https:\/\/www.vanguardhealthcare.co.uk\/hu_hu\/wp-json\/wp\/v2\/types\/post"}],"author":[{"embeddable":true,"href":"https:\/\/www.vanguardhealthcare.co.uk\/hu_hu\/wp-json\/wp\/v2\/users\/12"}],"replies":[{"embeddable":true,"href":"https:\/\/www.vanguardhealthcare.co.uk\/hu_hu\/wp-json\/wp\/v2\/comments?post=7064"}],"version-history":[{"count":0,"href":"https:\/\/www.vanguardhealthcare.co.uk\/hu_hu\/wp-json\/wp\/v2\/posts\/7064\/revisions"}],"wp:featuredmedia":[{"embeddable":true,"href":"https:\/\/www.vanguardhealthcare.co.uk\/hu_hu\/wp-json\/wp\/v2\/media\/7100"}],"wp:attachment":[{"href":"https:\/\/www.vanguardhealthcare.co.uk\/hu_hu\/wp-json\/wp\/v2\/media?parent=7064"}],"wp:term":[{"taxonomy":"category","embeddable":true,"href":"https:\/\/www.vanguardhealthcare.co.uk\/hu_hu\/wp-json\/wp\/v2\/categories?post=7064"},{"taxonomy":"post_tag","embeddable":true,"href":"https:\/\/www.vanguardhealthcare.co.uk\/hu_hu\/wp-json\/wp\/v2\/tags?post=7064"}],"curies":[{"name":"munkaf\u00fczet","href":"https:\/\/api.w.org\/{rel}","templated":true}]}}