{"id":6744,"date":"2023-08-08T08:31:14","date_gmt":"2023-08-08T08:31:14","guid":{"rendered":"\/?p=6744"},"modified":"2024-04-14T20:26:13","modified_gmt":"2024-04-14T20:26:13","slug":"modular-for-community-healthcare","status":"publish","type":"post","link":"https:\/\/www.vanguardhealthcare.co.uk\/hu_hu\/modular-for-community-healthcare\/","title":{"rendered":"Tudta, hogy az Vanguard modul\u00e1ris l\u00e9tes\u00edtm\u00e9nyeket k\u00edn\u00e1l a k\u00f6z\u00f6ss\u00e9gi eg\u00e9szs\u00e9g\u00fcgyi ell\u00e1t\u00e1shoz, valamint az akut ell\u00e1t\u00e1shoz?"},"content":{"rendered":"<p>A modul\u00e1ris l\u00e9tes\u00edtm\u00e9nyeket az eg\u00e9szs\u00e9g\u00fcgyben r\u00e9g\u00f3ta ideiglenes, gyors megold\u00e1snak tekintik a s\u00fcrget\u0151 probl\u00e9m\u00e1k megold\u00e1s\u00e1ra. Ezek az el\u0151regy\u00e1rtott szerkezetek azonban jelent\u0151sen fejl\u0151dtek az elm\u00falt \u00e9vtizedben, \u00e9s nem csup\u00e1n r\u00f6vid t\u00e1v\u00fa megold\u00e1st k\u00edn\u00e1lnak. Most egy sor lehet\u0151s\u00e9get k\u00edn\u00e1lnak, az innovat\u00edv orvosi gyakorlatok \u00e9s technol\u00f3gi\u00e1k kipr\u00f3b\u00e1l\u00e1s\u00e1t\u00f3l a k\u00f6z\u00f6ss\u00e9gi alap\u00fa diagnosztik\u00e1ig \u00e9s az akut k\u00f3rh\u00e1zi k\u00f6r\u00fclm\u00e9nyeken k\u00edv\u00fcli ell\u00e1t\u00e1sig.\n<img loading=\"lazy\" decoding=\"async\" class=\"wp-image-4021 alignright\" src=\"\/wp-content\/uploads\/legacy\/2021\/08\/IMG_0592-768x1024.jpeg\" alt=\"installation of modular bay\" width=\"325\" height=\"433\" \/>\n<strong>\nA modul\u00e1ris eg\u00e9szs\u00e9g\u00fcgyi l\u00e9tes\u00edtm\u00e9nyek fejl\u0151d\u00e9se\n<\/strong>\nT\u00f6rt\u00e9nelmileg a modul\u00e1ris \u00e9p\u00edt\u00e9si technik\u00e1kat \u00e9s a t\u00e9rfogati \u00e9p\u00fcleteket alkalmazt\u00e1k az eg\u00e9szs\u00e9g\u00fcgyben. A k\u00fcls\u0151 gy\u00e1rt\u00f3k \u00e9vek \u00f3ta sz\u00e1ll\u00edtanak eg\u00e9szs\u00e9g\u00fcgyi \u00e9p\u00fcleteket, j\u00f3llehet gyakran egyszer\u0171 \u201edobozoknak\u201d vagy \u201eh\u00e9jaknak\u201d tekintik, ideiglenes sz\u00fcks\u00e9gleteket szolg\u00e1lnak ki an\u00e9lk\u00fcl, hogy k\u00fcl\u00f6n\u00f6sebb hangs\u00falyt fektetn\u00e9nek az eszt\u00e9tik\u00e1ra vagy a kifinomults\u00e1gra. Az elm\u00falt \u00e9vtizedben azonban a modul\u00e1ris l\u00e9tes\u00edtm\u00e9nyek koncepci\u00f3ja jelent\u0151sen fejl\u0151d\u00f6tt. Most a megold\u00e1sok sz\u00e9les sk\u00e1l\u00e1ja \u00e9rhet\u0151 el, a klinikai ter\u00fcletekt\u0151l a teljesen felszerelt m\u0171t\u0151kig, amelyeket bonyolultan \u00fagy terveztek, hogy z\u00f6kken\u0151mentesen integr\u00e1l\u00f3djanak a megl\u00e9v\u0151 k\u00f3rh\u00e1zi infrastrukt\u00far\u00e1ba.\n<strong>\nAz ideiglenes megold\u00e1sokon t\u00fal\n<\/strong>\nA modul\u00e1ris eg\u00e9szs\u00e9g\u00fcgyi l\u00e9tes\u00edtm\u00e9nyek jelent\u0151s szerepet j\u00e1tszhatnak az \u00faj seb\u00e9szeti sz\u00e1ll\u00edt\u00e1si m\u00f3dszerek, ell\u00e1t\u00e1si modellek \u00e9s cs\u00facstechnol\u00f3gi\u00e1k kipr\u00f3b\u00e1l\u00e1s\u00e1ban. Az el\u0151ny a k\u00eds\u00e9rletez\u00e9s \u00e9s az innov\u00e1ci\u00f3 k\u00e9pess\u00e9g\u00e9ben rejlik an\u00e9lk\u00fcl, hogy megzavarn\u00e1 a megl\u00e9v\u0151 eg\u00e9szs\u00e9g\u00fcgyi rutinokat. Ezek a l\u00e9tes\u00edtm\u00e9nyek \u00faj \u00f6tletek tesztel\u00e9si terepek\u00e9nt szolg\u00e1lnak, cs\u00f6kkentve a kock\u00e1zatokat a teljes k\u00f6r\u0171 megval\u00f3s\u00edt\u00e1s el\u0151tt. Ezenk\u00edv\u00fcl megk\u00f6nny\u00edthetik a k\u00f6z\u00f6ss\u00e9gi alap\u00fa diagnosztik\u00e1t \u00e9s ell\u00e1t\u00e1st, k\u00f6zelebb hozva az eg\u00e9szs\u00e9g\u00fcgyi szolg\u00e1ltat\u00e1sokat a betegekhez, \u00e9s cs\u00f6kkentve a hagyom\u00e1nyos akut k\u00f3rh\u00e1zi k\u00f6rnyezet terheit.\n<strong>\nK\u00f6z\u00f6ss\u00e9gi diagnosztikai k\u00f6zpontok be\u00e9p\u00edt\u00e9se\n<\/strong>\nA modul\u00e1ris l\u00e9tes\u00edtm\u00e9nyek potenci\u00e1lisan a tervezett k\u00f6z\u00f6ss\u00e9gi diagnosztikai k\u00f6zpontok alapj\u00e1v\u00e1 v\u00e1lhatnak, amelyek c\u00e9lja, hogy eg\u00e9szs\u00e9g\u00fcgyi szolg\u00e1ltat\u00e1sokat ny\u00fajtsanak k\u00f6zvetlen\u00fcl a helyi k\u00f6z\u00f6ss\u00e9geknek. Ezek a csom\u00f3pontok a diagnosztika, a megel\u0151z\u0151 ell\u00e1t\u00e1s \u00e9s a korai beavatkoz\u00e1s k\u00f6zponti pontjak\u00e9nt m\u0171k\u00f6dhetnek, enyh\u00edtve a nagyobb eg\u00e9szs\u00e9g\u00fcgyi int\u00e9zm\u00e9nyek terhel\u00e9s\u00e9t \u00e9s optimaliz\u00e1lva az er\u0151forr\u00e1s-kihaszn\u00e1l\u00e1st. A modul\u00e1ris l\u00e9tes\u00edtm\u00e9nyek ilyen csom\u00f3pontokba val\u00f3 integr\u00e1l\u00e1s\u00e1val az eg\u00e9szs\u00e9g\u00fcgyi szolg\u00e1ltat\u00f3k id\u0151ben \u00e9s hat\u00e9konyan biztos\u00edthatj\u00e1k az ell\u00e1t\u00e1st a sz\u00e9lesebb lakoss\u00e1g sz\u00e1m\u00e1ra.\n<strong>\n\u00c1lland\u00f3 integr\u00e1ci\u00f3 \u00e9s z\u00f6kken\u0151mentes b\u0151v\u00edt\u00e9s\n<\/strong>\nA k\u00f6zkelet\u0171 t\u00e9vhitekkel ellent\u00e9tben a modul\u00e1ris megold\u00e1soknak nem kell puszt\u00e1n \u00e1tmeneti jelleg\u0171nek lenni\u00fck. Az \u00e9p\u00edt\u00e9si technik\u00e1k fejl\u0151d\u00e9s\u00e9vel most m\u00e1r lehets\u00e9ges a megl\u00e9v\u0151 k\u00f3rh\u00e1zak \u00e1lland\u00f3 b\u0151v\u00edt\u00e9se modul\u00e1ris koncepci\u00f3k seg\u00edts\u00e9g\u00e9vel. A modul\u00e1ris fel\u00e9p\u00edt\u00e9s harmonikusan illeszkedik az eredeti \u00e9p\u00fclettervbe, \u00edgy tov\u00e1bbi teret biztos\u00edt, mik\u00f6zben meg\u0151rzi a l\u00e9tes\u00edtm\u00e9ny eszt\u00e9tik\u00e1j\u00e1t \u00e9s funkcionalit\u00e1s\u00e1t. Ez az integr\u00e1ci\u00f3 biztos\u00edtja az ell\u00e1t\u00e1s folytonoss\u00e1g\u00e1t \u00e9s jav\u00edtja az \u00e1ltal\u00e1nos eg\u00e9szs\u00e9g\u00fcgyi infrastrukt\u00far\u00e1t.\n<strong>\nA rugalmas infrastrukt\u00fara mobiliz\u00e1l\u00e1s\u00e1nak el\u0151nyei\n<\/strong>\nA modul\u00e1ris l\u00e9tes\u00edtm\u00e9nyek alkalmaz\u00e1sa sz\u00e1mos el\u0151nnyel j\u00e1r az eg\u00e9szs\u00e9g\u00fcgyi int\u00e9zm\u00e9nyek sz\u00e1m\u00e1ra. El\u0151sz\u00f6r is, lehet\u0151v\u00e9 teszi a k\u00f3rh\u00e1zak sz\u00e1m\u00e1ra, hogy fenntarts\u00e1k az ellen\u0151rz\u00e9st a beteg\u00fatvonal felett, biztos\u00edtva az ell\u00e1t\u00e1s z\u00f6kken\u0151mentes \u00e9s hat\u00e9kony \u00e1raml\u00e1s\u00e1t. M\u00e1sodszor, az \u00e9p\u00edt\u00e9s vagy fel\u00faj\u00edt\u00e1s alatti \u00fczemsz\u00fcnet jelent\u0151sen cs\u00f6kken, ami minim\u00e1lisra cs\u00f6kkenti az eg\u00e9szs\u00e9g\u00fcgyi szolg\u00e1ltat\u00e1sok zavarait. Ezen t\u00falmen\u0151en a modul\u00e1ris megold\u00e1sok felgyors\u00edtott megval\u00f3s\u00edt\u00e1sa k\u00f6lts\u00e9gmegtakar\u00edt\u00e1st jelent a hagyom\u00e1nyos \u00e9p\u00edt\u00e9si m\u00f3dokhoz k\u00e9pest, ami gyakran hosszabb hat\u00e1rid\u0151kkel \u00e9s magasabb k\u00f6lts\u00e9gekkel j\u00e1r.\n<strong>\nMi\u00e9rt az Vanguard Healthcare Solutions? Gyakorl\u00f3k k\u00e9sz\u00edtettek, gyakorl\u00f3knak<\/strong><strong>egyek\n<\/strong>\n2000 \u00f3ta az Vanguard Healthcare Solutions t\u00f6bb mint 100 egyes\u00fclt kir\u00e1lys\u00e1gbeli k\u00f3rh\u00e1zat t\u00e1mogatott, \u00e9s r\u00e9sze az NHS Supply Chain keretrendszer\u00e9nek. K\u00fcl\u00f6nf\u00e9le klinikai l\u00e9tes\u00edtm\u00e9nyeket k\u00edn\u00e1lunk, bele\u00e9rtve a k\u00fcl\u00f6nb\u00f6z\u0151 elj\u00e1r\u00e1sokhoz mobil m\u0171t\u0151ket. Er\u0151s klinikai szak\u00e9rtelm\u00fcnk megk\u00fcl\u00f6nb\u00f6ztet minket a t\u00f6bbi szolg\u00e1ltat\u00f3t\u00f3l. Modul\u00e1ris l\u00e9tes\u00edtm\u00e9nyeinket erre a c\u00e9lra \u00e9p\u00edtett\u00fck \u2013 gyakorl\u00f3 szakemberek k\u00e9sz\u00edtik a szakemberek sz\u00e1m\u00e1ra. Az \u00e9vek sor\u00e1n szolg\u00e1ltat\u00e1sainkat lamin\u00e1ris \u00e1raml\u00e1s\u00fa m\u0171t\u0151kkel, endoszk\u00f3pos egys\u00e9gekkel \u00e9s mobil endoszk\u00f3pos dekontamin\u00e1l\u00f3 egys\u00e9gekkel b\u0151v\u00edtett\u00fck. Eszk\u00f6zell\u00e1t\u00e1s mellett perif\u00e9ria \u00e9s su\n<img loading=\"lazy\" decoding=\"async\" class=\"wp-image-3973 alignright\" src=\"\/wp-content\/uploads\/legacy\/2021\/08\/IMG_1385-1024x508.jpg\" alt=\"modular ward external\" width=\"375\" height=\"186\" \/>\npport szolg\u00e1ltat\u00e1sok, kulcsrak\u00e9sz megold\u00e1sok. Az Vanguard a k\u00f3rh\u00e1zakkal val\u00f3 partners\u00e9gre helyezi a hangs\u00falyt, \u00e9s c\u00e9lja, hogy holisztikus megold\u00e1sokat k\u00edn\u00e1ljon az egyes \u00fcgyfelek egyedi k\u00f6rnyezet\u00e9hez igazodva. \u201eTot\u00e1lis partners\u00e9g\u201d megk\u00f6zel\u00edt\u00e9s\u00fcnk h\u00e1rom kulcsfontoss\u00e1g\u00fa ter\u00fcletre \u00f6sszpontos\u00edt: klinikai szak\u00e9rtelem, m\u00e9rn\u00f6ki innov\u00e1ci\u00f3 \u00e9s megfelel\u0151s\u00e9g, valamint a szolg\u00e1ltat\u00e1si kiv\u00e1l\u00f3s\u00e1g. \u00c9s a k\u00f3rh\u00e1zak kapacit\u00e1s\u00e1nak n\u00f6vel\u00e9se ter\u00e9n, ahogyan mi is tett\u00fck, megvan az eredm\u00e9nye <a href=\"\/hu_hu\/24-bed-modular-ward-increases-hospital-capacity\/\">itt <\/a>a Blackpool Victoria K\u00f3rh\u00e1zzal, egy testre szabott 24 \u00e1gyas modul\u00e1ris k\u00f3rterem bevezet\u00e9s\u00e9vel.<\/p>\n<p>L\u00e9pjen kapcsolatba vel\u00fcnk a marketing@vanguardhealthcare.co.uk c\u00edmen, \u00e9s foglaljon id\u0151pontot, \u00e9s megbesz\u00e9lj\u00fck, hogyan seg\u00edthetnek \u00d6nnek az Vanguard modul\u00e1ris megold\u00e1sai.<\/p>","protected":false},"excerpt":{"rendered":"<p>Hogyan fejl\u0151dnek a modul\u00e1ris l\u00e9tes\u00edtm\u00e9nyek, \u00e9s ami d\u00f6nt\u0151, mi\u00e9rt az Vanguard?<\/p>","protected":false},"author":1,"featured_media":1319,"comment_status":"closed","ping_status":"closed","sticky":false,"template":"","format":"standard","meta":{"_acf_changed":false,"footnotes":""},"categories":[2],"tags":[],"class_list":["post-6744","post","type-post","status-publish","format-standard","has-post-thumbnail","hentry","category-news"],"acf":[],"yoast_head":"<!-- This site is optimized with the Yoast SEO plugin v27.4 - https:\/\/yoast.com\/product\/yoast-seo-wordpress\/ -->\n<title>Did you know Vanguard provides modular facilities for Community Healthcare, as well as Acute? - Vanguard Healthcare Solutions<\/title>\n<meta name=\"robots\" content=\"index, follow, max-snippet:-1, max-image-preview:large, max-video-preview:-1\" \/>\n<link rel=\"canonical\" href=\"https:\/\/www.vanguardhealthcare.co.uk\/hu_hu\/modular-for-community-healthcare\/\" \/>\n<meta property=\"og:locale\" content=\"hu_HU\" \/>\n<meta property=\"og:type\" content=\"article\" \/>\n<meta property=\"og:title\" content=\"Did you know Vanguard provides modular facilities for Community Healthcare, as well as Acute? - Vanguard Healthcare Solutions\" \/>\n<meta property=\"og:description\" content=\"How are modular facilities evolving, and crucially, why Vanguard?\" \/>\n<meta property=\"og:url\" content=\"https:\/\/www.vanguardhealthcare.co.uk\/hu_hu\/modular-for-community-healthcare\/\" \/>\n<meta property=\"og:site_name\" content=\"Vanguard Healthcare Solutions\" \/>\n<meta property=\"article:published_time\" content=\"2023-08-08T08:31:14+00:00\" \/>\n<meta property=\"article:modified_time\" content=\"2024-04-14T20:26:13+00:00\" \/>\n<meta property=\"og:image\" content=\"https:\/\/www.vanguardhealthcare.co.uk\/wp-content\/uploads\/legacy\/2022\/11\/20220926_134004_resized.jpg\" \/>\n\t<meta property=\"og:image:width\" content=\"1632\" \/>\n\t<meta property=\"og:image:height\" content=\"752\" \/>\n\t<meta property=\"og:image:type\" content=\"image\/jpeg\" \/>\n<meta name=\"author\" content=\"Vanguard Healthcare Solutions\" \/>\n<meta name=\"twitter:card\" content=\"summary_large_image\" \/>\n<meta name=\"twitter:label1\" content=\"Szerz\u0151:\" \/>\n\t<meta name=\"twitter:data1\" content=\"Vanguard Healthcare Solutions\" \/>\n\t<meta name=\"twitter:label2\" content=\"Becs\u00fclt olvas\u00e1si id\u0151\" \/>\n\t<meta name=\"twitter:data2\" content=\"4 perc\" \/>\n<script type=\"application\/ld+json\" class=\"yoast-schema-graph\">{\"@context\":\"https:\\\/\\\/schema.org\",\"@graph\":[{\"@type\":\"Article\",\"@id\":\"https:\\\/\\\/www.vanguardhealthcare.co.uk\\\/modular-for-community-healthcare\\\/#article\",\"isPartOf\":{\"@id\":\"https:\\\/\\\/www.vanguardhealthcare.co.uk\\\/modular-for-community-healthcare\\\/\"},\"author\":{\"name\":\"Vanguard Healthcare Solutions\",\"@id\":\"https:\\\/\\\/www.vanguardhealthcare.co.uk\\\/#\\\/schema\\\/person\\\/426decd65e2d39321705e63d5ea4394b\"},\"headline\":\"Did you know Vanguard provides modular facilities for Community Healthcare, as well as Acute?\",\"datePublished\":\"2023-08-08T08:31:14+00:00\",\"dateModified\":\"2024-04-14T20:26:13+00:00\",\"mainEntityOfPage\":{\"@id\":\"https:\\\/\\\/www.vanguardhealthcare.co.uk\\\/modular-for-community-healthcare\\\/\"},\"wordCount\":640,\"image\":{\"@id\":\"https:\\\/\\\/www.vanguardhealthcare.co.uk\\\/modular-for-community-healthcare\\\/#primaryimage\"},\"thumbnailUrl\":\"https:\\\/\\\/www.vanguardhealthcare.co.uk\\\/wp-content\\\/uploads\\\/legacy\\\/2022\\\/11\\\/20220926_134004_resized.jpg\",\"articleSection\":[\"News\"],\"inLanguage\":\"hu\"},{\"@type\":\"WebPage\",\"@id\":\"https:\\\/\\\/www.vanguardhealthcare.co.uk\\\/modular-for-community-healthcare\\\/\",\"url\":\"https:\\\/\\\/www.vanguardhealthcare.co.uk\\\/modular-for-community-healthcare\\\/\",\"name\":\"Did you know Vanguard provides modular facilities for Community Healthcare, as well as Acute? - Vanguard Healthcare Solutions\",\"isPartOf\":{\"@id\":\"https:\\\/\\\/www.vanguardhealthcare.co.uk\\\/#website\"},\"primaryImageOfPage\":{\"@id\":\"https:\\\/\\\/www.vanguardhealthcare.co.uk\\\/modular-for-community-healthcare\\\/#primaryimage\"},\"image\":{\"@id\":\"https:\\\/\\\/www.vanguardhealthcare.co.uk\\\/modular-for-community-healthcare\\\/#primaryimage\"},\"thumbnailUrl\":\"https:\\\/\\\/www.vanguardhealthcare.co.uk\\\/wp-content\\\/uploads\\\/legacy\\\/2022\\\/11\\\/20220926_134004_resized.jpg\",\"datePublished\":\"2023-08-08T08:31:14+00:00\",\"dateModified\":\"2024-04-14T20:26:13+00:00\",\"author\":{\"@id\":\"https:\\\/\\\/www.vanguardhealthcare.co.uk\\\/#\\\/schema\\\/person\\\/426decd65e2d39321705e63d5ea4394b\"},\"breadcrumb\":{\"@id\":\"https:\\\/\\\/www.vanguardhealthcare.co.uk\\\/modular-for-community-healthcare\\\/#breadcrumb\"},\"inLanguage\":\"hu\",\"potentialAction\":[{\"@type\":\"ReadAction\",\"target\":[\"https:\\\/\\\/www.vanguardhealthcare.co.uk\\\/modular-for-community-healthcare\\\/\"]}]},{\"@type\":\"ImageObject\",\"inLanguage\":\"hu\",\"@id\":\"https:\\\/\\\/www.vanguardhealthcare.co.uk\\\/modular-for-community-healthcare\\\/#primaryimage\",\"url\":\"https:\\\/\\\/www.vanguardhealthcare.co.uk\\\/wp-content\\\/uploads\\\/legacy\\\/2022\\\/11\\\/20220926_134004_resized.jpg\",\"contentUrl\":\"https:\\\/\\\/www.vanguardhealthcare.co.uk\\\/wp-content\\\/uploads\\\/legacy\\\/2022\\\/11\\\/20220926_134004_resized.jpg\",\"width\":1632,\"height\":752},{\"@type\":\"BreadcrumbList\",\"@id\":\"https:\\\/\\\/www.vanguardhealthcare.co.uk\\\/modular-for-community-healthcare\\\/#breadcrumb\",\"itemListElement\":[{\"@type\":\"ListItem\",\"position\":1,\"name\":\"Home\",\"item\":\"https:\\\/\\\/www.vanguardhealthcare.co.uk\\\/\"},{\"@type\":\"ListItem\",\"position\":2,\"name\":\"Did you know Vanguard provides modular facilities for Community Healthcare, as well as Acute?\"}]},{\"@type\":\"WebSite\",\"@id\":\"https:\\\/\\\/www.vanguardhealthcare.co.uk\\\/#website\",\"url\":\"https:\\\/\\\/www.vanguardhealthcare.co.uk\\\/\",\"name\":\"Vanguard Healthcare Solutions\",\"description\":\"\",\"potentialAction\":[{\"@type\":\"SearchAction\",\"target\":{\"@type\":\"EntryPoint\",\"urlTemplate\":\"https:\\\/\\\/www.vanguardhealthcare.co.uk\\\/?s={search_term_string}\"},\"query-input\":{\"@type\":\"PropertyValueSpecification\",\"valueRequired\":true,\"valueName\":\"search_term_string\"}}],\"inLanguage\":\"hu\"},{\"@type\":\"Person\",\"@id\":\"https:\\\/\\\/www.vanguardhealthcare.co.uk\\\/#\\\/schema\\\/person\\\/426decd65e2d39321705e63d5ea4394b\",\"name\":\"Vanguard Healthcare Solutions\",\"image\":{\"@type\":\"ImageObject\",\"inLanguage\":\"hu\",\"@id\":\"https:\\\/\\\/secure.gravatar.com\\\/avatar\\\/7ba7c80067fbd6952425e7e5a94fa842f37365b39fe1fd0a01287a5a0b6f7d2b?s=96&d=mm&r=g\",\"url\":\"https:\\\/\\\/secure.gravatar.com\\\/avatar\\\/7ba7c80067fbd6952425e7e5a94fa842f37365b39fe1fd0a01287a5a0b6f7d2b?s=96&d=mm&r=g\",\"contentUrl\":\"https:\\\/\\\/secure.gravatar.com\\\/avatar\\\/7ba7c80067fbd6952425e7e5a94fa842f37365b39fe1fd0a01287a5a0b6f7d2b?s=96&d=mm&r=g\",\"caption\":\"Vanguard Healthcare Solutions\"},\"sameAs\":[\"https:\\\/\\\/www.vanguardhealthcare.co.uk\"]}]}<\/script>\n<!-- \/ Yoast SEO plugin. -->","yoast_head_json":{"title":"Tudta, hogy az Vanguard modul\u00e1ris l\u00e9tes\u00edtm\u00e9nyeket k\u00edn\u00e1l k\u00f6z\u00f6ss\u00e9gi eg\u00e9szs\u00e9g\u00fcgyi ell\u00e1t\u00e1shoz, valamint akut ell\u00e1t\u00e1shoz? - Vanguard Healthcare Solutions","robots":{"index":"index","follow":"follow","max-snippet":"max-snippet:-1","max-image-preview":"max-image-preview:large","max-video-preview":"max-video-preview:-1"},"canonical":"https:\/\/www.vanguardhealthcare.co.uk\/hu_hu\/modular-for-community-healthcare\/","og_locale":"hu_HU","og_type":"article","og_title":"Did you know Vanguard provides modular facilities for Community Healthcare, as well as Acute? - Vanguard Healthcare Solutions","og_description":"How are modular facilities evolving, and crucially, why Vanguard?","og_url":"https:\/\/www.vanguardhealthcare.co.uk\/hu_hu\/modular-for-community-healthcare\/","og_site_name":"Vanguard Healthcare Solutions","article_published_time":"2023-08-08T08:31:14+00:00","article_modified_time":"2024-04-14T20:26:13+00:00","og_image":[{"width":1632,"height":752,"url":"https:\/\/www.vanguardhealthcare.co.uk\/wp-content\/uploads\/legacy\/2022\/11\/20220926_134004_resized.jpg","type":"image\/jpeg"}],"author":"Vanguard Healthcare Solutions","twitter_card":"summary_large_image","twitter_misc":{"Szerz\u0151:":"Vanguard Healthcare Solutions","Becs\u00fclt olvas\u00e1si id\u0151":"4 perc"},"schema":{"@context":"https:\/\/schema.org","@graph":[{"@type":"Article","@id":"https:\/\/www.vanguardhealthcare.co.uk\/modular-for-community-healthcare\/#article","isPartOf":{"@id":"https:\/\/www.vanguardhealthcare.co.uk\/modular-for-community-healthcare\/"},"author":{"name":"Vanguard Healthcare Solutions","@id":"https:\/\/www.vanguardhealthcare.co.uk\/#\/schema\/person\/426decd65e2d39321705e63d5ea4394b"},"headline":"Did you know Vanguard provides modular facilities for Community Healthcare, as well as Acute?","datePublished":"2023-08-08T08:31:14+00:00","dateModified":"2024-04-14T20:26:13+00:00","mainEntityOfPage":{"@id":"https:\/\/www.vanguardhealthcare.co.uk\/modular-for-community-healthcare\/"},"wordCount":640,"image":{"@id":"https:\/\/www.vanguardhealthcare.co.uk\/modular-for-community-healthcare\/#primaryimage"},"thumbnailUrl":"https:\/\/www.vanguardhealthcare.co.uk\/wp-content\/uploads\/legacy\/2022\/11\/20220926_134004_resized.jpg","articleSection":["News"],"inLanguage":"hu"},{"@type":"WebPage","@id":"https:\/\/www.vanguardhealthcare.co.uk\/modular-for-community-healthcare\/","url":"https:\/\/www.vanguardhealthcare.co.uk\/modular-for-community-healthcare\/","name":"Tudta, hogy az Vanguard modul\u00e1ris l\u00e9tes\u00edtm\u00e9nyeket k\u00edn\u00e1l k\u00f6z\u00f6ss\u00e9gi eg\u00e9szs\u00e9g\u00fcgyi ell\u00e1t\u00e1shoz, valamint akut ell\u00e1t\u00e1shoz? - Vanguard Healthcare Solutions","isPartOf":{"@id":"https:\/\/www.vanguardhealthcare.co.uk\/#website"},"primaryImageOfPage":{"@id":"https:\/\/www.vanguardhealthcare.co.uk\/modular-for-community-healthcare\/#primaryimage"},"image":{"@id":"https:\/\/www.vanguardhealthcare.co.uk\/modular-for-community-healthcare\/#primaryimage"},"thumbnailUrl":"https:\/\/www.vanguardhealthcare.co.uk\/wp-content\/uploads\/legacy\/2022\/11\/20220926_134004_resized.jpg","datePublished":"2023-08-08T08:31:14+00:00","dateModified":"2024-04-14T20:26:13+00:00","author":{"@id":"https:\/\/www.vanguardhealthcare.co.uk\/#\/schema\/person\/426decd65e2d39321705e63d5ea4394b"},"breadcrumb":{"@id":"https:\/\/www.vanguardhealthcare.co.uk\/modular-for-community-healthcare\/#breadcrumb"},"inLanguage":"hu","potentialAction":[{"@type":"ReadAction","target":["https:\/\/www.vanguardhealthcare.co.uk\/modular-for-community-healthcare\/"]}]},{"@type":"ImageObject","inLanguage":"hu","@id":"https:\/\/www.vanguardhealthcare.co.uk\/modular-for-community-healthcare\/#primaryimage","url":"https:\/\/www.vanguardhealthcare.co.uk\/wp-content\/uploads\/legacy\/2022\/11\/20220926_134004_resized.jpg","contentUrl":"https:\/\/www.vanguardhealthcare.co.uk\/wp-content\/uploads\/legacy\/2022\/11\/20220926_134004_resized.jpg","width":1632,"height":752},{"@type":"BreadcrumbList","@id":"https:\/\/www.vanguardhealthcare.co.uk\/modular-for-community-healthcare\/#breadcrumb","itemListElement":[{"@type":"ListItem","position":1,"name":"Home","item":"https:\/\/www.vanguardhealthcare.co.uk\/"},{"@type":"ListItem","position":2,"name":"Did you know Vanguard provides modular facilities for Community Healthcare, as well as Acute?"}]},{"@type":"WebSite","@id":"https:\/\/www.vanguardhealthcare.co.uk\/#website","url":"https:\/\/www.vanguardhealthcare.co.uk\/","name":"Vanguard Healthcare Solutions","description":"","potentialAction":[{"@type":"SearchAction","target":{"@type":"EntryPoint","urlTemplate":"https:\/\/www.vanguardhealthcare.co.uk\/?s={search_term_string}"},"query-input":{"@type":"PropertyValueSpecification","valueRequired":true,"valueName":"search_term_string"}}],"inLanguage":"hu"},{"@type":"Person","@id":"https:\/\/www.vanguardhealthcare.co.uk\/#\/schema\/person\/426decd65e2d39321705e63d5ea4394b","name":"Vanguard Healthcare Solutions","image":{"@type":"ImageObject","inLanguage":"hu","@id":"https:\/\/secure.gravatar.com\/avatar\/7ba7c80067fbd6952425e7e5a94fa842f37365b39fe1fd0a01287a5a0b6f7d2b?s=96&d=mm&r=g","url":"https:\/\/secure.gravatar.com\/avatar\/7ba7c80067fbd6952425e7e5a94fa842f37365b39fe1fd0a01287a5a0b6f7d2b?s=96&d=mm&r=g","contentUrl":"https:\/\/secure.gravatar.com\/avatar\/7ba7c80067fbd6952425e7e5a94fa842f37365b39fe1fd0a01287a5a0b6f7d2b?s=96&d=mm&r=g","caption":"Vanguard Healthcare Solutions"},"sameAs":["https:\/\/www.vanguardhealthcare.co.uk"]}]}},"_links":{"self":[{"href":"https:\/\/www.vanguardhealthcare.co.uk\/hu_hu\/wp-json\/wp\/v2\/posts\/6744","targetHints":{"allow":["GET"]}}],"collection":[{"href":"https:\/\/www.vanguardhealthcare.co.uk\/hu_hu\/wp-json\/wp\/v2\/posts"}],"about":[{"href":"https:\/\/www.vanguardhealthcare.co.uk\/hu_hu\/wp-json\/wp\/v2\/types\/post"}],"author":[{"embeddable":true,"href":"https:\/\/www.vanguardhealthcare.co.uk\/hu_hu\/wp-json\/wp\/v2\/users\/1"}],"replies":[{"embeddable":true,"href":"https:\/\/www.vanguardhealthcare.co.uk\/hu_hu\/wp-json\/wp\/v2\/comments?post=6744"}],"version-history":[{"count":0,"href":"https:\/\/www.vanguardhealthcare.co.uk\/hu_hu\/wp-json\/wp\/v2\/posts\/6744\/revisions"}],"wp:featuredmedia":[{"embeddable":true,"href":"https:\/\/www.vanguardhealthcare.co.uk\/hu_hu\/wp-json\/wp\/v2\/media\/1319"}],"wp:attachment":[{"href":"https:\/\/www.vanguardhealthcare.co.uk\/hu_hu\/wp-json\/wp\/v2\/media?parent=6744"}],"wp:term":[{"taxonomy":"category","embeddable":true,"href":"https:\/\/www.vanguardhealthcare.co.uk\/hu_hu\/wp-json\/wp\/v2\/categories?post=6744"},{"taxonomy":"post_tag","embeddable":true,"href":"https:\/\/www.vanguardhealthcare.co.uk\/hu_hu\/wp-json\/wp\/v2\/tags?post=6744"}],"curies":[{"name":"munkaf\u00fczet","href":"https:\/\/api.w.org\/{rel}","templated":true}]}}