{"id":4311,"date":"2021-12-03T13:43:28","date_gmt":"2021-12-03T13:43:28","guid":{"rendered":"\/?p=4311"},"modified":"2021-12-03T13:43:28","modified_gmt":"2021-12-03T13:43:28","slug":"modular-facilities-bringing-treatment-to-patients","status":"publish","type":"post","link":"https:\/\/www.vanguardhealthcare.co.uk\/hu_hu\/modular-facilities-bringing-treatment-to-patients\/","title":{"rendered":"Modul\u00e1ris l\u00e9tes\u00edtm\u00e9nyek: A betegek ell\u00e1t\u00e1sa"},"content":{"rendered":"<p>A korm\u00e1ny v\u00e1laszthat\u00f3 gondoz\u00e1si helyre\u00e1ll\u00edt\u00e1si terv\u00e9nek hamarosan v\u00e1rhat\u00f3 megjelen\u00e9se el\u0151tt arr\u00f3l sz\u00e1moltak be, hogy a betegek el\u0151re megbesz\u00e9lt kezel\u00e9sekre utazhatnak, mivel a korm\u00e1ny azt tervezi, hogy a k\u00f3rh\u00e1zi szolg\u00e1ltat\u00e1sok ir\u00e1nti keresletet orsz\u00e1gszerte elterjessze. B\u00e1r r\u00f6vid t\u00e1von teljes m\u00e9rt\u00e9kben t\u00e1mogatjuk ezt a kezdem\u00e9nyez\u00e9st, mivel a lemarad\u00e1s okozta nyom\u00e1s t\u00falterheli egyes eg\u00e9szs\u00e9g\u00fcgyi int\u00e9zm\u00e9nyeket, teljes sz\u00edv\u00fcnkb\u0151l \u00fagy gondoljuk, hogy ez nem jelent hossz\u00fa t\u00e1v\u00fa megold\u00e1st az angliai betegek sz\u00e1m\u00e1ra.<\/p>\n<p>Ideiglenes int\u00e9zked\u00e9sk\u00e9nt, \u00e9s k\u00fcl\u00f6n\u00f6sen am\u00edg a helyre\u00e1ll\u00edt\u00e1si terv m\u00e9g fejleszt\u00e9s alatt \u00e1ll, \u00e9s a COVID-esetek sz\u00e1ma tov\u00e1bbra is emelkedik, a betegek kezel\u00e9sre val\u00f3 utaz\u00e1s\u00e1nak k\u00e9r\u00e9se sz\u00fcks\u00e9gesnek tekinthet\u0151, hogy biztos\u00edts\u00e1k a betegek l\u00e9tfontoss\u00e1g\u00fa ell\u00e1t\u00e1shoz val\u00f3 hozz\u00e1f\u00e9r\u00e9s\u00e9t. Ez a megk\u00f6zel\u00edt\u00e9s azonban nem v\u00e1rhat\u00f3 el, hogy megoldja a m\u00f6g\u00f6ttes probl\u00e9m\u00e1kat az NHS kapacit\u00e1s\u00e1ban, ehelyett \u00fagy t\u0171nik, hogy a megfelel\u0151 eg\u00e9szs\u00e9g\u00fcgyi ell\u00e1t\u00e1shoz val\u00f3 hozz\u00e1f\u00e9r\u00e9s terh\u00e9t a betegekre h\u00e1r\u00edtja.<\/p>\n<p>Ahelyett, hogy arra k\u00e9rn\u00e9nk a betegeket, hogy el\u0151re megtervezett k\u00f3rh\u00e1zi ell\u00e1t\u00e1sra utazzanak, er\u0151fesz\u00edt\u00e9seinket arra kell \u00f6sszpontos\u00edtanunk, hogy az eg\u00e9szs\u00e9g\u00fcgyi ell\u00e1t\u00e1st eljuttassuk a betegekhez. Alapvet\u0151en elegend\u0151 beruh\u00e1z\u00e1st kellene bevezetni a megye ter\u00fclet\u00e9n, hogy a betegek sz\u00e9les k\u00f6re sz\u00e1m\u00e1ra k\u00f6nnyen megk\u00f6zel\u00edthet\u0151 k\u00f6z\u00f6ss\u00e9gi helyeken modul\u00e1ris l\u00e9tes\u00edtm\u00e9nyeket alak\u00edtsanak ki, k\u00fcl\u00f6n\u00f6s tekintettel a legnagyobb lemarad\u00e1sokkal \u00e9s ell\u00e1t\u00e1si ig\u00e9nyekkel rendelkez\u0151 ter\u00fcletekre. A betegek ell\u00e1t\u00e1sa nemcsak megk\u00edm\u00e9li \u0151ket a f\u00e1rads\u00e1gos \u00e9s potenci\u00e1lisan k\u00e1ros kezel\u00e9si t\u00e1vols\u00e1gok megt\u00e9tel\u00e9t\u0151l, hanem tart\u00f3san n\u00f6veli az adott r\u00e9gi\u00f3 kapacit\u00e1s\u00e1t, ami hossz\u00fa t\u00e1v\u00fa megold\u00e1st jelent.<\/p>\n<p>Ezen t\u00falmen\u0151en, ha azokon a ter\u00fcleteken l\u00e9tes\u00edtenek l\u00e9tes\u00edtm\u00e9nyeket, amelyeknek a legink\u00e1bb sz\u00fcks\u00e9g\u00fck van a t\u00f6bbletkapacit\u00e1sra, az a region\u00e1lis eg\u00e9szs\u00e9g\u00fcgyi egyenl\u0151tlens\u00e9gek kezel\u00e9s\u00e9nek tov\u00e1bbi el\u0151nye. A leghosszabb v\u00e1rakoz\u00e1si id\u0151vel \u00e9s a legrosszabb betegek kimenetel\u00e9vel rendelkez\u0151 ter\u00fcletek kapacit\u00e1s\u00e1nak megteremt\u00e9se val\u00f3di el\u0151rel\u00e9p\u00e9st jelentene az eg\u00e9szs\u00e9g\u00fcgyi ell\u00e1t\u00e1s \u201ekiegyenl\u00edt\u00e9se\u201d fel\u00e9, biztos\u00edtva az eg\u00e9sz orsz\u00e1g egyenl\u0151 hozz\u00e1f\u00e9r\u00e9s\u00e9t a magas sz\u00ednvonal\u00fa ell\u00e1t\u00e1shoz. Az eg\u00e9szs\u00e9g\u00fcgyi ell\u00e1t\u00e1sra val\u00f3 utaz\u00e1s alternat\u00edv lehet\u0151s\u00e9ge csak az eg\u00e9szs\u00e9g\u00fcgyi egyenl\u0151tlens\u00e9gek elm\u00e9ly\u00edt\u00e9s\u00e9t szolg\u00e1lja, mivel azok a betegek, akiknek nincs lehet\u0151s\u00e9g\u00fck az utaz\u00e1si k\u00f6lts\u00e9gek kifizet\u00e9s\u00e9re, az eltartottak alternat\u00edv ell\u00e1t\u00e1s\u00e1nak megszervez\u00e9s\u00e9re, vagy a munk\u00e1b\u00f3l szabads\u00e1got kivenni, hogy kezel\u00e9sre utazzanak, ki vannak z\u00e1rva a l\u00e9tfontoss\u00e1g\u00fa eg\u00e9szs\u00e9g\u00fcgyi ell\u00e1t\u00e1sb\u00f3l. Ez nem lehet az \u00e1lland\u00f3 el\u0151rel\u00e9p\u00e9s, ha el\u0151rel\u00e9p\u00e9st akarunk el\u00e9rni a region\u00e1lis eg\u00e9szs\u00e9g\u00fcgyi egyenl\u0151tlens\u00e9gek lek\u00fczd\u00e9s\u00e9ben.<\/p>\n<p>A modul\u00e1ris l\u00e9tes\u00edtm\u00e9nyek \u00e9p\u00edt\u00e9se ezeken a helyeken \u2013 a betegek utaz\u00e1sa helyett \u2013 azzal az el\u0151nnyel is j\u00e1r, hogy a betegek k\u00f6nnyebben jelentkeznek kezel\u00e9sre. K\u00f6ztudott, hogy az egy\u00e9nek vonakodhatnak \u00f6nk\u00e9nt jelentkezni kezel\u00e9sre, k\u00fcl\u00f6n\u00f6sen akkor, ha elfoglaltak, vagy ha az ilyen kezel\u00e9s ig\u00e9nybev\u00e9tele k\u00e9nyelmetlens\u00e9get okoz. A modul\u00e1ris l\u00e9tes\u00edtm\u00e9nyek l\u00e9trehoz\u00e1sa Anglia-szerte k\u00e9nyelmesebb\u00e9 teszi a kezel\u00e9shez val\u00f3 hozz\u00e1f\u00e9r\u00e9st, leegyszer\u0171s\u00edti a folyamatot \u00e9s \u00f6szt\u00f6nzi a r\u00e1szorul\u00f3kat, hogy jelentkezzenek. Ez viszont jav\u00edtja a betegek kimenetel\u00e9t, \u00e9s sz\u00e9lesebb k\u00f6rben is el\u0151ny\u00f6s az eg\u00e9szs\u00e9g\u00fcgyi szolg\u00e1lat sz\u00e1m\u00e1ra, mivel a betegeket a betegs\u00e9g korai szakasz\u00e1ban diagnosztiz\u00e1lj\u00e1k \u00e9s kezelik.<\/p>\n<p>Az Vanguard modul\u00e1ris l\u00e9tes\u00edtm\u00e9nyei ide\u00e1lisak ehhez a folyamathoz, mivel el\u0151regy\u00e1rtott egys\u00e9geink nagym\u00e9rt\u00e9kben alkalmazkodnak, \u00e9s k\u00e9pesek reag\u00e1lni az eg\u00e9szs\u00e9g\u00fcgyi szolg\u00e1ltat\u00f3k v\u00e1ltoz\u00f3 ig\u00e9nyeire. S\u0151t, az Vanguard l\u00e9tes\u00edtm\u00e9nyek \u00e9lettartama hossz\u00fa, \u00e9s az ilyen \u00e9p\u00edtm\u00e9nyek ideiglenes jellege azt jelenti, hogy az egys\u00e9gek \u00e1tad\u00e1sa att\u00f3l f\u00fcgg\u0151en lehets\u00e9ges, hogy az orsz\u00e1g mely ter\u00fcleteire van a legnagyobb sz\u00fcks\u00e9g egy adott ponton.\n<img loading=\"lazy\" decoding=\"async\" alt=\"\" class=\"wp-image-4006 aligncenter\" height=\"399\" src=\"\/wp-content\/uploads\/legacy\/2021\/08\/Drone-2-1024x577.png\" width=\"708\" \/>\nEgy\u00e9rtelm\u0171, hogy p\u00e9ld\u00e1tlan id\u0151ket \u00e9l\u00fcnk, amelyek atipikus megold\u00e1sokat ig\u00e9nyelnek, ez\u00e9rt meg\u00e9rtj\u00fck, hogy a betegeknek r\u00f6vid t\u00e1von kezel\u00e9sre kell utazniuk. Rekordot d\u00f6nt\u00f5 lemarad\u00e1s mellett\n<a href=\"https:\/\/www.independent.co.uk\/news\/health\/nhs-waiting-list-update-treatment-b1955721.html\">\n 5,8 milli\u00f3\n<\/a>\nA kezel\u00e9sre v\u00e1r\u00f3 betegekn\u00e9l nem v\u00e1rhatjuk el, hogy az NHS a megszokott m\u00f3don folytassa az \u00fczletmenetet, \u00e9s ugyanazokat a priorit\u00e1sokat \u00e9s munkam\u00f3dszereket tartsa fenn, mint a j\u00e1rv\u00e1ny el\u0151tt.<\/p>\n<p>Ugyanakkor az is nagyon fontos, hogy biztos\u00edtsuk, hogy ez a r\u00f6vid t\u00e1v\u00fa megold\u00e1s ne v\u00e1ljon \u00e1lland\u00f3 tendenci\u00e1v\u00e1 \u2013 kritikus fontoss\u00e1g\u00fa, hogy az NHS kapacit\u00e1s\u00e1nak n\u00f6vel\u00e9s\u00e9re \u00e9s az elekt\u00edv ell\u00e1t\u00e1s lemarad\u00e1s\u00e1nak cs\u00f6kkent\u00e9s\u00e9re szolg\u00e1l\u00f3 megold\u00e1sokat a megfelel\u0151 el\u0151rel\u00e1t\u00e1s szem el\u0151tt tart\u00e1s\u00e1val alak\u00edts\u00e1k ki, \u00e9s hogy az Elective A Care Recovery Plan hossz\u00fa t\u00e1v\u00fa strat\u00e9gi\u00e1t hat\u00e1roz meg az eg\u00e9szs\u00e9g\u00fcgyi szolg\u00e1ltat\u00e1sok sz\u00e1m\u00e1ra.<\/p>\n<p>B\u00e1r m\u00e1r most is vil\u00e1gos, hogy a k\u00f6z\u00f6ss\u00e9gi diagnosztikai k\u00f6zpontok \u00e9s a seb\u00e9szeti k\u00f6zpontok k\u00f6zponti szerepet j\u00e1tszanak a korm\u00e1ny elk\u00e9pzel\u00e9s\u00e9ben a lemarad\u00e1s lek\u00fczd\u00e9s\u00e9re, az ilyen l\u00e9tes\u00edtm\u00e9nyeket orsz\u00e1gszerte meg kell \u00e9p\u00edteni, hogy a betegeknek ne kelljen hossz\u00fa utakat utazniuk a kezel\u00e9s\u00e9rt, \u00e9s hogy Anglia eg\u00e9szs\u00e9g\u00fcgyi szolg\u00e1ltat\u00f3inak elt\u00e9r\u0151 region\u00e1lis ig\u00e9nyei teljes m\u00e9rt\u00e9kben kiel\u00e9g\u00edthet\u0151k.<\/p>\n<p>Ha t\u00f6bbet szeretne megtudni az Vanguard m\u0171k\u00f6d\u00e9s\u00e9r\u0151l\n<a href=\"\/hu_hu\/modular-healthcare-facilities-more-than-just-temporary-buildings\/\">\n modul\u00e1ris l\u00e9tes\u00edtm\u00e9nyek\n<\/a>\nt\u00e1mogathatja az NHS intelligensebb vissza\u00e9p\u00edt\u00e9s\u00e9t a j\u00e1rv\u00e1ny ut\u00e1n, elolvashatja a mi oldalunkat\n<a href=\"https:\/\/www.magonlinelibrary.com\/doi\/full\/10.12968\/bjhc.2021.0104\">\n lektor\u00e1lt cikk\n<\/a>\na British Journal of Healthcare Management c\u00edm\u0171 foly\u00f3iratban, vagy l\u00e1togassa meg oldalunkat\n<a href=\"\/hu_hu\/\">\n weboldal\n<\/a>\n.<\/p>","protected":false},"excerpt":{"rendered":"<p>A korm\u00e1ny v\u00e1laszthat\u00f3 gondoz\u00e1si helyre\u00e1ll\u00edt\u00e1si terv\u00e9nek hamarosan v\u00e1rhat\u00f3 megjelen\u00e9se el\u0151tt arr\u00f3l sz\u00e1moltak be, hogy a betegek el\u0151re megbesz\u00e9lt kezel\u00e9sekre utazhatnak, mivel a korm\u00e1ny azt tervezi, hogy a k\u00f3rh\u00e1zi szolg\u00e1ltat\u00e1sok ir\u00e1nti keresletet orsz\u00e1gszerte elterjessze.<\/p>","protected":false},"author":1,"featured_media":1758,"comment_status":"closed","ping_status":"closed","sticky":false,"template":"","format":"standard","meta":{"_acf_changed":false,"footnotes":""},"categories":[2],"tags":[4],"class_list":["post-4311","post","type-post","status-publish","format-standard","has-post-thumbnail","hentry","category-news","tag-modular"],"acf":[],"yoast_head":"<!-- This site is optimized with the Yoast SEO plugin v27.4 - https:\/\/yoast.com\/product\/yoast-seo-wordpress\/ -->\n<title>Modular Facilities: Bringing Treatment to Patients - Vanguard Healthcare Solutions<\/title>\n<meta name=\"description\" content=\"Vanguard&#039;s modular facilities bring treatment to patients ahead of government Recovery Plan requiring patients to travel for treatment\" \/>\n<meta name=\"robots\" content=\"index, follow, max-snippet:-1, max-image-preview:large, max-video-preview:-1\" \/>\n<link rel=\"canonical\" href=\"https:\/\/www.vanguardhealthcare.co.uk\/hu_hu\/modular-facilities-bringing-treatment-to-patients\/\" \/>\n<meta property=\"og:locale\" content=\"hu_HU\" \/>\n<meta property=\"og:type\" content=\"article\" \/>\n<meta property=\"og:title\" content=\"Modular Facilities: Bringing Treatment to Patients - Vanguard Healthcare Solutions\" \/>\n<meta property=\"og:description\" content=\"Vanguard&#039;s modular facilities bring treatment to patients ahead of government Recovery Plan requiring patients to travel for treatment\" \/>\n<meta property=\"og:url\" content=\"https:\/\/www.vanguardhealthcare.co.uk\/hu_hu\/modular-facilities-bringing-treatment-to-patients\/\" \/>\n<meta property=\"og:site_name\" content=\"Vanguard Healthcare Solutions\" \/>\n<meta property=\"article:published_time\" content=\"2021-12-03T13:43:28+00:00\" \/>\n<meta property=\"og:image\" content=\"https:\/\/www.vanguardhealthcare.co.uk\/wp-content\/uploads\/legacy\/2021\/08\/Drone-3-1024x576.png\" \/>\n\t<meta property=\"og:image:width\" content=\"1024\" \/>\n\t<meta property=\"og:image:height\" content=\"576\" \/>\n\t<meta property=\"og:image:type\" content=\"image\/png\" \/>\n<meta name=\"author\" content=\"Vanguard Healthcare Solutions\" \/>\n<meta name=\"twitter:card\" content=\"summary_large_image\" \/>\n<meta name=\"twitter:label1\" content=\"Szerz\u0151:\" \/>\n\t<meta name=\"twitter:data1\" content=\"Vanguard Healthcare Solutions\" \/>\n\t<meta name=\"twitter:label2\" content=\"Becs\u00fclt olvas\u00e1si id\u0151\" \/>\n\t<meta name=\"twitter:data2\" content=\"4 perc\" \/>\n<script type=\"application\/ld+json\" class=\"yoast-schema-graph\">{\"@context\":\"https:\\\/\\\/schema.org\",\"@graph\":[{\"@type\":\"Article\",\"@id\":\"https:\\\/\\\/www.vanguardhealthcare.co.uk\\\/modular-facilities-bringing-treatment-to-patients\\\/#article\",\"isPartOf\":{\"@id\":\"https:\\\/\\\/www.vanguardhealthcare.co.uk\\\/modular-facilities-bringing-treatment-to-patients\\\/\"},\"author\":{\"name\":\"Vanguard Healthcare Solutions\",\"@id\":\"https:\\\/\\\/www.vanguardhealthcare.co.uk\\\/#\\\/schema\\\/person\\\/426decd65e2d39321705e63d5ea4394b\"},\"headline\":\"Modular Facilities: Bringing Treatment to Patients\",\"datePublished\":\"2021-12-03T13:43:28+00:00\",\"mainEntityOfPage\":{\"@id\":\"https:\\\/\\\/www.vanguardhealthcare.co.uk\\\/modular-facilities-bringing-treatment-to-patients\\\/\"},\"wordCount\":746,\"image\":{\"@id\":\"https:\\\/\\\/www.vanguardhealthcare.co.uk\\\/modular-facilities-bringing-treatment-to-patients\\\/#primaryimage\"},\"thumbnailUrl\":\"https:\\\/\\\/www.vanguardhealthcare.co.uk\\\/wp-content\\\/uploads\\\/legacy\\\/2021\\\/08\\\/Drone-3.png\",\"keywords\":[\"Modular\"],\"articleSection\":[\"News\"],\"inLanguage\":\"hu\"},{\"@type\":\"WebPage\",\"@id\":\"https:\\\/\\\/www.vanguardhealthcare.co.uk\\\/modular-facilities-bringing-treatment-to-patients\\\/\",\"url\":\"https:\\\/\\\/www.vanguardhealthcare.co.uk\\\/modular-facilities-bringing-treatment-to-patients\\\/\",\"name\":\"Modular Facilities: Bringing Treatment to Patients - Vanguard Healthcare Solutions\",\"isPartOf\":{\"@id\":\"https:\\\/\\\/www.vanguardhealthcare.co.uk\\\/#website\"},\"primaryImageOfPage\":{\"@id\":\"https:\\\/\\\/www.vanguardhealthcare.co.uk\\\/modular-facilities-bringing-treatment-to-patients\\\/#primaryimage\"},\"image\":{\"@id\":\"https:\\\/\\\/www.vanguardhealthcare.co.uk\\\/modular-facilities-bringing-treatment-to-patients\\\/#primaryimage\"},\"thumbnailUrl\":\"https:\\\/\\\/www.vanguardhealthcare.co.uk\\\/wp-content\\\/uploads\\\/legacy\\\/2021\\\/08\\\/Drone-3.png\",\"datePublished\":\"2021-12-03T13:43:28+00:00\",\"author\":{\"@id\":\"https:\\\/\\\/www.vanguardhealthcare.co.uk\\\/#\\\/schema\\\/person\\\/426decd65e2d39321705e63d5ea4394b\"},\"description\":\"Vanguard's modular facilities bring treatment to patients ahead of government Recovery Plan requiring patients to travel for treatment\",\"breadcrumb\":{\"@id\":\"https:\\\/\\\/www.vanguardhealthcare.co.uk\\\/modular-facilities-bringing-treatment-to-patients\\\/#breadcrumb\"},\"inLanguage\":\"hu\",\"potentialAction\":[{\"@type\":\"ReadAction\",\"target\":[\"https:\\\/\\\/www.vanguardhealthcare.co.uk\\\/modular-facilities-bringing-treatment-to-patients\\\/\"]}]},{\"@type\":\"ImageObject\",\"inLanguage\":\"hu\",\"@id\":\"https:\\\/\\\/www.vanguardhealthcare.co.uk\\\/modular-facilities-bringing-treatment-to-patients\\\/#primaryimage\",\"url\":\"https:\\\/\\\/www.vanguardhealthcare.co.uk\\\/wp-content\\\/uploads\\\/legacy\\\/2021\\\/08\\\/Drone-3.png\",\"contentUrl\":\"https:\\\/\\\/www.vanguardhealthcare.co.uk\\\/wp-content\\\/uploads\\\/legacy\\\/2021\\\/08\\\/Drone-3.png\",\"width\":3832,\"height\":2154},{\"@type\":\"BreadcrumbList\",\"@id\":\"https:\\\/\\\/www.vanguardhealthcare.co.uk\\\/modular-facilities-bringing-treatment-to-patients\\\/#breadcrumb\",\"itemListElement\":[{\"@type\":\"ListItem\",\"position\":1,\"name\":\"Home\",\"item\":\"https:\\\/\\\/www.vanguardhealthcare.co.uk\\\/\"},{\"@type\":\"ListItem\",\"position\":2,\"name\":\"Modular Facilities: Bringing Treatment to Patients\"}]},{\"@type\":\"WebSite\",\"@id\":\"https:\\\/\\\/www.vanguardhealthcare.co.uk\\\/#website\",\"url\":\"https:\\\/\\\/www.vanguardhealthcare.co.uk\\\/\",\"name\":\"Vanguard Healthcare Solutions\",\"description\":\"\",\"potentialAction\":[{\"@type\":\"SearchAction\",\"target\":{\"@type\":\"EntryPoint\",\"urlTemplate\":\"https:\\\/\\\/www.vanguardhealthcare.co.uk\\\/?s={search_term_string}\"},\"query-input\":{\"@type\":\"PropertyValueSpecification\",\"valueRequired\":true,\"valueName\":\"search_term_string\"}}],\"inLanguage\":\"hu\"},{\"@type\":\"Person\",\"@id\":\"https:\\\/\\\/www.vanguardhealthcare.co.uk\\\/#\\\/schema\\\/person\\\/426decd65e2d39321705e63d5ea4394b\",\"name\":\"Vanguard Healthcare Solutions\",\"image\":{\"@type\":\"ImageObject\",\"inLanguage\":\"hu\",\"@id\":\"https:\\\/\\\/secure.gravatar.com\\\/avatar\\\/7ba7c80067fbd6952425e7e5a94fa842f37365b39fe1fd0a01287a5a0b6f7d2b?s=96&d=mm&r=g\",\"url\":\"https:\\\/\\\/secure.gravatar.com\\\/avatar\\\/7ba7c80067fbd6952425e7e5a94fa842f37365b39fe1fd0a01287a5a0b6f7d2b?s=96&d=mm&r=g\",\"contentUrl\":\"https:\\\/\\\/secure.gravatar.com\\\/avatar\\\/7ba7c80067fbd6952425e7e5a94fa842f37365b39fe1fd0a01287a5a0b6f7d2b?s=96&d=mm&r=g\",\"caption\":\"Vanguard Healthcare Solutions\"},\"sameAs\":[\"https:\\\/\\\/www.vanguardhealthcare.co.uk\"]}]}<\/script>\n<!-- \/ Yoast SEO plugin. -->","yoast_head_json":{"title":"Modul\u00e1ris l\u00e9tes\u00edtm\u00e9nyek: A kezel\u00e9s a betegekhez - Vanguard Healthcare Solutions","description":"Az Vanguard modul\u00e1ris l\u00e9tes\u00edtm\u00e9nyei a betegek sz\u00e1m\u00e1ra a kezel\u00e9st megel\u0151z\u0151en biztos\u00edtj\u00e1k a korm\u00e1nyzati helyre\u00e1ll\u00edt\u00e1si terv el\u0151\u00edr\u00e1sait, amely el\u0151\u00edrja a betegek sz\u00e1m\u00e1ra, hogy utazzanak a kezel\u00e9s\u00e9rt.","robots":{"index":"index","follow":"follow","max-snippet":"max-snippet:-1","max-image-preview":"max-image-preview:large","max-video-preview":"max-video-preview:-1"},"canonical":"https:\/\/www.vanguardhealthcare.co.uk\/hu_hu\/modular-facilities-bringing-treatment-to-patients\/","og_locale":"hu_HU","og_type":"article","og_title":"Modular Facilities: Bringing Treatment to Patients - Vanguard Healthcare Solutions","og_description":"Vanguard's modular facilities bring treatment to patients ahead of government Recovery Plan requiring patients to travel for treatment","og_url":"https:\/\/www.vanguardhealthcare.co.uk\/hu_hu\/modular-facilities-bringing-treatment-to-patients\/","og_site_name":"Vanguard Healthcare Solutions","article_published_time":"2021-12-03T13:43:28+00:00","og_image":[{"width":1024,"height":576,"url":"https:\/\/www.vanguardhealthcare.co.uk\/wp-content\/uploads\/legacy\/2021\/08\/Drone-3-1024x576.png","type":"image\/png"}],"author":"Vanguard Healthcare Solutions","twitter_card":"summary_large_image","twitter_misc":{"Szerz\u0151:":"Vanguard Healthcare Solutions","Becs\u00fclt olvas\u00e1si id\u0151":"4 perc"},"schema":{"@context":"https:\/\/schema.org","@graph":[{"@type":"Article","@id":"https:\/\/www.vanguardhealthcare.co.uk\/modular-facilities-bringing-treatment-to-patients\/#article","isPartOf":{"@id":"https:\/\/www.vanguardhealthcare.co.uk\/modular-facilities-bringing-treatment-to-patients\/"},"author":{"name":"Vanguard Healthcare Solutions","@id":"https:\/\/www.vanguardhealthcare.co.uk\/#\/schema\/person\/426decd65e2d39321705e63d5ea4394b"},"headline":"Modular Facilities: Bringing Treatment to Patients","datePublished":"2021-12-03T13:43:28+00:00","mainEntityOfPage":{"@id":"https:\/\/www.vanguardhealthcare.co.uk\/modular-facilities-bringing-treatment-to-patients\/"},"wordCount":746,"image":{"@id":"https:\/\/www.vanguardhealthcare.co.uk\/modular-facilities-bringing-treatment-to-patients\/#primaryimage"},"thumbnailUrl":"https:\/\/www.vanguardhealthcare.co.uk\/wp-content\/uploads\/legacy\/2021\/08\/Drone-3.png","keywords":["Modular"],"articleSection":["News"],"inLanguage":"hu"},{"@type":"WebPage","@id":"https:\/\/www.vanguardhealthcare.co.uk\/modular-facilities-bringing-treatment-to-patients\/","url":"https:\/\/www.vanguardhealthcare.co.uk\/modular-facilities-bringing-treatment-to-patients\/","name":"Modul\u00e1ris l\u00e9tes\u00edtm\u00e9nyek: A kezel\u00e9s a betegekhez - Vanguard Healthcare Solutions","isPartOf":{"@id":"https:\/\/www.vanguardhealthcare.co.uk\/#website"},"primaryImageOfPage":{"@id":"https:\/\/www.vanguardhealthcare.co.uk\/modular-facilities-bringing-treatment-to-patients\/#primaryimage"},"image":{"@id":"https:\/\/www.vanguardhealthcare.co.uk\/modular-facilities-bringing-treatment-to-patients\/#primaryimage"},"thumbnailUrl":"https:\/\/www.vanguardhealthcare.co.uk\/wp-content\/uploads\/legacy\/2021\/08\/Drone-3.png","datePublished":"2021-12-03T13:43:28+00:00","author":{"@id":"https:\/\/www.vanguardhealthcare.co.uk\/#\/schema\/person\/426decd65e2d39321705e63d5ea4394b"},"description":"Az Vanguard modul\u00e1ris l\u00e9tes\u00edtm\u00e9nyei a betegek sz\u00e1m\u00e1ra a kezel\u00e9st megel\u0151z\u0151en biztos\u00edtj\u00e1k a korm\u00e1nyzati helyre\u00e1ll\u00edt\u00e1si terv el\u0151\u00edr\u00e1sait, amely el\u0151\u00edrja a betegek sz\u00e1m\u00e1ra, hogy utazzanak a kezel\u00e9s\u00e9rt.","breadcrumb":{"@id":"https:\/\/www.vanguardhealthcare.co.uk\/modular-facilities-bringing-treatment-to-patients\/#breadcrumb"},"inLanguage":"hu","potentialAction":[{"@type":"ReadAction","target":["https:\/\/www.vanguardhealthcare.co.uk\/modular-facilities-bringing-treatment-to-patients\/"]}]},{"@type":"ImageObject","inLanguage":"hu","@id":"https:\/\/www.vanguardhealthcare.co.uk\/modular-facilities-bringing-treatment-to-patients\/#primaryimage","url":"https:\/\/www.vanguardhealthcare.co.uk\/wp-content\/uploads\/legacy\/2021\/08\/Drone-3.png","contentUrl":"https:\/\/www.vanguardhealthcare.co.uk\/wp-content\/uploads\/legacy\/2021\/08\/Drone-3.png","width":3832,"height":2154},{"@type":"BreadcrumbList","@id":"https:\/\/www.vanguardhealthcare.co.uk\/modular-facilities-bringing-treatment-to-patients\/#breadcrumb","itemListElement":[{"@type":"ListItem","position":1,"name":"Home","item":"https:\/\/www.vanguardhealthcare.co.uk\/"},{"@type":"ListItem","position":2,"name":"Modular Facilities: Bringing Treatment to Patients"}]},{"@type":"WebSite","@id":"https:\/\/www.vanguardhealthcare.co.uk\/#website","url":"https:\/\/www.vanguardhealthcare.co.uk\/","name":"Vanguard Healthcare Solutions","description":"","potentialAction":[{"@type":"SearchAction","target":{"@type":"EntryPoint","urlTemplate":"https:\/\/www.vanguardhealthcare.co.uk\/?s={search_term_string}"},"query-input":{"@type":"PropertyValueSpecification","valueRequired":true,"valueName":"search_term_string"}}],"inLanguage":"hu"},{"@type":"Person","@id":"https:\/\/www.vanguardhealthcare.co.uk\/#\/schema\/person\/426decd65e2d39321705e63d5ea4394b","name":"Vanguard Healthcare Solutions","image":{"@type":"ImageObject","inLanguage":"hu","@id":"https:\/\/secure.gravatar.com\/avatar\/7ba7c80067fbd6952425e7e5a94fa842f37365b39fe1fd0a01287a5a0b6f7d2b?s=96&d=mm&r=g","url":"https:\/\/secure.gravatar.com\/avatar\/7ba7c80067fbd6952425e7e5a94fa842f37365b39fe1fd0a01287a5a0b6f7d2b?s=96&d=mm&r=g","contentUrl":"https:\/\/secure.gravatar.com\/avatar\/7ba7c80067fbd6952425e7e5a94fa842f37365b39fe1fd0a01287a5a0b6f7d2b?s=96&d=mm&r=g","caption":"Vanguard Healthcare Solutions"},"sameAs":["https:\/\/www.vanguardhealthcare.co.uk"]}]}},"_links":{"self":[{"href":"https:\/\/www.vanguardhealthcare.co.uk\/hu_hu\/wp-json\/wp\/v2\/posts\/4311","targetHints":{"allow":["GET"]}}],"collection":[{"href":"https:\/\/www.vanguardhealthcare.co.uk\/hu_hu\/wp-json\/wp\/v2\/posts"}],"about":[{"href":"https:\/\/www.vanguardhealthcare.co.uk\/hu_hu\/wp-json\/wp\/v2\/types\/post"}],"author":[{"embeddable":true,"href":"https:\/\/www.vanguardhealthcare.co.uk\/hu_hu\/wp-json\/wp\/v2\/users\/1"}],"replies":[{"embeddable":true,"href":"https:\/\/www.vanguardhealthcare.co.uk\/hu_hu\/wp-json\/wp\/v2\/comments?post=4311"}],"version-history":[{"count":0,"href":"https:\/\/www.vanguardhealthcare.co.uk\/hu_hu\/wp-json\/wp\/v2\/posts\/4311\/revisions"}],"wp:featuredmedia":[{"embeddable":true,"href":"https:\/\/www.vanguardhealthcare.co.uk\/hu_hu\/wp-json\/wp\/v2\/media\/1758"}],"wp:attachment":[{"href":"https:\/\/www.vanguardhealthcare.co.uk\/hu_hu\/wp-json\/wp\/v2\/media?parent=4311"}],"wp:term":[{"taxonomy":"category","embeddable":true,"href":"https:\/\/www.vanguardhealthcare.co.uk\/hu_hu\/wp-json\/wp\/v2\/categories?post=4311"},{"taxonomy":"post_tag","embeddable":true,"href":"https:\/\/www.vanguardhealthcare.co.uk\/hu_hu\/wp-json\/wp\/v2\/tags?post=4311"}],"curies":[{"name":"munkaf\u00fczet","href":"https:\/\/api.w.org\/{rel}","templated":true}]}}