{"id":429,"date":"2023-06-09T08:58:00","date_gmt":"2023-06-09T08:58:00","guid":{"rendered":"https:\/\/www.vanguardhealthcare.co.uk\/?p=429"},"modified":"2023-10-05T10:48:26","modified_gmt":"2023-10-05T10:48:26","slug":"vanguard-healthcare-solutions-joins-forces-with-klimate-on-carbon-removal-project-and-takes-next-step-in-its-net-zero-journey","status":"publish","type":"post","link":"https:\/\/www.vanguardhealthcare.co.uk\/hu_hu\/vanguard-healthcare-solutions-joins-forces-with-klimate-on-carbon-removal-project-and-takes-next-step-in-its-net-zero-journey\/","title":{"rendered":"A Vanguard Healthcare Solutions egyes\u00edti er\u0151it a Klimate-tel a sz\u00e9n-dioxid-elt\u00e1vol\u00edt\u00e1si projektben, \u00e9s megteszi a k\u00f6vetkez\u0151 l\u00e9p\u00e9st a Net Zero \u00fatj\u00e1n"},"content":{"rendered":"<p>A VANGUARD Healthcare Solutions jelent\u0151s l\u00e9p\u00e9st tett a Net Zero szervezett\u00e9 v\u00e1l\u00e1s fel\u00e9 vezet\u0151 \u00faton a d\u00e1n sz\u00e9n-dioxid-elt\u00e1vol\u00edt\u00f3 szak\u00e9rt\u0151kkel egy\u00fcttm\u0171k\u00f6dve.&nbsp;<a href=\"https:\/\/klimate.co\/\">Klimate<\/a>, akik olyan k\u00f6rnyezettudatos v\u00e1llalatokkal dolgoznak egy\u00fctt, mint az Vanguard, hogy seg\u00edtsenek nekik el\u00e9rni a Net Zero-t \u00e9s felgyors\u00edtani a sz\u00e9n-dioxid-elt\u00e1vol\u00edt\u00e1si technol\u00f3gi\u00e1kat.<\/p>\n<p>Az Vanguard a rugalmas klinikai infrastrukt\u00fara \u00e9s szolg\u00e1ltat\u00e1sok vezet\u0151 glob\u00e1lis szolg\u00e1ltat\u00f3ja, amely magas sz\u00ednvonal\u00fa, m\u0171szakilag fejlett m\u0171t\u0151ket, klinikai l\u00e9tes\u00edtm\u00e9nyeket, endoszk\u00f3pos \u00e9s diagnosztikai megold\u00e1sokat k\u00edn\u00e1l az eg\u00e9szs\u00e9g\u00fcgyi \u00fcgyfelekkel egy\u00fcttm\u0171k\u00f6dve a kapacit\u00e1s n\u00f6vel\u00e9se, valamint a hat\u00e9konys\u00e1g \u00e9s az eg\u00e9szs\u00e9g\u00fcgyi eredm\u00e9nyek jav\u00edt\u00e1sa \u00e9rdek\u00e9ben.<\/p>\n<p>A Klimate-tel egy\u00fctt az Vanguard sz\u00e9n-dioxid-elt\u00e1vol\u00edt\u00e1si projektek portf\u00f3li\u00f3j\u00e1t \u00e9p\u00edti fel c\u00e9ljaik el\u00e9r\u00e9se \u00e9s a k\u00f6rnyezet v\u00e9delme \u00e9rdek\u00e9ben. A portf\u00f3li\u00f3 olyan projekteket fog tartalmazni, mint a k\u00f6zvetlen leveg\u0151 befog\u00e1sa, a m\u00e9lyben t\u00e1rolt bioolaj, az \u00f3ce\u00e1ni moszat \u00e9s a helyre\u00e1ll\u00edt\u00f3 fa\u00fcltet\u00e9s, \u00e9s ezeket f\u00fcggetlen\u00fcl ellen\u0151rizni fogj\u00e1k integrit\u00e1suk \u00e9s hat\u00e9konys\u00e1guk biztos\u00edt\u00e1sa \u00e9rdek\u00e9ben.<\/p>\n<p>Az ezekbe a sz\u00e9n-dioxid-elt\u00e1vol\u00edt\u00e1si projektekbe t\u00f6rt\u00e9n\u0151 beruh\u00e1z\u00e1s alapvet\u0151 szerepet fog j\u00e1tszani abban, hogy az Vanguard el\u00e9rje azon amb\u00edci\u00f3it, hogy az elk\u00f6vetkez\u0151 \u00e9vekben sz\u00e9n-dioxid-semlegess\u00e9 v\u00e1ljon az 1. \u00e9s 2. hat\u00f3k\u00f6r\u0171 kibocs\u00e1t\u00e1sok tekintet\u00e9ben. Ez a beruh\u00e1z\u00e1s egy olyan sz\u00e9n-dioxid-elt\u00e1vol\u00edt\u00e1si program els\u0151 l\u00e9p\u00e9se, amely felel\u0151ss\u00e9get v\u00e1llal az elker\u00fclhetetlen kibocs\u00e1t\u00e1sok\u00e9rt, \u00e9s amelyet az Vanguard azon munk\u00e1ja k\u00eds\u00e9r, hogy sz\u00e9n-dioxid-kibocs\u00e1t\u00e1s\u00e1t 61%-vel cs\u00f6kkentse. Az e c\u00e9l el\u00e9r\u00e9se \u00e9rdek\u00e9ben v\u00e9gzett munka mag\u00e1ban foglalja az elektromos j\u00e1rm\u0171vek flott\u00e1j\u00e1ba val\u00f3 fokozatos bevezet\u00e9s\u00e9t, a meg\u00fajul\u00f3 energiaforr\u00e1sok felhaszn\u00e1l\u00e1s\u00e1t minden helyis\u00e9gben, valamint a hullad\u00e9k-\u00fajrahasznos\u00edt\u00e1s m\u00e9rt\u00e9k\u00e9nek n\u00f6vel\u00e9s\u00e9t.<\/p>\n<p>Vil\u00e1gviszonylatban ez k\u00f6ztudott\u00a0<a href=\"https:\/\/unfccc.int\/news\/climate-plans-remain-insufficient-more-ambitious-action-needed-now\">A kibocs\u00e1t\u00e1snak 45%-vel kell cs\u00f6kkennie 2030-ig<\/a> hogy a h\u0151m\u00e9rs\u00e9klet 1,5 C alatt maradjon az iparosod\u00e1s el\u0151tti szinthez k\u00e9pest.<\/p>\n<p>Chris Blackwell-Frost, az Vanguard Healthcare Solutions vez\u00e9rigazgat\u00f3ja elmondta:<\/p>\n<p>\u201eNagyon inspir\u00e1lt az Oxford Offsetting Principles, \u00e9s a Klimate portf\u00f3li\u00f3s megk\u00f6zel\u00edt\u00e9se a sz\u00e9n-dioxid-elt\u00e1vol\u00edt\u00e1s ter\u00e9n lehet\u0151v\u00e9 teszi sz\u00e1munkra, hogy t\u00f6k\u00e9letesen igazodjunk ezekhez.<\/p>\n<p><em>\u201eSzervezetk\u00e9nt teljes m\u00e9rt\u00e9kben elk\u00f6telezettek vagyunk amellett, hogy vil\u00e1gsz\u00ednvonal\u00fa klinikai l\u00e9tes\u00edtm\u00e9nyeket \u00e9s szolg\u00e1ltat\u00e1sokat ny\u00fajtsunk, \u00e9s egy olyan szervezet, amely k\u00f6rnyezettudatos \u00e9s felel\u0151s m\u00f3don m\u0171k\u00f6dik.&nbsp;<\/em><em>Elk\u00f6telezettek vagyunk amellett, hogy 2023-ban sz\u00e9n-dioxid-semlegesek legy\u00fcnk a Scope 1 \u00e9s 2 kibocs\u00e1t\u00e1sok tekintet\u00e9ben, \u00e9s a Kllimate-tel val\u00f3 befektet\u00e9si programunk \u00e9s partners\u00e9g\u00fcnk r\u00e9v\u00e9n el\u00e9rj\u00fck ezt a c\u00e9lt.<\/em><\/p>\n<p><em>Glob\u00e1lis v\u00e1llalkoz\u00e1sk\u00e9nt az a c\u00e9lunk, hogy minden t\u0151l\u00fcnk telhet\u0151t megtesz\u00fcnk munk\u00e1nk k\u00f6rnyezeti hat\u00e1sainak kezel\u00e9se \u00e9rdek\u00e9ben, \u00e9s minden t\u0151l\u00fcnk telhet\u0151t megtegy\u00fcnk a k\u00f6rnyezet v\u00e9delm\u00e9ben. F\u00f3kuszunk egy r\u00e9sze term\u00e9szetesen tev\u00e9kenys\u00e9g\u00fcnk abszol\u00fat kibocs\u00e1t\u00e1s\u00e1nak cs\u00f6kkent\u00e9s\u00e9re ir\u00e1nyul, de kulcsfontoss\u00e1g\u00fa, hogy ezeket a tev\u00e9kenys\u00e9geket kieg\u00e9sz\u00edts\u00fck a sz\u00e9n-dioxid-elt\u00e1vol\u00edt\u00f3 int\u00e9zked\u00e9sekkel is.<\/em><\/p>\n<p><em>\u00d6r\u00f6m\u00fcnkre szolg\u00e1l, hogy a Klimate-tel egy\u00fctt dolgozhatunk a sz\u00e9n-dioxid-elt\u00e1vol\u00edt\u00e1si projektek portf\u00f3li\u00f3j\u00e1ba val\u00f3 befektet\u00e9sen szerte a vil\u00e1gon, \u00e9s mindent megtesz\u00fcnk annak \u00e9rdek\u00e9ben, hogy folyamatosan fel\u00fclvizsg\u00e1ljuk \u00e9s jav\u00edtsuk a 2035-re kit\u0171z\u00f6tt Net Zero c\u00e9lunkat.\u201d<\/em><\/p>\n<p>Erik Wihlborg, a Klimate kereskedelmi igazgat\u00f3ja elmondta:<\/p>\n<p>\u201e\u00d6r\u00fcl\u00fcnk, hogy az Vanguard-vel egy\u00fctt dolgozhatunk abban, hogy seg\u00edts\u00fcnk nekik olyan kiv\u00e1l\u00f3 min\u0151s\u00e9g\u0171, innovat\u00edv \u00e9s ellen\u0151rizhet\u0151 sz\u00e9n-dioxid-elt\u00e1vol\u00edt\u00e1si megold\u00e1sokhoz jutni, amelyek \u00f6sszhangban \u00e1llnak a tudom\u00e1nyokkal, \u00e9s seg\u00edtik \u0151ket k\u00f6rnyezetv\u00e9delmi amb\u00edci\u00f3ik megval\u00f3s\u00edt\u00e1s\u00e1ban.\u201d<\/p>\n<figure class=\"wp-block-image size-large is-resized\"><img loading=\"lazy\" decoding=\"async\" src=\"https:\/\/www.vanguardhealthcare.co.uk\/wp-content\/uploads\/2023\/07\/vanguard-and-Klimate-landscape-1024x262.png\" alt=\"\" class=\"wp-image-430\" style=\"width:840px;height:214px\" width=\"840\" height=\"214\" srcset=\"https:\/\/www.vanguardhealthcare.co.uk\/wp-content\/uploads\/2023\/07\/vanguard-and-Klimate-landscape-1024x262.png 1024w, https:\/\/www.vanguardhealthcare.co.uk\/wp-content\/uploads\/2023\/07\/vanguard-and-Klimate-landscape-300x77.png 300w, https:\/\/www.vanguardhealthcare.co.uk\/wp-content\/uploads\/2023\/07\/vanguard-and-Klimate-landscape-768x197.png 768w, https:\/\/www.vanguardhealthcare.co.uk\/wp-content\/uploads\/2023\/07\/vanguard-and-Klimate-landscape-18x5.png 18w, https:\/\/www.vanguardhealthcare.co.uk\/wp-content\/uploads\/2023\/07\/vanguard-and-Klimate-landscape.png 1414w\" sizes=\"auto, (max-width: 840px) 100vw, 840px\" \/><\/figure>\n<h3 class=\"wp-block-heading\">Megjegyz\u00e9s a szerkeszt\u0151knek<\/h3>\n<p><strong>Vanguard Healthcare Solutions&nbsp;<\/strong>egy orvostechnol\u00f3giai v\u00e1llalat, amely k\u00f6zel 25 \u00e9ve \u00e1ll partnerkapcsolatban eg\u00e9szs\u00e9g\u00fcgyi szolg\u00e1ltat\u00f3kkal az Egyes\u00fclt Kir\u00e1lys\u00e1gban \u00e9s vil\u00e1gszerte, bele\u00e9rtve Eur\u00f3p\u00e1t \u00e9s Ausztr\u00e1li\u00e1t is.<\/p>\n<p>Az Vanguard modul\u00e1ris \u00e9s mobil eg\u00e9szs\u00e9g\u00fcgyi tereket hoz l\u00e9tre \u00e9s biztos\u00edt gyorsan, bele\u00e9rtve a testre szabott t\u00f6bbtermes seb\u00e9szeti k\u00f6zpontokat, diagnosztikai k\u00f6zpontokat, ultratiszta \u00e9s szabv\u00e1nyos m\u0171t\u0151ket, endoszk\u00f3pos r\u00e9szlegeket, nappali seb\u00e9szeteket, klinik\u00e1kat, oszt\u00e1lyokat, k\u00e9tell\u00e1t\u00f3 helyis\u00e9geket, dekontamin\u00e1l\u00f3 egys\u00e9geket \u00e9s k\u00f6zponti steriliz\u00e1ci\u00f3s szolg\u00e1ltat\u00e1sokat.<\/p>\n<p>Az Vanguard mobil \u00e9s modul\u00e1ris megold\u00e1sok kiv\u00e1l\u00f3 min\u0151s\u00e9g\u0171, speci\u00e1lis \u00e9s integr\u00e1lt klinikai k\u00f6rnyezetet k\u00edn\u00e1lnak, ahol sz\u00e1mos elj\u00e1r\u00e1st lehet biztos\u00edtani, bele\u00e9rtve az ortop\u00e9diai, szem\u00e9szeti \u00e9s endoszk\u00f3pos elj\u00e1r\u00e1sokat. Ezek seg\u00edtik az eg\u00e9szs\u00e9g\u00fcgyi szolg\u00e1ltat\u00f3kat, bele\u00e9rtve az NHS-t is, hogy n\u00f6velj\u00e9k a betegkapacit\u00e1st \u00e9s a klinikai helyet, cs\u00f6kkentve ezzel az elj\u00e1r\u00e1sok v\u00e1rakoz\u00e1si idej\u00e9t. Tervezett \u00e9s v\u00e9szhelyzetekben is haszn\u00e1lhat\u00f3k.<\/p>\n<p>Az Vanguard t\u00e1mogatja a l\u00e9tes\u00edtm\u00e9nyeket klinikai t\u00e1mogat\u00e1ssal \u00e9s \u00e1pol\u00f3 szem\u00e9lyzettel, valamint kieg\u00e9sz\u00edt\u0151 t\u00e1mogat\u00e1si szolg\u00e1ltat\u00e1sokat, amelyek kiterjednek a berendez\u00e9sekre \u00e9s a helysz\u00edni t\u00e1mogat\u00e1si \u00e9s karbantart\u00e1si szolg\u00e1ltat\u00e1sokra.<\/p>\n<h3 class=\"wp-block-heading\">A Klimate-r\u00f3l:<\/h3>\n<p>A Klimate egy 2021-ben alap\u00edtott kl\u00edmatechnol\u00f3giai v\u00e1llalat, amelynek k\u00f6zpontja Koppenh\u00e1g\u00e1ban, D\u00e1ni\u00e1ban tal\u00e1lhat\u00f3. A Klimate hozz\u00e1f\u00e9r\u00e9st biztos\u00edt a tudom\u00e1nyhoz igazod\u00f3, kiv\u00e1l\u00f3 min\u0151s\u00e9g\u0171, innovat\u00edv \u00e9s ellen\u0151rizhet\u0151 sz\u00e9nelt\u00e1vol\u00edt\u00f3 megold\u00e1sokhoz. A Klimate alapvet\u0151 c\u00e9lja a sz\u00e9n-dioxid-elt\u00e1vol\u00edt\u00e1si m\u00f3dszerek \u00e9s technol\u00f3gi\u00e1k fejleszt\u00e9s\u00e9nek m\u00e9rt\u00e9ke \u00e9s felgyors\u00edt\u00e1sa a P\u00e1rizsi Meg\u00e1llapod\u00e1sban meghat\u00e1rozott c\u00e9lok el\u00e9r\u00e9s\u00e9hez.<\/p>","protected":false},"excerpt":{"rendered":"<p>Olvasson a Klimate.co-val val\u00f3 egy\u00fcttm\u0171k\u00f6d\u00e9s\u00fcnkr\u0151l Net Zero utaz\u00e1sunk r\u00e9szek\u00e9nt<\/p>","protected":false},"author":1,"featured_media":1380,"comment_status":"open","ping_status":"open","sticky":false,"template":"","format":"standard","meta":{"_acf_changed":false,"footnotes":""},"categories":[2],"tags":[],"class_list":["post-429","post","type-post","status-publish","format-standard","has-post-thumbnail","hentry","category-news"],"acf":[],"yoast_head":"<!-- This site is optimized with the Yoast SEO plugin v27.4 - https:\/\/yoast.com\/product\/yoast-seo-wordpress\/ -->\n<title>Vanguard Healthcare Solutions joins forces with Klimate on carbon removal project and takes next step in its Net Zero journey - Vanguard Healthcare Solutions<\/title>\n<meta name=\"robots\" content=\"index, follow, max-snippet:-1, max-image-preview:large, max-video-preview:-1\" \/>\n<link rel=\"canonical\" href=\"https:\/\/www.vanguardhealthcare.co.uk\/hu_hu\/vanguard-healthcare-solutions-joins-forces-with-klimate-on-carbon-removal-project-and-takes-next-step-in-its-net-zero-journey\/\" \/>\n<meta property=\"og:locale\" content=\"hu_HU\" \/>\n<meta property=\"og:type\" content=\"article\" \/>\n<meta property=\"og:title\" content=\"Vanguard Healthcare Solutions joins forces with Klimate on carbon removal project and takes next step in its Net Zero journey - Vanguard Healthcare Solutions\" \/>\n<meta property=\"og:description\" content=\"Read about our partnership with Klimate.co as part of our Net Zero journey\" \/>\n<meta property=\"og:url\" content=\"https:\/\/www.vanguardhealthcare.co.uk\/hu_hu\/vanguard-healthcare-solutions-joins-forces-with-klimate-on-carbon-removal-project-and-takes-next-step-in-its-net-zero-journey\/\" \/>\n<meta property=\"og:site_name\" content=\"Vanguard Healthcare Solutions\" \/>\n<meta property=\"article:published_time\" content=\"2023-06-09T08:58:00+00:00\" \/>\n<meta property=\"article:modified_time\" content=\"2023-10-05T10:48:26+00:00\" \/>\n<meta property=\"og:image\" content=\"https:\/\/www.vanguardhealthcare.co.uk\/wp-content\/uploads\/2023\/06\/klimate.png\" \/>\n\t<meta property=\"og:image:width\" content=\"1000\" \/>\n\t<meta property=\"og:image:height\" content=\"1000\" \/>\n\t<meta property=\"og:image:type\" content=\"image\/png\" \/>\n<meta name=\"author\" content=\"Vanguard Healthcare Solutions\" \/>\n<meta name=\"twitter:card\" content=\"summary_large_image\" \/>\n<meta name=\"twitter:label1\" content=\"Szerz\u0151:\" \/>\n\t<meta name=\"twitter:data1\" content=\"Vanguard Healthcare Solutions\" \/>\n\t<meta name=\"twitter:label2\" content=\"Becs\u00fclt olvas\u00e1si id\u0151\" \/>\n\t<meta name=\"twitter:data2\" content=\"4 perc\" \/>\n<script type=\"application\/ld+json\" class=\"yoast-schema-graph\">{\"@context\":\"https:\\\/\\\/schema.org\",\"@graph\":[{\"@type\":\"Article\",\"@id\":\"https:\\\/\\\/www.vanguardhealthcare.co.uk\\\/vanguard-healthcare-solutions-joins-forces-with-klimate-on-carbon-removal-project-and-takes-next-step-in-its-net-zero-journey\\\/#article\",\"isPartOf\":{\"@id\":\"https:\\\/\\\/www.vanguardhealthcare.co.uk\\\/vanguard-healthcare-solutions-joins-forces-with-klimate-on-carbon-removal-project-and-takes-next-step-in-its-net-zero-journey\\\/\"},\"author\":{\"name\":\"Vanguard Healthcare Solutions\",\"@id\":\"https:\\\/\\\/www.vanguardhealthcare.co.uk\\\/#\\\/schema\\\/person\\\/426decd65e2d39321705e63d5ea4394b\"},\"headline\":\"Vanguard Healthcare Solutions joins forces with Klimate on carbon removal project and takes next step in its Net Zero journey\",\"datePublished\":\"2023-06-09T08:58:00+00:00\",\"dateModified\":\"2023-10-05T10:48:26+00:00\",\"mainEntityOfPage\":{\"@id\":\"https:\\\/\\\/www.vanguardhealthcare.co.uk\\\/vanguard-healthcare-solutions-joins-forces-with-klimate-on-carbon-removal-project-and-takes-next-step-in-its-net-zero-journey\\\/\"},\"wordCount\":709,\"commentCount\":0,\"image\":{\"@id\":\"https:\\\/\\\/www.vanguardhealthcare.co.uk\\\/vanguard-healthcare-solutions-joins-forces-with-klimate-on-carbon-removal-project-and-takes-next-step-in-its-net-zero-journey\\\/#primaryimage\"},\"thumbnailUrl\":\"https:\\\/\\\/www.vanguardhealthcare.co.uk\\\/wp-content\\\/uploads\\\/2023\\\/06\\\/klimate.png\",\"articleSection\":[\"News\"],\"inLanguage\":\"hu\",\"potentialAction\":[{\"@type\":\"CommentAction\",\"name\":\"Comment\",\"target\":[\"https:\\\/\\\/www.vanguardhealthcare.co.uk\\\/vanguard-healthcare-solutions-joins-forces-with-klimate-on-carbon-removal-project-and-takes-next-step-in-its-net-zero-journey\\\/#respond\"]}]},{\"@type\":\"WebPage\",\"@id\":\"https:\\\/\\\/www.vanguardhealthcare.co.uk\\\/vanguard-healthcare-solutions-joins-forces-with-klimate-on-carbon-removal-project-and-takes-next-step-in-its-net-zero-journey\\\/\",\"url\":\"https:\\\/\\\/www.vanguardhealthcare.co.uk\\\/vanguard-healthcare-solutions-joins-forces-with-klimate-on-carbon-removal-project-and-takes-next-step-in-its-net-zero-journey\\\/\",\"name\":\"Vanguard Healthcare Solutions joins forces with Klimate on carbon removal project and takes next step in its Net Zero journey - Vanguard Healthcare Solutions\",\"isPartOf\":{\"@id\":\"https:\\\/\\\/www.vanguardhealthcare.co.uk\\\/#website\"},\"primaryImageOfPage\":{\"@id\":\"https:\\\/\\\/www.vanguardhealthcare.co.uk\\\/vanguard-healthcare-solutions-joins-forces-with-klimate-on-carbon-removal-project-and-takes-next-step-in-its-net-zero-journey\\\/#primaryimage\"},\"image\":{\"@id\":\"https:\\\/\\\/www.vanguardhealthcare.co.uk\\\/vanguard-healthcare-solutions-joins-forces-with-klimate-on-carbon-removal-project-and-takes-next-step-in-its-net-zero-journey\\\/#primaryimage\"},\"thumbnailUrl\":\"https:\\\/\\\/www.vanguardhealthcare.co.uk\\\/wp-content\\\/uploads\\\/2023\\\/06\\\/klimate.png\",\"datePublished\":\"2023-06-09T08:58:00+00:00\",\"dateModified\":\"2023-10-05T10:48:26+00:00\",\"author\":{\"@id\":\"https:\\\/\\\/www.vanguardhealthcare.co.uk\\\/#\\\/schema\\\/person\\\/426decd65e2d39321705e63d5ea4394b\"},\"breadcrumb\":{\"@id\":\"https:\\\/\\\/www.vanguardhealthcare.co.uk\\\/vanguard-healthcare-solutions-joins-forces-with-klimate-on-carbon-removal-project-and-takes-next-step-in-its-net-zero-journey\\\/#breadcrumb\"},\"inLanguage\":\"hu\",\"potentialAction\":[{\"@type\":\"ReadAction\",\"target\":[\"https:\\\/\\\/www.vanguardhealthcare.co.uk\\\/vanguard-healthcare-solutions-joins-forces-with-klimate-on-carbon-removal-project-and-takes-next-step-in-its-net-zero-journey\\\/\"]}]},{\"@type\":\"ImageObject\",\"inLanguage\":\"hu\",\"@id\":\"https:\\\/\\\/www.vanguardhealthcare.co.uk\\\/vanguard-healthcare-solutions-joins-forces-with-klimate-on-carbon-removal-project-and-takes-next-step-in-its-net-zero-journey\\\/#primaryimage\",\"url\":\"https:\\\/\\\/www.vanguardhealthcare.co.uk\\\/wp-content\\\/uploads\\\/2023\\\/06\\\/klimate.png\",\"contentUrl\":\"https:\\\/\\\/www.vanguardhealthcare.co.uk\\\/wp-content\\\/uploads\\\/2023\\\/06\\\/klimate.png\",\"width\":1000,\"height\":1000},{\"@type\":\"BreadcrumbList\",\"@id\":\"https:\\\/\\\/www.vanguardhealthcare.co.uk\\\/vanguard-healthcare-solutions-joins-forces-with-klimate-on-carbon-removal-project-and-takes-next-step-in-its-net-zero-journey\\\/#breadcrumb\",\"itemListElement\":[{\"@type\":\"ListItem\",\"position\":1,\"name\":\"Home\",\"item\":\"https:\\\/\\\/www.vanguardhealthcare.co.uk\\\/\"},{\"@type\":\"ListItem\",\"position\":2,\"name\":\"Vanguard Healthcare Solutions joins forces with Klimate on carbon removal project and takes next step in its Net Zero journey\"}]},{\"@type\":\"WebSite\",\"@id\":\"https:\\\/\\\/www.vanguardhealthcare.co.uk\\\/#website\",\"url\":\"https:\\\/\\\/www.vanguardhealthcare.co.uk\\\/\",\"name\":\"Vanguard Healthcare Solutions\",\"description\":\"\",\"potentialAction\":[{\"@type\":\"SearchAction\",\"target\":{\"@type\":\"EntryPoint\",\"urlTemplate\":\"https:\\\/\\\/www.vanguardhealthcare.co.uk\\\/?s={search_term_string}\"},\"query-input\":{\"@type\":\"PropertyValueSpecification\",\"valueRequired\":true,\"valueName\":\"search_term_string\"}}],\"inLanguage\":\"hu\"},{\"@type\":\"Person\",\"@id\":\"https:\\\/\\\/www.vanguardhealthcare.co.uk\\\/#\\\/schema\\\/person\\\/426decd65e2d39321705e63d5ea4394b\",\"name\":\"Vanguard Healthcare Solutions\",\"image\":{\"@type\":\"ImageObject\",\"inLanguage\":\"hu\",\"@id\":\"https:\\\/\\\/secure.gravatar.com\\\/avatar\\\/7ba7c80067fbd6952425e7e5a94fa842f37365b39fe1fd0a01287a5a0b6f7d2b?s=96&d=mm&r=g\",\"url\":\"https:\\\/\\\/secure.gravatar.com\\\/avatar\\\/7ba7c80067fbd6952425e7e5a94fa842f37365b39fe1fd0a01287a5a0b6f7d2b?s=96&d=mm&r=g\",\"contentUrl\":\"https:\\\/\\\/secure.gravatar.com\\\/avatar\\\/7ba7c80067fbd6952425e7e5a94fa842f37365b39fe1fd0a01287a5a0b6f7d2b?s=96&d=mm&r=g\",\"caption\":\"Vanguard Healthcare Solutions\"},\"sameAs\":[\"https:\\\/\\\/www.vanguardhealthcare.co.uk\"]}]}<\/script>\n<!-- \/ Yoast SEO plugin. -->","yoast_head_json":{"title":"Az Vanguard Healthcare Solutions egyes\u00edti er\u0151it a Klimate-tel egy sz\u00e9n-dioxid-elt\u00e1vol\u00edt\u00e1si projektben, \u00e9s megteszi a k\u00f6vetkez\u0151 l\u00e9p\u00e9st a nett\u00f3 nulla kibocs\u00e1t\u00e1s fel\u00e9 vezet\u0151 \u00faton - Vanguard Healthcare Solutions","robots":{"index":"index","follow":"follow","max-snippet":"max-snippet:-1","max-image-preview":"max-image-preview:large","max-video-preview":"max-video-preview:-1"},"canonical":"https:\/\/www.vanguardhealthcare.co.uk\/hu_hu\/vanguard-healthcare-solutions-joins-forces-with-klimate-on-carbon-removal-project-and-takes-next-step-in-its-net-zero-journey\/","og_locale":"hu_HU","og_type":"article","og_title":"Vanguard Healthcare Solutions joins forces with Klimate on carbon removal project and takes next step in its Net Zero journey - Vanguard Healthcare Solutions","og_description":"Read about our partnership with Klimate.co as part of our Net Zero journey","og_url":"https:\/\/www.vanguardhealthcare.co.uk\/hu_hu\/vanguard-healthcare-solutions-joins-forces-with-klimate-on-carbon-removal-project-and-takes-next-step-in-its-net-zero-journey\/","og_site_name":"Vanguard Healthcare Solutions","article_published_time":"2023-06-09T08:58:00+00:00","article_modified_time":"2023-10-05T10:48:26+00:00","og_image":[{"width":1000,"height":1000,"url":"https:\/\/www.vanguardhealthcare.co.uk\/wp-content\/uploads\/2023\/06\/klimate.png","type":"image\/png"}],"author":"Vanguard Healthcare Solutions","twitter_card":"summary_large_image","twitter_misc":{"Szerz\u0151:":"Vanguard Healthcare Solutions","Becs\u00fclt olvas\u00e1si id\u0151":"4 perc"},"schema":{"@context":"https:\/\/schema.org","@graph":[{"@type":"Article","@id":"https:\/\/www.vanguardhealthcare.co.uk\/vanguard-healthcare-solutions-joins-forces-with-klimate-on-carbon-removal-project-and-takes-next-step-in-its-net-zero-journey\/#article","isPartOf":{"@id":"https:\/\/www.vanguardhealthcare.co.uk\/vanguard-healthcare-solutions-joins-forces-with-klimate-on-carbon-removal-project-and-takes-next-step-in-its-net-zero-journey\/"},"author":{"name":"Vanguard Healthcare Solutions","@id":"https:\/\/www.vanguardhealthcare.co.uk\/#\/schema\/person\/426decd65e2d39321705e63d5ea4394b"},"headline":"Vanguard Healthcare Solutions joins forces with Klimate on carbon removal project and takes next step in its Net Zero journey","datePublished":"2023-06-09T08:58:00+00:00","dateModified":"2023-10-05T10:48:26+00:00","mainEntityOfPage":{"@id":"https:\/\/www.vanguardhealthcare.co.uk\/vanguard-healthcare-solutions-joins-forces-with-klimate-on-carbon-removal-project-and-takes-next-step-in-its-net-zero-journey\/"},"wordCount":709,"commentCount":0,"image":{"@id":"https:\/\/www.vanguardhealthcare.co.uk\/vanguard-healthcare-solutions-joins-forces-with-klimate-on-carbon-removal-project-and-takes-next-step-in-its-net-zero-journey\/#primaryimage"},"thumbnailUrl":"https:\/\/www.vanguardhealthcare.co.uk\/wp-content\/uploads\/2023\/06\/klimate.png","articleSection":["News"],"inLanguage":"hu","potentialAction":[{"@type":"CommentAction","name":"Comment","target":["https:\/\/www.vanguardhealthcare.co.uk\/vanguard-healthcare-solutions-joins-forces-with-klimate-on-carbon-removal-project-and-takes-next-step-in-its-net-zero-journey\/#respond"]}]},{"@type":"WebPage","@id":"https:\/\/www.vanguardhealthcare.co.uk\/vanguard-healthcare-solutions-joins-forces-with-klimate-on-carbon-removal-project-and-takes-next-step-in-its-net-zero-journey\/","url":"https:\/\/www.vanguardhealthcare.co.uk\/vanguard-healthcare-solutions-joins-forces-with-klimate-on-carbon-removal-project-and-takes-next-step-in-its-net-zero-journey\/","name":"Az Vanguard Healthcare Solutions egyes\u00edti er\u0151it a Klimate-tel egy sz\u00e9n-dioxid-elt\u00e1vol\u00edt\u00e1si projektben, \u00e9s megteszi a k\u00f6vetkez\u0151 l\u00e9p\u00e9st a nett\u00f3 nulla kibocs\u00e1t\u00e1s fel\u00e9 vezet\u0151 \u00faton - Vanguard Healthcare Solutions","isPartOf":{"@id":"https:\/\/www.vanguardhealthcare.co.uk\/#website"},"primaryImageOfPage":{"@id":"https:\/\/www.vanguardhealthcare.co.uk\/vanguard-healthcare-solutions-joins-forces-with-klimate-on-carbon-removal-project-and-takes-next-step-in-its-net-zero-journey\/#primaryimage"},"image":{"@id":"https:\/\/www.vanguardhealthcare.co.uk\/vanguard-healthcare-solutions-joins-forces-with-klimate-on-carbon-removal-project-and-takes-next-step-in-its-net-zero-journey\/#primaryimage"},"thumbnailUrl":"https:\/\/www.vanguardhealthcare.co.uk\/wp-content\/uploads\/2023\/06\/klimate.png","datePublished":"2023-06-09T08:58:00+00:00","dateModified":"2023-10-05T10:48:26+00:00","author":{"@id":"https:\/\/www.vanguardhealthcare.co.uk\/#\/schema\/person\/426decd65e2d39321705e63d5ea4394b"},"breadcrumb":{"@id":"https:\/\/www.vanguardhealthcare.co.uk\/vanguard-healthcare-solutions-joins-forces-with-klimate-on-carbon-removal-project-and-takes-next-step-in-its-net-zero-journey\/#breadcrumb"},"inLanguage":"hu","potentialAction":[{"@type":"ReadAction","target":["https:\/\/www.vanguardhealthcare.co.uk\/vanguard-healthcare-solutions-joins-forces-with-klimate-on-carbon-removal-project-and-takes-next-step-in-its-net-zero-journey\/"]}]},{"@type":"ImageObject","inLanguage":"hu","@id":"https:\/\/www.vanguardhealthcare.co.uk\/vanguard-healthcare-solutions-joins-forces-with-klimate-on-carbon-removal-project-and-takes-next-step-in-its-net-zero-journey\/#primaryimage","url":"https:\/\/www.vanguardhealthcare.co.uk\/wp-content\/uploads\/2023\/06\/klimate.png","contentUrl":"https:\/\/www.vanguardhealthcare.co.uk\/wp-content\/uploads\/2023\/06\/klimate.png","width":1000,"height":1000},{"@type":"BreadcrumbList","@id":"https:\/\/www.vanguardhealthcare.co.uk\/vanguard-healthcare-solutions-joins-forces-with-klimate-on-carbon-removal-project-and-takes-next-step-in-its-net-zero-journey\/#breadcrumb","itemListElement":[{"@type":"ListItem","position":1,"name":"Home","item":"https:\/\/www.vanguardhealthcare.co.uk\/"},{"@type":"ListItem","position":2,"name":"Vanguard Healthcare Solutions joins forces with Klimate on carbon removal project and takes next step in its Net Zero journey"}]},{"@type":"WebSite","@id":"https:\/\/www.vanguardhealthcare.co.uk\/#website","url":"https:\/\/www.vanguardhealthcare.co.uk\/","name":"Vanguard Healthcare Solutions","description":"","potentialAction":[{"@type":"SearchAction","target":{"@type":"EntryPoint","urlTemplate":"https:\/\/www.vanguardhealthcare.co.uk\/?s={search_term_string}"},"query-input":{"@type":"PropertyValueSpecification","valueRequired":true,"valueName":"search_term_string"}}],"inLanguage":"hu"},{"@type":"Person","@id":"https:\/\/www.vanguardhealthcare.co.uk\/#\/schema\/person\/426decd65e2d39321705e63d5ea4394b","name":"Vanguard Healthcare Solutions","image":{"@type":"ImageObject","inLanguage":"hu","@id":"https:\/\/secure.gravatar.com\/avatar\/7ba7c80067fbd6952425e7e5a94fa842f37365b39fe1fd0a01287a5a0b6f7d2b?s=96&d=mm&r=g","url":"https:\/\/secure.gravatar.com\/avatar\/7ba7c80067fbd6952425e7e5a94fa842f37365b39fe1fd0a01287a5a0b6f7d2b?s=96&d=mm&r=g","contentUrl":"https:\/\/secure.gravatar.com\/avatar\/7ba7c80067fbd6952425e7e5a94fa842f37365b39fe1fd0a01287a5a0b6f7d2b?s=96&d=mm&r=g","caption":"Vanguard Healthcare Solutions"},"sameAs":["https:\/\/www.vanguardhealthcare.co.uk"]}]}},"_links":{"self":[{"href":"https:\/\/www.vanguardhealthcare.co.uk\/hu_hu\/wp-json\/wp\/v2\/posts\/429","targetHints":{"allow":["GET"]}}],"collection":[{"href":"https:\/\/www.vanguardhealthcare.co.uk\/hu_hu\/wp-json\/wp\/v2\/posts"}],"about":[{"href":"https:\/\/www.vanguardhealthcare.co.uk\/hu_hu\/wp-json\/wp\/v2\/types\/post"}],"author":[{"embeddable":true,"href":"https:\/\/www.vanguardhealthcare.co.uk\/hu_hu\/wp-json\/wp\/v2\/users\/1"}],"replies":[{"embeddable":true,"href":"https:\/\/www.vanguardhealthcare.co.uk\/hu_hu\/wp-json\/wp\/v2\/comments?post=429"}],"version-history":[{"count":0,"href":"https:\/\/www.vanguardhealthcare.co.uk\/hu_hu\/wp-json\/wp\/v2\/posts\/429\/revisions"}],"wp:featuredmedia":[{"embeddable":true,"href":"https:\/\/www.vanguardhealthcare.co.uk\/hu_hu\/wp-json\/wp\/v2\/media\/1380"}],"wp:attachment":[{"href":"https:\/\/www.vanguardhealthcare.co.uk\/hu_hu\/wp-json\/wp\/v2\/media?parent=429"}],"wp:term":[{"taxonomy":"category","embeddable":true,"href":"https:\/\/www.vanguardhealthcare.co.uk\/hu_hu\/wp-json\/wp\/v2\/categories?post=429"},{"taxonomy":"post_tag","embeddable":true,"href":"https:\/\/www.vanguardhealthcare.co.uk\/hu_hu\/wp-json\/wp\/v2\/tags?post=429"}],"curies":[{"name":"munkaf\u00fczet","href":"https:\/\/api.w.org\/{rel}","templated":true}]}}