{"id":3691,"date":"2021-04-20T09:30:42","date_gmt":"2021-04-20T09:30:42","guid":{"rendered":"\/?p=3691"},"modified":"2021-04-20T09:30:42","modified_gmt":"2021-04-20T09:30:42","slug":"increasing-capacity-for-cataract-surgery","status":"publish","type":"post","link":"https:\/\/www.vanguardhealthcare.co.uk\/hu_hu\/increasing-capacity-for-cataract-surgery\/","title":{"rendered":"A sz\u00fcrkeh\u00e1lyog m\u0171t\u00e9ti kapacit\u00e1s\u00e1nak n\u00f6vel\u00e9se"},"content":{"rendered":"<p>Az elm\u00falt \u00e9vtizedben jelent\u0151sen megn\u0151tt a sz\u00fcrkeh\u00e1lyog-m\u0171t\u00e9tek ir\u00e1nti kereslet, a Covid-19 vil\u00e1gj\u00e1rv\u00e1ny pedig az aktivit\u00e1s lelassul\u00e1s\u00e1hoz vezetett, ami a v\u00e1r\u00f3list\u00e1k tov\u00e1bbi n\u00f6veked\u00e9s\u00e9t okozta. Noha a sz\u00fcrkeh\u00e1lyog legyeng\u00edt, nem tekintik \u00e9letvesz\u00e9lyesnek, \u00e9s gyakran m\u00e1s t\u00edpus\u00fa m\u0171t\u00e9tek \u00e9lveznek els\u0151bbs\u00e9get, k\u00fcl\u00f6n\u00f6sen a Covid-19-hez hasonl\u00f3 helyzetben, amikor az eseteket nagyobb m\u00e9rt\u00e9kben kell priorit\u00e1sk\u00e9nt kezelni.<\/p>\n<p>N\u00e9h\u00e1ny Trust azonban pozit\u00edv l\u00e9p\u00e9seket tett annak biztos\u00edt\u00e1s\u00e1ra, hogy a sz\u0171k\u00f6s er\u0151forr\u00e1sok ellen\u00e9re is folytatni tudja a sz\u00fcrkeh\u00e1lyog-m\u0171t\u00e9tet. A Stoke Mandeville K\u00f3rh\u00e1z csapata p\u00e9ld\u00e1ul gyorsan tudott alkalmazkodni az \u00faj k\u00f6r\u00fclm\u00e9nyekhez, \u00e9s most kevesebb ember van a v\u00e1r\u00f3list\u00e1n, mint a Covid-19 el\u0151tt.\n<strong>\n A kereslet n\u00f6veked\u00e9se v\u00e1rhat\u00f3\n<\/strong>\nA sz\u00fcrkeh\u00e1lyog-m\u0171t\u00e9t ir\u00e1nti ig\u00e9ny v\u00e1rhat\u00f3an n\u00f6vekedni fog, ahogy egyre t\u00f6bb baby boomer \u00e9ri el a 65 \u00e9ves kort.\n<a href=\"https:\/\/www.rcophth.ac.uk\/wp-content\/uploads\/2015\/10\/RCOphth-The-Way-Forward-Cataract-300117.pdf\">\n &quot;Az \u00fat el\u0151re&quot;\n<\/a>\n, a Royal College of Ophthalmologists el\u0151rejelz\u00e9se szerint a kereslet ak\u00e1r 25%-vel is n\u00f6vekedni fog a k\u00f6vetkez\u0151 10 \u00e9vben.<\/p>\n<p>A kereslet sz\u00e1mos t\u00e9nyez\u0151re vezethet\u0151 vissza, ide\u00e9rtve az \u00f6reged\u0151 n\u00e9pess\u00e9get, a jobb m\u0171t\u00e9ti technik\u00e1kat, a betegek jobb kimenetel\u00e9t, ami azt jelenti, hogy a m\u0171t\u00e9t el\u0151ny\u00f6sebb a p\u00e1ciens sz\u00e1m\u00e1ra, valamint a m\u0171t\u00e9tek el\u00e9rhet\u0151s\u00e9g\u00e9nek n\u00f6veked\u00e9s\u00e9t.<\/p>\n<p>Az elv\u00e1r\u00e1sok is n\u0151nek, mivel jobb l\u00e1t\u00e1sra van sz\u00fcks\u00e9g a mindennapi feladatokhoz. Az id\u0151sek fizikailag \u00e9s t\u00e1rsadalmilag akt\u00edvabbak, mint az id\u0151sek b\u00e1rmely kor\u00e1bbi csoportja, \u00e9s elektronikus eszk\u00f6z\u00f6ket haszn\u00e1lnak sz\u00f3rakoz\u00e1sra, inform\u00e1ci\u00f3szerz\u00e9sre, valamint bar\u00e1tokkal \u00e9s csal\u00e1dtagokkal val\u00f3 kapcsolattart\u00e1sra. Az id\u0151sebbek nagyobb ar\u00e1nyban vezetnek is.<\/p>\n<p>A bez\u00e1r\u00e1s idej\u00e9n a technol\u00f3gia fontosabb\u00e1 v\u00e1lt a kereslet motorjak\u00e9nt, mivel mind a szakmai, mind a t\u00e1rsadalmi interakci\u00f3k az internetre k\u00f6lt\u00f6ztek, \u00e9s az emberek jobban tudat\u00e1ban vannak l\u00e1t\u00e1si probl\u00e9m\u00e1iknak, mint kor\u00e1bban. Sokan azonban halogatj\u00e1k a l\u00e1tszer\u00e9sz vagy a h\u00e1ziorvos felkeres\u00e9s\u00e9t, \u00e9s ez a beutal\u00f3k sz\u00e1m\u00e1nak n\u00f6veked\u00e9s\u00e9hez vezethet, amint a korl\u00e1toz\u00e1sok enyh\u00fclni kezdenek, \u00e9s sok id\u0151s embert beoltottak.<\/p>\n<p>B\u00e1r az elv\u00e9gzett sz\u00fcrkeh\u00e1lyog-kezel\u00e9sek sz\u00e1ma n\u0151tt az elm\u00falt \u00e9vtizedben, a leg\u00fajabb adatok azt mutatj\u00e1k, hogy a n\u00f6veked\u00e9s \u00fcteme 2016\/17 \u00f3ta lelassult, ami sok ter\u00fcleten a v\u00e1rakoz\u00e1si id\u0151 n\u00f6veked\u00e9s\u00e9hez vezetett. Az orsz\u00e1g egyes r\u00e9szein a betegek ak\u00e1r 7 h\u00f3napig is v\u00e1rtak sz\u00fcrkeh\u00e1lyog-m\u0171t\u00e9tre a Covid-19 el\u0151tt.<\/p>\n<p>A sz\u00fcrkeh\u00e1lyog nagyon lehangol\u00f3 lehet, \u00e9s m\u00e9lyrehat\u00f3 hat\u00e1ssal lehet az ember \u00e9letmin\u0151s\u00e9g\u00e9re. A h\u00e9tk\u00f6znapi feladatok, mint p\u00e9ld\u00e1ul a munka \u00e9s a vezet\u00e9s, megnehez\u00edthetik, ha nem lehetetlenn\u00e9 v\u00e1lhatnak a sz\u00fcrkeh\u00e1lyog miatt. De egy 20 perces elj\u00e1r\u00e1ssal jelent\u0151s javul\u00e1s \u00e9rhet\u0151 el a l\u00e1t\u00e1sban, \u00e9s helyre\u00e1ll\u00edthat\u00f3 a norm\u00e1l napi feladatok elv\u00e9gz\u00e9s\u00e9nek k\u00e9pess\u00e9ge. Az elj\u00e1r\u00e1s sikeress\u00e9ge nagyon magas.<\/p>\n<p>A jobb l\u00e1t\u00e1s kevesebb es\u00e9st \u00e9s csontt\u00f6r\u00e9st jelent, a j\u00f3l l\u00e1t\u00f3 betegek pedig jobban fel vannak szerelve m\u00e1s eg\u00e9szs\u00e9g\u00fcgyi probl\u00e9m\u00e1ik kezel\u00e9s\u00e9re, p\u00e9ld\u00e1ul gy\u00f3gyszerek bead\u00e1s\u00e1ra, cs\u00f6kkentve ezzel az eg\u00e9szs\u00e9g\u00fcgyi rendszer m\u00e1s r\u00e9szeire nehezed\u0151 terheket. A sz\u00fcrkeh\u00e1lyog-m\u0171t\u00e9t teh\u00e1t amellett, hogy fontos a p\u00e1ciens testi \u00e9s lelki eg\u00e9szs\u00e9ge szempontj\u00e1b\u00f3l, j\u00f3 befektet\u00e9snek is tekinthet\u0151 az NHS sz\u00e1m\u00e1ra.\n<strong>\n A sz\u00fcrkeh\u00e1lyog szolg\u00e1ltat\u00e1s \u00fajrakonfigur\u00e1l\u00e1sa\n<\/strong>\nA kapacit\u00e1s bels\u0151leg felszabad\u00edthat\u00f3 a megl\u00e9v\u0151 sz\u00ednh\u00e1zak hat\u00e9konys\u00e1g\u00e1nak jav\u00edt\u00e1s\u00e1val, t\u00f6bb beteg befogad\u00e1s\u00e1val vagy hosszabb munkaid\u0151vel, de a l\u00e9tsz\u00e1mhi\u00e1ny, a Covid-19 \u00e9s a t\u00e1rsadalmi t\u00e1vols\u00e1gtart\u00e1s sz\u00fcks\u00e9gess\u00e9ge miatt ezt neh\u00e9z volt megval\u00f3s\u00edtani. Az \u00faj munkam\u00f3dszerek felfedez\u00e9se azonban seg\u00edthet a kereslet jobb kezel\u00e9s\u00e9ben, mik\u00f6zben biztos\u00edtja, hogy minden beteg sz\u00e1m\u00e1ra el\u0151ny\u00f6s kezel\u00e9st kapjanak.<\/p>\n<p>A \u201eThe Way Forward\u201d c\u00edm\u0171 dokumentum sz\u00e1mos aj\u00e1nl\u00e1st tartalmaz, bele\u00e9rtve a sz\u00ednh\u00e1z \u00e9s a seb\u00e9sz idej\u00e9nek maximaliz\u00e1l\u00e1s\u00e1t az \u00e1tereszt\u0151k\u00e9pess\u00e9g jav\u00edt\u00e1sa \u00e9rdek\u00e9ben, valamint annak biztos\u00edt\u00e1s\u00e1t, hogy a m\u0171t\u00e9t el\u0151tti betegek a sz\u00ednh\u00e1z k\u00f6zel\u00e9ben maradjanak a k\u00e9s\u00e9sek cs\u00f6kkent\u00e9se \u00e9rdek\u00e9ben. Egy \u00f6n\u00e1ll\u00f3 sz\u00fcrkeh\u00e1lyog-sz\u00ednh\u00e1z mindkett\u0151t seg\u00edthet.<\/p>\n<p>A Stoke Mandeville k\u00f3rh\u00e1z volt az egyik els\u0151 NHS-egys\u00e9g Angli\u00e1ban, amely 6 h\u00e9ttel a kezdeti lez\u00e1r\u00e1s ut\u00e1n \u00fajraind\u00edtotta az elekt\u00edv sz\u00fcrkeh\u00e1lyog-m\u0171t\u00e9tet, \u00e9s az\u00f3ta t\u00f6bb mint 3000 sikeres sz\u00fcrkeh\u00e1lyog-m\u0171t\u00e9tet hajtottak v\u00e9gre.<\/p>\n<p>A csapat siker\u00e9nek kulcsa az volt; a sz\u00fcrkeh\u00e1lyog-szolg\u00e1ltat\u00e1sok Buckinghamshire-ben t\u00f6rt\u00e9n\u0151 \u00e1tszervez\u00e9s\u00e9re ir\u00e1nyul\u00f3 sz\u00e9lesebb k\u00f6r\u0171 er\u0151fesz\u00edt\u00e9sek, amelyek egy multidiszciplin\u00e1ris csapat \u00f6ssze\u00e1ll\u00edt\u00e1s\u00e1t jelentette a k\u00f3rh\u00e1z \u00e9s a CCG eg\u00e9sz ter\u00fclet\u00e9r\u0151l; valamint a rugalmas eg\u00e9szs\u00e9g\u00fcgyi infrastrukt\u00fara bevezet\u00e9se a Stoke Mandeville-i telephelyen.\n<img loading=\"lazy\" decoding=\"async\" alt=\"\" class=\"alignnone wp-image-3693\" height=\"462\" src=\"\/wp-content\/uploads\/legacy\/2021\/04\/Cataract-Theatre-for-QA-1024x576.png\" width=\"820\" \/>\n<strong>\n K\u00fcl\u00f6n hely a sz\u00fcrkeh\u00e1lyog m\u0171t\u00e9thez\n<\/strong>\nAz ott tal\u00e1lhat\u00f3 Vanguard egys\u00e9g teljes, \u00f6n\u00e1ll\u00f3 l\u00e9tes\u00edtm\u00e9nyt biztos\u00edt a sz\u00fcrkeh\u00e1lyog-elj\u00e1r\u00e1sokhoz, amely egy mobil lamin\u00e1ris \u00e1raml\u00e1si sz\u00ednh\u00e1zb\u00f3l \u00e1ll, elj\u00e1r\u00e1s el\u0151k\u00e9sz\u00edt\u0151 helyis\u00e9ggel \u00e9s fel\u00e9p\u00fcl\u00e9si terekkel, amely egy modul\u00e1ris rendel\u0151h\u00f6z kapcsol\u00f3dik recepci\u00f3val \u00e9s betegv\u00e1r\u00f3val.<\/p>\n<p>Az els\u0151 m\u0171t\u00e9tre az \u00faj l\u00e9tes\u00edtm\u00e9nyben 2020 november\u00e9ben ker\u00fclt sor, a Trust c\u00e9lja, hogy egy \u00e9ven bel\u00fcl ledolgozza jelenlegi sz\u00fcrkeh\u00e1lyog-m\u0171t\u00e9ti v\u00e1r\u00f3list\u00e1j\u00e1t; de m\u00e1r most is alacsonyabbak a v\u00e1r\u00f3list\u00e1k, mint a Covid-19 el\u0151tt.<\/p>\n<p>Az \u00f6n\u00e1ll\u00f3 sz\u00ednh\u00e1z egyik f\u0151 el\u0151nye az \u00e1tfut\u00e1si id\u0151k jelent\u0151s cs\u00f6kkent\u00e9se. A Trust dr\u00e1maian n\u00f6velte a sz\u00ednh\u00e1zi hat\u00e9konys\u00e1got \u00e9s cs\u00f6kkentette az \u00e1ll\u00e1sid\u0151t. \u00c9s eddig a betegek \u00e9s a l\u00e1togat\u00f3k is nagyon magas el\u00e9gedetts\u00e9gr\u0151l sz\u00e1moltak be, mik\u00f6zben a seb\u00e9szek is sz\u00edvesen dolgoznak az \u00faj egys\u00e9gben.\n<em>\n \u201eTr\u00f6szt\u00fcnk j\u00f3l ismert arr\u00f3l, hogy kiv\u00e1l\u00f3 sz\u00fcrkeh\u00e1lyog-szolg\u00e1ltat\u00e1st ny\u00fajt. A projekt eddig nagy sikert aratott, \u00e9s m\u00e1s tr\u00f6szt\u00f6kkel is besz\u00e9lgett\u00fcnk, akik tan\u00e1csot k\u00e9rtek t\u0151l\u00fcnk, hogy megkezdhess\u00e9k az \u00e1ltalunk tapasztalt v\u00e1ltoz\u00e1sok v\u00e9grehajt\u00e1s\u00e1t.\u201d\n<\/em>\n\u2013 mondja Sarah Maling, a Buckinghamshire Healthcare NHS Trust sz\u00fcrkeh\u00e1lyog-szolg\u00e1lat\u00e1nak k\u00f6z\u00f6s vezet\u0151je.<\/p>\n<p>\u201eA betegek szeretik az Vanguard egys\u00e9get, \u00e9s k\u00f6zvetlen\u00fcl a betegekt\u0151l is kaptunk olyan k\u00e9r\u00e9seket, hogy az \u00faj sz\u00ednh\u00e1zban kezelj\u00e9k \u0151ket.\u201d<\/p>\n<p>A m\u0171t\u0151t az Vanguard \u00e9s az Alcon, a szemseb\u00e9szeti berendez\u00e9seket sz\u00e1ll\u00edt\u00f3 c\u00e9g tervezte, szoros egy\u00fcttm\u0171k\u00f6d\u00e9sben a Trust szem\u00e9szeti csapat\u00e1val.\n<strong>\n A kereslet v\u00e1ltoz\u00e1sainak kezel\u00e9se\n<\/strong>\nA Buckinghamshire Healthcare NHS Trust nem az egyetlen Trust, amely a vil\u00e1gj\u00e1rv\u00e1ny alatt folytatni tudta a sz\u00fcrkeh\u00e1lyog-m\u0171t\u00e9tet.<\/p>\n<p>A\n<a href=\"\/hu_hu\/bespoke-ophthalmic-hub-installed-at-royal-preston-hospital\/\">\n szem\u00e9lyre szabott szem\u00e9szeti hub\n<\/a>\na k\u00f6zelm\u00faltban a hely\u00e9re ker\u00fclt\n<a href=\"\/hu_hu\/bespoke-ophthalmic-hub-installed-at-royal-preston-hospital\/\">\n Kir\u00e1lyi Preston K\u00f3rh\u00e1z\n<\/a>\n, ahol egy dedik\u00e1lt egys\u00e9get hoztak l\u00e9tre k\u00e9t Vanguard k\u00e9t lamin\u00e1ris \u00e1raml\u00e1si sz\u00ednh\u00e1zb\u00f3l \u00e9s egy modul\u00e1ris l\u00e9tes\u00edtm\u00e9nyb\u0151l. A modul\u00e1ris \u00e9p\u00fcletben fogad\u00f3- \u00e9s v\u00e1r\u00f3terem, tan\u00e1csad\u00f3 helyis\u00e9gek, valamint k\u00e9t\u00e1gyas k\u00f3rterem \u00e9s szem\u00e9lyzeti l\u00e9tes\u00edtm\u00e9nyek tal\u00e1lhat\u00f3k, az egys\u00e9g pedig a szemseb\u00e9szet \u201eegyablakos\u201d l\u00e9tes\u00edtm\u00e9ny\u00e9t k\u00e9pezi a Preston telephelyen.<\/p>\n<p>A Covid-19 korai szakasz\u00e1ban hatalmas el\u0151nyt jelentett a Trust sz\u00e1m\u00e1ra, hogy k\u00fcl\u00f6n\u00e1ll\u00f3, a k\u00f3rh\u00e1zt\u00f3l elk\u00fcl\u00f6n\u00fcl\u0151 l\u00e9tes\u00edtm\u00e9ny \u00e1ll rendelkez\u00e9sre. Lehet\u0151v\u00e9 tette a Royal Preston csapata sz\u00e1m\u00e1ra, hogy a f\u0151 k\u00f3rh\u00e1zi mozikon k\u00edv\u00fcl is folytass\u00e1k a m\u0171t\u00e9tet, \u00e9s a l\u00e9tes\u00edtm\u00e9ny rugalmas jellege azt jelentette, hogy a s\u00fcrg\u0151sebb m\u0171t\u00e9tek befogad\u00e1s\u00e1ra is alkalmass\u00e1 v\u00e1lt.<\/p>\n<p>2020 november\u00e9ben a surrey-i Ashford K\u00f3rh\u00e1zban egy ideiglenes l\u00e1togat\u00f3k\u00f3rh\u00e1z is megny\u00edlt a betegek el\u0151tt, azzal a c\u00e9llal, hogy n\u00f6velj\u00e9k a szem\u00e9szeti kapacit\u00e1st, \u00e9s cs\u00f6kkents\u00e9k a sz\u00fcrkeh\u00e1lyog-m\u0171t\u00e9tek v\u00e1r\u00f3list\u00e1it. A l\u00e9tes\u00edtm\u00e9ny k\u00e9t mobil lamin\u00e1ris \u00e1raml\u00e1si sz\u00ednh\u00e1zb\u00f3l \u00e9s egy modul\u00e1ris betegfogad\u00e1sb\u00f3l \u00e1ll, k\u00f3rteremmel \u00e9s szem\u00e9lyzeti j\u00f3l\u00e9ti helyis\u00e9ggel, amelyek \u00f6sszekapcsol\u00e1sa \u00f6n\u00e1ll\u00f3 l\u00e1togat\u00f3k\u00f3rh\u00e1zat alkot.<\/p>\n<p>A komplexum saj\u00e1t bej\u00e1rattal \u00e9s kij\u00e1rattal rendelkezik, amely biztos\u00edtja a betegek kijut\u00e1s\u00e1t a szabadba; \u00e9s a betegek k\u00f6zvetlen\u00fcl az egys\u00e9gre \u00e9rkeznek, \u00e9s a beavatkoz\u00e1s ut\u00e1n kiengedik \u0151ket az egys\u00e9gb\u0151l.\n<strong>\n Hosszabb t\u00e1von a v\u00e1rt megn\u00f6vekedett kereslet kiel\u00e9g\u00edt\u00e9se\n<\/strong>\nA hosszabb v\u00e1rakoz\u00e1si id\u0151 \u00e9s a sz\u00fcrkeh\u00e1lyog-m\u0171t\u00e9tek ir\u00e1nti folyamatosan n\u00f6vekv\u0151 kereslet egy\u00fcttesen azt eredm\u00e9nyezte, hogy egyre t\u00f6bb beteget kell mag\u00e1nkezel\u00e9sben kezelni. 2017\/2018-ban majdnem minden \u00f6t\u00f6dik, az NHS \u00e1ltal finansz\u00edrozott sz\u00fcrkeh\u00e1lyog-kezel\u00e9st elv\u00e9gezt\u00e9k Angli\u00e1ban\n<a href=\"https:\/\/digital.nhs.uk\/data-and-information\/find-data-and-publications\/supplementary-information\/2019-supplementary-information-files\/hospital-admissions-for-cataracts-undertaken-by-independent-providers\">\n a mag\u00e1nszektorban\n<\/a>\n, \u00e9s ez a sz\u00e1m val\u00f3sz\u00edn\u0171leg m\u00e9g magasabb volt a j\u00e1rv\u00e1ny idej\u00e9n.<\/p>\n<p>De b\u00e1r a mag\u00e1nszektorba t\u00f6rt\u00e9n\u0151 kiszervez\u00e9s egy lehet\u0151s\u00e9g, a szolg\u00e1ltat\u00e1s megtart\u00e1sa az NHS-en bel\u00fcl egy dedik\u00e1lt szem\u00e9szeti sz\u00ednh\u00e1z k\u00f3rh\u00e1zi elhelyez\u00e9s\u00e9vel nagyobb ellen\u0151rz\u00e9st \u00e9s nagyobb rugalmass\u00e1got jelent.<\/p>\n<p>A mobil m\u0171t\u0151k \u00e9s a modul\u00e1ris \u00e9p\u00fcletek kombin\u00e1ci\u00f3ja ide\u00e1lis megold\u00e1st k\u00edn\u00e1l a kapacit\u00e1s r\u00f6vid t\u00e1v\u00fa n\u00f6vel\u00e9s\u00e9re \u2013 vagy egy dedik\u00e1lt szem\u00e9szeti k\u00f6zpont vagy nagy volumen\u0171 sz\u00fcrkeh\u00e1lyog-seb\u00e9szeti k\u00f6zpont fel\u00e1ll\u00edt\u00e1s\u00e1nak k\u00eds\u00e9rleti c\u00e9lj\u00e1ra a kapacit\u00e1s hosszabb t\u00e1v\u00fa n\u00f6vel\u00e9se \u00e9rdek\u00e9ben. Az elrendez\u00e9s \u00e9s a felszerel\u00e9s testreszabhat\u00f3 az egyes helysz\u00edneken, \u00e9s az egys\u00e9gek \u00e1thelyezhet\u0151k a helyek k\u00f6z\u00f6tt a k\u00fcl\u00f6nb\u00f6z\u0151 forgat\u00f3k\u00f6nyvek kipr\u00f3b\u00e1l\u00e1s\u00e1hoz.<\/p>","protected":false},"excerpt":{"rendered":"<p>Mivel a kereslet 2035-re megdupl\u00e1z\u00f3dik, a sz\u00fcrkeh\u00e1lyog-m\u0171t\u00e9tre vonatkoz\u00f3 v\u00e1r\u00f3list\u00e1k tart\u00e1sa priorit\u00e1s kell, hogy legyen, a kapacit\u00e1s n\u00f6vel\u00e9se pedig elengedhetetlen lesz.<\/p>","protected":false},"author":1,"featured_media":1695,"comment_status":"closed","ping_status":"closed","sticky":false,"template":"","format":"standard","meta":{"_acf_changed":false,"footnotes":""},"categories":[2,119],"tags":[],"class_list":["post-3691","post","type-post","status-publish","format-standard","has-post-thumbnail","hentry","category-news","category-procedures"],"acf":[],"yoast_head":"<!-- This site is optimized with the Yoast SEO plugin v27.4 - https:\/\/yoast.com\/product\/yoast-seo-wordpress\/ -->\n<title>Increasing capacity for cataract surgery - Vanguard Healthcare Solutions<\/title>\n<meta name=\"description\" content=\"With demand set to double by 2035, keeping on top of cataract surgery waiting should be a priority, and increasing capacity will be a necessity.\" \/>\n<meta name=\"robots\" content=\"index, follow, max-snippet:-1, max-image-preview:large, max-video-preview:-1\" \/>\n<link rel=\"canonical\" href=\"https:\/\/www.vanguardhealthcare.co.uk\/hu_hu\/increasing-capacity-for-cataract-surgery\/\" \/>\n<meta property=\"og:locale\" content=\"hu_HU\" \/>\n<meta property=\"og:type\" content=\"article\" \/>\n<meta property=\"og:title\" content=\"Increasing capacity for cataract surgery - Vanguard Healthcare Solutions\" \/>\n<meta property=\"og:description\" content=\"With demand set to double by 2035, keeping on top of cataract surgery waiting should be a priority, and increasing capacity will be a necessity.\" \/>\n<meta property=\"og:url\" content=\"https:\/\/www.vanguardhealthcare.co.uk\/hu_hu\/increasing-capacity-for-cataract-surgery\/\" \/>\n<meta property=\"og:site_name\" content=\"Vanguard Healthcare Solutions\" \/>\n<meta property=\"article:published_time\" content=\"2021-04-20T09:30:42+00:00\" \/>\n<meta property=\"og:image\" content=\"https:\/\/www.vanguardhealthcare.co.uk\/wp-content\/uploads\/legacy\/2021\/04\/Cataract-Theatre-Inside-for-main-article.jpg\" \/>\n\t<meta property=\"og:image:width\" content=\"1508\" \/>\n\t<meta property=\"og:image:height\" content=\"1395\" \/>\n\t<meta property=\"og:image:type\" content=\"image\/jpeg\" \/>\n<meta name=\"author\" content=\"Vanguard Healthcare Solutions\" \/>\n<meta name=\"twitter:card\" content=\"summary_large_image\" \/>\n<meta name=\"twitter:label1\" content=\"Szerz\u0151:\" \/>\n\t<meta name=\"twitter:data1\" content=\"Vanguard Healthcare Solutions\" \/>\n\t<meta name=\"twitter:label2\" content=\"Becs\u00fclt olvas\u00e1si id\u0151\" \/>\n\t<meta name=\"twitter:data2\" content=\"6 perc\" \/>\n<script type=\"application\/ld+json\" class=\"yoast-schema-graph\">{\"@context\":\"https:\\\/\\\/schema.org\",\"@graph\":[{\"@type\":\"Article\",\"@id\":\"https:\\\/\\\/www.vanguardhealthcare.co.uk\\\/increasing-capacity-for-cataract-surgery\\\/#article\",\"isPartOf\":{\"@id\":\"https:\\\/\\\/www.vanguardhealthcare.co.uk\\\/increasing-capacity-for-cataract-surgery\\\/\"},\"author\":{\"name\":\"Vanguard Healthcare Solutions\",\"@id\":\"https:\\\/\\\/www.vanguardhealthcare.co.uk\\\/#\\\/schema\\\/person\\\/426decd65e2d39321705e63d5ea4394b\"},\"headline\":\"Increasing capacity for cataract surgery\",\"datePublished\":\"2021-04-20T09:30:42+00:00\",\"mainEntityOfPage\":{\"@id\":\"https:\\\/\\\/www.vanguardhealthcare.co.uk\\\/increasing-capacity-for-cataract-surgery\\\/\"},\"wordCount\":1319,\"image\":{\"@id\":\"https:\\\/\\\/www.vanguardhealthcare.co.uk\\\/increasing-capacity-for-cataract-surgery\\\/#primaryimage\"},\"thumbnailUrl\":\"https:\\\/\\\/www.vanguardhealthcare.co.uk\\\/wp-content\\\/uploads\\\/legacy\\\/2021\\\/04\\\/Cataract-Theatre-Inside-for-main-article.jpg\",\"articleSection\":[\"News\",\"Procedures\"],\"inLanguage\":\"hu\"},{\"@type\":\"WebPage\",\"@id\":\"https:\\\/\\\/www.vanguardhealthcare.co.uk\\\/increasing-capacity-for-cataract-surgery\\\/\",\"url\":\"https:\\\/\\\/www.vanguardhealthcare.co.uk\\\/increasing-capacity-for-cataract-surgery\\\/\",\"name\":\"Increasing capacity for cataract surgery - Vanguard Healthcare Solutions\",\"isPartOf\":{\"@id\":\"https:\\\/\\\/www.vanguardhealthcare.co.uk\\\/#website\"},\"primaryImageOfPage\":{\"@id\":\"https:\\\/\\\/www.vanguardhealthcare.co.uk\\\/increasing-capacity-for-cataract-surgery\\\/#primaryimage\"},\"image\":{\"@id\":\"https:\\\/\\\/www.vanguardhealthcare.co.uk\\\/increasing-capacity-for-cataract-surgery\\\/#primaryimage\"},\"thumbnailUrl\":\"https:\\\/\\\/www.vanguardhealthcare.co.uk\\\/wp-content\\\/uploads\\\/legacy\\\/2021\\\/04\\\/Cataract-Theatre-Inside-for-main-article.jpg\",\"datePublished\":\"2021-04-20T09:30:42+00:00\",\"author\":{\"@id\":\"https:\\\/\\\/www.vanguardhealthcare.co.uk\\\/#\\\/schema\\\/person\\\/426decd65e2d39321705e63d5ea4394b\"},\"description\":\"With demand set to double by 2035, keeping on top of cataract surgery waiting should be a priority, and increasing capacity will be a necessity.\",\"breadcrumb\":{\"@id\":\"https:\\\/\\\/www.vanguardhealthcare.co.uk\\\/increasing-capacity-for-cataract-surgery\\\/#breadcrumb\"},\"inLanguage\":\"hu\",\"potentialAction\":[{\"@type\":\"ReadAction\",\"target\":[\"https:\\\/\\\/www.vanguardhealthcare.co.uk\\\/increasing-capacity-for-cataract-surgery\\\/\"]}]},{\"@type\":\"ImageObject\",\"inLanguage\":\"hu\",\"@id\":\"https:\\\/\\\/www.vanguardhealthcare.co.uk\\\/increasing-capacity-for-cataract-surgery\\\/#primaryimage\",\"url\":\"https:\\\/\\\/www.vanguardhealthcare.co.uk\\\/wp-content\\\/uploads\\\/legacy\\\/2021\\\/04\\\/Cataract-Theatre-Inside-for-main-article.jpg\",\"contentUrl\":\"https:\\\/\\\/www.vanguardhealthcare.co.uk\\\/wp-content\\\/uploads\\\/legacy\\\/2021\\\/04\\\/Cataract-Theatre-Inside-for-main-article.jpg\",\"width\":1508,\"height\":1395},{\"@type\":\"BreadcrumbList\",\"@id\":\"https:\\\/\\\/www.vanguardhealthcare.co.uk\\\/increasing-capacity-for-cataract-surgery\\\/#breadcrumb\",\"itemListElement\":[{\"@type\":\"ListItem\",\"position\":1,\"name\":\"Home\",\"item\":\"https:\\\/\\\/www.vanguardhealthcare.co.uk\\\/\"},{\"@type\":\"ListItem\",\"position\":2,\"name\":\"Increasing capacity for cataract surgery\"}]},{\"@type\":\"WebSite\",\"@id\":\"https:\\\/\\\/www.vanguardhealthcare.co.uk\\\/#website\",\"url\":\"https:\\\/\\\/www.vanguardhealthcare.co.uk\\\/\",\"name\":\"Vanguard Healthcare Solutions\",\"description\":\"\",\"potentialAction\":[{\"@type\":\"SearchAction\",\"target\":{\"@type\":\"EntryPoint\",\"urlTemplate\":\"https:\\\/\\\/www.vanguardhealthcare.co.uk\\\/?s={search_term_string}\"},\"query-input\":{\"@type\":\"PropertyValueSpecification\",\"valueRequired\":true,\"valueName\":\"search_term_string\"}}],\"inLanguage\":\"hu\"},{\"@type\":\"Person\",\"@id\":\"https:\\\/\\\/www.vanguardhealthcare.co.uk\\\/#\\\/schema\\\/person\\\/426decd65e2d39321705e63d5ea4394b\",\"name\":\"Vanguard Healthcare Solutions\",\"image\":{\"@type\":\"ImageObject\",\"inLanguage\":\"hu\",\"@id\":\"https:\\\/\\\/secure.gravatar.com\\\/avatar\\\/7ba7c80067fbd6952425e7e5a94fa842f37365b39fe1fd0a01287a5a0b6f7d2b?s=96&d=mm&r=g\",\"url\":\"https:\\\/\\\/secure.gravatar.com\\\/avatar\\\/7ba7c80067fbd6952425e7e5a94fa842f37365b39fe1fd0a01287a5a0b6f7d2b?s=96&d=mm&r=g\",\"contentUrl\":\"https:\\\/\\\/secure.gravatar.com\\\/avatar\\\/7ba7c80067fbd6952425e7e5a94fa842f37365b39fe1fd0a01287a5a0b6f7d2b?s=96&d=mm&r=g\",\"caption\":\"Vanguard Healthcare Solutions\"},\"sameAs\":[\"https:\\\/\\\/www.vanguardhealthcare.co.uk\"]}]}<\/script>\n<!-- \/ Yoast SEO plugin. -->","yoast_head_json":{"title":"A sz\u00fcrkeh\u00e1lyog-m\u0171t\u00e9tek kapacit\u00e1s\u00e1nak n\u00f6vel\u00e9se - Vanguard Eg\u00e9szs\u00e9g\u00fcgyi Megold\u00e1sok","description":"Mivel a kereslet v\u00e1rhat\u00f3an megdupl\u00e1z\u00f3dik 2035-re, a sz\u00fcrkeh\u00e1lyog-m\u0171t\u00e9tekre vonatkoz\u00f3 v\u00e1rakoz\u00e1si id\u0151 fenntart\u00e1s\u00e1nak priorit\u00e1st kell \u00e9lveznie, a kapacit\u00e1s n\u00f6vel\u00e9se pedig elengedhetetlen lesz.","robots":{"index":"index","follow":"follow","max-snippet":"max-snippet:-1","max-image-preview":"max-image-preview:large","max-video-preview":"max-video-preview:-1"},"canonical":"https:\/\/www.vanguardhealthcare.co.uk\/hu_hu\/increasing-capacity-for-cataract-surgery\/","og_locale":"hu_HU","og_type":"article","og_title":"Increasing capacity for cataract surgery - Vanguard Healthcare Solutions","og_description":"With demand set to double by 2035, keeping on top of cataract surgery waiting should be a priority, and increasing capacity will be a necessity.","og_url":"https:\/\/www.vanguardhealthcare.co.uk\/hu_hu\/increasing-capacity-for-cataract-surgery\/","og_site_name":"Vanguard Healthcare Solutions","article_published_time":"2021-04-20T09:30:42+00:00","og_image":[{"width":1508,"height":1395,"url":"https:\/\/www.vanguardhealthcare.co.uk\/wp-content\/uploads\/legacy\/2021\/04\/Cataract-Theatre-Inside-for-main-article.jpg","type":"image\/jpeg"}],"author":"Vanguard Healthcare Solutions","twitter_card":"summary_large_image","twitter_misc":{"Szerz\u0151:":"Vanguard Healthcare Solutions","Becs\u00fclt olvas\u00e1si id\u0151":"6 perc"},"schema":{"@context":"https:\/\/schema.org","@graph":[{"@type":"Article","@id":"https:\/\/www.vanguardhealthcare.co.uk\/increasing-capacity-for-cataract-surgery\/#article","isPartOf":{"@id":"https:\/\/www.vanguardhealthcare.co.uk\/increasing-capacity-for-cataract-surgery\/"},"author":{"name":"Vanguard Healthcare Solutions","@id":"https:\/\/www.vanguardhealthcare.co.uk\/#\/schema\/person\/426decd65e2d39321705e63d5ea4394b"},"headline":"Increasing capacity for cataract surgery","datePublished":"2021-04-20T09:30:42+00:00","mainEntityOfPage":{"@id":"https:\/\/www.vanguardhealthcare.co.uk\/increasing-capacity-for-cataract-surgery\/"},"wordCount":1319,"image":{"@id":"https:\/\/www.vanguardhealthcare.co.uk\/increasing-capacity-for-cataract-surgery\/#primaryimage"},"thumbnailUrl":"https:\/\/www.vanguardhealthcare.co.uk\/wp-content\/uploads\/legacy\/2021\/04\/Cataract-Theatre-Inside-for-main-article.jpg","articleSection":["News","Procedures"],"inLanguage":"hu"},{"@type":"WebPage","@id":"https:\/\/www.vanguardhealthcare.co.uk\/increasing-capacity-for-cataract-surgery\/","url":"https:\/\/www.vanguardhealthcare.co.uk\/increasing-capacity-for-cataract-surgery\/","name":"A sz\u00fcrkeh\u00e1lyog-m\u0171t\u00e9tek kapacit\u00e1s\u00e1nak n\u00f6vel\u00e9se - Vanguard Eg\u00e9szs\u00e9g\u00fcgyi Megold\u00e1sok","isPartOf":{"@id":"https:\/\/www.vanguardhealthcare.co.uk\/#website"},"primaryImageOfPage":{"@id":"https:\/\/www.vanguardhealthcare.co.uk\/increasing-capacity-for-cataract-surgery\/#primaryimage"},"image":{"@id":"https:\/\/www.vanguardhealthcare.co.uk\/increasing-capacity-for-cataract-surgery\/#primaryimage"},"thumbnailUrl":"https:\/\/www.vanguardhealthcare.co.uk\/wp-content\/uploads\/legacy\/2021\/04\/Cataract-Theatre-Inside-for-main-article.jpg","datePublished":"2021-04-20T09:30:42+00:00","author":{"@id":"https:\/\/www.vanguardhealthcare.co.uk\/#\/schema\/person\/426decd65e2d39321705e63d5ea4394b"},"description":"Mivel a kereslet v\u00e1rhat\u00f3an megdupl\u00e1z\u00f3dik 2035-re, a sz\u00fcrkeh\u00e1lyog-m\u0171t\u00e9tekre vonatkoz\u00f3 v\u00e1rakoz\u00e1si id\u0151 fenntart\u00e1s\u00e1nak priorit\u00e1st kell \u00e9lveznie, a kapacit\u00e1s n\u00f6vel\u00e9se pedig elengedhetetlen lesz.","breadcrumb":{"@id":"https:\/\/www.vanguardhealthcare.co.uk\/increasing-capacity-for-cataract-surgery\/#breadcrumb"},"inLanguage":"hu","potentialAction":[{"@type":"ReadAction","target":["https:\/\/www.vanguardhealthcare.co.uk\/increasing-capacity-for-cataract-surgery\/"]}]},{"@type":"ImageObject","inLanguage":"hu","@id":"https:\/\/www.vanguardhealthcare.co.uk\/increasing-capacity-for-cataract-surgery\/#primaryimage","url":"https:\/\/www.vanguardhealthcare.co.uk\/wp-content\/uploads\/legacy\/2021\/04\/Cataract-Theatre-Inside-for-main-article.jpg","contentUrl":"https:\/\/www.vanguardhealthcare.co.uk\/wp-content\/uploads\/legacy\/2021\/04\/Cataract-Theatre-Inside-for-main-article.jpg","width":1508,"height":1395},{"@type":"BreadcrumbList","@id":"https:\/\/www.vanguardhealthcare.co.uk\/increasing-capacity-for-cataract-surgery\/#breadcrumb","itemListElement":[{"@type":"ListItem","position":1,"name":"Home","item":"https:\/\/www.vanguardhealthcare.co.uk\/"},{"@type":"ListItem","position":2,"name":"Increasing capacity for cataract surgery"}]},{"@type":"WebSite","@id":"https:\/\/www.vanguardhealthcare.co.uk\/#website","url":"https:\/\/www.vanguardhealthcare.co.uk\/","name":"Vanguard Healthcare Solutions","description":"","potentialAction":[{"@type":"SearchAction","target":{"@type":"EntryPoint","urlTemplate":"https:\/\/www.vanguardhealthcare.co.uk\/?s={search_term_string}"},"query-input":{"@type":"PropertyValueSpecification","valueRequired":true,"valueName":"search_term_string"}}],"inLanguage":"hu"},{"@type":"Person","@id":"https:\/\/www.vanguardhealthcare.co.uk\/#\/schema\/person\/426decd65e2d39321705e63d5ea4394b","name":"Vanguard Healthcare Solutions","image":{"@type":"ImageObject","inLanguage":"hu","@id":"https:\/\/secure.gravatar.com\/avatar\/7ba7c80067fbd6952425e7e5a94fa842f37365b39fe1fd0a01287a5a0b6f7d2b?s=96&d=mm&r=g","url":"https:\/\/secure.gravatar.com\/avatar\/7ba7c80067fbd6952425e7e5a94fa842f37365b39fe1fd0a01287a5a0b6f7d2b?s=96&d=mm&r=g","contentUrl":"https:\/\/secure.gravatar.com\/avatar\/7ba7c80067fbd6952425e7e5a94fa842f37365b39fe1fd0a01287a5a0b6f7d2b?s=96&d=mm&r=g","caption":"Vanguard Healthcare Solutions"},"sameAs":["https:\/\/www.vanguardhealthcare.co.uk"]}]}},"_links":{"self":[{"href":"https:\/\/www.vanguardhealthcare.co.uk\/hu_hu\/wp-json\/wp\/v2\/posts\/3691","targetHints":{"allow":["GET"]}}],"collection":[{"href":"https:\/\/www.vanguardhealthcare.co.uk\/hu_hu\/wp-json\/wp\/v2\/posts"}],"about":[{"href":"https:\/\/www.vanguardhealthcare.co.uk\/hu_hu\/wp-json\/wp\/v2\/types\/post"}],"author":[{"embeddable":true,"href":"https:\/\/www.vanguardhealthcare.co.uk\/hu_hu\/wp-json\/wp\/v2\/users\/1"}],"replies":[{"embeddable":true,"href":"https:\/\/www.vanguardhealthcare.co.uk\/hu_hu\/wp-json\/wp\/v2\/comments?post=3691"}],"version-history":[{"count":0,"href":"https:\/\/www.vanguardhealthcare.co.uk\/hu_hu\/wp-json\/wp\/v2\/posts\/3691\/revisions"}],"wp:featuredmedia":[{"embeddable":true,"href":"https:\/\/www.vanguardhealthcare.co.uk\/hu_hu\/wp-json\/wp\/v2\/media\/1695"}],"wp:attachment":[{"href":"https:\/\/www.vanguardhealthcare.co.uk\/hu_hu\/wp-json\/wp\/v2\/media?parent=3691"}],"wp:term":[{"taxonomy":"category","embeddable":true,"href":"https:\/\/www.vanguardhealthcare.co.uk\/hu_hu\/wp-json\/wp\/v2\/categories?post=3691"},{"taxonomy":"post_tag","embeddable":true,"href":"https:\/\/www.vanguardhealthcare.co.uk\/hu_hu\/wp-json\/wp\/v2\/tags?post=3691"}],"curies":[{"name":"munkaf\u00fczet","href":"https:\/\/api.w.org\/{rel}","templated":true}]}}