{"id":2829,"date":"2020-04-16T14:04:34","date_gmt":"2020-04-16T14:04:34","guid":{"rendered":"\/?p=2829"},"modified":"2020-04-16T14:04:34","modified_gmt":"2020-04-16T14:04:34","slug":"the-role-of-mobile-healthcare-in-supporting-nhs-resilience-in-the-covid-19-crisis","status":"publish","type":"post","link":"https:\/\/www.vanguardhealthcare.co.uk\/hu_hu\/the-role-of-mobile-healthcare-in-supporting-nhs-resilience-in-the-covid-19-crisis\/","title":{"rendered":"A mobil eg\u00e9szs\u00e9g\u00fcgy szerepe az NHS rezilienci\u00e1j\u00e1nak t\u00e1mogat\u00e1s\u00e1ban a COVID-19 v\u00e1ls\u00e1gban"},"content":{"rendered":"<p>M\u00edg jelenleg a nagyszab\u00e1s\u00fa, ideiglenes helysz\u00edni k\u00f3rh\u00e1zak \u00e9p\u00edt\u00e9se kapja a legt\u00f6bb \u00fajs\u00e1got, \u00f3ri\u00e1si munka folyik a sz\u00ednfalak m\u00f6g\u00f6tt az NHS tr\u00f6sztekn\u00e9l \u00e9s k\u00f3rh\u00e1zakban orsz\u00e1gszerte az ellen\u00e1ll\u00f3 k\u00e9pess\u00e9g jav\u00edt\u00e1sa \u00e9rdek\u00e9ben, \u00e9s bizonyos esetekben az Vanguard flott\u00e1ja is. a mobil eg\u00e9szs\u00e9g\u00fcgyi int\u00e9zm\u00e9nyek kulcsszerepet j\u00e1tszottak.<\/p>\n<p>Az NHSE arra utas\u00edtotta az \u00f6sszes k\u00f3rh\u00e1zat, hogy a nem kritikus betegek elbocs\u00e1t\u00e1s\u00e1val szabad\u00edtsanak fel kapacit\u00e1st, \u00e9s legk\u00e9s\u0151bb \u00e1prilis 15-ig hagyjanak fel minden tervezett \u00e9s v\u00e1laszthat\u00f3 elj\u00e1r\u00e1st, hogy felk\u00e9sz\u00fcljenek a Covid-19-hez kapcsol\u00f3d\u00f3 felv\u00e9telek v\u00e1rhat\u00f3 megugr\u00e1s\u00e1ra. A mai napig t\u00f6bb mint 30 000 \u00e1gyhelyet szabad\u00edtottak fel vagy hoztak l\u00e9tre a megl\u00e9v\u0151 NHS k\u00f3rh\u00e1zakban koronav\u00edrus-fert\u0151z\u00f6tt betegek sz\u00e1m\u00e1ra, ami t\u00f6bb mint 50 \u00faj k\u00f3rh\u00e1znak felel meg. Ez fenomen\u00e1lis eredm\u00e9ny, \u00e9s megmutatja, hogy az NHS mennyire \u00e9rz\u00e9keny tud lenni egy s\u00falyos helyzetben.<\/p>\n<p>Sok k\u00f3rh\u00e1znak \u00fajra kellett rendelnie a bels\u0151 teret, \u00e9s k\u00fcl\u00f6nf\u00e9le m\u00f3dokon \u00e1t kell csoportos\u00edtania az er\u0151forr\u00e1sokat annak \u00e9rdek\u00e9ben, hogy a k\u00f3rh\u00e1zon bel\u00fcl ter\u00fcleteket szabad\u00edtson fel a Covid-19-betegek sz\u00e1m\u00e1ra. A megl\u00e9v\u0151 helyis\u00e9gek erre a c\u00e9lra alkalmas k\u00f3rteremm\u00e9 vagy l\u00e9tes\u00edtm\u00e9nny\u00e9 alak\u00edt\u00e1sa azonban nem felt\u00e9tlen\u00fcl olyan egyszer\u0171 \u00e9s gyors. Mindenekel\u0151tt gondos tervez\u00e9st ig\u00e9nyelt, figyelembe v\u00e9ve a k\u00f3rh\u00e1z teljes vagyon\u00e1t \u00e9s er\u0151forr\u00e1sait.<\/p>\n<p><strong>V\u00e1lasz a kih\u00edv\u00e1sra<\/strong><\/p>\n<p><a href=\"https:\/\/www.england.nhs.uk\/coronavirus\/publication\/covid-19-standard-operating-procedure-estates\/\">A korm\u00e1ny \u00e1ltal kiadott ir\u00e1nymutat\u00e1s<\/a> M\u00e1rciusban a menedzserek \u00e9s a birtokcsoportok, amelyek egy megl\u00e9v\u0151 l\u00e9tes\u00edtm\u00e9nyt ideiglenes Covid-19-oszt\u00e1lyt\u00e1 akartak \u00e1talak\u00edtani, ahol intub\u00e1lt betegeket helyeztek el, felismert\u00e9k, hogy a k\u00f3rh\u00e1zaknak milyen sebess\u00e9ggel kell alkalmazkodniuk, \u00e9s megfelel\u0151en pragmatikusak voltak. Kimondja, hogy a megfelel\u0151 helyek meghat\u00e1roz\u00e1sakor figyelembe kell venni a megl\u00e9v\u0151 forgalmi \u00e1raml\u00e1sokat, \u00e9s el kell ker\u00fclni a nem Covid-19 forgalom sz\u00e1m\u00e1ra alkalmas \u00e1tmen\u0151 \u00fatvonalakat. Figyelembe kell venni a logisztikai \u00e1raml\u00e1sokat, a tiszta \u00e9s piszkos hullad\u00e9kkezel\u00e9st is.<\/p>\n<p>Egy m\u00e1sik kulcsfontoss\u00e1g\u00fa k\u00f6vetelm\u00e9ny a megfelel\u0151 szell\u0151ztet\u00e9s \u00e9s elsz\u00edv\u00e1s, mivel a haszn\u00e1latban l\u00e9v\u0151 szell\u0151z\u0151k nagy sz\u00e1ma oxig\u00e9nnel d\u00fas\u00edthatja a leveg\u0151t, n\u00f6velve ezzel az \u00e9g\u00e9si kock\u00e1zatot. Sz\u00e1mos egy\u00e9b tervez\u00e9si szempontot is figyelembe kell venni, mint p\u00e9ld\u00e1ul a t\u0171zbiztons\u00e1got az elrendez\u00e9s \u00e9s a haszn\u00e1lat megv\u00e1ltoz\u00e1sa miatt, k\u00fcl\u00f6n\u00f6sen, ha \u00e9p\u00edt\u00e9si munk\u00e1kra van sz\u00fcks\u00e9g a t\u00e9r \u00e1talak\u00edt\u00e1s\u00e1hoz. Az orvosi g\u00e1z \u00e9s oxig\u00e9n csatlakoz\u00e1sai mellett az \u00e1gyterekhez tov\u00e1bbi csatlakoz\u00e1sokra \u00e9s k\u00f6r\u00fcl\u00f6tt\u00fck l\u00e9v\u0151 helyekre is sz\u00fcks\u00e9g van az \u00e1gyter\u00fcleten id\u0151szakosan haszn\u00e1lt berendez\u00e9sek sz\u00e1m\u00e1ra.<\/p>\n<p>A k\u00f6zelm\u00faltban megjelent \u00fatmutat\u00e1s azt is kimondja, hogy ahol csak lehets\u00e9ges, az eg\u00e9szs\u00e9g\u00fcgyi int\u00e9zm\u00e9ny kijel\u00f6lt, \u00f6n\u00e1ll\u00f3 ter\u00fclet\u00e9t vagy sz\u00e1rny\u00e1t kell haszn\u00e1lni a Covid-19-ben szenved\u0151 betegek kezel\u00e9s\u00e9re \u00e9s ell\u00e1t\u00e1s\u00e1ra. Ennek a ter\u00fcletnek ide\u00e1lis esetben k\u00fcl\u00f6n bej\u00e1rattal \u00e9s kij\u00e1rattal, valamint k\u00fcl\u00f6n recepci\u00f3val kell rendelkeznie, \u00e9s nem haszn\u00e1lhatj\u00e1k \u00e1tj\u00e1r\u00f3k\u00e9nt m\u00e1s betegek, l\u00e1togat\u00f3k vagy szem\u00e9lyzet, bele\u00e9rtve az \u00e1thelyezett betegeket, az \u00e9tkez\u00e9si sz\u00fcnetekre tart\u00f3 szem\u00e9lyzetet, valamint a be- \u00e9s kil\u00e9p\u0151 szem\u00e9lyzetet \u00e9s l\u00e1togat\u00f3kat. \u00e9p\u00fclet. A nem elk\u00fcl\u00f6n\u00edtett ter\u00fcletekt\u0151l is z\u00e1rt ajt\u00f3kkal kell elv\u00e1lasztani.<\/p>\n<p><strong>Rugalmas eg\u00e9szs\u00e9g\u00fcgyi megold\u00e1sok alkalmaz\u00e1sa<\/strong><\/p>\n<p>Mint az Vanguard mobilja <a href=\"\/hu_hu\/facilities\/operating-theatres\/\">sz\u00ednh\u00e1zak<\/a> \u00e9s <a href=\"\/hu_hu\/facilities\/ward-solutions\/\">k\u00f3rtermek<\/a> \u00f6n\u00e1ll\u00f3 egys\u00e9gek, k\u00fcl\u00f6n\u00f6sen alkalmasak az elk\u00fcl\u00f6n\u00edt\u00e9st ig\u00e9nyl\u0151 fert\u0151z\u00f6tt betegek kezel\u00e9s\u00e9re, vagy kritikus m\u0171t\u00e9tek vagy kezel\u00e9sek elv\u00e9gz\u00e9s\u00e9re a k\u00f3rh\u00e1z Covid-19 ter\u00fcletein k\u00edv\u00fcl. Ezenk\u00edv\u00fcl m\u00e1r megfelelnek a vonatkoz\u00f3 szabv\u00e1nyoknak, \u00edgy gyorsan \u00fajrahasznos\u00edthat\u00f3k tov\u00e1bbi \u00e1gyterek biztos\u00edt\u00e1s\u00e1ra.<\/p>\n<p>Az elm\u00falt hetekben azonban kider\u00fclt, hogy a k\u00f3rh\u00e1zi vezet\u0151k, akik m\u00e1r a helysz\u00ednen Vanguard mobil sz\u00ednh\u00e1zzal, kezel\u0151helyis\u00e9ggel, CSSD-egys\u00e9ggel vagy k\u00f3rteremmel rendelkeznek, ezt az egys\u00e9get saj\u00e1t klinikai birtokuk l\u00e9tfontoss\u00e1g\u00fa kiterjeszt\u00e9s\u00e9nek \u00e9s a Covid-19 kapacit\u00e1s kulcs\u00e1nak tekintik. tervez\u00e9s a k\u00f3rh\u00e1zon bel\u00fcl.<\/p>\n<p>Az egys\u00e9g tov\u00e1bbi k\u00fcls\u0151 kapacit\u00e1sa lehet\u0151v\u00e9 tette egyes k\u00f3rh\u00e1zak sz\u00e1m\u00e1ra, hogy jobban koreograf\u00e1lj\u00e1k a v\u00e1ltoz\u00e1sokat az eg\u00e9sz birtokon, hogy zavartalanul l\u00e1ss\u00e1k el a betegeket a naponta v\u00e1ltoz\u00f3 helyzetben.<\/p>\n<p>Az elm\u00falt hetekben az Vanguard mobil k\u00f3rtermek, m\u0171t\u0151k \u00e9s <a href=\"\/hu_hu\/facilities\/endoscopy\/\">endoszk\u00f3pos lakoszt\u00e1lyok<\/a> a k\u00f3rh\u00e1zak Covid-19-tervez\u00e9se, a rugalmass\u00e1g n\u00f6vel\u00e9s\u00e9t c\u00e9lz\u00f3 \u00e1tfog\u00f3 terv r\u00e9szek\u00e9nt sz\u00e1mos k\u00fcl\u00f6nb\u00f6z\u0151 m\u00f3don \u00fajrahasznos\u00edtott\u00e1k. Az \u00edgy l\u00e9trej\u00f6tt megold\u00e1s \u00e9s a mobil l\u00e9tes\u00edtm\u00e9ny esetleges felhaszn\u00e1l\u00e1sa az egyes k\u00f3rh\u00e1zak egyedi ig\u00e9nyeit\u0151l, az egys\u00e9g telephelyen bel\u00fcli elhelyezked\u00e9s\u00e9t\u0151l \u00e9s egyes oszt\u00e1lyokhoz val\u00f3 k\u00f6zels\u00e9g\u00e9t\u0151l f\u00fcgg\u00f6tt.<\/p>\n<p><strong>S\u00fcrg\u0151ss\u00e9gi m\u0171t\u00e9t \u00e9s alapvet\u0151 kezel\u00e9s<\/strong><\/p>\n<p>Mivel a gyorsas\u00e1g a l\u00e9nyeg, a k\u00f3rh\u00e1zakat arra \u00f6szt\u00f6nzik, hogy azonos\u00edts\u00e1k azokat a ter\u00fcleteket, amelyek minim\u00e1lis m\u00f3dos\u00edt\u00e1ssal hat\u00e9konyan \u00e1talak\u00edthat\u00f3k, mint p\u00e9ld\u00e1ul a megl\u00e9v\u0151 oszt\u00e1lyok, sz\u00ednh\u00e1zak \u00e9s kat\u00e9terez\u0151 laborat\u00f3riumok, bele\u00e9rtve az el\u0151k\u00e9sz\u00edt\u0151 \u00e9s s\u00farol\u00f3 ter\u00fcleteket. A vezet\u00e9kes orvosi g\u00e1zok \u00e9s a tov\u00e1bbi oxig\u00e9n ir\u00e1nti ig\u00e9ny miatt sok k\u00f3rh\u00e1z \u00fagy tal\u00e1lja, hogy a Covid-19 kapacit\u00e1s n\u00f6vel\u00e9s\u00e9nek optim\u00e1lis helye egy megl\u00e9v\u0151 m\u0171t\u0151szoba.<\/p>\n<p>Az NHS-t a strat\u00e9giai incidensekkel foglalkoz\u00f3 igazgat\u00f3ja, Keith Willett professzor hat\u00e1rozottan \u00f6szt\u00f6n\u00f6zte, hogy a v\u00e1ls\u00e1g ut\u00e1n visszatekintve gondoskodjon arr\u00f3l, hogy ne okozzanak annyi k\u00e1rt a nem COVID-betegeknek, akiknek s\u00fcrg\u0151s ell\u00e1t\u00e1sra van sz\u00fcks\u00e9g\u00fck, mint a pozit\u00edv a Covid-19 betegek t\u00e1mogat\u00e1s\u00e1ban.<\/p>\n<p>Ennek eredm\u00e9nyek\u00e9nt sz\u00e1mos, Vanguard mobil mozival vagy k\u00f3rteremmel rendelkez\u0151 k\u00f3rh\u00e1z haszn\u00e1lja a mobil l\u00e9tes\u00edtm\u00e9nyt a megl\u00e9v\u0151 bels\u0151 seb\u00e9szeti vagy klinikai terek dekant\u00e1l\u00e1s\u00e1ra. Az Vanguard mobil egys\u00e9geiben jelenleg v\u00e9grehajtott elj\u00e1r\u00e1sok p\u00e9ld\u00e1i k\u00f6z\u00e9 tartozik a s\u00fcrg\u0151ss\u00e9gi m\u0171t\u00e9t, a s\u00fcrg\u0151ss\u00e9gi ell\u00e1t\u00e1s, p\u00e9ld\u00e1ul a r\u00e1kkezel\u00e9s, valamint a traum\u00e1s betegek kezel\u00e9se.<\/p>\n<p>Az egyik k\u00f3rh\u00e1z a m\u0171t\u0151j\u00e9t s\u00fcrg\u0151ss\u00e9gi plasztikai munk\u00e1kra \u00e9s b\u0151rgy\u00f3gy\u00e1szatra, egy m\u00e1sik pedig s\u00fcrg\u0151ss\u00e9gi sz\u00fcl\u00e9szetre haszn\u00e1lja. Ennek kulcsa ezeknek a l\u00e9tes\u00edtm\u00e9nyeknek a rugalmass\u00e1ga volt, mivel nagyon gyorsan \u00fajrahasznos\u00edthat\u00f3k, a k\u00edv\u00e1nt felhaszn\u00e1l\u00e1st\u00f3l f\u00fcgg\u0151en.<\/p>\n<p>Tov\u00e1bbi el\u0151nye az egys\u00e9gek mobil jellege, mivel viszonylag k\u00f6nnyen \u00e1thelyezhet\u0151k oda, ahol a legnagyobb sz\u00fcks\u00e9g van r\u00e1juk. Sk\u00f3ci\u00e1ban az egyik Eg\u00e9szs\u00e9g\u00fcgyi Tan\u00e1cs azt fontolgatja, hogy mobil sz\u00ednh\u00e1z\u00e1t \u00e1thelyezi egy m\u00e1sik k\u00f3rh\u00e1zi telephelyre ugyanazon a test\u00fcleten bel\u00fcl, ahol nagyobb az ig\u00e9ny.<\/p>\n<p><strong>COVID-19 \u00e9s a betegek elk\u00fcl\u00f6n\u00edt\u00e9se<\/strong><\/p>\n<p>A mobil vagy modul\u00e1ris k\u00f3rterem 1. szint\u0171 l\u00e9gz\u00e9st\u00e1mogat\u00e1si k\u00f3rteremm\u00e9 alak\u00edthat\u00f3 \u00e1t, m\u00edg a mobil m\u0171t\u0151ket HDU vagy ITU oszt\u00e1lyokk\u00e1 kell \u00e1talak\u00edtani, vagy olyan elj\u00e1r\u00e1sokra \u00e9s kezel\u00e9sekre kell haszn\u00e1lni, amelyek el\u0151ny\u00f6sek a tov\u00e1bbi izol\u00e1ci\u00f3b\u00f3l.<\/p>\n<p>Egyes egys\u00e9geket arra is haszn\u00e1lnak, hogy elk\u00fcl\u00f6n\u00edts\u00e9k azokat a betegeket, akikn\u00e9l felt\u00e9telezett Covid-19 t\u00fcnetek jelentkeznek, de tov\u00e1bbi \u00e9rt\u00e9kel\u00e9sre v\u00e1rnak. Az egyik nagy region\u00e1lis k\u00f3rh\u00e1z ideiglenesen \u00e1thelyezte mobil l\u00e9tes\u00edtm\u00e9ny\u00e9t seb\u00e9szeti megfigyel\u0151 egys\u00e9gk\u00e9nt, hogy seg\u00edtsen enyh\u00edteni a k\u00f3rh\u00e1z m\u00e1s ter\u00fcletein l\u00e9v\u0151 nyom\u00e1st, m\u00edg m\u00e1sok mobil sz\u00ednh\u00e1zakat \u00e9s oszt\u00e1lyokat haszn\u00e1lnak kritikus nappali m\u0171t\u00e9tekhez, hogy t\u00e1vol tarts\u00e1k a betegeket a Covid-19 z\u00f3n\u00e1it\u00f3l. a f\u0151k\u00f3rh\u00e1zban.<\/p>\n<p><strong>Hozz\u00e1adott rugalmass\u00e1g<\/strong><\/p>\n<p>Mivel az Vanguard mobil eg\u00e9szs\u00e9g\u00fcgyi l\u00e9tes\u00edtm\u00e9nyei m\u00e1r most is megfelelnek a vonatkoz\u00f3 szabv\u00e1nyok t\u00f6bbs\u00e9g\u00e9nek, a helyzet v\u00e1ltoz\u00e1s\u00e1val a haszn\u00e1lat m\u00f3dosul\u00e1s\u00e1ra is felhaszn\u00e1lhat\u00f3k, legyen sz\u00f3 ak\u00e1r ITU-\u00e1gyak b\u0151v\u00edt\u00e9s\u00e9r\u0151l, ak\u00e1r tov\u00e1bbi kezel\u00e9si kapacit\u00e1sr\u00f3l, an\u00e9lk\u00fcl, hogy szembes\u00fcln\u00e9nek az \u00e1talak\u00edt\u00e1sokkal kapcsolatos sz\u00e1mos szok\u00e1sos probl\u00e9m\u00e1val. megl\u00e9v\u0151 l\u00e9tes\u00edtm\u00e9ny vagy \u00faj \u00e9p\u00fclet vagy r\u00e9szleg \u00e9p\u00edt\u00e9se.<\/p>\n<p>Egyes k\u00f3rh\u00e1zak meg\u00e1llap\u00edtott\u00e1k, hogy tov\u00e1bbi helyekre van sz\u00fcks\u00e9g m\u00e1s c\u00e9lokra, p\u00e9ld\u00e1ul a szem\u00e9lyzet t\u00e1mogat\u00e1s\u00e1ra az\u00e1ltal, hogy nagyon sz\u00fcks\u00e9ges pihen\u0151helyeket biztos\u00edtanak, vagy olyan \u00f6lt\u00f6z\u0151ket biztos\u00edtanak, amelyeket a fert\u0151z\u00f6tt vagy nem fert\u0151z\u00f6tt betegekt\u0151l elk\u00fcl\u00f6n\u00edtve kell elhelyezni. Az Vanguard emellett sz\u00e1mos tartal\u00e9k l\u00e9legeztet\u0151g\u00e9pet is adom\u00e1nyozott az NHS-nek.<\/p>\n<p>Sok esetben az Vanguard tapasztalt klinikai t\u00e1mogat\u00f3 szem\u00e9lyzet\u00e9t \u00e1tcsoportos\u00edtott\u00e1k ak\u00e1r az egys\u00e9gen bel\u00fcl, ak\u00e1r a k\u00f3rh\u00e1z m\u00e1s ter\u00fcletein, bele\u00e9rtve a Covid-19 z\u00f3n\u00e1kat is, hogy ott ny\u00fajtsanak t\u00e1mogat\u00e1st a k\u00f3rh\u00e1znak, ahol a legnagyobb sz\u00fcks\u00e9g van r\u00e1. Ha a seb\u00e9szeti kapacit\u00e1s n\u00f6vel\u00e9s\u00e9hez \u00e1talak\u00edtott m\u0171teremre lenne sz\u00fcks\u00e9g, akkor az nagyon gyorsan visszahelyezhet\u0151 egy teljes szem\u00e9lyzettel ell\u00e1tott m\u0171t\u0151v\u00e9.<\/p>\n<p><strong>J\u00f6v\u0151beli kapacit\u00e1s<\/strong><\/p>\n<p>Elker\u00fclhetetlen, hogy az azonnali v\u00e1ls\u00e1g elm\u00falt\u00e1val a betegek hossz\u00fa v\u00e1r\u00f3list\u00e1kkal n\u00e9zzenek szembe a v\u00e1ls\u00e1g idej\u00e9n elhalasztott vagy lemondott elj\u00e1r\u00e1sokra. Ez\u00e9rt m\u00e1r sz\u00e1mos k\u00f3rh\u00e1zban m\u00e9rlegelik, hogyan kezelj\u00e9k a seb\u00e9szeti, diagnosztikai \u00e9s k\u00fcl\u00f6nf\u00e9le kezel\u00e9si form\u00e1k ir\u00e1nti kereslet v\u00e1rhat\u00f3 megugr\u00e1s\u00e1t.<\/p>\n<p>C\u00e9lszer\u0171 el\u0151re megtervezni a rugalmas eg\u00e9szs\u00e9g\u00fcgyi l\u00e9tes\u00edtm\u00e9nyek haszn\u00e1lat\u00e1t, amelyek gyorsan telep\u00edthet\u0151k a t\u00f6bbletkapacit\u00e1s biztos\u00edt\u00e1sa \u00e9s a k\u00f3rh\u00e1zakon bel\u00fcli ellen\u00e1ll\u00f3 k\u00e9pess\u00e9g jav\u00edt\u00e1sa \u00e9rdek\u00e9ben, \u00e9s amelyek elt\u00e1vol\u00edthat\u00f3k vagy \u00e1thelyezhet\u0151k, ha m\u00e1r nincs sz\u00fcks\u00e9g r\u00e1juk, hogy tov\u00e1bbra is ott ny\u00fajthass\u00e1k a t\u00e1mogat\u00e1st, ahol a legnagyobb sz\u00fcks\u00e9g van r\u00e1.<\/p>","protected":false},"excerpt":{"rendered":"<p>M\u00edg jelenleg a nagyszab\u00e1s\u00fa, ideiglenes helysz\u00edni k\u00f3rh\u00e1zak \u00e9p\u00edt\u00e9se kapja a legt\u00f6bb \u00fajs\u00e1got, \u00f3ri\u00e1si munka folyik a sz\u00ednfalak m\u00f6g\u00f6tt az NHS tr\u00f6sztekn\u00e9l \u00e9s k\u00f3rh\u00e1zakban orsz\u00e1gszerte az ellen\u00e1ll\u00f3 k\u00e9pess\u00e9g jav\u00edt\u00e1sa \u00e9rdek\u00e9ben, \u00e9s bizonyos esetekben az Vanguard flott\u00e1ja is. a mobil eg\u00e9szs\u00e9g\u00fcgyi int\u00e9zm\u00e9nyek kulcsszerepet j\u00e1tszottak.<\/p>","protected":false},"author":1,"featured_media":1346,"comment_status":"closed","ping_status":"closed","sticky":false,"template":"","format":"standard","meta":{"_acf_changed":false,"footnotes":""},"categories":[2,115],"tags":[5,122,138],"class_list":["post-2829","post","type-post","status-publish","format-standard","has-post-thumbnail","hentry","category-news","category-products-and-services","tag-mobile","tag-operating-theatre","tag-ward"],"acf":[],"yoast_head":"<!-- This site is optimized with the Yoast SEO plugin v27.4 - https:\/\/yoast.com\/product\/yoast-seo-wordpress\/ -->\n<title>The role of mobile healthcare in supporting NHS resilience in the COVID-19 crisis - Vanguard Healthcare Solutions<\/title>\n<meta name=\"description\" content=\"The role of mobile healthcare in supporting NHS resilience in the Covid-19 crisis by providing additional capacity and flexibility\" \/>\n<meta name=\"robots\" content=\"index, follow, max-snippet:-1, max-image-preview:large, max-video-preview:-1\" \/>\n<link rel=\"canonical\" href=\"https:\/\/www.vanguardhealthcare.co.uk\/hu_hu\/the-role-of-mobile-healthcare-in-supporting-nhs-resilience-in-the-covid-19-crisis\/\" \/>\n<meta property=\"og:locale\" content=\"hu_HU\" \/>\n<meta property=\"og:type\" content=\"article\" \/>\n<meta property=\"og:title\" content=\"The role of mobile healthcare in supporting NHS resilience in the COVID-19 crisis - Vanguard Healthcare Solutions\" \/>\n<meta property=\"og:description\" content=\"The role of mobile healthcare in supporting NHS resilience in the Covid-19 crisis by providing additional capacity and flexibility\" \/>\n<meta property=\"og:url\" content=\"https:\/\/www.vanguardhealthcare.co.uk\/hu_hu\/the-role-of-mobile-healthcare-in-supporting-nhs-resilience-in-the-covid-19-crisis\/\" \/>\n<meta property=\"og:site_name\" content=\"Vanguard Healthcare Solutions\" \/>\n<meta property=\"article:published_time\" content=\"2020-04-16T14:04:34+00:00\" \/>\n<meta property=\"og:image\" content=\"https:\/\/www.vanguardhealthcare.co.uk\/wp-content\/uploads\/legacy\/2020\/01\/Image-1.png\" \/>\n\t<meta property=\"og:image:width\" content=\"1286\" \/>\n\t<meta property=\"og:image:height\" content=\"742\" \/>\n\t<meta property=\"og:image:type\" content=\"image\/png\" \/>\n<meta name=\"author\" content=\"Vanguard Healthcare Solutions\" \/>\n<meta name=\"twitter:card\" content=\"summary_large_image\" \/>\n<meta name=\"twitter:label1\" content=\"Szerz\u0151:\" \/>\n\t<meta name=\"twitter:data1\" content=\"Vanguard Healthcare Solutions\" \/>\n\t<meta name=\"twitter:label2\" content=\"Becs\u00fclt olvas\u00e1si id\u0151\" \/>\n\t<meta name=\"twitter:data2\" content=\"7 perc\" \/>\n<script type=\"application\/ld+json\" class=\"yoast-schema-graph\">{\"@context\":\"https:\\\/\\\/schema.org\",\"@graph\":[{\"@type\":\"Article\",\"@id\":\"https:\\\/\\\/www.vanguardhealthcare.co.uk\\\/the-role-of-mobile-healthcare-in-supporting-nhs-resilience-in-the-covid-19-crisis\\\/#article\",\"isPartOf\":{\"@id\":\"https:\\\/\\\/www.vanguardhealthcare.co.uk\\\/the-role-of-mobile-healthcare-in-supporting-nhs-resilience-in-the-covid-19-crisis\\\/\"},\"author\":{\"name\":\"Vanguard Healthcare Solutions\",\"@id\":\"https:\\\/\\\/www.vanguardhealthcare.co.uk\\\/#\\\/schema\\\/person\\\/426decd65e2d39321705e63d5ea4394b\"},\"headline\":\"The role of mobile healthcare in supporting NHS resilience in the COVID-19 crisis\",\"datePublished\":\"2020-04-16T14:04:34+00:00\",\"mainEntityOfPage\":{\"@id\":\"https:\\\/\\\/www.vanguardhealthcare.co.uk\\\/the-role-of-mobile-healthcare-in-supporting-nhs-resilience-in-the-covid-19-crisis\\\/\"},\"wordCount\":1343,\"image\":{\"@id\":\"https:\\\/\\\/www.vanguardhealthcare.co.uk\\\/the-role-of-mobile-healthcare-in-supporting-nhs-resilience-in-the-covid-19-crisis\\\/#primaryimage\"},\"thumbnailUrl\":\"https:\\\/\\\/www.vanguardhealthcare.co.uk\\\/wp-content\\\/uploads\\\/legacy\\\/2020\\\/01\\\/Image-1.png\",\"keywords\":[\"Mobile\",\"Operating theatre\",\"Ward\"],\"articleSection\":[\"News\",\"Products and services\"],\"inLanguage\":\"hu\"},{\"@type\":\"WebPage\",\"@id\":\"https:\\\/\\\/www.vanguardhealthcare.co.uk\\\/the-role-of-mobile-healthcare-in-supporting-nhs-resilience-in-the-covid-19-crisis\\\/\",\"url\":\"https:\\\/\\\/www.vanguardhealthcare.co.uk\\\/the-role-of-mobile-healthcare-in-supporting-nhs-resilience-in-the-covid-19-crisis\\\/\",\"name\":\"The role of mobile healthcare in supporting NHS resilience in the COVID-19 crisis - Vanguard Healthcare Solutions\",\"isPartOf\":{\"@id\":\"https:\\\/\\\/www.vanguardhealthcare.co.uk\\\/#website\"},\"primaryImageOfPage\":{\"@id\":\"https:\\\/\\\/www.vanguardhealthcare.co.uk\\\/the-role-of-mobile-healthcare-in-supporting-nhs-resilience-in-the-covid-19-crisis\\\/#primaryimage\"},\"image\":{\"@id\":\"https:\\\/\\\/www.vanguardhealthcare.co.uk\\\/the-role-of-mobile-healthcare-in-supporting-nhs-resilience-in-the-covid-19-crisis\\\/#primaryimage\"},\"thumbnailUrl\":\"https:\\\/\\\/www.vanguardhealthcare.co.uk\\\/wp-content\\\/uploads\\\/legacy\\\/2020\\\/01\\\/Image-1.png\",\"datePublished\":\"2020-04-16T14:04:34+00:00\",\"author\":{\"@id\":\"https:\\\/\\\/www.vanguardhealthcare.co.uk\\\/#\\\/schema\\\/person\\\/426decd65e2d39321705e63d5ea4394b\"},\"description\":\"The role of mobile healthcare in supporting NHS resilience in the Covid-19 crisis by providing additional capacity and flexibility\",\"breadcrumb\":{\"@id\":\"https:\\\/\\\/www.vanguardhealthcare.co.uk\\\/the-role-of-mobile-healthcare-in-supporting-nhs-resilience-in-the-covid-19-crisis\\\/#breadcrumb\"},\"inLanguage\":\"hu\",\"potentialAction\":[{\"@type\":\"ReadAction\",\"target\":[\"https:\\\/\\\/www.vanguardhealthcare.co.uk\\\/the-role-of-mobile-healthcare-in-supporting-nhs-resilience-in-the-covid-19-crisis\\\/\"]}]},{\"@type\":\"ImageObject\",\"inLanguage\":\"hu\",\"@id\":\"https:\\\/\\\/www.vanguardhealthcare.co.uk\\\/the-role-of-mobile-healthcare-in-supporting-nhs-resilience-in-the-covid-19-crisis\\\/#primaryimage\",\"url\":\"https:\\\/\\\/www.vanguardhealthcare.co.uk\\\/wp-content\\\/uploads\\\/legacy\\\/2020\\\/01\\\/Image-1.png\",\"contentUrl\":\"https:\\\/\\\/www.vanguardhealthcare.co.uk\\\/wp-content\\\/uploads\\\/legacy\\\/2020\\\/01\\\/Image-1.png\",\"width\":1286,\"height\":742},{\"@type\":\"BreadcrumbList\",\"@id\":\"https:\\\/\\\/www.vanguardhealthcare.co.uk\\\/the-role-of-mobile-healthcare-in-supporting-nhs-resilience-in-the-covid-19-crisis\\\/#breadcrumb\",\"itemListElement\":[{\"@type\":\"ListItem\",\"position\":1,\"name\":\"Home\",\"item\":\"https:\\\/\\\/www.vanguardhealthcare.co.uk\\\/\"},{\"@type\":\"ListItem\",\"position\":2,\"name\":\"The role of mobile healthcare in supporting NHS resilience in the COVID-19 crisis\"}]},{\"@type\":\"WebSite\",\"@id\":\"https:\\\/\\\/www.vanguardhealthcare.co.uk\\\/#website\",\"url\":\"https:\\\/\\\/www.vanguardhealthcare.co.uk\\\/\",\"name\":\"Vanguard Healthcare Solutions\",\"description\":\"\",\"potentialAction\":[{\"@type\":\"SearchAction\",\"target\":{\"@type\":\"EntryPoint\",\"urlTemplate\":\"https:\\\/\\\/www.vanguardhealthcare.co.uk\\\/?s={search_term_string}\"},\"query-input\":{\"@type\":\"PropertyValueSpecification\",\"valueRequired\":true,\"valueName\":\"search_term_string\"}}],\"inLanguage\":\"hu\"},{\"@type\":\"Person\",\"@id\":\"https:\\\/\\\/www.vanguardhealthcare.co.uk\\\/#\\\/schema\\\/person\\\/426decd65e2d39321705e63d5ea4394b\",\"name\":\"Vanguard Healthcare Solutions\",\"image\":{\"@type\":\"ImageObject\",\"inLanguage\":\"hu\",\"@id\":\"https:\\\/\\\/secure.gravatar.com\\\/avatar\\\/7ba7c80067fbd6952425e7e5a94fa842f37365b39fe1fd0a01287a5a0b6f7d2b?s=96&d=mm&r=g\",\"url\":\"https:\\\/\\\/secure.gravatar.com\\\/avatar\\\/7ba7c80067fbd6952425e7e5a94fa842f37365b39fe1fd0a01287a5a0b6f7d2b?s=96&d=mm&r=g\",\"contentUrl\":\"https:\\\/\\\/secure.gravatar.com\\\/avatar\\\/7ba7c80067fbd6952425e7e5a94fa842f37365b39fe1fd0a01287a5a0b6f7d2b?s=96&d=mm&r=g\",\"caption\":\"Vanguard Healthcare Solutions\"},\"sameAs\":[\"https:\\\/\\\/www.vanguardhealthcare.co.uk\"]}]}<\/script>\n<!-- \/ Yoast SEO plugin. -->","yoast_head_json":{"title":"A mobil eg\u00e9szs\u00e9g\u00fcgy szerepe az NHS ellen\u00e1ll\u00f3 k\u00e9pess\u00e9g\u00e9nek t\u00e1mogat\u00e1s\u00e1ban a COVID-19 v\u00e1ls\u00e1g idej\u00e9n - Vanguard Healthcare Solutions","description":"A mobil eg\u00e9szs\u00e9g\u00fcgyi ell\u00e1t\u00e1s szerepe az NHS ellen\u00e1ll\u00f3 k\u00e9pess\u00e9g\u00e9nek t\u00e1mogat\u00e1s\u00e1ban a Covid-19 v\u00e1ls\u00e1g idej\u00e9n a tov\u00e1bbi kapacit\u00e1s \u00e9s rugalmass\u00e1g biztos\u00edt\u00e1s\u00e1val","robots":{"index":"index","follow":"follow","max-snippet":"max-snippet:-1","max-image-preview":"max-image-preview:large","max-video-preview":"max-video-preview:-1"},"canonical":"https:\/\/www.vanguardhealthcare.co.uk\/hu_hu\/the-role-of-mobile-healthcare-in-supporting-nhs-resilience-in-the-covid-19-crisis\/","og_locale":"hu_HU","og_type":"article","og_title":"The role of mobile healthcare in supporting NHS resilience in the COVID-19 crisis - Vanguard Healthcare Solutions","og_description":"The role of mobile healthcare in supporting NHS resilience in the Covid-19 crisis by providing additional capacity and flexibility","og_url":"https:\/\/www.vanguardhealthcare.co.uk\/hu_hu\/the-role-of-mobile-healthcare-in-supporting-nhs-resilience-in-the-covid-19-crisis\/","og_site_name":"Vanguard Healthcare Solutions","article_published_time":"2020-04-16T14:04:34+00:00","og_image":[{"width":1286,"height":742,"url":"https:\/\/www.vanguardhealthcare.co.uk\/wp-content\/uploads\/legacy\/2020\/01\/Image-1.png","type":"image\/png"}],"author":"Vanguard Healthcare Solutions","twitter_card":"summary_large_image","twitter_misc":{"Szerz\u0151:":"Vanguard Healthcare Solutions","Becs\u00fclt olvas\u00e1si id\u0151":"7 perc"},"schema":{"@context":"https:\/\/schema.org","@graph":[{"@type":"Article","@id":"https:\/\/www.vanguardhealthcare.co.uk\/the-role-of-mobile-healthcare-in-supporting-nhs-resilience-in-the-covid-19-crisis\/#article","isPartOf":{"@id":"https:\/\/www.vanguardhealthcare.co.uk\/the-role-of-mobile-healthcare-in-supporting-nhs-resilience-in-the-covid-19-crisis\/"},"author":{"name":"Vanguard Healthcare Solutions","@id":"https:\/\/www.vanguardhealthcare.co.uk\/#\/schema\/person\/426decd65e2d39321705e63d5ea4394b"},"headline":"The role of mobile healthcare in supporting NHS resilience in the COVID-19 crisis","datePublished":"2020-04-16T14:04:34+00:00","mainEntityOfPage":{"@id":"https:\/\/www.vanguardhealthcare.co.uk\/the-role-of-mobile-healthcare-in-supporting-nhs-resilience-in-the-covid-19-crisis\/"},"wordCount":1343,"image":{"@id":"https:\/\/www.vanguardhealthcare.co.uk\/the-role-of-mobile-healthcare-in-supporting-nhs-resilience-in-the-covid-19-crisis\/#primaryimage"},"thumbnailUrl":"https:\/\/www.vanguardhealthcare.co.uk\/wp-content\/uploads\/legacy\/2020\/01\/Image-1.png","keywords":["Mobile","Operating theatre","Ward"],"articleSection":["News","Products and services"],"inLanguage":"hu"},{"@type":"WebPage","@id":"https:\/\/www.vanguardhealthcare.co.uk\/the-role-of-mobile-healthcare-in-supporting-nhs-resilience-in-the-covid-19-crisis\/","url":"https:\/\/www.vanguardhealthcare.co.uk\/the-role-of-mobile-healthcare-in-supporting-nhs-resilience-in-the-covid-19-crisis\/","name":"A mobil eg\u00e9szs\u00e9g\u00fcgy szerepe az NHS ellen\u00e1ll\u00f3 k\u00e9pess\u00e9g\u00e9nek t\u00e1mogat\u00e1s\u00e1ban a COVID-19 v\u00e1ls\u00e1g idej\u00e9n - Vanguard Healthcare Solutions","isPartOf":{"@id":"https:\/\/www.vanguardhealthcare.co.uk\/#website"},"primaryImageOfPage":{"@id":"https:\/\/www.vanguardhealthcare.co.uk\/the-role-of-mobile-healthcare-in-supporting-nhs-resilience-in-the-covid-19-crisis\/#primaryimage"},"image":{"@id":"https:\/\/www.vanguardhealthcare.co.uk\/the-role-of-mobile-healthcare-in-supporting-nhs-resilience-in-the-covid-19-crisis\/#primaryimage"},"thumbnailUrl":"https:\/\/www.vanguardhealthcare.co.uk\/wp-content\/uploads\/legacy\/2020\/01\/Image-1.png","datePublished":"2020-04-16T14:04:34+00:00","author":{"@id":"https:\/\/www.vanguardhealthcare.co.uk\/#\/schema\/person\/426decd65e2d39321705e63d5ea4394b"},"description":"A mobil eg\u00e9szs\u00e9g\u00fcgyi ell\u00e1t\u00e1s szerepe az NHS ellen\u00e1ll\u00f3 k\u00e9pess\u00e9g\u00e9nek t\u00e1mogat\u00e1s\u00e1ban a Covid-19 v\u00e1ls\u00e1g idej\u00e9n a tov\u00e1bbi kapacit\u00e1s \u00e9s rugalmass\u00e1g biztos\u00edt\u00e1s\u00e1val","breadcrumb":{"@id":"https:\/\/www.vanguardhealthcare.co.uk\/the-role-of-mobile-healthcare-in-supporting-nhs-resilience-in-the-covid-19-crisis\/#breadcrumb"},"inLanguage":"hu","potentialAction":[{"@type":"ReadAction","target":["https:\/\/www.vanguardhealthcare.co.uk\/the-role-of-mobile-healthcare-in-supporting-nhs-resilience-in-the-covid-19-crisis\/"]}]},{"@type":"ImageObject","inLanguage":"hu","@id":"https:\/\/www.vanguardhealthcare.co.uk\/the-role-of-mobile-healthcare-in-supporting-nhs-resilience-in-the-covid-19-crisis\/#primaryimage","url":"https:\/\/www.vanguardhealthcare.co.uk\/wp-content\/uploads\/legacy\/2020\/01\/Image-1.png","contentUrl":"https:\/\/www.vanguardhealthcare.co.uk\/wp-content\/uploads\/legacy\/2020\/01\/Image-1.png","width":1286,"height":742},{"@type":"BreadcrumbList","@id":"https:\/\/www.vanguardhealthcare.co.uk\/the-role-of-mobile-healthcare-in-supporting-nhs-resilience-in-the-covid-19-crisis\/#breadcrumb","itemListElement":[{"@type":"ListItem","position":1,"name":"Home","item":"https:\/\/www.vanguardhealthcare.co.uk\/"},{"@type":"ListItem","position":2,"name":"The role of mobile healthcare in supporting NHS resilience in the COVID-19 crisis"}]},{"@type":"WebSite","@id":"https:\/\/www.vanguardhealthcare.co.uk\/#website","url":"https:\/\/www.vanguardhealthcare.co.uk\/","name":"Vanguard Healthcare Solutions","description":"","potentialAction":[{"@type":"SearchAction","target":{"@type":"EntryPoint","urlTemplate":"https:\/\/www.vanguardhealthcare.co.uk\/?s={search_term_string}"},"query-input":{"@type":"PropertyValueSpecification","valueRequired":true,"valueName":"search_term_string"}}],"inLanguage":"hu"},{"@type":"Person","@id":"https:\/\/www.vanguardhealthcare.co.uk\/#\/schema\/person\/426decd65e2d39321705e63d5ea4394b","name":"Vanguard Healthcare Solutions","image":{"@type":"ImageObject","inLanguage":"hu","@id":"https:\/\/secure.gravatar.com\/avatar\/7ba7c80067fbd6952425e7e5a94fa842f37365b39fe1fd0a01287a5a0b6f7d2b?s=96&d=mm&r=g","url":"https:\/\/secure.gravatar.com\/avatar\/7ba7c80067fbd6952425e7e5a94fa842f37365b39fe1fd0a01287a5a0b6f7d2b?s=96&d=mm&r=g","contentUrl":"https:\/\/secure.gravatar.com\/avatar\/7ba7c80067fbd6952425e7e5a94fa842f37365b39fe1fd0a01287a5a0b6f7d2b?s=96&d=mm&r=g","caption":"Vanguard Healthcare Solutions"},"sameAs":["https:\/\/www.vanguardhealthcare.co.uk"]}]}},"_links":{"self":[{"href":"https:\/\/www.vanguardhealthcare.co.uk\/hu_hu\/wp-json\/wp\/v2\/posts\/2829","targetHints":{"allow":["GET"]}}],"collection":[{"href":"https:\/\/www.vanguardhealthcare.co.uk\/hu_hu\/wp-json\/wp\/v2\/posts"}],"about":[{"href":"https:\/\/www.vanguardhealthcare.co.uk\/hu_hu\/wp-json\/wp\/v2\/types\/post"}],"author":[{"embeddable":true,"href":"https:\/\/www.vanguardhealthcare.co.uk\/hu_hu\/wp-json\/wp\/v2\/users\/1"}],"replies":[{"embeddable":true,"href":"https:\/\/www.vanguardhealthcare.co.uk\/hu_hu\/wp-json\/wp\/v2\/comments?post=2829"}],"version-history":[{"count":0,"href":"https:\/\/www.vanguardhealthcare.co.uk\/hu_hu\/wp-json\/wp\/v2\/posts\/2829\/revisions"}],"wp:featuredmedia":[{"embeddable":true,"href":"https:\/\/www.vanguardhealthcare.co.uk\/hu_hu\/wp-json\/wp\/v2\/media\/1346"}],"wp:attachment":[{"href":"https:\/\/www.vanguardhealthcare.co.uk\/hu_hu\/wp-json\/wp\/v2\/media?parent=2829"}],"wp:term":[{"taxonomy":"category","embeddable":true,"href":"https:\/\/www.vanguardhealthcare.co.uk\/hu_hu\/wp-json\/wp\/v2\/categories?post=2829"},{"taxonomy":"post_tag","embeddable":true,"href":"https:\/\/www.vanguardhealthcare.co.uk\/hu_hu\/wp-json\/wp\/v2\/tags?post=2829"}],"curies":[{"name":"munkaf\u00fczet","href":"https:\/\/api.w.org\/{rel}","templated":true}]}}