{"id":2718,"date":"2020-02-10T13:37:21","date_gmt":"2020-02-10T13:37:21","guid":{"rendered":"\/?p=2718"},"modified":"2020-02-10T13:37:21","modified_gmt":"2020-02-10T13:37:21","slug":"the-threat-of-pandemics","status":"publish","type":"post","link":"https:\/\/www.vanguardhealthcare.co.uk\/hu_hu\/the-threat-of-pandemics\/","title":{"rendered":"A j\u00e1rv\u00e1nyok vesz\u00e9lye"},"content":{"rendered":"<p>Kevesebb id\u0151 alatt, mint amennyi id\u0151 alatt \u00e9lvezte a leg\u00fajabb mozifilmet, elaludt \u00e9s megn\u00e9zheti, ahogy a gyerekek fociznak, az influenzaj\u00e1rv\u00e1ny az eg\u00e9sz vil\u00e1gon \u00e1tterjedhet. Ak\u00e1r 80 milli\u00f3 embert is meg\u00f6lhet. K\u00e9ts\u00e9gtelen\u00fcl p\u00e1nikot v\u00e1ltana ki. Ez \u00e9rinten\u00e9 a nemzetbiztons\u00e1got \u00e9s a vil\u00e1ggazdas\u00e1got.<\/p>\n<p>A Global Preparedness Monitoring Board \u00e1ltal 2019-ben k\u00f6zz\u00e9tett jelent\u00e9sben a 15 f\u0151s f\u00fcggetlen szak\u00e9rt\u0151i csoportot h\u00edvt\u00e1k \u00f6ssze.\n<a href=\"https:\/\/www.worldbank.org\/\">\n Vil\u00e1gbank\n<\/a>\n\u00e9s\n<a href=\"https:\/\/www.who.int\/\">\n WHO\n<\/a>\nAz els\u0151 ebola-v\u00e1ls\u00e1g ut\u00e1n a vil\u00e1g minden t\u00e1j\u00e1n terjed\u0151, ak\u00e1r t\u00f6bb t\u00edzmilli\u00f3 ember hal\u00e1l\u00e1t okoz\u00f3 j\u00e1rv\u00e1ny vesz\u00e9ly\u00e9t \u201eval\u00f3dinak\u201d min\u0151s\u00edtett\u00e9k. \u00c9s jelenleg a koronav\u00edrus-j\u00e1rv\u00e1ny nagyon is val\u00f3s fenyeget\u00e9s\u00e9vel \u00e1llunk szemben.<\/p>\n<p>Mind\u00f6ssze k\u00e9t h\u00e9t alatt t\u00f6bb mint 31 000 meger\u0151s\u00edtett esetet regisztr\u00e1ltak, \u00e9s t\u00f6bb mint 600 kapcsol\u00f3d\u00f3 hal\u00e1lesetet. A hal\u00e1lesetek k\u00f6z\u00fcl csak kett\u0151 t\u00f6rt\u00e9nt K\u00edn\u00e1n k\u00edv\u00fcl \u2013 egy Hongkongban \u00e9s egy a F\u00fcl\u00f6p-szigeteken, de amint meger\u0151s\u00edtett\u00e9k a harmadik egyes\u00fclt kir\u00e1lys\u00e1gbeli esetet, \u00e9s a\n<a href=\"https:\/\/www.nhs.uk\/\">\n NHS\n<\/a>\narra k\u00e9r minden angliai k\u00f3rh\u00e1zat, hogy hozzanak l\u00e9tre \u201eels\u0151bbs\u00e9gi \u00e9rt\u00e9kel\u00e9si f\u00fczeteket\u201d a koronav\u00edrus-gyan\u00fas betegek sz\u00e1m\u00e1ra, vil\u00e1goss\u00e1 v\u00e1lik, hogy a fenyeget\u00e9s glob\u00e1lis. A v\u00edrus m\u00e1ra t\u00f6bb mint k\u00e9ttucatnyi nemzetre terjedt el, \u00e9s az Eg\u00e9szs\u00e9g\u00fcgyi Vil\u00e1gszervezet (WHO) glob\u00e1lis eg\u00e9szs\u00e9g\u00fcgyi v\u00e9szhelyzetnek nyilv\u00e1n\u00edtotta a j\u00e1rv\u00e1nyt \u2013 b\u00e1r szerinte ez m\u00e9g nem jelent &quot;j\u00e1rv\u00e1nyt&quot;.<\/p>\n<p>A Global Preparedness Monitoring Board fel\u00fclvizsg\u00e1lta az eg\u00e9szs\u00e9g\u00fcgyi rendszereket szerte a vil\u00e1gon, \u00e9s azt tal\u00e1lta, hogy mind\u00f6ssze 13 orsz\u00e1g rendelkezik elegend\u0151 er\u0151forr\u00e1ssal az \u201eelker\u00fclhetetlen\u201d vil\u00e1gj\u00e1rv\u00e1ny elleni k\u00fczdelemhez. A legfelk\u00e9sz\u00fcltebb orsz\u00e1gok k\u00f6z\u00e9 tartozott az Egyes\u00fclt Kir\u00e1lys\u00e1g, az Egyes\u00fclt \u00c1llamok, Ausztr\u00e1lia, Kanada, Franciaorsz\u00e1g \u00e9s Hollandia \u2013 a j\u00e1rv\u00e1ny terjed\u00e9s\u00e9nek gyorsas\u00e1ga miatt azonban a szak\u00e9rt\u0151k arra figyelmeztettek, hogy m\u00e9g ezek a nemzetek is k\u00fczdhetnek a betegs\u00e9g megf\u00e9kez\u00e9s\u00e9vel.<\/p>\n<p>Az egyes orsz\u00e1gok felk\u00e9sz\u00fclts\u00e9g\u00e9t most pr\u00f3b\u00e1ra teszik. Az NHS azt mondja, hogy j\u00f3l felk\u00e9sz\u00fclt, \u00e9s er\u0151teljes fert\u0151z\u00e9sv\u00e9delmi int\u00e9zked\u00e9seket alkalmaz a v\u00edrus terjed\u00e9s\u00e9nek megakad\u00e1lyoz\u00e1s\u00e1ra. Az Egyes\u00fclt Kir\u00e1lys\u00e1gban a gyan\u00fas eseteket azonnal elk\u00fcl\u00f6n\u00edtik, \u00e9s mindenkit, aki k\u00f6zeli kapcsolatba ker\u00fclt, felkutatj\u00e1k, m\u00edg aki j\u00e1rt Vuhanban, azt karant\u00e9nba helyezik. Az NHS emellett bevezeti a koronav\u00edrus-felm\u00e9r\u00e9st is, amely int\u00e9zked\u00e9s lehet\u0151v\u00e9 teszi az A&amp;E oszt\u00e1lyok sz\u00e1m\u00e1ra, hogy a koronav\u00edrus t\u00fcneteit \u00e9szlel\u0151 embereket t\u00e1vol tarts\u00e1k a t\u00f6bbi betegt\u0151l, \u00e9s megv\u00e9dj\u00e9k a k\u00f3rh\u00e1zakat haszn\u00e1l\u00f3 vagy a k\u00f3rh\u00e1zakat l\u00e1togat\u00f3kat, amelyek k\u00f6z\u00fcl egyesek val\u00f3sz\u00edn\u0171leg s\u00e9r\u00fcl\u00e9keny immunrendszerrel rendelkeznek. .<\/p>\n<p>Mindek\u00f6zben K\u00edna tov\u00e1bbra is felz\u00e1rk\u00f3zik, \u00e9s \u00fagy t\u0171nik, hogy k\u00fczd az\u00e9rt, hogy fel\u00fclkerekedjen a j\u00e1rv\u00e1nyon. A v\u00e9grehajtott int\u00e9zked\u00e9sek, k\u00f6zt\u00fck Vuhan v\u00e1ros \u00e9s a k\u00f6rnyez\u0151 tartom\u00e1ny elz\u00e1r\u00e1sa, amely t\u00f6bb mint 50 milli\u00f3 embert \u00e9rint, hat\u00e9konyak voltak, \u00e9s most szigor\u00fabb int\u00e9zked\u00e9seket is bevezetnek, bele\u00e9rtve a k\u00fcl\u00f6n\u00e1ll\u00f3 k\u00f3rh\u00e1zak \u00e9p\u00edt\u00e9s\u00e9t, a csoportos \u00e9tkez\u00e9sek betilt\u00e1s\u00e1t egyes ter\u00fcleteken, korl\u00e1toz\u00e1sokat. arr\u00f3l, hogy az emberek milyen gyakran mehetnek ki a szabadba, valamint egyes \u00e9p\u00fcletekben a liftek kikapcsol\u00e1sa. De el\u00e9g hamar tettek l\u00e9p\u00e9seket?<\/p>\n<p>A Global Preparedness Monitoring Board figyelmeztetett, hogy a j\u00e1rv\u00e1nyvesz\u00e9lyes betegs\u00e9gek, mint p\u00e9ld\u00e1ul az ebola, az influenza \u00e9s a Sars egyre nehezebben kezelhet\u0151k. Ennek okai k\u00f6z\u00e9 tartozik a n\u00f6vekv\u0151 konfliktus, a t\u00f6r\u00e9keny \u00e1llamok \u00e9s az \u00e9ghajlati v\u00e1ls\u00e1ggal p\u00e1rhuzamosan n\u00f6vekv\u0151 migr\u00e1ci\u00f3, az urbaniz\u00e1ci\u00f3 \u00e9s a higi\u00e9nia hi\u00e1nya. Ezek a gyorsan terjed\u0151, katasztrof\u00e1lis j\u00e1rv\u00e1nyok \u201eteny\u00e9szt\u0151helyei\u201d.<\/p>\n<p>A h\u00edr nem sokkal egy nevezett jelent\u00e9s ut\u00e1n \u00e9rkezik\n<em>\n Vesz\u00e9lyben l\u00e9v\u0151 vil\u00e1g\n<\/em>\n, kijelentette, hogy az olyan v\u00e1ls\u00e1gok nyom\u00e1n kit\u00f6r\u0151 j\u00e1rv\u00e1nyokra tett jelenlegi er\u0151fesz\u00edt\u00e9sek, mint az ebola, \u201enagyon el\u00e9gtelenek\u201d, \u00e9s utalt az 1918-as spanyoln\u00e1tha-j\u00e1rv\u00e1ny \u00e1ltal okozott k\u00e1rokra, \u00e9s azt mondta, hogy a nemzetk\u00f6zi utaz\u00e1sok modern fejl\u0151d\u00e9se el\u0151seg\u00edti a betegs\u00e9g gyorsabb terjed\u00e9s\u00e9t \u2013 egy \u00e9vsz\u00e1zaddal ezel\u0151tt a spanyoln\u00e1tha-j\u00e1rv\u00e1ny a vil\u00e1g lakoss\u00e1g\u00e1nak egyharmad\u00e1t fert\u0151zte meg, \u00e9s 50 milli\u00f3 ember hal\u00e1l\u00e1t okozta.<\/p>\n<p>F\u00e9lelmetes, ha figyelembe vessz\u00fck a kor\u00e1bbi j\u00e1rv\u00e1nyokat \u2013 a fekete hal\u00e1l p\u00e9ld\u00e1ul ak\u00e1r 200 milli\u00f3 ember\u00e9letet is k\u00f6vetelt akkoriban, amikor az utaz\u00e1s nagyr\u00e9szt a ny\u00edlt tengerre korl\u00e1toz\u00f3dott, \u00e9s a sz\u00e1razf\u00f6ld\u00f6n a leggyorsabb eszk\u00f6z a l\u00f3 volt. Egy olyan korban, amikor fel- \u00e9s lesz\u00e1llhatunk rep\u00fcl\u0151kre, kev\u00e9s \u00f3ra alatt bej\u00e1rhatjuk az orsz\u00e1g hossz\u00e1t \u00e9s sz\u00e9less\u00e9g\u00e9t, \u00e9s ahol a v\u00e1roslak\u00f3k naponta \u00f3r\u00e1kat t\u00f6ltenek buszon, villamoson \u00e9s metr\u00f3n ing\u00e1zva \u2013 nem csoda, hogy a k\u00f3rokoz\u00f3k k\u00e9pesek nyakt\u00f6r\u0151 sebess\u00e9ggel terjedt.<\/p>\n<p>Gyorsan v\u00e1ltoz\u00f3 \u00e9s \u00f6sszekapcsol\u00f3d\u00f3 vil\u00e1gunkban a szak\u00e9rt\u0151k szerint \u201emeg kell jav\u00edtani a tet\u0151t, miel\u0151tt elj\u00f6n az es\u0151\u201d. Ez azt jelenti, hogy fel kell k\u00e9sz\u00fcln\u00fcnk \u00e9s hat\u00e9konyan meg kell tervezn\u00fcnk, mit tenn\u00e9nk egy j\u00e1rv\u00e1ny eset\u00e9n. A jelent\u00e9s szerz\u0151i azt mondj\u00e1k: \u201eLegf\u0151bb ideje a s\u00fcrg\u0151s \u00e9s tart\u00f3s cselekv\u00e9snek. Ennek mag\u00e1ban kell foglalnia a k\u00f6z\u00f6ss\u00e9gi, nemzeti \u00e9s nemzetk\u00f6zi szint\u0171 finansz\u00edroz\u00e1s n\u00f6vel\u00e9s\u00e9t a j\u00e1rv\u00e1nyok terjed\u00e9s\u00e9nek megakad\u00e1lyoz\u00e1sa \u00e9rdek\u00e9ben. Ez azt is megk\u00f6veteli a vezet\u0151kt\u0151l, hogy tegyenek proakt\u00edv l\u00e9p\u00e9seket a k\u00e9szenl\u00e9ti koordin\u00e1ci\u00f3s mechanizmusok meger\u0151s\u00edt\u00e9s\u00e9re a korm\u00e1nyok \u00e9s a t\u00e1rsadalom k\u00f6z\u00f6tt, hogy gyorsan reag\u00e1lhassanak egy v\u00e9szhelyzetre.\u201d<\/p>\n<p>Az eg\u00e9szs\u00e9g\u00fcgyi infrastrukt\u00fara \u00e9s l\u00e9tes\u00edtm\u00e9nyek minden bizonnyal kulcsfontoss\u00e1g\u00faak lesznek b\u00e1rmely vil\u00e1gj\u00e1rv\u00e1ny kit\u00f6r\u00e9s\u00e9nek kezel\u00e9s\u00e9ben. Leegyszer\u0171s\u00edtve, ha j\u00e1rv\u00e1ny t\u00e1madna, sokkal t\u00f6bb ember lesz sz\u00fcks\u00e9ge orvosi ell\u00e1t\u00e1sra, \u00e9s biztons\u00e1gosan \u00e9s hat\u00e9konyan kell kezelni \u0151ket, hogy minim\u00e1lisra cs\u00f6kkents\u00fck \u0151ket, a sz\u00e9lesebb nyilv\u00e1noss\u00e1got \u00e9s a k\u00f3rh\u00e1zi szem\u00e9lyzetet \u00e9rint\u0151 kock\u00e1zatokat. A k\u00f3rh\u00e1zaknak helyet \u00e9s kapacit\u00e1st kell tal\u00e1lniuk az emberek kezel\u00e9s\u00e9re, m\u00e9ghozz\u00e1 gyorsan.<\/p>\n<p>Az Eg\u00e9szs\u00e9g\u00fcgyi Vil\u00e1gszervezet szerint a j\u00e1rv\u00e1ny kezel\u00e9s\u00e9hez partners\u00e9gekre van sz\u00fcks\u00e9g olyan szolg\u00e1ltat\u00f3kkal, akik seg\u00edthetnek az eg\u00e9szs\u00e9g\u00fcgyi szolg\u00e1ltat\u00f3knak, p\u00e9ld\u00e1ul a k\u00f3rh\u00e1zaknak kapacit\u00e1sb\u0151v\u00edt\u00e9sben \u2013 lehet\u0151leg el\u0151re kialak\u00edtott partners\u00e9gekre. Ez azt jelenti, hogy katasztr\u00f3fa eset\u00e9n gyorsabban h\u00edvhatj\u00e1k \u0151ket, \u00e9s mindenki tudja, mit v\u00e1rnak el t\u0151l\u00fck. A katasztr\u00f3fafilmekben azt l\u00e1tjuk, hogy a k\u00f6ztereket ideiglenes eg\u00e9szs\u00e9g\u00fcgyi ell\u00e1t\u00e1si helysz\u00ednk\u00e9nt haszn\u00e1lj\u00e1k j\u00e1rv\u00e1nyok kit\u00f6r\u00e9se eset\u00e9n \u2013 sportcsarnokok, k\u00f6z\u00f6ss\u00e9gi h\u00e1zak \u00e9s hasonl\u00f3k \u2013, de ez nem ide\u00e1lis a betegek, csal\u00e1djaik vagy az \u0151ket kezel\u0151 szem\u00e9lyzet sz\u00e1m\u00e1ra.<\/p>\n<p>Sz\u00f3val, mi m\u00e1s m\u0171k\u00f6dne? Nyilv\u00e1nval\u00f3, hogy tov\u00e1bbi k\u00f3rh\u00e1zak vagy tov\u00e1bbi klinikai helyis\u00e9gek \u00e9p\u00edt\u00e9se t\u00e9gl\u00e1b\u00f3l \u00e9s habarcsb\u00f3l nem lehets\u00e9ges \u2013 teh\u00e1t mit lehet tenni? Olyan szervezetek, mint pl\n<a href=\"\/hu_hu\/\">\n Vanguard Healthcare Solutions\n<\/a>\naz eg\u00e9szs\u00e9g\u00fcgyi szervezetekkel egy\u00fcttm\u0171k\u00f6dve olyan extra kapacit\u00e1s l\u00e9trehoz\u00e1s\u00e1n, amely ideiglenes, de sokkal robusztusabb \u00e9s klinikailag teljesen megalapozott. A k\u00f6rnyezetek nem ideiglenesek, de ideiglenesen haszn\u00e1lhat\u00f3k.<\/p>\n<p>J\u00e1rv\u00e1ny eset\u00e9n az egys\u00e9geket gyorsan be lehet vetni olyan ter\u00fcletek t\u00e1mogat\u00e1s\u00e1ra, amelyek k\u00fczdenek a megn\u00f6vekedett kereslet kiel\u00e9g\u00edt\u00e9s\u00e9vel, vagy ahol, ha egy k\u00f3rh\u00e1zban helyet kaptak a j\u00e1rv\u00e1ny kezel\u00e9s\u00e9nek \u00e9s megf\u00e9kez\u00e9s\u00e9nek \u201ek\u00f6zpontj\u00e1nak\u201d l\u00e9trehoz\u00e1s\u00e1ra, hosszabb t\u00e1v\u00fa \u201etartal\u00e9k\u201d l\u00e9trehoz\u00e1s\u00e1ra haszn\u00e1lj\u00e1k m\u00e1s helyeken a hi\u00e1ny p\u00f3tl\u00e1s\u00e1ra \u2013 p\u00e9ld\u00e1ul a dializ\u00e1lt betegek sz\u00e1m\u00e1ra.<\/p>\n<p>A betegek mindk\u00e9t esetben a mobil megold\u00e1sra dekant\u00e1lhat\u00f3k \u2013 legyen sz\u00f3 klinik\u00e1r\u00f3l, oszt\u00e1lyr\u00f3l vagy m\u0171t\u0151r\u0151l. Vagy ha a megn\u00f6vekedett ig\u00e9ny kiel\u00e9g\u00edt\u00e9s\u00e9hez tov\u00e1bbi vagy gyorsabb steril felszerel\u00e9s sz\u00fcks\u00e9ges, egy mobil k\u00f6zponti steriliz\u00e1l\u00f3 egys\u00e9g seg\u00edthet \u00e1thidalni a szakad\u00e9kot.<\/p>\n<p>A mobil egys\u00e9gek olyan tereket hoznak l\u00e9tre, amelyek sz\u00fcks\u00e9g eset\u00e9n teljesen elk\u00fcl\u00f6n\u00fclhetnek a k\u00f3rh\u00e1zt\u00f3l, fert\u0151z\u00e9skontroll \u201eo\u00e1zist\u201d hozva l\u00e9tre, vagy klinik\u00e1kon \u00e9s oszt\u00e1lyokon haszn\u00e1lhat\u00f3k tesztel\u00e9sre, oszt\u00e1lyoz\u00e1sra vagy a \u201ej\u00e1r\u00f3 sebes\u00fcltek\u201d t\u00e1mogat\u00e1s\u00e1ra. Kieg\u00e9sz\u00edt\u0151 k\u00f3rteremk\u00e9nt, vagy ak\u00e1r j\u00f3l\u00e9ti helyis\u00e9gk\u00e9nt is haszn\u00e1lhat\u00f3k azok sz\u00e1m\u00e1ra, akiknek esetleg hosszabb ideig a helysz\u00ednen kell maradniuk an\u00e9lk\u00fcl, hogy hazamenn\u00e9nek. Haszn\u00e1lhat\u00f3k tov\u00e1bbi \u00e9s \u00f6n\u00e1ll\u00f3 hullah\u00e1zt\u00e9rk\u00e9nt is, minimaliz\u00e1lva a keresztszennyez\u0151d\u00e9s kock\u00e1zat\u00e1t.<\/p>\n<p>A k\u00fcsz\u00f6b\u00f6n \u00e1ll\u00f3 j\u00e1rv\u00e1ny egyre val\u00f3sz\u00edn\u0171bbnek t\u0171nik, ez\u00e9rt l\u00e9tfontoss\u00e1g\u00fa, hogy az eg\u00e9szs\u00e9g\u00fcgyi szolg\u00e1ltat\u00f3k vil\u00e1gszerte, f\u00fcggetlen\u00fcl att\u00f3l, hogy a legjobb 13 orsz\u00e1g k\u00f6z\u00f6tt vannak-e a legjobban felk\u00e9sz\u00fclve vagy sem, alaposan megvizsg\u00e1lj\u00e1k, infrastrukt\u00far\u00e1juk hogyan birk\u00f3zik meg, ha komoly terhel\u00e9snek lenne kit\u00e9ve.\n<img decoding=\"async\" alt=\"\" class=\"alignnone size-medium wp-image-2719\" src=\"\/wp-content\/uploads\/legacy\/2020\/02\/110807938_coronavirus_chart-nc-1024x720.png\" \/><\/p>","protected":false},"excerpt":{"rendered":"<p>mit csin\u00e1lt\u00e1l m\u00falt h\u00e9tv\u00e9g\u00e9n? Mivel t\u00f6lt\u00f6tted ki azt a 48 \u00f3r\u00e1t? Esetleg a heti bolt, gyereksportok, h\u00e1zimunk\u00e1k, t\u00e1rsas\u00e1gi \u00e9let vagy egyszer\u0171en csak egy kis pihen\u00e9s? <\/p>","protected":false},"author":1,"featured_media":1387,"comment_status":"closed","ping_status":"closed","sticky":false,"template":"","format":"standard","meta":{"_acf_changed":false,"footnotes":""},"categories":[2,115],"tags":[5,4],"class_list":["post-2718","post","type-post","status-publish","format-standard","has-post-thumbnail","hentry","category-news","category-products-and-services","tag-mobile","tag-modular"],"acf":[],"yoast_head":"<!-- This site is optimized with the Yoast SEO plugin v27.4 - https:\/\/yoast.com\/product\/yoast-seo-wordpress\/ -->\n<title>The threat of pandemics - Vanguard Healthcare Solutions<\/title>\n<meta name=\"description\" content=\"The very real threat of a coronavirus epidemic brings to reality the threat of pandemics to healthcare providers globally\" \/>\n<meta name=\"robots\" content=\"index, follow, max-snippet:-1, max-image-preview:large, max-video-preview:-1\" \/>\n<link rel=\"canonical\" href=\"https:\/\/www.vanguardhealthcare.co.uk\/hu_hu\/the-threat-of-pandemics\/\" \/>\n<meta property=\"og:locale\" content=\"hu_HU\" \/>\n<meta property=\"og:type\" content=\"article\" \/>\n<meta property=\"og:title\" content=\"The threat of pandemics - Vanguard Healthcare Solutions\" \/>\n<meta property=\"og:description\" content=\"The very real threat of a coronavirus epidemic brings to reality the threat of pandemics to healthcare providers globally\" \/>\n<meta property=\"og:url\" content=\"https:\/\/www.vanguardhealthcare.co.uk\/hu_hu\/the-threat-of-pandemics\/\" \/>\n<meta property=\"og:site_name\" content=\"Vanguard Healthcare Solutions\" \/>\n<meta property=\"article:published_time\" content=\"2020-02-10T13:37:21+00:00\" \/>\n<meta property=\"og:image\" content=\"https:\/\/www.vanguardhealthcare.co.uk\/wp-content\/uploads\/legacy\/2020\/02\/pandemic-resized.jpg\" \/>\n\t<meta property=\"og:image:width\" content=\"735\" \/>\n\t<meta property=\"og:image:height\" content=\"490\" \/>\n\t<meta property=\"og:image:type\" content=\"image\/jpeg\" \/>\n<meta name=\"author\" content=\"Vanguard Healthcare Solutions\" \/>\n<meta name=\"twitter:card\" content=\"summary_large_image\" \/>\n<meta name=\"twitter:label1\" content=\"Szerz\u0151:\" \/>\n\t<meta name=\"twitter:data1\" content=\"Vanguard Healthcare Solutions\" \/>\n\t<meta name=\"twitter:label2\" content=\"Becs\u00fclt olvas\u00e1si id\u0151\" \/>\n\t<meta name=\"twitter:data2\" content=\"6 perc\" \/>\n<script type=\"application\/ld+json\" class=\"yoast-schema-graph\">{\"@context\":\"https:\\\/\\\/schema.org\",\"@graph\":[{\"@type\":\"Article\",\"@id\":\"https:\\\/\\\/www.vanguardhealthcare.co.uk\\\/the-threat-of-pandemics\\\/#article\",\"isPartOf\":{\"@id\":\"https:\\\/\\\/www.vanguardhealthcare.co.uk\\\/the-threat-of-pandemics\\\/\"},\"author\":{\"name\":\"Vanguard Healthcare Solutions\",\"@id\":\"https:\\\/\\\/www.vanguardhealthcare.co.uk\\\/#\\\/schema\\\/person\\\/426decd65e2d39321705e63d5ea4394b\"},\"headline\":\"The threat of pandemics\",\"datePublished\":\"2020-02-10T13:37:21+00:00\",\"mainEntityOfPage\":{\"@id\":\"https:\\\/\\\/www.vanguardhealthcare.co.uk\\\/the-threat-of-pandemics\\\/\"},\"wordCount\":1246,\"image\":{\"@id\":\"https:\\\/\\\/www.vanguardhealthcare.co.uk\\\/the-threat-of-pandemics\\\/#primaryimage\"},\"thumbnailUrl\":\"https:\\\/\\\/www.vanguardhealthcare.co.uk\\\/wp-content\\\/uploads\\\/legacy\\\/2020\\\/02\\\/pandemic-resized.jpg\",\"keywords\":[\"Mobile\",\"Modular\"],\"articleSection\":[\"News\",\"Products and services\"],\"inLanguage\":\"hu\"},{\"@type\":\"WebPage\",\"@id\":\"https:\\\/\\\/www.vanguardhealthcare.co.uk\\\/the-threat-of-pandemics\\\/\",\"url\":\"https:\\\/\\\/www.vanguardhealthcare.co.uk\\\/the-threat-of-pandemics\\\/\",\"name\":\"The threat of pandemics - Vanguard Healthcare Solutions\",\"isPartOf\":{\"@id\":\"https:\\\/\\\/www.vanguardhealthcare.co.uk\\\/#website\"},\"primaryImageOfPage\":{\"@id\":\"https:\\\/\\\/www.vanguardhealthcare.co.uk\\\/the-threat-of-pandemics\\\/#primaryimage\"},\"image\":{\"@id\":\"https:\\\/\\\/www.vanguardhealthcare.co.uk\\\/the-threat-of-pandemics\\\/#primaryimage\"},\"thumbnailUrl\":\"https:\\\/\\\/www.vanguardhealthcare.co.uk\\\/wp-content\\\/uploads\\\/legacy\\\/2020\\\/02\\\/pandemic-resized.jpg\",\"datePublished\":\"2020-02-10T13:37:21+00:00\",\"author\":{\"@id\":\"https:\\\/\\\/www.vanguardhealthcare.co.uk\\\/#\\\/schema\\\/person\\\/426decd65e2d39321705e63d5ea4394b\"},\"description\":\"The very real threat of a coronavirus epidemic brings to reality the threat of pandemics to healthcare providers globally\",\"breadcrumb\":{\"@id\":\"https:\\\/\\\/www.vanguardhealthcare.co.uk\\\/the-threat-of-pandemics\\\/#breadcrumb\"},\"inLanguage\":\"hu\",\"potentialAction\":[{\"@type\":\"ReadAction\",\"target\":[\"https:\\\/\\\/www.vanguardhealthcare.co.uk\\\/the-threat-of-pandemics\\\/\"]}]},{\"@type\":\"ImageObject\",\"inLanguage\":\"hu\",\"@id\":\"https:\\\/\\\/www.vanguardhealthcare.co.uk\\\/the-threat-of-pandemics\\\/#primaryimage\",\"url\":\"https:\\\/\\\/www.vanguardhealthcare.co.uk\\\/wp-content\\\/uploads\\\/legacy\\\/2020\\\/02\\\/pandemic-resized.jpg\",\"contentUrl\":\"https:\\\/\\\/www.vanguardhealthcare.co.uk\\\/wp-content\\\/uploads\\\/legacy\\\/2020\\\/02\\\/pandemic-resized.jpg\",\"width\":735,\"height\":490},{\"@type\":\"BreadcrumbList\",\"@id\":\"https:\\\/\\\/www.vanguardhealthcare.co.uk\\\/the-threat-of-pandemics\\\/#breadcrumb\",\"itemListElement\":[{\"@type\":\"ListItem\",\"position\":1,\"name\":\"Home\",\"item\":\"https:\\\/\\\/www.vanguardhealthcare.co.uk\\\/\"},{\"@type\":\"ListItem\",\"position\":2,\"name\":\"The threat of pandemics\"}]},{\"@type\":\"WebSite\",\"@id\":\"https:\\\/\\\/www.vanguardhealthcare.co.uk\\\/#website\",\"url\":\"https:\\\/\\\/www.vanguardhealthcare.co.uk\\\/\",\"name\":\"Vanguard Healthcare Solutions\",\"description\":\"\",\"potentialAction\":[{\"@type\":\"SearchAction\",\"target\":{\"@type\":\"EntryPoint\",\"urlTemplate\":\"https:\\\/\\\/www.vanguardhealthcare.co.uk\\\/?s={search_term_string}\"},\"query-input\":{\"@type\":\"PropertyValueSpecification\",\"valueRequired\":true,\"valueName\":\"search_term_string\"}}],\"inLanguage\":\"hu\"},{\"@type\":\"Person\",\"@id\":\"https:\\\/\\\/www.vanguardhealthcare.co.uk\\\/#\\\/schema\\\/person\\\/426decd65e2d39321705e63d5ea4394b\",\"name\":\"Vanguard Healthcare Solutions\",\"image\":{\"@type\":\"ImageObject\",\"inLanguage\":\"hu\",\"@id\":\"https:\\\/\\\/secure.gravatar.com\\\/avatar\\\/7ba7c80067fbd6952425e7e5a94fa842f37365b39fe1fd0a01287a5a0b6f7d2b?s=96&d=mm&r=g\",\"url\":\"https:\\\/\\\/secure.gravatar.com\\\/avatar\\\/7ba7c80067fbd6952425e7e5a94fa842f37365b39fe1fd0a01287a5a0b6f7d2b?s=96&d=mm&r=g\",\"contentUrl\":\"https:\\\/\\\/secure.gravatar.com\\\/avatar\\\/7ba7c80067fbd6952425e7e5a94fa842f37365b39fe1fd0a01287a5a0b6f7d2b?s=96&d=mm&r=g\",\"caption\":\"Vanguard Healthcare Solutions\"},\"sameAs\":[\"https:\\\/\\\/www.vanguardhealthcare.co.uk\"]}]}<\/script>\n<!-- \/ Yoast SEO plugin. -->","yoast_head_json":{"title":"A vil\u00e1gj\u00e1rv\u00e1nyok vesz\u00e9lye - Vanguard Eg\u00e9szs\u00e9g\u00fcgyi Megold\u00e1sok","description":"A koronav\u00edrus-j\u00e1rv\u00e1ny nagyon is val\u00f3s fenyeget\u00e9se val\u00f3s\u00e1gg\u00e1 teszi a vil\u00e1gj\u00e1rv\u00e1nyok eg\u00e9szs\u00e9g\u00fcgyi szolg\u00e1ltat\u00f3kra leselked\u0151 vesz\u00e9ly\u00e9t vil\u00e1gszerte.","robots":{"index":"index","follow":"follow","max-snippet":"max-snippet:-1","max-image-preview":"max-image-preview:large","max-video-preview":"max-video-preview:-1"},"canonical":"https:\/\/www.vanguardhealthcare.co.uk\/hu_hu\/the-threat-of-pandemics\/","og_locale":"hu_HU","og_type":"article","og_title":"The threat of pandemics - Vanguard Healthcare Solutions","og_description":"The very real threat of a coronavirus epidemic brings to reality the threat of pandemics to healthcare providers globally","og_url":"https:\/\/www.vanguardhealthcare.co.uk\/hu_hu\/the-threat-of-pandemics\/","og_site_name":"Vanguard Healthcare Solutions","article_published_time":"2020-02-10T13:37:21+00:00","og_image":[{"width":735,"height":490,"url":"https:\/\/www.vanguardhealthcare.co.uk\/wp-content\/uploads\/legacy\/2020\/02\/pandemic-resized.jpg","type":"image\/jpeg"}],"author":"Vanguard Healthcare Solutions","twitter_card":"summary_large_image","twitter_misc":{"Szerz\u0151:":"Vanguard Healthcare Solutions","Becs\u00fclt olvas\u00e1si id\u0151":"6 perc"},"schema":{"@context":"https:\/\/schema.org","@graph":[{"@type":"Article","@id":"https:\/\/www.vanguardhealthcare.co.uk\/the-threat-of-pandemics\/#article","isPartOf":{"@id":"https:\/\/www.vanguardhealthcare.co.uk\/the-threat-of-pandemics\/"},"author":{"name":"Vanguard Healthcare Solutions","@id":"https:\/\/www.vanguardhealthcare.co.uk\/#\/schema\/person\/426decd65e2d39321705e63d5ea4394b"},"headline":"The threat of pandemics","datePublished":"2020-02-10T13:37:21+00:00","mainEntityOfPage":{"@id":"https:\/\/www.vanguardhealthcare.co.uk\/the-threat-of-pandemics\/"},"wordCount":1246,"image":{"@id":"https:\/\/www.vanguardhealthcare.co.uk\/the-threat-of-pandemics\/#primaryimage"},"thumbnailUrl":"https:\/\/www.vanguardhealthcare.co.uk\/wp-content\/uploads\/legacy\/2020\/02\/pandemic-resized.jpg","keywords":["Mobile","Modular"],"articleSection":["News","Products and services"],"inLanguage":"hu"},{"@type":"WebPage","@id":"https:\/\/www.vanguardhealthcare.co.uk\/the-threat-of-pandemics\/","url":"https:\/\/www.vanguardhealthcare.co.uk\/the-threat-of-pandemics\/","name":"A vil\u00e1gj\u00e1rv\u00e1nyok vesz\u00e9lye - Vanguard Eg\u00e9szs\u00e9g\u00fcgyi Megold\u00e1sok","isPartOf":{"@id":"https:\/\/www.vanguardhealthcare.co.uk\/#website"},"primaryImageOfPage":{"@id":"https:\/\/www.vanguardhealthcare.co.uk\/the-threat-of-pandemics\/#primaryimage"},"image":{"@id":"https:\/\/www.vanguardhealthcare.co.uk\/the-threat-of-pandemics\/#primaryimage"},"thumbnailUrl":"https:\/\/www.vanguardhealthcare.co.uk\/wp-content\/uploads\/legacy\/2020\/02\/pandemic-resized.jpg","datePublished":"2020-02-10T13:37:21+00:00","author":{"@id":"https:\/\/www.vanguardhealthcare.co.uk\/#\/schema\/person\/426decd65e2d39321705e63d5ea4394b"},"description":"A koronav\u00edrus-j\u00e1rv\u00e1ny nagyon is val\u00f3s fenyeget\u00e9se val\u00f3s\u00e1gg\u00e1 teszi a vil\u00e1gj\u00e1rv\u00e1nyok eg\u00e9szs\u00e9g\u00fcgyi szolg\u00e1ltat\u00f3kra leselked\u0151 vesz\u00e9ly\u00e9t vil\u00e1gszerte.","breadcrumb":{"@id":"https:\/\/www.vanguardhealthcare.co.uk\/the-threat-of-pandemics\/#breadcrumb"},"inLanguage":"hu","potentialAction":[{"@type":"ReadAction","target":["https:\/\/www.vanguardhealthcare.co.uk\/the-threat-of-pandemics\/"]}]},{"@type":"ImageObject","inLanguage":"hu","@id":"https:\/\/www.vanguardhealthcare.co.uk\/the-threat-of-pandemics\/#primaryimage","url":"https:\/\/www.vanguardhealthcare.co.uk\/wp-content\/uploads\/legacy\/2020\/02\/pandemic-resized.jpg","contentUrl":"https:\/\/www.vanguardhealthcare.co.uk\/wp-content\/uploads\/legacy\/2020\/02\/pandemic-resized.jpg","width":735,"height":490},{"@type":"BreadcrumbList","@id":"https:\/\/www.vanguardhealthcare.co.uk\/the-threat-of-pandemics\/#breadcrumb","itemListElement":[{"@type":"ListItem","position":1,"name":"Home","item":"https:\/\/www.vanguardhealthcare.co.uk\/"},{"@type":"ListItem","position":2,"name":"The threat of pandemics"}]},{"@type":"WebSite","@id":"https:\/\/www.vanguardhealthcare.co.uk\/#website","url":"https:\/\/www.vanguardhealthcare.co.uk\/","name":"Vanguard Healthcare Solutions","description":"","potentialAction":[{"@type":"SearchAction","target":{"@type":"EntryPoint","urlTemplate":"https:\/\/www.vanguardhealthcare.co.uk\/?s={search_term_string}"},"query-input":{"@type":"PropertyValueSpecification","valueRequired":true,"valueName":"search_term_string"}}],"inLanguage":"hu"},{"@type":"Person","@id":"https:\/\/www.vanguardhealthcare.co.uk\/#\/schema\/person\/426decd65e2d39321705e63d5ea4394b","name":"Vanguard Healthcare Solutions","image":{"@type":"ImageObject","inLanguage":"hu","@id":"https:\/\/secure.gravatar.com\/avatar\/7ba7c80067fbd6952425e7e5a94fa842f37365b39fe1fd0a01287a5a0b6f7d2b?s=96&d=mm&r=g","url":"https:\/\/secure.gravatar.com\/avatar\/7ba7c80067fbd6952425e7e5a94fa842f37365b39fe1fd0a01287a5a0b6f7d2b?s=96&d=mm&r=g","contentUrl":"https:\/\/secure.gravatar.com\/avatar\/7ba7c80067fbd6952425e7e5a94fa842f37365b39fe1fd0a01287a5a0b6f7d2b?s=96&d=mm&r=g","caption":"Vanguard Healthcare Solutions"},"sameAs":["https:\/\/www.vanguardhealthcare.co.uk"]}]}},"_links":{"self":[{"href":"https:\/\/www.vanguardhealthcare.co.uk\/hu_hu\/wp-json\/wp\/v2\/posts\/2718","targetHints":{"allow":["GET"]}}],"collection":[{"href":"https:\/\/www.vanguardhealthcare.co.uk\/hu_hu\/wp-json\/wp\/v2\/posts"}],"about":[{"href":"https:\/\/www.vanguardhealthcare.co.uk\/hu_hu\/wp-json\/wp\/v2\/types\/post"}],"author":[{"embeddable":true,"href":"https:\/\/www.vanguardhealthcare.co.uk\/hu_hu\/wp-json\/wp\/v2\/users\/1"}],"replies":[{"embeddable":true,"href":"https:\/\/www.vanguardhealthcare.co.uk\/hu_hu\/wp-json\/wp\/v2\/comments?post=2718"}],"version-history":[{"count":0,"href":"https:\/\/www.vanguardhealthcare.co.uk\/hu_hu\/wp-json\/wp\/v2\/posts\/2718\/revisions"}],"wp:featuredmedia":[{"embeddable":true,"href":"https:\/\/www.vanguardhealthcare.co.uk\/hu_hu\/wp-json\/wp\/v2\/media\/1387"}],"wp:attachment":[{"href":"https:\/\/www.vanguardhealthcare.co.uk\/hu_hu\/wp-json\/wp\/v2\/media?parent=2718"}],"wp:term":[{"taxonomy":"category","embeddable":true,"href":"https:\/\/www.vanguardhealthcare.co.uk\/hu_hu\/wp-json\/wp\/v2\/categories?post=2718"},{"taxonomy":"post_tag","embeddable":true,"href":"https:\/\/www.vanguardhealthcare.co.uk\/hu_hu\/wp-json\/wp\/v2\/tags?post=2718"}],"curies":[{"name":"munkaf\u00fczet","href":"https:\/\/api.w.org\/{rel}","templated":true}]}}