{"id":3932,"date":"2021-07-26T12:54:11","date_gmt":"2021-07-26T12:54:11","guid":{"rendered":"\/?p=3932"},"modified":"2021-07-26T12:54:11","modified_gmt":"2021-07-26T12:54:11","slug":"are-you-ready-for-the-winter-season","status":"publish","type":"post","link":"https:\/\/www.vanguardhealthcare.co.uk\/hr_hr\/are-you-ready-for-the-winter-season\/","title":{"rendered":"Jeste li spremni za zimsku sezonu?"},"content":{"rendered":"<p>Mogu\u0107 je jo\u0161 jedan porast slu\u010dajeva nakon pu\u0161tanja ograni\u010denja ovog mjeseca, a iako smo trenuta\u010dno usred toplinskog vala, procjena spremnosti uo\u010di zimske sezone treba po\u010deti sada. U <a href=\"https:\/\/acmedsci.ac.uk\/covid-19-preparing-for-the-future-report\">izvje\u0161\u0107e<\/a> objavljenom pro\u0161li tjedan, Akademija medicinskih znanosti upozorila je da bi kombinirani utjecaj Covida-19, sezonske gripe i respiratornog sincicijalnog virusa (RSV) mogao gurnuti NHS do kriti\u010dne to\u010dke ove zime.<\/p>\n<p>Ka\u017ee da novo modeliranje sugerira da bi broj bolni\u010dkih prijema i smrtnih slu\u010dajeva povezanih s gripom i RSV-om mogao biti dva puta ve\u0107i od &#039;normalne&#039; godine i mogao bi se poklopiti s porastom slu\u010dajeva Covid-19, kao i uobi\u010dajenim zimskim optere\u0107enjem od stanja kao \u0161to su astma i KOPB . U\u010dinak na izbornu njegu i druge usluge koje nisu hitne u bolnicama u sredi\u0161tu lokalne epidemije mogao bi biti razoran.<\/p>\n<p>Bolnice \u0107e se u zimskoj sezoni suo\u010diti s nizom izazova, uklju\u010duju\u0107i smanjene kapacitete kreveta zbog mjera kontrole infekcije, veliku popunjenost kreveta, manjak osoblja i rizik od daljnjih lokaliziranih izbijanja Covida-19 ili pojave novih varijanti. Dodajte ovome zaostatke uzrokovane po\u010detnom obustavom usluga koje nisu hitne tijekom po\u010detnog zatvaranja i poreme\u0107aja tijekom naknadnih izbijanja, i lako je uo\u010diti hitnost kojom se problem treba rije\u0161iti.<\/p>\n<p><strong>Pove\u0107anje kapaciteta<\/strong><\/p>\n<p>Uz za\u0161titu izbornih usluga od utjecaja tijekom budu\u0107ih izbijanja Covida-19 ili drugih zaraznih bolesti, dodatni kapacitet tako\u0111er je potreban kako bi se smanjio postoje\u0107i zaostatak izborne skrbi. Odre\u0111ivanje klini\u010dkog prioriteta jedna je od predlo\u017eenih strategija, ali to mo\u017ee imati negativan u\u010dinak na \u017eivote pacijenata i malo je vjerojatno da \u0107e dovesti do smanjenja ukupnog broja ljudi koji \u010dekaju. Jasno je da su potrebni dodatni kapaciteti i skalabilna rje\u0161enja.<\/p>\n<p>The <a href=\"https:\/\/www.bma.org.uk\/media\/3910\/nhs-staff-recover-report-final.pdf\">BMA je procijenio<\/a> da bi \u010dak i uz porast aktivnosti prije pandemije od 10% moglo pro\u0107i do pet godina da se smanji zaostatak elektivne skrbi u Engleskoj na razine iz o\u017eujka 2019. Pove\u0107anje do 20% bilo bi potrebno kako bi se rije\u0161io zaostatak u razumnijem vremenskom razdoblju, s time da endoskopija zahtijeva pove\u0107anje od 30% za aktivnost u o\u017eujku 2019. Od tih procjena, zaostaci su se dodatno pove\u0107ali.<\/p>\n<p>Fleksibilna rje\u0161enja za zdravstvenu skrb, kao \u0161to su modularne operacijske dvorane i sobe za zahvate, mogu pomo\u0107i u smanjenju lista \u010dekanja. Mogu se postaviti relativno brzo u gotovo svakoj konfiguraciji; i mogu se sastaviti u cjelovite kirur\u0161ke komplekse koji uklju\u010duju \u0161irok raspon usluga. NHS Trustovi sve vi\u0161e koriste kirur\u0161ke \u010dvorove kao \u0161to su ovi za velike operacije kako bi napravili stvarnu razliku u rastu\u0107im listama \u010dekanja.<\/p>\n<p><strong>Pobolj\u0161anje protoka pacijenata<\/strong><\/p>\n<p>Ne radi se samo o pove\u0107anju kapaciteta. Uspje\u0161no rje\u0161enje po\u010dinje procjenom cjelokupnog okru\u017eenja te tijeka i rasporeda aktivnosti, uklju\u010duju\u0107i potencijalna podru\u010dja bez Covid-19 ili &#039;zelene staze&#039; u klini\u010dkim i neklini\u010dkim podru\u010djima. Samostalno sredi\u0161te elektivne kirurgije mo\u017ee pru\u017eiti zonu bez Covid-a u kojoj se pacijenti mogu nastaviti pregledavati bez obzira na situaciju unutar glavne bolnice sa zimskim pritiscima ili slu\u010dajevima Covid-19, i gdje se pacijenti mogu primiti izravno u ustanovu. Takvo rje\u0161enje ima mnoge prednosti u odnosu na eksternalizaciju privatnog sektora; Zaklada zadr\u017eava kontrolu nad putanjom pacijenata, osobljem i tro\u0161kovima, a pacijenti imaju manje smetnji.<\/p>\n<p>Primarna i hitna zdravstvena za\u0161tita tako\u0111er su u opasnosti da budu pod sve ve\u0107im pritiskom zimi. Iako je poruka &#039;ostani kod ku\u0107e&#039; bila uspje\u0161na u ograni\u010davanju \u0161irenja virusa, odvratila je ljude od tra\u017eenja pravovremenog pristupa zdravstvenoj skrbi, uzrokuju\u0107i &#039;skriveni zaostatak&#039;.<\/p>\n<p>Sportske i rekreacijske aktivnosti jo\u0161 se nisu vratile na razinu prije pandemije, kao ni promet. Kako se ograni\u010denja popu\u0161taju i neki oblik normalizacije ponovno uspostavlja, broj hitnih prijema \u0107e se pove\u0107avati, a dolazit \u0107e i vi\u0161e ljudi s problemima koji nisu hitni, potencijalno u isto vrijeme kada se zimski pritisci poja\u010daju i do\u0111e do novih valova ili lokalnih epidemija Covid-19.<\/p>\n<p>Na odjelima hitne i hitne pomo\u0107i postoji stalna potreba da se mogu izolirati pacijenti sa simptomima Covid-19 i da se mo\u017ee nositi s o\u010dekivanim vi\u0161im razinama potra\u017enje. U\u010dinkoviti procesi procjene i trija\u017ee su klju\u010dni, a mo\u017eda \u0107e biti potrebna dodatna podru\u010dja za procjenu i lije\u010denje pacijenata - kao \u0161to su jedinice za lak\u0161e ozljede ili namjenski prostor za procjenu respiratornih simptoma. Modularni MIU-ovi mogu se postaviti uz ulaze u odjel hitne pomo\u0107i, omogu\u0107uju\u0107i u\u010dinkovit put i smanjuju\u0107i vrijeme \u010dekanja za pacijente - kao i rizik od Covid-a na glavnom odjelu hitne pomo\u0107i.<\/p>\n<p>Budu\u0107i da je ve\u0107ina starijih ljudi potpuno cijepljena, nedavna su izbijanja bila me\u0111u djecom. Vlada je najavila da djeca ne\u0107e biti cijepljena, pa su vjerojatne nove epidemije kada se djeca na jesen vrate u \u0161kolu. Ako ve\u0107i postotak hospitalizacija \u010dine djeca, moglo bi biti potrebno pro\u0161iriti pedijatrijski prostor unutar bolnica. Modularni objekti grade se po narud\u017ebi, a raspored, dizajn i ure\u0111enje mogu se prilagoditi svakoj namjeni; tako\u0111er se mogu povezati s postoje\u0107im pedijatrijskim prostorom.<\/p>\n<p><strong>Za\u0161to je tako hitno?<\/strong><\/p>\n<p>Neizvjestan je stupanj do kojeg \u0107e trenutni porast infekcija Covid-19 izvr\u0161iti pritisak na zdravstvenu slu\u017ebu, ali postoji jasan rizik da bi se usluge mogle produ\u017eiti tijekom sljede\u0107a dva do tri mjeseca ili u zimsko razdoblje - ne samo zbog porast infekcija, ali i zbog kombiniranog u\u010dinka poreme\u0107aja osoblja uzrokovanih zahtjevima za samoizolacijom i hitnim prijemima koji se pove\u0107avaju kako se zemlja otvara. Brzo \u0161irenje Delta varijante pokazuje da \u0107e UK ostati u opasnosti od budu\u0107ih varijanti sve dok virus nastavi cirkulirati globalno.<\/p>\n<p>Zaostatak je znatan. Procjenjuje se da je oko 1,5 milijuna operacija otkazano samo u 2020., a sada vi\u0161e od 5,3 milijuna ljudi \u010deka na elektivne zahvate u Engleskoj i Walesu. Taj se zaostatak ne smanjuje \u2013 unato\u010d tome \u0161to se aktivnost vratila na gotovo normalnu razinu, broj ljudi koji \u010dekaju raste svaki mjesec.<\/p>\n<p>Situacija je i dalje krhka. Ako dopustimo da pove\u0107anje broja hitnih prijema zbog Covida-19 ili ne-Covida i uobi\u010dajeni zimski pritisci dovedu do daljnjih otkazivanja izbornih ili dijagnosti\u010dkih aktivnosti ove godine, lista \u010dekanja mogla bi porasti do to\u010dke izvan razumnog oporavka.<\/p>\n<p>Imate li dovoljan kapacitet za pove\u0107anje pritiska ove zime? Ako ne, rje\u0161enje bi moglo biti modularno rje\u0161enje. Privremena infrastruktura mo\u017ee osigurati dodatne fizi\u010dke kapacitete potrebne za odr\u017eavanje elektivne kirurgije tijekom zime ili za poticanje elektivne kirur\u0161ke aktivnosti iznad kapaciteta 100% kako bi se zna\u010dajno urezalo u postoje\u0107e liste \u010dekanja kako bi se napredovalo.<\/p>\n<p>Pripreme moraju po\u010deti sada; dostupnost potpuno sukladnih modularnih zdravstvenih rje\u0161enja prilago\u0111enih va\u0161im zahtjevima je ograni\u010dena. <a href=\"\/hr_hr\/contact\/\">Javite se<\/a> sada rezervirati konzultacije.<\/p>","protected":false},"excerpt":{"rendered":"<p>Budu\u0107i da su izgledi za Covid-19 neizvjesni, sada je va\u017enije nego ikada planirati unaprijed za zimu kako bi se osiguralo dovoljno kapaciteta za suo\u010davanje s potencijalnim porastom potra\u017enje bez utjecaja na pru\u017eanje elektivne skrbi ili dijagnosti\u010dkih usluga.<\/p>","protected":false},"author":1,"featured_media":1457,"comment_status":"closed","ping_status":"closed","sticky":false,"template":"","format":"standard","meta":{"_acf_changed":false,"footnotes":""},"categories":[2],"tags":[],"class_list":["post-3932","post","type-post","status-publish","format-standard","has-post-thumbnail","hentry","category-news"],"acf":[],"yoast_head":"<!-- This site is optimized with the Yoast SEO plugin v27.5 - https:\/\/yoast.com\/product\/yoast-seo-wordpress\/ -->\n<title>Are you ready for the winter season? - Vanguard Healthcare Solutions<\/title>\n<meta name=\"description\" content=\"Uncertainty of Covid makes it more important to plan for winter to ensure sufficient capacity to deal with potential spikes in demand\" \/>\n<meta name=\"robots\" content=\"index, follow, max-snippet:-1, max-image-preview:large, max-video-preview:-1\" \/>\n<link rel=\"canonical\" href=\"https:\/\/www.vanguardhealthcare.co.uk\/hr_hr\/are-you-ready-for-the-winter-season\/\" \/>\n<meta property=\"og:locale\" content=\"hr_HR\" \/>\n<meta property=\"og:type\" content=\"article\" \/>\n<meta property=\"og:title\" content=\"Are you ready for the winter season? - Vanguard Healthcare Solutions\" \/>\n<meta property=\"og:description\" content=\"Uncertainty of Covid makes it more important to plan for winter to ensure sufficient capacity to deal with potential spikes in demand\" \/>\n<meta property=\"og:url\" content=\"https:\/\/www.vanguardhealthcare.co.uk\/hr_hr\/are-you-ready-for-the-winter-season\/\" \/>\n<meta property=\"og:site_name\" content=\"Vanguard Healthcare Solutions\" \/>\n<meta property=\"article:published_time\" content=\"2021-07-26T12:54:11+00:00\" \/>\n<meta property=\"og:image\" content=\"https:\/\/www.vanguardhealthcare.co.uk\/wp-content\/uploads\/legacy\/2018\/08\/Interior-1.jpg\" \/>\n\t<meta property=\"og:image:width\" content=\"960\" \/>\n\t<meta property=\"og:image:height\" content=\"1440\" \/>\n\t<meta property=\"og:image:type\" content=\"image\/jpeg\" \/>\n<meta name=\"author\" content=\"Vanguard Healthcare Solutions\" \/>\n<meta name=\"twitter:card\" content=\"summary_large_image\" \/>\n<meta name=\"twitter:label1\" content=\"Napisao\/la\" \/>\n\t<meta name=\"twitter:data1\" content=\"Vanguard Healthcare Solutions\" \/>\n\t<meta name=\"twitter:label2\" content=\"Procijenjeno vrijeme \u010ditanja\" \/>\n\t<meta name=\"twitter:data2\" content=\"5 minuta\" \/>\n<script type=\"application\/ld+json\" class=\"yoast-schema-graph\">{\"@context\":\"https:\\\/\\\/schema.org\",\"@graph\":[{\"@type\":\"Article\",\"@id\":\"https:\\\/\\\/www.vanguardhealthcare.co.uk\\\/are-you-ready-for-the-winter-season\\\/#article\",\"isPartOf\":{\"@id\":\"https:\\\/\\\/www.vanguardhealthcare.co.uk\\\/are-you-ready-for-the-winter-season\\\/\"},\"author\":{\"name\":\"Vanguard Healthcare Solutions\",\"@id\":\"https:\\\/\\\/www.vanguardhealthcare.co.uk\\\/#\\\/schema\\\/person\\\/426decd65e2d39321705e63d5ea4394b\"},\"headline\":\"Are you ready for the winter season?\",\"datePublished\":\"2021-07-26T12:54:11+00:00\",\"mainEntityOfPage\":{\"@id\":\"https:\\\/\\\/www.vanguardhealthcare.co.uk\\\/are-you-ready-for-the-winter-season\\\/\"},\"wordCount\":1108,\"image\":{\"@id\":\"https:\\\/\\\/www.vanguardhealthcare.co.uk\\\/are-you-ready-for-the-winter-season\\\/#primaryimage\"},\"thumbnailUrl\":\"https:\\\/\\\/www.vanguardhealthcare.co.uk\\\/wp-content\\\/uploads\\\/legacy\\\/2018\\\/08\\\/Interior-1.jpg\",\"articleSection\":[\"News\"],\"inLanguage\":\"hr\"},{\"@type\":\"WebPage\",\"@id\":\"https:\\\/\\\/www.vanguardhealthcare.co.uk\\\/are-you-ready-for-the-winter-season\\\/\",\"url\":\"https:\\\/\\\/www.vanguardhealthcare.co.uk\\\/are-you-ready-for-the-winter-season\\\/\",\"name\":\"Are you ready for the winter season? - Vanguard Healthcare Solutions\",\"isPartOf\":{\"@id\":\"https:\\\/\\\/www.vanguardhealthcare.co.uk\\\/#website\"},\"primaryImageOfPage\":{\"@id\":\"https:\\\/\\\/www.vanguardhealthcare.co.uk\\\/are-you-ready-for-the-winter-season\\\/#primaryimage\"},\"image\":{\"@id\":\"https:\\\/\\\/www.vanguardhealthcare.co.uk\\\/are-you-ready-for-the-winter-season\\\/#primaryimage\"},\"thumbnailUrl\":\"https:\\\/\\\/www.vanguardhealthcare.co.uk\\\/wp-content\\\/uploads\\\/legacy\\\/2018\\\/08\\\/Interior-1.jpg\",\"datePublished\":\"2021-07-26T12:54:11+00:00\",\"author\":{\"@id\":\"https:\\\/\\\/www.vanguardhealthcare.co.uk\\\/#\\\/schema\\\/person\\\/426decd65e2d39321705e63d5ea4394b\"},\"description\":\"Uncertainty of Covid makes it more important to plan for winter to ensure sufficient capacity to deal with potential spikes in demand\",\"breadcrumb\":{\"@id\":\"https:\\\/\\\/www.vanguardhealthcare.co.uk\\\/are-you-ready-for-the-winter-season\\\/#breadcrumb\"},\"inLanguage\":\"hr\",\"potentialAction\":[{\"@type\":\"ReadAction\",\"target\":[\"https:\\\/\\\/www.vanguardhealthcare.co.uk\\\/are-you-ready-for-the-winter-season\\\/\"]}]},{\"@type\":\"ImageObject\",\"inLanguage\":\"hr\",\"@id\":\"https:\\\/\\\/www.vanguardhealthcare.co.uk\\\/are-you-ready-for-the-winter-season\\\/#primaryimage\",\"url\":\"https:\\\/\\\/www.vanguardhealthcare.co.uk\\\/wp-content\\\/uploads\\\/legacy\\\/2018\\\/08\\\/Interior-1.jpg\",\"contentUrl\":\"https:\\\/\\\/www.vanguardhealthcare.co.uk\\\/wp-content\\\/uploads\\\/legacy\\\/2018\\\/08\\\/Interior-1.jpg\",\"width\":960,\"height\":1440},{\"@type\":\"BreadcrumbList\",\"@id\":\"https:\\\/\\\/www.vanguardhealthcare.co.uk\\\/are-you-ready-for-the-winter-season\\\/#breadcrumb\",\"itemListElement\":[{\"@type\":\"ListItem\",\"position\":1,\"name\":\"Home\",\"item\":\"https:\\\/\\\/www.vanguardhealthcare.co.uk\\\/\"},{\"@type\":\"ListItem\",\"position\":2,\"name\":\"Are you ready for the winter season?\"}]},{\"@type\":\"WebSite\",\"@id\":\"https:\\\/\\\/www.vanguardhealthcare.co.uk\\\/#website\",\"url\":\"https:\\\/\\\/www.vanguardhealthcare.co.uk\\\/\",\"name\":\"Vanguard Healthcare Solutions\",\"description\":\"\",\"potentialAction\":[{\"@type\":\"SearchAction\",\"target\":{\"@type\":\"EntryPoint\",\"urlTemplate\":\"https:\\\/\\\/www.vanguardhealthcare.co.uk\\\/?s={search_term_string}\"},\"query-input\":{\"@type\":\"PropertyValueSpecification\",\"valueRequired\":true,\"valueName\":\"search_term_string\"}}],\"inLanguage\":\"hr\"},{\"@type\":\"Person\",\"@id\":\"https:\\\/\\\/www.vanguardhealthcare.co.uk\\\/#\\\/schema\\\/person\\\/426decd65e2d39321705e63d5ea4394b\",\"name\":\"Vanguard Healthcare Solutions\",\"image\":{\"@type\":\"ImageObject\",\"inLanguage\":\"hr\",\"@id\":\"https:\\\/\\\/secure.gravatar.com\\\/avatar\\\/7ba7c80067fbd6952425e7e5a94fa842f37365b39fe1fd0a01287a5a0b6f7d2b?s=96&d=mm&r=g\",\"url\":\"https:\\\/\\\/secure.gravatar.com\\\/avatar\\\/7ba7c80067fbd6952425e7e5a94fa842f37365b39fe1fd0a01287a5a0b6f7d2b?s=96&d=mm&r=g\",\"contentUrl\":\"https:\\\/\\\/secure.gravatar.com\\\/avatar\\\/7ba7c80067fbd6952425e7e5a94fa842f37365b39fe1fd0a01287a5a0b6f7d2b?s=96&d=mm&r=g\",\"caption\":\"Vanguard Healthcare Solutions\"},\"sameAs\":[\"https:\\\/\\\/www.vanguardhealthcare.co.uk\"]}]}<\/script>\n<!-- \/ Yoast SEO plugin. -->","yoast_head_json":{"title":"Jeste li spremni za zimsku sezonu? - Vanguard Zdravstvena rje\u0161enja","description":"Neizvjesnost oko Covida \u010dini va\u017enijim planiranje za zimu kako bi se osigurali dovoljni kapaciteti za suo\u010davanje s potencijalnim porastom potra\u017enje.","robots":{"index":"index","follow":"follow","max-snippet":"max-snippet:-1","max-image-preview":"max-image-preview:large","max-video-preview":"max-video-preview:-1"},"canonical":"https:\/\/www.vanguardhealthcare.co.uk\/hr_hr\/are-you-ready-for-the-winter-season\/","og_locale":"hr_HR","og_type":"article","og_title":"Are you ready for the winter season? - Vanguard Healthcare Solutions","og_description":"Uncertainty of Covid makes it more important to plan for winter to ensure sufficient capacity to deal with potential spikes in demand","og_url":"https:\/\/www.vanguardhealthcare.co.uk\/hr_hr\/are-you-ready-for-the-winter-season\/","og_site_name":"Vanguard Healthcare Solutions","article_published_time":"2021-07-26T12:54:11+00:00","og_image":[{"width":960,"height":1440,"url":"https:\/\/www.vanguardhealthcare.co.uk\/wp-content\/uploads\/legacy\/2018\/08\/Interior-1.jpg","type":"image\/jpeg"}],"author":"Vanguard Healthcare Solutions","twitter_card":"summary_large_image","twitter_misc":{"Napisao\/la":"Vanguard Healthcare Solutions","Procijenjeno vrijeme \u010ditanja":"5 minuta"},"schema":{"@context":"https:\/\/schema.org","@graph":[{"@type":"Article","@id":"https:\/\/www.vanguardhealthcare.co.uk\/are-you-ready-for-the-winter-season\/#article","isPartOf":{"@id":"https:\/\/www.vanguardhealthcare.co.uk\/are-you-ready-for-the-winter-season\/"},"author":{"name":"Vanguard Healthcare Solutions","@id":"https:\/\/www.vanguardhealthcare.co.uk\/#\/schema\/person\/426decd65e2d39321705e63d5ea4394b"},"headline":"Are you ready for the winter season?","datePublished":"2021-07-26T12:54:11+00:00","mainEntityOfPage":{"@id":"https:\/\/www.vanguardhealthcare.co.uk\/are-you-ready-for-the-winter-season\/"},"wordCount":1108,"image":{"@id":"https:\/\/www.vanguardhealthcare.co.uk\/are-you-ready-for-the-winter-season\/#primaryimage"},"thumbnailUrl":"https:\/\/www.vanguardhealthcare.co.uk\/wp-content\/uploads\/legacy\/2018\/08\/Interior-1.jpg","articleSection":["News"],"inLanguage":"hr"},{"@type":"WebPage","@id":"https:\/\/www.vanguardhealthcare.co.uk\/are-you-ready-for-the-winter-season\/","url":"https:\/\/www.vanguardhealthcare.co.uk\/are-you-ready-for-the-winter-season\/","name":"Jeste li spremni za zimsku sezonu? - Vanguard Zdravstvena rje\u0161enja","isPartOf":{"@id":"https:\/\/www.vanguardhealthcare.co.uk\/#website"},"primaryImageOfPage":{"@id":"https:\/\/www.vanguardhealthcare.co.uk\/are-you-ready-for-the-winter-season\/#primaryimage"},"image":{"@id":"https:\/\/www.vanguardhealthcare.co.uk\/are-you-ready-for-the-winter-season\/#primaryimage"},"thumbnailUrl":"https:\/\/www.vanguardhealthcare.co.uk\/wp-content\/uploads\/legacy\/2018\/08\/Interior-1.jpg","datePublished":"2021-07-26T12:54:11+00:00","author":{"@id":"https:\/\/www.vanguardhealthcare.co.uk\/#\/schema\/person\/426decd65e2d39321705e63d5ea4394b"},"description":"Neizvjesnost oko Covida \u010dini va\u017enijim planiranje za zimu kako bi se osigurali dovoljni kapaciteti za suo\u010davanje s potencijalnim porastom potra\u017enje.","breadcrumb":{"@id":"https:\/\/www.vanguardhealthcare.co.uk\/are-you-ready-for-the-winter-season\/#breadcrumb"},"inLanguage":"hr","potentialAction":[{"@type":"ReadAction","target":["https:\/\/www.vanguardhealthcare.co.uk\/are-you-ready-for-the-winter-season\/"]}]},{"@type":"ImageObject","inLanguage":"hr","@id":"https:\/\/www.vanguardhealthcare.co.uk\/are-you-ready-for-the-winter-season\/#primaryimage","url":"https:\/\/www.vanguardhealthcare.co.uk\/wp-content\/uploads\/legacy\/2018\/08\/Interior-1.jpg","contentUrl":"https:\/\/www.vanguardhealthcare.co.uk\/wp-content\/uploads\/legacy\/2018\/08\/Interior-1.jpg","width":960,"height":1440},{"@type":"BreadcrumbList","@id":"https:\/\/www.vanguardhealthcare.co.uk\/are-you-ready-for-the-winter-season\/#breadcrumb","itemListElement":[{"@type":"ListItem","position":1,"name":"Home","item":"https:\/\/www.vanguardhealthcare.co.uk\/"},{"@type":"ListItem","position":2,"name":"Are you ready for the winter season?"}]},{"@type":"WebSite","@id":"https:\/\/www.vanguardhealthcare.co.uk\/#website","url":"https:\/\/www.vanguardhealthcare.co.uk\/","name":"Vanguard Zdravstvena rje\u0161enja","description":"","potentialAction":[{"@type":"SearchAction","target":{"@type":"EntryPoint","urlTemplate":"https:\/\/www.vanguardhealthcare.co.uk\/?s={search_term_string}"},"query-input":{"@type":"PropertyValueSpecification","valueRequired":true,"valueName":"search_term_string"}}],"inLanguage":"hr"},{"@type":"Person","@id":"https:\/\/www.vanguardhealthcare.co.uk\/#\/schema\/person\/426decd65e2d39321705e63d5ea4394b","name":"Vanguard Zdravstvena rje\u0161enja","image":{"@type":"ImageObject","inLanguage":"hr","@id":"https:\/\/secure.gravatar.com\/avatar\/7ba7c80067fbd6952425e7e5a94fa842f37365b39fe1fd0a01287a5a0b6f7d2b?s=96&d=mm&r=g","url":"https:\/\/secure.gravatar.com\/avatar\/7ba7c80067fbd6952425e7e5a94fa842f37365b39fe1fd0a01287a5a0b6f7d2b?s=96&d=mm&r=g","contentUrl":"https:\/\/secure.gravatar.com\/avatar\/7ba7c80067fbd6952425e7e5a94fa842f37365b39fe1fd0a01287a5a0b6f7d2b?s=96&d=mm&r=g","caption":"Vanguard Healthcare Solutions"},"sameAs":["https:\/\/www.vanguardhealthcare.co.uk"]}]}},"_links":{"self":[{"href":"https:\/\/www.vanguardhealthcare.co.uk\/hr_hr\/wp-json\/wp\/v2\/posts\/3932","targetHints":{"allow":["GET"]}}],"collection":[{"href":"https:\/\/www.vanguardhealthcare.co.uk\/hr_hr\/wp-json\/wp\/v2\/posts"}],"about":[{"href":"https:\/\/www.vanguardhealthcare.co.uk\/hr_hr\/wp-json\/wp\/v2\/types\/post"}],"author":[{"embeddable":true,"href":"https:\/\/www.vanguardhealthcare.co.uk\/hr_hr\/wp-json\/wp\/v2\/users\/1"}],"replies":[{"embeddable":true,"href":"https:\/\/www.vanguardhealthcare.co.uk\/hr_hr\/wp-json\/wp\/v2\/comments?post=3932"}],"version-history":[{"count":0,"href":"https:\/\/www.vanguardhealthcare.co.uk\/hr_hr\/wp-json\/wp\/v2\/posts\/3932\/revisions"}],"wp:featuredmedia":[{"embeddable":true,"href":"https:\/\/www.vanguardhealthcare.co.uk\/hr_hr\/wp-json\/wp\/v2\/media\/1457"}],"wp:attachment":[{"href":"https:\/\/www.vanguardhealthcare.co.uk\/hr_hr\/wp-json\/wp\/v2\/media?parent=3932"}],"wp:term":[{"taxonomy":"category","embeddable":true,"href":"https:\/\/www.vanguardhealthcare.co.uk\/hr_hr\/wp-json\/wp\/v2\/categories?post=3932"},{"taxonomy":"post_tag","embeddable":true,"href":"https:\/\/www.vanguardhealthcare.co.uk\/hr_hr\/wp-json\/wp\/v2\/tags?post=3932"}],"curies":[{"name":"radni list","href":"https:\/\/api.w.org\/{rel}","templated":true}]}}