{"id":7573,"date":"2024-10-22T11:21:39","date_gmt":"2024-10-22T11:21:39","guid":{"rendered":"https:\/\/www.vanguardhealthcare.co.uk\/?p=7573"},"modified":"2024-10-22T11:24:35","modified_gmt":"2024-10-22T11:24:35","slug":"how-a-staffed-vanguard-day-case-facility-is-helping-milton-keynes-university-hospital-reduce-the-elective-backlog","status":"publish","type":"post","link":"https:\/\/www.vanguardhealthcare.co.uk\/da_dk\/how-a-staffed-vanguard-day-case-facility-is-helping-milton-keynes-university-hospital-reduce-the-elective-backlog\/","title":{"rendered":"Hvordan en bemandet Vanguard Day Case-facilitet hj\u00e6lper Milton Keynes University Hospital med at reducere det elektive eftersl\u00e6b"},"content":{"rendered":"<p>Dagcase-faciliteten er dannet af en s\u00f8ml\u00f8s sammenf\u00f8jning af en mobil operationsstue og en mobil afdeling. Et Vanguard klinisk team st\u00f8tter kirurger og an\u00e6stesil\u00e6ger, maksimerer effektiviteten og optimerer patientoplevelsen.<\/p>\n<p>Se interviewet eller l\u00e6s transskriptionen nedenfor.<\/p>\n<p>For st\u00f8rre indsigt er der et casestudie, <strong><a href=\"https:\/\/www.vanguardhealthcare.co.uk\/da_dk\/case-study\/a-new-day-case-unit-to-increase-surgical-capacity\/\">her<\/a><\/strong><\/p>\n<p>Et interview med Claire McGillycuddy, trustens Associate Director of Operations for Surgery &amp; Elective Care, kan ses, <a href=\"https:\/\/www.vanguardhealthcare.co.uk\/da_dk\/creating-the-effective-day-case-unit-at-milton-keynes-university-hospital\/\"><strong>her<\/strong><\/a><\/p>\n<figure class=\"wp-block-embed is-type-video is-provider-vimeo wp-block-embed-vimeo wp-embed-aspect-16-9 wp-has-aspect-ratio\">\n<div class=\"wp-block-embed__wrapper\">\n<iframe loading=\"lazy\" title=\"Interview med Hamid Manji\" src=\"https:\/\/player.vimeo.com\/video\/1019755164?dnt=1&amp;app_id=122963\" width=\"500\" height=\"281\" frameborder=\"0\" allow=\"autoplay; fullscreen; picture-in-picture; clipboard-write\"><\/iframe>\n<\/div>\n<\/figure>\n<section id=\"section-2-254\" class=\"ct-section\" >\n<div class=\"ct-section-inner-wrap\">\n<div id=\"fancy_icon-5-254\" class=\"ct-fancy-icon\" ><svg id=\"svg-fancy_icon-5-254\"><use xlink:href=\"#FontAwesomeicon-quote-left\"><\/use><\/svg><\/div>\n<div id=\"text_block-3-254\" class=\"ct-text-block\" >\u201dPatientoplevelsen fra de patienter, der har givet feedback til os, har v\u00e6ret fremragende. De har virkelig nydt Vanguard-enheden. De har nydt det faktum, at de f\u00e5r deres operationer meget tidligere, end de ellers ville have gjort, og desuden er personalet, b\u00e5de dagkirurgipersonalet og Vanguard-teamet, som jeg allerede har sagt, yderst professionelle , virkelig fokuseret p\u00e5 patientsikkerhed og patientoplevelse og de giver en rigtig god oplevelse for disse patienter. S\u00e5 den overv\u00e6ldende oplevelse har v\u00e6ret meget positiv.\u201d<\/div>\n<div id=\"text_block-4-254\" class=\"ct-text-block\" >Dr. Hamid Manji, an\u00e6stesil\u00e6ge og medicinsk direkt\u00f8r for planlagt pleje<\/div>\n<\/div>\n<\/section>\n<hr class=\"wp-block-separator has-alpha-channel-opacity\" \/>\n<p class=\"has-base-color has-text-color has-link-color has-small-font-size wp-elements-506b8a336cb7d7d556000002c3c9f6d6\">\n<p>Chris:<\/p>\n<p>Hej Hamid. Rigtig godt at tale med dig i dag. Du har haft Vanguard-enheden p\u00e5 stedet i lidt over tre m\u00e5neder nu. Det ville v\u00e6re rigtig godt at h\u00f8re fra dig, hvordan det g\u00e5r, hvordan du finder det, og hvordan det kirurgiske team finder det.<\/p>\n<p class=\"has-vivid-purple-color has-text-color has-link-color wp-elements-9e5d6a2347d83fe394c5cc41e9391e16\">Hamid:<\/p>\n<p class=\"has-vivid-purple-color has-text-color has-link-color wp-elements-da94408487afcce6cf636b0512673ab5\">Bare for at pr\u00e6sentere mig selv, s\u00e5 hedder jeg Hamid. Jeg er en af an\u00e6stesil\u00e6gerne, og jeg er l\u00e6gefaglig direkt\u00f8r i planlagt pleje. Jeg har arbejdet p\u00e5 enheden, s\u00e5 jeg kan fort\u00e6lle dig af personlig erfaring, at vi i l\u00f8bet af de tre m\u00e5neder har haft en gradvis forbedring af vores arbejdskapacitet i Vanguard (teater). Det har v\u00e6ret en fantastisk oplevelse for alle ber\u00f8rte; de kirurger og an\u00e6stesil\u00e6ger, der har arbejdet der, hvor jeg er en, har virkelig nydt oplevelsen. Det har taget os ud af hovedteatrene. Det er et meget roligt milj\u00f8, meget fredeligt derinde. Det f\u00f8les meget afsondret, men p\u00e5 nogle m\u00e5der er det meget godt i forhold til, at vi f\u00e5r adgang til vores patienter og har en god patientoplevelse. Og patienterne er blevet passet rigtig godt p\u00e5.<\/p>\n<p>Chris:<\/p>\n<p>Fremragende. Du hentydede lidt til det der, men det ville v\u00e6re virkelig interessant, bare i forhold til hvor forskelligt det er fra dine s\u00e6dvanlige teatre og s\u00e6dvanlige driftsmilj\u00f8...<\/p>\n<p class=\"has-vivid-purple-color has-text-color has-link-color wp-elements-9e5d6a2347d83fe394c5cc41e9391e16\">Hamid:<\/p>\n<p class=\"has-vivid-purple-color has-text-color has-link-color wp-elements-67095a79a4d25a66163b340861d3b871\">Ja. S\u00e5 det er anderledes i den forstand, at det er en tankegang, idet du er i Vanguard, ikke i vores hovedteatre. Det er et normalt teatermilj\u00f8, s\u00e5 alt udstyr er pr\u00e6cis, hvad vi ville forvente at have i et normalt teater, b\u00e5de kirurgisk og an\u00e6stetisk. Som an\u00e6stesil\u00e6ge g\u00e5r vi derind som par. Vi har to personer der hver dag, og du ved, at du vil v\u00e6re der hele dagen. S\u00e5 du har fastlagt din rutine for dagen, du har m\u00f8dt dine patienter, og du fokuserer p\u00e5 netop de patienter, som du skal passe den dag. I mods\u00e6tning til i hovedteatret, hvor man kan blive forstyrret af masser af forskellige p\u00e5virkninger.<\/p>\n<p>Chris:<\/p>\n<p>S\u00e5 bare g\u00e5 tilbage til den beslutningsproces, du ville have v\u00e6ret igennem og de forskellige muligheder, der var p\u00e5 bordet for dig, ville det v\u00e6re rigtig godt at forst\u00e5, fra et klinisk og medicinsk perspektiv, hvorfor du f\u00f8lte Vanguard var enheden den bedste l\u00f8sning for dig?<\/p>\n<hr class=\"wp-block-separator has-alpha-channel-opacity\" \/>\n<section id=\"section-2-254\" class=\"ct-section\" >\n<div class=\"ct-section-inner-wrap\">\n<div id=\"fancy_icon-5-254\" class=\"ct-fancy-icon\" ><svg id=\"svg-fancy_icon-5-254\"><use xlink:href=\"#FontAwesomeicon-quote-left\"><\/use><\/svg><\/div>\n<div id=\"text_block-3-254\" class=\"ct-text-block\" >&quot;... man mente, at den kliniske betydning af dette ikke skulle overses og burde v\u00e6re altafg\u00f8rende, og p\u00e5 det grundlag kom vi til beslutningen om at bringe Vanguard-holdet ind p\u00e5 Milton Keynes Hospital.&quot;<\/div>\n<div id=\"text_block-4-254\" class=\"ct-text-block\" >Dr. Hamid Manji, an\u00e6stesil\u00e6ge og medicinsk direkt\u00f8r for planlagt pleje<\/div>\n<\/div>\n<\/section>\n<blockquote class=\"wp-block-quote has-text-align-right is-style-default has-base-color has-base-background-color has-text-color has-background has-link-color wp-elements-d289965dc23d7274cf52bba67a6b580e is-layout-flow wp-container-core-quote-is-layout-8a368f38 wp-block-quote-is-layout-flow\">\n<\/blockquote>\n<hr class=\"wp-block-separator has-alpha-channel-opacity\" \/>\n<p class=\"has-vivid-purple-color has-text-color has-link-color wp-elements-9e5d6a2347d83fe394c5cc41e9391e16\">Hamid:<\/p>\n<p class=\"has-vivid-purple-color has-text-color has-link-color wp-elements-c9947ee4b4e6b5cebc677b8ebf97b751\">Ja, det er et meget godt sp\u00f8rgsm\u00e5l. S\u00e5 vores store knivspids har v\u00e6ret teaterkapacitet. Klinisk er vi meget opm\u00e6rksomme p\u00e5, at vores patienter venter l\u00e6ngere, end de burde vente. Vi har set p\u00e5 mange muligheder for at pr\u00f8ve at forst\u00e5, hvordan vi kan introducere den kapacitet. Men i sidste ende var det en klinisk diskussion med ledelsesteamet, som var meget st\u00f8ttende omkring, at vi var n\u00f8dt til at udvide og \u00f8ge vores teaterkapacitet for at f\u00e5 de lange ventetider ned for vores patienter, og det blev taget godt imod . Det gik gennem de rigtige kanaler i form af diskussioner p\u00e5 direktionsniveau, og man mente, at den kliniske betydning af dette ikke skulle overses og skulle v\u00e6re altafg\u00f8rende, og p\u00e5 den baggrund kom vi til beslutningen om at bringe Vanguard-teamet ind i Milton Keynes Hospital.<\/p>\n<p>Chris:<\/p>\n<p>Det er virkelig interessant og rigtig godt at h\u00f8re, at det var det kliniske team, der identificerede behovet her og derefter arbejdede t\u00e6t sammen med ledelsesteamet for at f\u00e5 det igennem. Det lyder som tilf\u00e6ldet.<\/p>\n<p class=\"has-vivid-purple-color has-text-color has-link-color wp-elements-9e5d6a2347d83fe394c5cc41e9391e16\">Hamid:<\/p>\n<p class=\"has-vivid-purple-color has-text-color has-link-color wp-elements-d66eb32bcae4aff0442199918ce5abe7\">Ja, i h\u00f8j grad. Ledelsesteamet, direktionen udfordrede os som det kliniske team til at forst\u00e5, hvad mulighederne var. Vi gennemgik mange forskellige muligheder, herunder at arbejde i weekenden, hvilket vi g\u00f8r i \u00f8jeblikket og har gjort i nogen tid, men vi, det kliniske team, mente, at der skulle \u00f8ges vores teaterkapacitet for at pr\u00f8ve at bringe dem ventetider ned. Og det er det, vi har succes med.<\/p>\n<p>Chris:<\/p>\n<p>Og du talte tidligere om, at du startede relativt langsomt, og s\u00e5 er det bygget op over tid. S\u00e5 det lyder som om du bliver mere effektiv gennem enheden. S\u00e5 det ville v\u00e6re godt at forst\u00e5, eftersom effektivitet er en ret stor drivkraft i \u00f8jeblikket, hvordan du flytter den effektivitetsside af tingene fremad.<\/p>\n<p class=\"has-vivid-purple-color has-text-color has-link-color wp-elements-9e5d6a2347d83fe394c5cc41e9391e16\">Hamid:<\/p>\n<p class=\"has-vivid-purple-color has-text-color has-link-color wp-elements-0e57aedb68dd80820e62552222d2e64f\">Det er et godt sp\u00f8rgsm\u00e5l, fordi der er forskellige aspekter af effektivitet. Der er aspektet menneskelige faktorer, som jeg vil komme til, og s\u00e5 er der det operationelle aspekt. S\u00e5 de menneskelige faktorer; vi startede klart som to separate hold. Der er et Vanguard-team, der arbejder i teatret, og der er vores dagkirurgi-team, som er en del af vores hospital, og s\u00e5 er der et kirurgisk og an\u00e6stesihold, som ogs\u00e5 er en del af MKUH, og vi l\u00e6rte hinanden at kende.<\/p>\n<p class=\"has-vivid-purple-color has-text-color has-link-color wp-elements-7fbd64e81b66fb1a7a88b27b480bad72\">Det tager lidt tid. Vi l\u00e6rte at kende, hvordan hinanden fungerer, vores forventninger til hinanden. Jeg m\u00e5 sige, at min forst\u00e5else og min viden om Vanguard-teamet er, at de er ekstraordin\u00e6rt professionelle, hvilket var fantastisk at se. Og efterh\u00e5nden som teamets etos opbyggedes, blev vi mere effektive, da vi forstod, hvordan hinanden arbejdede.<\/p>\n<p class=\"has-vivid-purple-color has-text-color has-link-color wp-elements-7ea7534dd707d91b4e01f9ee617fa10d\">Og i den operationelle side af tingene handler det om at sikre, at vi havde det rigtige s\u00e6t p\u00e5 plads, de rigtige engangsartikler p\u00e5 plads, at sikre, at HST styrede vores udstyr, s\u00e5 vi dagen efter havde det rigtige udstyr igen. Og s\u00e5 gennemstr\u00f8mningen blev forbedret, efterh\u00e5nden som vi fik disse processer bedre udviklet.<\/p>\n<p>Chris:<\/p>\n<p>Kan du bare fort\u00e6lle mig den slags aktivitet, du laver p\u00e5 enheden, og de specialer, du arbejder igennem?<\/p>\n<hr class=\"wp-block-separator has-alpha-channel-opacity\" \/>\n<section id=\"section-2-254\" class=\"ct-section\" >\n<div class=\"ct-section-inner-wrap\">\n<div id=\"fancy_icon-5-254\" class=\"ct-fancy-icon\" ><svg id=\"svg-fancy_icon-5-254\"><use xlink:href=\"#FontAwesomeicon-quote-left\"><\/use><\/svg><\/div>\n<div id=\"text_block-3-254\" class=\"ct-text-block\" >\u201dVi startede med specialer, som vi havde de h\u00f8jeste patientventetider p\u00e5, og vi fors\u00f8gte at sikre, at vi reducerede disse patientventetider s\u00e5 hurtigt, som vi kunne. S\u00e5, n\u00e5r der opst\u00e5r andre klemmepunkter, vil vi helt klart v\u00e6re agile til at fors\u00f8ge at koordinere, s\u00e5 vi \u00e6ndrer specialerne for altid at f\u00e5 den bedste pleje til patienterne.\u201d<\/div>\n<div id=\"text_block-4-254\" class=\"ct-text-block\" >Dr. Hamid Manji, an\u00e6stesil\u00e6ge og medicinsk direkt\u00f8r for planlagt pleje<\/div>\n<\/div>\n<\/section>\n<hr class=\"wp-block-separator has-alpha-channel-opacity\" \/>\n<p class=\"has-vivid-purple-color has-text-color has-link-color wp-elements-9e5d6a2347d83fe394c5cc41e9391e16\">Hamid:<\/p>\n<p class=\"has-vivid-purple-color has-text-color has-link-color wp-elements-22d0b3468b6d883ea70f224fa8e849ab\">Ja. S\u00e5 den f\u00f8rste ting at sige er, at det er hele dagen sag. Det er fantastisk, fordi vi kun er fokuseret p\u00e5 en bestemt type patient. Der plejer at v\u00e6re ASA 1 eller 2 patienter, og vi bruger Vanguard til en r\u00e6kke specialiteter for at sikre, at vi maksimerer brugen af det og sikrer, at vores effektivitet derfor maksimeres. Og de ville v\u00e6re generel kirurgi, ortop\u00e6di, nogle urologier og nogle tandpatienter.<\/p>\n<p>Chris:<\/p>\n<p>Og i forhold til hvordan du ville se det udvikle sig i l\u00f8bet af de n\u00e6ste par m\u00e5neder, er der en specifik rute igennem? Min fornemmelse er, at du er ved at g\u00f8re nogle rigtig gode indhug i de ventelister, du har, og derfor vil der v\u00e6re andre elementer, jeg g\u00e6tter p\u00e5, som lige pludselig begynder at ligne nye udfordringer. S\u00e5 hvordan ville du se det udvikle sig i l\u00f8bet af de n\u00e6ste par m\u00e5neder?<\/p>\n<p class=\"has-vivid-purple-color has-text-color has-link-color wp-elements-9e5d6a2347d83fe394c5cc41e9391e16\">Hamid:<\/p>\n<p class=\"has-vivid-purple-color has-text-color has-link-color wp-elements-3cd618239ef0ca21ab1b13693ed88fc5\">Ja. S\u00e5 jeg tror igen, du slog den i hovedet, d\u00e9r. Det er et billede i udvikling. Vi startede med specialer, som vi havde de h\u00f8jeste patientventetider p\u00e5, og vi fors\u00f8gte at sikre, at vi reducerede disse patientventetider s\u00e5 hurtigt, som vi kunne. S\u00e5 n\u00e5r der opst\u00e5r andre klemmepunkter, vil vi klart v\u00e6re agile til at fors\u00f8ge at koordinere, s\u00e5 vi \u00e6ndrer specialerne for altid at f\u00e5 den bedste pleje til patienterne, som er de patienter, der venter l\u00e6ngst tid, og s\u00f8rge for at vi \u00e6ndrer tingene i overensstemmelse hermed for at reducere disse ventetider over hele linjen, frem for kun specifikt i de specialer, jeg n\u00e6vnte.<\/p>\n<p>Chris:<\/p>\n<p>Du har den selvst\u00e6ndige Day Case Unit med afdelingen og det mobile teater, som giver ekstra kapacitet, men ogs\u00e5, ved at flytte patienter ud fra de traditionelle teatre, frig\u00f8r det ogs\u00e5 yderligere pladser der. S\u00e5 det ville v\u00e6re godt bare at h\u00f8re, hvordan du bruger den ekstra kapacitet p\u00e5 tv\u00e6rs af b\u00e5de dine eksisterende biografer og Vanguard, og hvordan du planl\u00e6gger og administrerer det.<\/p>\n<p class=\"has-vivid-purple-color has-text-color has-link-color wp-elements-9e5d6a2347d83fe394c5cc41e9391e16\">Hamid:<\/p>\n<p class=\"has-vivid-purple-color has-text-color has-link-color wp-elements-768962d221f52b1a102159bf6fd11a34\">Ja. S\u00e5 igen, den grundl\u00e6ggende \u00e5rsag til, at vi har Vanguard p\u00e5 plads, er at \u00f8ge vores biografkapacitet, hvilket altid har v\u00e6ret en klemme. S\u00e5 vi bruger Vanguard. De patienter, der kommer igennem der, er p\u00e5 samme vej, som de normalt ville v\u00e6re. S\u00e5 de kommer til vores dagkirurgiske afdeling, bliver indlagt der og gennemg\u00e5et der og s\u00e5 bliver de bragt til Vanguard-enheden og vil derefter v\u00e6re i Vanguard-enheden til deres bedring og derefter hjem. S\u00e5 det fjerner en byrde af patienter, hvis du vil, en byrde af arbejde fra de eksisterende teaterhold, og s\u00e5 fylder vi tilbage i vores tomme teatre eller ledige teatre med andre specialer eller andre l\u00e6nge ventende patienter eller faktisk andre kr\u00e6ftpatienter, der ogs\u00e5 er venter.<\/p>\n<p>Chris:<\/p>\n<p>Du talte om patienterne der, og der er altid en lille smule frygt, n\u00e5r vi f\u00f8rst begynder at tale med klinikere og seniorledere i NHS-truster, at patientoplevelsen (i en mobil facilitet) m\u00e5ske ikke er helt den samme, og det ville v\u00e6re godt at h\u00f8re fra dig, hvordan patienterne har oplevet at v\u00e6re p\u00e5 afdelingen.<\/p>\n<p class=\"has-vivid-purple-color has-text-color has-link-color wp-elements-9e5d6a2347d83fe394c5cc41e9391e16\">Hamid:<\/p>\n<p class=\"has-vivid-purple-color has-text-color has-link-color wp-elements-03873a216ec1d1d5a4827362f4a8479f\">S\u00e5 patientoplevelsen fra de patienter, der har givet feedback til os, har v\u00e6ret fremragende. De har virkelig nydt Vanguard-enheden. De har nydt det faktum, at de f\u00e5r deres operationer meget tidligere, end de ellers ville have gjort, og desuden er personalet, b\u00e5de dagkirurgipersonalet og Vanguard-teamet, som jeg allerede har sagt, yderst professionelle , virkelig fokuseret p\u00e5 patientsikkerhed og patientoplevelse og de giver en rigtig god oplevelse for disse patienter. S\u00e5 den overv\u00e6ldende oplevelse har v\u00e6ret meget positiv.<\/p>\n<hr class=\"wp-block-separator has-alpha-channel-opacity\" \/>\n<section id=\"section-2-254\" class=\"ct-section\" >\n<div class=\"ct-section-inner-wrap\">\n<div id=\"fancy_icon-5-254\" class=\"ct-fancy-icon\" ><svg id=\"svg-fancy_icon-5-254\"><use xlink:href=\"#FontAwesomeicon-quote-left\"><\/use><\/svg><\/div>\n<div id=\"text_block-3-254\" class=\"ct-text-block\" >&quot;Patientm\u00e5lingerne... handler om patientoplevelse og patientsikkerhed. Vi s\u00f8rger for, at vi leverer den sikreste pleje, vi kan, og patienten f\u00e5r en fantastisk oplevelse. Grundl\u00e6ggende for dem f\u00e5r de deres procedurer gjort tidligere, meget tidligere, end de ellers ville have gjort. S\u00e5 det er de meget, meget glade for.\u201d<\/div>\n<div id=\"text_block-4-254\" class=\"ct-text-block\" >Dr. Hamid Manji, an\u00e6stesil\u00e6ge og medicinsk direkt\u00f8r for planlagt pleje<\/div>\n<\/div>\n<\/section>\n<hr class=\"wp-block-separator has-alpha-channel-opacity\" \/>\n<blockquote class=\"wp-block-quote has-text-align-right is-layout-flow wp-block-quote-is-layout-flow\">\n<\/blockquote>\n<p>Chris:<\/p>\n<p>Jeg tror, at der altid er faren ved at tale om patienttal og ventelistereduktioner frem for at t\u00e6nke p\u00e5 de menneskelige historier, der s\u00e5 ligger bag det. S\u00e5 det ville v\u00e6re godt at h\u00f8re din fornemmelse af, hvordan patienterne har gavn af at have ekstra kapacitet og have enheden her.<\/p>\n<p class=\"has-vivid-purple-color has-text-color has-link-color wp-elements-9e5d6a2347d83fe394c5cc41e9391e16\">Hamid:<\/p>\n<p class=\"has-vivid-purple-color has-text-color has-link-color wp-elements-21fd9a92dcad7725f64675eb8a0f3654\">Ja. S\u00e5 den grundl\u00e6ggende \u00e5rsag til, at vi eksisterer, hvorfor vi er her p\u00e5 hospitalet, handler om patienter. Og vi passer p\u00e5 vores patienter efter bedste evne. Det er klart, at der er kapacitetsbegr\u00e6nsning, hvilket var vores teaterkapacitet. Det har vi forbedret med adgangen til Vanguard-enheden.<\/p>\n<p class=\"has-vivid-purple-color has-text-color has-link-color wp-elements-28fdc038beae811e8ad3e0001ddf1a26\">Hver enkelt patient har en historie, og det er derfor, de er en patient, og derfor fors\u00f8ger vi at sikre, at hver enkelt patient f\u00e5r den individuelle pleje, de fortjener. Men det vigtige her er, at vi nu g\u00f8r det meget tidligere. De skal ikke vente s\u00e5 l\u00e6nge.<\/p>\n<p>Chris:<\/p>\n<p>Og sidste sp\u00f8rgsm\u00e5l, i din egenskab af medicinsk direkt\u00f8r, hvordan ville du se p\u00e5 de vigtigste m\u00e5l for succes? Hvad er det i slutningen af det hele, der ville give dig den indikation af, at dette har v\u00e6ret en meget succesfuld satsning for dig?<\/p>\n<p class=\"has-vivid-purple-color has-text-color has-link-color wp-elements-9e5d6a2347d83fe394c5cc41e9391e16\">Hamid:<\/p>\n<p class=\"has-vivid-purple-color has-text-color has-link-color wp-elements-75f7812892cfdd4c9aeb5b27623b6a64\">Jeg ville opdele det i operationelle og patientcentrerede m\u00e5linger. De operationelle m\u00e5linger er meget klare. Vi skal reducere ventetider for vores patienter, og det g\u00f8r vi gennem den \u00f8gede kapacitet, som vi har haft med en Vanguard enhed. Patientm\u00e5lingerne er lidt mere t\u00e5gede, men lige s\u00e5, hvis ikke vigtigere, og de handler om patientoplevelse og patientsikkerhed. Vi s\u00f8rger for, at vi leverer den sikreste pleje, vi kan, og patienten f\u00e5r en fantastisk oplevelse. Grundl\u00e6ggende for dem f\u00e5r de deres procedurer udf\u00f8rt tidligere, meget tidligere, end de ellers ville have gjort. S\u00e5 det er de meget, meget glade for.<\/p>\n<p>Chris:<\/p>\n<p>Fremragende. N\u00e5, fra mit perspektiv har det v\u00e6ret fantastisk for Vanguard-teamet, der arbejder med dit team p\u00e5 Milton Keynes University Hospital Trust, og vi har elsket hvert minut og nyder virkelig at st\u00f8tte dig.<\/p>\n<p class=\"has-vivid-purple-color has-text-color has-link-color wp-elements-9e5d6a2347d83fe394c5cc41e9391e16\">Hamid:<\/p>\n<p class=\"has-vivid-purple-color has-text-color has-link-color wp-elements-a480cafc47fe8ef4c769b5ad1f87ac8e\">Mange tak, og vi f\u00f8ler os meget st\u00f8ttet. Jeg synes, det er meget vigtigt, at jeg siger det. Jeg har allerede n\u00e6vnt det f\u00f8r, men jeg vil gerne g\u00f8re en stor ros til Vanguard-holdet. Jeg har selv arbejdet med dem. De er meget professionelle, meget fokuserede p\u00e5 patientbehandling, meget fokuserede p\u00e5 patientsikkerhed, og det har v\u00e6ret en sand forn\u00f8jelse at v\u00e6re en del af den enhed.<\/p>\n<p>Chris:<\/p>\n<p>Det er rigtig godt at h\u00f8re. Tak.<\/p>\n<p class=\"has-vivid-purple-color has-text-color has-link-color wp-elements-9e5d6a2347d83fe394c5cc41e9391e16\">Hamid:<\/p>\n<p class=\"has-vivid-purple-color has-text-color has-link-color wp-elements-c70e3a29a6c010ded4f9cfa446fd0d43\">Tak.<\/p>\n<hr class=\"wp-block-separator has-alpha-channel-opacity\" \/>\n<section id=\"section-2-254\" class=\"ct-section\" >\n<div class=\"ct-section-inner-wrap\">\n<div id=\"fancy_icon-5-254\" class=\"ct-fancy-icon\" ><svg id=\"svg-fancy_icon-5-254\"><use xlink:href=\"#FontAwesomeicon-quote-left\"><\/use><\/svg><\/div>\n<div id=\"text_block-3-254\" class=\"ct-text-block\" >&quot;Vi f\u00f8ler os meget st\u00f8ttet. Jeg tror, det er meget vigtigt, at jeg siger, at...jeg ville g\u00f8re et stort r\u00e5b til Vanguard-holdet. Jeg har selv arbejdet med dem. De er meget professionelle, meget fokuserede p\u00e5 patientbehandling, meget fokuserede p\u00e5 patientsikkerhed, og det har v\u00e6ret en sand forn\u00f8jelse at v\u00e6re en del af den enhed.\u201d<\/div>\n<div id=\"text_block-4-254\" class=\"ct-text-block\" >Dr. Hamid Manji, an\u00e6stesil\u00e6ge og medicinsk direkt\u00f8r for planlagt pleje<\/div>\n<\/div>\n<\/section>\n<hr class=\"wp-block-separator has-alpha-channel-opacity\" \/>\n<figure class=\"wp-block-image size-large\"><img loading=\"lazy\" decoding=\"async\" width=\"819\" height=\"1024\" src=\"https:\/\/www.vanguardhealthcare.co.uk\/wp-content\/uploads\/2024\/08\/Image-CUTOUT-1-819x1024.jpg\" alt=\"Floor plan of the Day Case Unit\" class=\"wp-image-7537\" srcset=\"https:\/\/www.vanguardhealthcare.co.uk\/wp-content\/uploads\/2024\/08\/Image-CUTOUT-1-819x1024.jpg 819w, https:\/\/www.vanguardhealthcare.co.uk\/wp-content\/uploads\/2024\/08\/Image-CUTOUT-1-240x300.jpg 240w, https:\/\/www.vanguardhealthcare.co.uk\/wp-content\/uploads\/2024\/08\/Image-CUTOUT-1-768x960.jpg 768w, https:\/\/www.vanguardhealthcare.co.uk\/wp-content\/uploads\/2024\/08\/Image-CUTOUT-1-1229x1536.jpg 1229w, https:\/\/www.vanguardhealthcare.co.uk\/wp-content\/uploads\/2024\/08\/Image-CUTOUT-1-10x12.jpg 10w, https:\/\/www.vanguardhealthcare.co.uk\/wp-content\/uploads\/2024\/08\/Image-CUTOUT-1.jpg 1376w\" sizes=\"auto, (max-width: 819px) 100vw, 819px\" \/><\/figure>","protected":false},"excerpt":{"rendered":"<p>Trustens konsulent an\u00e6stesil\u00e6ge og medicinsk direkt\u00f8r for planlagt pleje, Dr. Hamid Manji, taler med Vanguard&#039;s administrerende direkt\u00f8r, Chris Blackwell-Frost<\/p>","protected":false},"author":12,"featured_media":7639,"comment_status":"open","ping_status":"open","sticky":false,"template":"","format":"standard","meta":{"_acf_changed":false,"footnotes":""},"categories":[2],"tags":[],"class_list":["post-7573","post","type-post","status-publish","format-standard","has-post-thumbnail","hentry","category-news"],"acf":[],"yoast_head":"<!-- This site is optimized with the Yoast SEO plugin v27.4 - https:\/\/yoast.com\/product\/yoast-seo-wordpress\/ -->\n<title>How a staffed Vanguard Day Case facility is helping Milton Keynes University Hospital reduce the elective backlog - Vanguard Healthcare Solutions<\/title>\n<meta name=\"description\" content=\"Milton Keynes University Hospital&#039;s Consultant Anaesthetist and Medical Director for Planned Care, Dr Hamid Manji, speaks with Vanguard\u2019s CEO, Chris Blackwell-Frost\" \/>\n<meta name=\"robots\" content=\"index, follow, max-snippet:-1, max-image-preview:large, max-video-preview:-1\" \/>\n<link rel=\"canonical\" href=\"https:\/\/www.vanguardhealthcare.co.uk\/da_dk\/how-a-staffed-vanguard-day-case-facility-is-helping-milton-keynes-university-hospital-reduce-the-elective-backlog\/\" \/>\n<meta property=\"og:locale\" content=\"da_DK\" \/>\n<meta property=\"og:type\" content=\"article\" \/>\n<meta property=\"og:title\" content=\"How a staffed Vanguard Day Case facility is helping Milton Keynes University Hospital reduce the elective backlog - Vanguard Healthcare Solutions\" \/>\n<meta property=\"og:description\" content=\"Milton Keynes University Hospital&#039;s Consultant Anaesthetist and Medical Director for Planned Care, Dr Hamid Manji, speaks with Vanguard\u2019s CEO, Chris Blackwell-Frost\" \/>\n<meta property=\"og:url\" content=\"https:\/\/www.vanguardhealthcare.co.uk\/da_dk\/how-a-staffed-vanguard-day-case-facility-is-helping-milton-keynes-university-hospital-reduce-the-elective-backlog\/\" \/>\n<meta property=\"og:site_name\" content=\"Vanguard Healthcare Solutions\" \/>\n<meta property=\"article:published_time\" content=\"2024-10-22T11:21:39+00:00\" \/>\n<meta property=\"article:modified_time\" content=\"2024-10-22T11:24:35+00:00\" \/>\n<meta property=\"og:image\" content=\"https:\/\/www.vanguardhealthcare.co.uk\/wp-content\/uploads\/2024\/10\/thumb-8.jpg\" \/>\n\t<meta property=\"og:image:width\" content=\"1920\" \/>\n\t<meta property=\"og:image:height\" content=\"1080\" \/>\n\t<meta property=\"og:image:type\" content=\"image\/jpeg\" \/>\n<meta name=\"author\" content=\"markbirchmore\" \/>\n<meta name=\"twitter:card\" content=\"summary_large_image\" \/>\n<meta name=\"twitter:label1\" content=\"Skrevet af\" \/>\n\t<meta name=\"twitter:data1\" content=\"markbirchmore\" \/>\n\t<meta name=\"twitter:label2\" content=\"Estimeret l\u00e6setid\" \/>\n\t<meta name=\"twitter:data2\" content=\"10 minutter\" \/>\n<script type=\"application\/ld+json\" class=\"yoast-schema-graph\">{\"@context\":\"https:\\\/\\\/schema.org\",\"@graph\":[{\"@type\":\"Article\",\"@id\":\"https:\\\/\\\/www.vanguardhealthcare.co.uk\\\/how-a-staffed-vanguard-day-case-facility-is-helping-milton-keynes-university-hospital-reduce-the-elective-backlog\\\/#article\",\"isPartOf\":{\"@id\":\"https:\\\/\\\/www.vanguardhealthcare.co.uk\\\/how-a-staffed-vanguard-day-case-facility-is-helping-milton-keynes-university-hospital-reduce-the-elective-backlog\\\/\"},\"author\":{\"name\":\"markbirchmore\",\"@id\":\"https:\\\/\\\/www.vanguardhealthcare.co.uk\\\/#\\\/schema\\\/person\\\/28e5002e5381802059b342a6a7c57fe5\"},\"headline\":\"How a staffed Vanguard Day Case facility is helping Milton Keynes University Hospital reduce the elective backlog\",\"datePublished\":\"2024-10-22T11:21:39+00:00\",\"dateModified\":\"2024-10-22T11:24:35+00:00\",\"mainEntityOfPage\":{\"@id\":\"https:\\\/\\\/www.vanguardhealthcare.co.uk\\\/how-a-staffed-vanguard-day-case-facility-is-helping-milton-keynes-university-hospital-reduce-the-elective-backlog\\\/\"},\"wordCount\":2096,\"commentCount\":0,\"image\":{\"@id\":\"https:\\\/\\\/www.vanguardhealthcare.co.uk\\\/how-a-staffed-vanguard-day-case-facility-is-helping-milton-keynes-university-hospital-reduce-the-elective-backlog\\\/#primaryimage\"},\"thumbnailUrl\":\"https:\\\/\\\/www.vanguardhealthcare.co.uk\\\/wp-content\\\/uploads\\\/2024\\\/10\\\/thumb-8.jpg\",\"articleSection\":[\"News\"],\"inLanguage\":\"da-DK\",\"potentialAction\":[{\"@type\":\"CommentAction\",\"name\":\"Comment\",\"target\":[\"https:\\\/\\\/www.vanguardhealthcare.co.uk\\\/how-a-staffed-vanguard-day-case-facility-is-helping-milton-keynes-university-hospital-reduce-the-elective-backlog\\\/#respond\"]}]},{\"@type\":\"WebPage\",\"@id\":\"https:\\\/\\\/www.vanguardhealthcare.co.uk\\\/how-a-staffed-vanguard-day-case-facility-is-helping-milton-keynes-university-hospital-reduce-the-elective-backlog\\\/\",\"url\":\"https:\\\/\\\/www.vanguardhealthcare.co.uk\\\/how-a-staffed-vanguard-day-case-facility-is-helping-milton-keynes-university-hospital-reduce-the-elective-backlog\\\/\",\"name\":\"How a staffed Vanguard Day Case facility is helping Milton Keynes University Hospital reduce the elective backlog - Vanguard Healthcare Solutions\",\"isPartOf\":{\"@id\":\"https:\\\/\\\/www.vanguardhealthcare.co.uk\\\/#website\"},\"primaryImageOfPage\":{\"@id\":\"https:\\\/\\\/www.vanguardhealthcare.co.uk\\\/how-a-staffed-vanguard-day-case-facility-is-helping-milton-keynes-university-hospital-reduce-the-elective-backlog\\\/#primaryimage\"},\"image\":{\"@id\":\"https:\\\/\\\/www.vanguardhealthcare.co.uk\\\/how-a-staffed-vanguard-day-case-facility-is-helping-milton-keynes-university-hospital-reduce-the-elective-backlog\\\/#primaryimage\"},\"thumbnailUrl\":\"https:\\\/\\\/www.vanguardhealthcare.co.uk\\\/wp-content\\\/uploads\\\/2024\\\/10\\\/thumb-8.jpg\",\"datePublished\":\"2024-10-22T11:21:39+00:00\",\"dateModified\":\"2024-10-22T11:24:35+00:00\",\"author\":{\"@id\":\"https:\\\/\\\/www.vanguardhealthcare.co.uk\\\/#\\\/schema\\\/person\\\/28e5002e5381802059b342a6a7c57fe5\"},\"description\":\"Milton Keynes University Hospital's Consultant Anaesthetist and Medical Director for Planned Care, Dr Hamid Manji, speaks with Vanguard\u2019s CEO, Chris Blackwell-Frost\",\"breadcrumb\":{\"@id\":\"https:\\\/\\\/www.vanguardhealthcare.co.uk\\\/how-a-staffed-vanguard-day-case-facility-is-helping-milton-keynes-university-hospital-reduce-the-elective-backlog\\\/#breadcrumb\"},\"inLanguage\":\"da-DK\",\"potentialAction\":[{\"@type\":\"ReadAction\",\"target\":[\"https:\\\/\\\/www.vanguardhealthcare.co.uk\\\/how-a-staffed-vanguard-day-case-facility-is-helping-milton-keynes-university-hospital-reduce-the-elective-backlog\\\/\"]}]},{\"@type\":\"ImageObject\",\"inLanguage\":\"da-DK\",\"@id\":\"https:\\\/\\\/www.vanguardhealthcare.co.uk\\\/how-a-staffed-vanguard-day-case-facility-is-helping-milton-keynes-university-hospital-reduce-the-elective-backlog\\\/#primaryimage\",\"url\":\"https:\\\/\\\/www.vanguardhealthcare.co.uk\\\/wp-content\\\/uploads\\\/2024\\\/10\\\/thumb-8.jpg\",\"contentUrl\":\"https:\\\/\\\/www.vanguardhealthcare.co.uk\\\/wp-content\\\/uploads\\\/2024\\\/10\\\/thumb-8.jpg\",\"width\":1920,\"height\":1080},{\"@type\":\"BreadcrumbList\",\"@id\":\"https:\\\/\\\/www.vanguardhealthcare.co.uk\\\/how-a-staffed-vanguard-day-case-facility-is-helping-milton-keynes-university-hospital-reduce-the-elective-backlog\\\/#breadcrumb\",\"itemListElement\":[{\"@type\":\"ListItem\",\"position\":1,\"name\":\"Home\",\"item\":\"https:\\\/\\\/www.vanguardhealthcare.co.uk\\\/\"},{\"@type\":\"ListItem\",\"position\":2,\"name\":\"How a staffed Vanguard Day Case facility is helping Milton Keynes University Hospital reduce the elective backlog\"}]},{\"@type\":\"WebSite\",\"@id\":\"https:\\\/\\\/www.vanguardhealthcare.co.uk\\\/#website\",\"url\":\"https:\\\/\\\/www.vanguardhealthcare.co.uk\\\/\",\"name\":\"Vanguard Healthcare Solutions\",\"description\":\"\",\"potentialAction\":[{\"@type\":\"SearchAction\",\"target\":{\"@type\":\"EntryPoint\",\"urlTemplate\":\"https:\\\/\\\/www.vanguardhealthcare.co.uk\\\/?s={search_term_string}\"},\"query-input\":{\"@type\":\"PropertyValueSpecification\",\"valueRequired\":true,\"valueName\":\"search_term_string\"}}],\"inLanguage\":\"da-DK\"},{\"@type\":\"Person\",\"@id\":\"https:\\\/\\\/www.vanguardhealthcare.co.uk\\\/#\\\/schema\\\/person\\\/28e5002e5381802059b342a6a7c57fe5\",\"name\":\"markbirchmore\",\"image\":{\"@type\":\"ImageObject\",\"inLanguage\":\"da-DK\",\"@id\":\"https:\\\/\\\/secure.gravatar.com\\\/avatar\\\/fe7d53278a7b5ca7a899d25b40407d63635e003b79715b22b7e4507d10eecba5?s=96&d=mm&r=g\",\"url\":\"https:\\\/\\\/secure.gravatar.com\\\/avatar\\\/fe7d53278a7b5ca7a899d25b40407d63635e003b79715b22b7e4507d10eecba5?s=96&d=mm&r=g\",\"contentUrl\":\"https:\\\/\\\/secure.gravatar.com\\\/avatar\\\/fe7d53278a7b5ca7a899d25b40407d63635e003b79715b22b7e4507d10eecba5?s=96&d=mm&r=g\",\"caption\":\"markbirchmore\"}}]}<\/script>\n<!-- \/ Yoast SEO plugin. -->","yoast_head_json":{"title":"Hvordan et bemandet dagcenter p\u00e5 Vanguard hj\u00e6lper Milton Keynes University Hospital med at reducere antallet af elektive behandlinger - Vanguard Healthcare Solutions","description":"Dr. Hamid Manji, overl\u00e6ge i an\u00e6stesi og medicinsk direkt\u00f8r for planlagt pleje p\u00e5 Milton Keynes University Hospital, taler med Chris Blackwell-Frost, administrerende direkt\u00f8r for Vanguard.","robots":{"index":"index","follow":"follow","max-snippet":"max-snippet:-1","max-image-preview":"max-image-preview:large","max-video-preview":"max-video-preview:-1"},"canonical":"https:\/\/www.vanguardhealthcare.co.uk\/da_dk\/how-a-staffed-vanguard-day-case-facility-is-helping-milton-keynes-university-hospital-reduce-the-elective-backlog\/","og_locale":"da_DK","og_type":"article","og_title":"How a staffed Vanguard Day Case facility is helping Milton Keynes University Hospital reduce the elective backlog - Vanguard Healthcare Solutions","og_description":"Milton Keynes University Hospital's Consultant Anaesthetist and Medical Director for Planned Care, Dr Hamid Manji, speaks with Vanguard\u2019s CEO, Chris Blackwell-Frost","og_url":"https:\/\/www.vanguardhealthcare.co.uk\/da_dk\/how-a-staffed-vanguard-day-case-facility-is-helping-milton-keynes-university-hospital-reduce-the-elective-backlog\/","og_site_name":"Vanguard Healthcare Solutions","article_published_time":"2024-10-22T11:21:39+00:00","article_modified_time":"2024-10-22T11:24:35+00:00","og_image":[{"width":1920,"height":1080,"url":"https:\/\/www.vanguardhealthcare.co.uk\/wp-content\/uploads\/2024\/10\/thumb-8.jpg","type":"image\/jpeg"}],"author":"markbirchmore","twitter_card":"summary_large_image","twitter_misc":{"Skrevet af":"markbirchmore","Estimeret l\u00e6setid":"10 minutter"},"schema":{"@context":"https:\/\/schema.org","@graph":[{"@type":"Article","@id":"https:\/\/www.vanguardhealthcare.co.uk\/how-a-staffed-vanguard-day-case-facility-is-helping-milton-keynes-university-hospital-reduce-the-elective-backlog\/#article","isPartOf":{"@id":"https:\/\/www.vanguardhealthcare.co.uk\/how-a-staffed-vanguard-day-case-facility-is-helping-milton-keynes-university-hospital-reduce-the-elective-backlog\/"},"author":{"name":"markbirchmore","@id":"https:\/\/www.vanguardhealthcare.co.uk\/#\/schema\/person\/28e5002e5381802059b342a6a7c57fe5"},"headline":"How a staffed Vanguard Day Case facility is helping Milton Keynes University Hospital reduce the elective backlog","datePublished":"2024-10-22T11:21:39+00:00","dateModified":"2024-10-22T11:24:35+00:00","mainEntityOfPage":{"@id":"https:\/\/www.vanguardhealthcare.co.uk\/how-a-staffed-vanguard-day-case-facility-is-helping-milton-keynes-university-hospital-reduce-the-elective-backlog\/"},"wordCount":2096,"commentCount":0,"image":{"@id":"https:\/\/www.vanguardhealthcare.co.uk\/how-a-staffed-vanguard-day-case-facility-is-helping-milton-keynes-university-hospital-reduce-the-elective-backlog\/#primaryimage"},"thumbnailUrl":"https:\/\/www.vanguardhealthcare.co.uk\/wp-content\/uploads\/2024\/10\/thumb-8.jpg","articleSection":["News"],"inLanguage":"da-DK","potentialAction":[{"@type":"CommentAction","name":"Comment","target":["https:\/\/www.vanguardhealthcare.co.uk\/how-a-staffed-vanguard-day-case-facility-is-helping-milton-keynes-university-hospital-reduce-the-elective-backlog\/#respond"]}]},{"@type":"WebPage","@id":"https:\/\/www.vanguardhealthcare.co.uk\/how-a-staffed-vanguard-day-case-facility-is-helping-milton-keynes-university-hospital-reduce-the-elective-backlog\/","url":"https:\/\/www.vanguardhealthcare.co.uk\/how-a-staffed-vanguard-day-case-facility-is-helping-milton-keynes-university-hospital-reduce-the-elective-backlog\/","name":"Hvordan et bemandet dagcenter p\u00e5 Vanguard hj\u00e6lper Milton Keynes University Hospital med at reducere antallet af elektive behandlinger - Vanguard Healthcare Solutions","isPartOf":{"@id":"https:\/\/www.vanguardhealthcare.co.uk\/#website"},"primaryImageOfPage":{"@id":"https:\/\/www.vanguardhealthcare.co.uk\/how-a-staffed-vanguard-day-case-facility-is-helping-milton-keynes-university-hospital-reduce-the-elective-backlog\/#primaryimage"},"image":{"@id":"https:\/\/www.vanguardhealthcare.co.uk\/how-a-staffed-vanguard-day-case-facility-is-helping-milton-keynes-university-hospital-reduce-the-elective-backlog\/#primaryimage"},"thumbnailUrl":"https:\/\/www.vanguardhealthcare.co.uk\/wp-content\/uploads\/2024\/10\/thumb-8.jpg","datePublished":"2024-10-22T11:21:39+00:00","dateModified":"2024-10-22T11:24:35+00:00","author":{"@id":"https:\/\/www.vanguardhealthcare.co.uk\/#\/schema\/person\/28e5002e5381802059b342a6a7c57fe5"},"description":"Dr. Hamid Manji, overl\u00e6ge i an\u00e6stesi og medicinsk direkt\u00f8r for planlagt pleje p\u00e5 Milton Keynes University Hospital, taler med Chris Blackwell-Frost, administrerende direkt\u00f8r for Vanguard.","breadcrumb":{"@id":"https:\/\/www.vanguardhealthcare.co.uk\/how-a-staffed-vanguard-day-case-facility-is-helping-milton-keynes-university-hospital-reduce-the-elective-backlog\/#breadcrumb"},"inLanguage":"da-DK","potentialAction":[{"@type":"ReadAction","target":["https:\/\/www.vanguardhealthcare.co.uk\/how-a-staffed-vanguard-day-case-facility-is-helping-milton-keynes-university-hospital-reduce-the-elective-backlog\/"]}]},{"@type":"ImageObject","inLanguage":"da-DK","@id":"https:\/\/www.vanguardhealthcare.co.uk\/how-a-staffed-vanguard-day-case-facility-is-helping-milton-keynes-university-hospital-reduce-the-elective-backlog\/#primaryimage","url":"https:\/\/www.vanguardhealthcare.co.uk\/wp-content\/uploads\/2024\/10\/thumb-8.jpg","contentUrl":"https:\/\/www.vanguardhealthcare.co.uk\/wp-content\/uploads\/2024\/10\/thumb-8.jpg","width":1920,"height":1080},{"@type":"BreadcrumbList","@id":"https:\/\/www.vanguardhealthcare.co.uk\/how-a-staffed-vanguard-day-case-facility-is-helping-milton-keynes-university-hospital-reduce-the-elective-backlog\/#breadcrumb","itemListElement":[{"@type":"ListItem","position":1,"name":"Home","item":"https:\/\/www.vanguardhealthcare.co.uk\/"},{"@type":"ListItem","position":2,"name":"How a staffed Vanguard Day Case facility is helping Milton Keynes University Hospital reduce the elective backlog"}]},{"@type":"WebSite","@id":"https:\/\/www.vanguardhealthcare.co.uk\/#website","url":"https:\/\/www.vanguardhealthcare.co.uk\/","name":"Vanguard Healthcare Solutions","description":"","potentialAction":[{"@type":"SearchAction","target":{"@type":"EntryPoint","urlTemplate":"https:\/\/www.vanguardhealthcare.co.uk\/?s={search_term_string}"},"query-input":{"@type":"PropertyValueSpecification","valueRequired":true,"valueName":"search_term_string"}}],"inLanguage":"da-DK"},{"@type":"Person","@id":"https:\/\/www.vanguardhealthcare.co.uk\/#\/schema\/person\/28e5002e5381802059b342a6a7c57fe5","name":"markbirchmore","image":{"@type":"ImageObject","inLanguage":"da-DK","@id":"https:\/\/secure.gravatar.com\/avatar\/fe7d53278a7b5ca7a899d25b40407d63635e003b79715b22b7e4507d10eecba5?s=96&d=mm&r=g","url":"https:\/\/secure.gravatar.com\/avatar\/fe7d53278a7b5ca7a899d25b40407d63635e003b79715b22b7e4507d10eecba5?s=96&d=mm&r=g","contentUrl":"https:\/\/secure.gravatar.com\/avatar\/fe7d53278a7b5ca7a899d25b40407d63635e003b79715b22b7e4507d10eecba5?s=96&d=mm&r=g","caption":"markbirchmore"}}]}},"_links":{"self":[{"href":"https:\/\/www.vanguardhealthcare.co.uk\/da_dk\/wp-json\/wp\/v2\/posts\/7573","targetHints":{"allow":["GET"]}}],"collection":[{"href":"https:\/\/www.vanguardhealthcare.co.uk\/da_dk\/wp-json\/wp\/v2\/posts"}],"about":[{"href":"https:\/\/www.vanguardhealthcare.co.uk\/da_dk\/wp-json\/wp\/v2\/types\/post"}],"author":[{"embeddable":true,"href":"https:\/\/www.vanguardhealthcare.co.uk\/da_dk\/wp-json\/wp\/v2\/users\/12"}],"replies":[{"embeddable":true,"href":"https:\/\/www.vanguardhealthcare.co.uk\/da_dk\/wp-json\/wp\/v2\/comments?post=7573"}],"version-history":[{"count":0,"href":"https:\/\/www.vanguardhealthcare.co.uk\/da_dk\/wp-json\/wp\/v2\/posts\/7573\/revisions"}],"wp:featuredmedia":[{"embeddable":true,"href":"https:\/\/www.vanguardhealthcare.co.uk\/da_dk\/wp-json\/wp\/v2\/media\/7639"}],"wp:attachment":[{"href":"https:\/\/www.vanguardhealthcare.co.uk\/da_dk\/wp-json\/wp\/v2\/media?parent=7573"}],"wp:term":[{"taxonomy":"category","embeddable":true,"href":"https:\/\/www.vanguardhealthcare.co.uk\/da_dk\/wp-json\/wp\/v2\/categories?post=7573"},{"taxonomy":"post_tag","embeddable":true,"href":"https:\/\/www.vanguardhealthcare.co.uk\/da_dk\/wp-json\/wp\/v2\/tags?post=7573"}],"curies":[{"name":"wp","href":"https:\/\/api.w.org\/{rel}","templated":true}]}}