{"id":7487,"date":"2024-08-14T11:09:55","date_gmt":"2024-08-14T11:09:55","guid":{"rendered":"https:\/\/www.vanguardhealthcare.co.uk\/?p=7487"},"modified":"2024-08-14T11:09:57","modified_gmt":"2024-08-14T11:09:57","slug":"creating-the-effective-day-case-unit-at-milton-keynes-university-hospital","status":"publish","type":"post","link":"https:\/\/www.vanguardhealthcare.co.uk\/bs_ba\/creating-the-effective-day-case-unit-at-milton-keynes-university-hospital\/","title":{"rendered":"Stvaranje efikasne dnevne jedinice u Univerzitetskoj bolnici Milton Keynes"},"content":{"rendered":"<p>Ustanova za dnevne slu\u010dajeve, koja se sastoji od mobilne operacione sale i odjeljenja, u kojoj radi klini\u010dki tim Vanguard, poma\u017ee Univerzitetskoj bolnici Milton Keynes da dramati\u010dno smanji liste \u010dekanja.<\/p>\n<p>Pogledajte intervju ili pro\u010ditajte transkript u nastavku.<\/p>\n<p>Za bolji uvid, postoji studija slu\u010daja, <strong><a href=\"https:\/\/www.vanguardhealthcare.co.uk\/bs_ba\/case-study\/a-new-day-case-unit-to-increase-surgical-capacity\/\">ovdje<\/a><\/strong><\/p>\n<figure class=\"wp-block-embed is-type-video is-provider-vimeo wp-block-embed-vimeo wp-embed-aspect-16-9 wp-has-aspect-ratio\">\n<div class=\"wp-block-embed__wrapper\">\n<iframe loading=\"lazy\" title=\"Claire McGillycuddy razgovara s Chrisom Blackwell-Frostmk-claire-323399-Final-2ac\" src=\"https:\/\/player.vimeo.com\/video\/992892352?dnt=1&amp;app_id=122963\" width=\"500\" height=\"281\" frameborder=\"0\" allow=\"autoplay; fullscreen; picture-in-picture; clipboard-write\"><\/iframe>\n<\/div>\n<\/figure>\n<section id=\"section-2-254\" class=\"ct-section\" >\n<div class=\"ct-section-inner-wrap\">\n<div id=\"fancy_icon-5-254\" class=\"ct-fancy-icon\" ><svg id=\"svg-fancy_icon-5-254\"><use xlink:href=\"#FontAwesomeicon-quote-left\"><\/use><\/svg><\/div>\n<div id=\"text_block-3-254\" class=\"ct-text-block\" >\u201eJedna od stvarnih prednosti koje smo otkrili je da smo, po\u0161to imamo jedinicu sa osobljem, sa (Vanguard) pozori\u0161nim osobljem, bili u mogu\u0107nosti da zaista fleksibilno radimo sa onim \u0161to smo proveli kroz jedinicu. Dakle, mo\u017eemo raditi prili\u010dno spretno i reagirati na to gdje su pritisci na na\u0161u listu \u010dekanja.\u201d<\/div>\n<div id=\"text_block-4-254\" class=\"ct-text-block\" >Claire McGillycuddy - pomo\u0107nica direktora operacija za hirurgiju i elektivnu njegu<\/div>\n<\/div>\n<\/section>\n<hr class=\"wp-block-separator has-alpha-channel-opacity\" \/>\n<p class=\"has-base-color has-text-color has-link-color has-small-font-size wp-elements-506b8a336cb7d7d556000002c3c9f6d6\">\n<p>Chris:<br>Zdravo Claire. Po\u010dnimo s lako\u0107om. Ve\u0107 tri mjeseca imate dvije jedinice Vanguard, mobilno pozori\u0161te i odjel za oporavak. Bilo bi sjajno \u010duti kako ide.<\/p>\n<p class=\"has-vivid-purple-color has-text-color has-link-color wp-elements-432d136aabaa4968821e9a65fa50ab4e\">Claire:<br>Ide zaista, jako dobro. Bolje nego \u0161to sam zami\u0161ljao. Uradili smo oko 334 slu\u010daja i smanjili smo ukupnu veli\u010dinu liste \u010dekanja za oko 600. I, unutar toga, oko 554 duga konobara. Jedna od stvarnih prednosti koju smo otkrili je da smo, budu\u0107i da imamo jedinicu sa osobljem, sa (Vanguard) pozori\u0161nim osobljem, bili u mogu\u0107nosti da zaista fleksibilno radimo sa onim \u0161to smo proveli kroz jedinicu. Dakle, mo\u017eemo raditi prili\u010dno spretno i reagirati na to gdje su pritisci na na\u0161u listu \u010dekanja. Dakle, uskladili smo to s op\u0107om kirurgijom, urologijom, ginekom, malo ortopedije i oralne hirurgije.<\/p>\n<p>Chris:<br>Odli\u010dno. Bilo bi stvarno dobro razumjeti malo konteksta prije nego \u0161to ste donijeli odluku o jedinici, u smislu kako se povjerenje pona\u0161alo na va\u0161im listama \u010dekanja za oporavak i klju\u010dnim podru\u010djima koja ste uzeli u obzir prije dono\u0161enja odluke da dobijete jedinice na licu mjesta. <\/p>\n<p class=\"has-vivid-purple-color has-text-color has-link-color wp-elements-457c171ed80ffe7c86ce845535d970ec\">Claire:<br>Pa, po\u010deo sam sa hirurgijom u avgustu, rade\u0107i sa divizijskim trijumviratom, timom vi\u0161eg rukovodstva, i brzo nam je svima postalo o\u010digledno, zaista, da imamo zna\u010dajan problem liste \u010dekanja koji treba da se re\u0161i. Na\u0161a najve\u0107a briga bila je oko kapaciteta pozori\u0161ta. Imali smo konsultante koji su se duplirali na odre\u0111enim sesijama ili su odlazili bez nekih pozori\u0161nih sesija. Dakle, pogledali smo outsourcing, razne razli\u010dite opcije i onda smo pomislili, za\u0161to ne bismo odabrali mobilnu jedinicu, jer je to jo\u0161 uvijek pod na\u0161om kontrolom. Odlu\u010dili smo da to istra\u017eimo i to nam daje dodatnih deset sesija sedmi\u010dno.<\/p>\n<hr class=\"wp-block-separator has-alpha-channel-opacity\" \/>\n<section id=\"section-2-254\" class=\"ct-section\" >\n<div class=\"ct-section-inner-wrap\">\n<div id=\"fancy_icon-5-254\" class=\"ct-fancy-icon\" ><svg id=\"svg-fancy_icon-5-254\"><use xlink:href=\"#FontAwesomeicon-quote-left\"><\/use><\/svg><\/div>\n<div id=\"text_block-3-254\" class=\"ct-text-block\" >\u201cPogledaju\u0107i podatke, definitivno mo\u017eete vidjeti da se efikasnost pobolj\u0161avala iz mjeseca u mjesec i iz sedmice u sedmicu. Po\u010deli smo tako \u0161to smo imali samo pet pacijenata po listi, ali smo uspjeli, rade\u0107i sa Vanguard timom, da dostignemo broj od 5,9 po listi.\u201d<\/div>\n<div id=\"text_block-4-254\" class=\"ct-text-block\" >Claire McGillycuddy - pomo\u0107nica direktora operacija za hirurgiju i elektivnu njegu<\/div>\n<\/div>\n<\/section>\n<blockquote class=\"wp-block-quote has-text-align-right is-style-default has-base-color has-base-background-color has-text-color has-background has-link-color wp-elements-ca2b998b80c438ddf4d9f82c8649f7d5 is-layout-flow wp-container-core-quote-is-layout-8a368f38 wp-block-quote-is-layout-flow\">\n<\/blockquote>\n<hr class=\"wp-block-separator has-alpha-channel-opacity\" \/>\n<p class=\"has-small-font-size\">Chris:<br>Zvu\u010di kao da ga koristite sa \u0161iroke, proceduralne osnove, \u0161to mo\u017ee u\u010diniti prili\u010dno te\u0161kim u smislu efikasnosti vo\u017enje kroz jedinicu. I to je malo parola u ovom trenutku, zar ne, u smislu<br>efikasnijeg kori\u0161\u0107enja svojih objekata? Dakle, bilo bi zaista dobro razumjeti kako ste uspjeli pobolj\u0161ati efikasnost.<\/p>\n<p class=\"has-text-align-left has-vivid-purple-color has-text-color has-link-color wp-elements-edca444981674259364e4183fb4b0f4e\">Claire:<br>Gledaju\u0107i podatke, definitivno mo\u017eete vidjeti da se efikasnost pobolj\u0161avala iz mjeseca u mjesec i iz sedmice u sedmicu. Po\u010deli smo tako \u0161to smo imali samo pet pacijenata po listi, ali smo uspjeli, rade\u0107i sa Vanguard timom, da dostignemo broj od 5,9 po listi. I, zapravo, u srijedu, jedan od na\u0161ih<br>ortopedski hirurzi rade, 18 na listi ili 16 na listi. A pozori\u0161no osoblje (Vanguard) sa sobom nosi stru\u010dnost o tome kako to funkcioni\u0161e u drugim organizacijama. Dakle, oni nam ka\u017eu: \u201eZapravo, va\u0161a lista za ovaj dan je posebno lagana, mo\u017eda biste \u017eeljeli dodati jo\u0161 ne\u0161to na nju.\u201c Dakle, taj dvosmjerni rad, komunikacija, je zaista bio klju\u010dan za postizanje te efikasnosti.<\/p>\n<p>Chris:<br>Stvarno sam zainteresovana jer ste o\u010digledno doneli odluku da imate pozori\u0161te i odeljenje, ali da to radite kao samostalnu jedinicu za dnevni boravak. Sada, to mora stvoriti koristi, ali i neke izazove jer ne<br>priklju\u010den na glavnu bolnicu. Dakle, u smislu razmi\u0161ljanja o dnevnom koferu i kako radi kao samostalna jedinica, kako to pronalazite?<\/p>\n<p class=\"has-vivid-purple-color has-text-color has-link-color wp-elements-f0a8ed92dd25a387aeb3c593fa228020\">Claire:<br>To donosi odre\u0111ene izazove, ali blisko sura\u0111ujemo s na\u0161im kolegama anesteti\u010darima kako bismo bili sigurni da su kriteriji po kojima biramo pacijente sigurni i da ne pove\u0107avaju rizik za pacijente. Trenutno imamo tendenciju da radimo ASA jedan i dva i to izgleda jako dobro funkcioni\u0161e.<\/p>\n<p>Chris:<br>Odli\u010dno. To vam omogu\u0107ava da koristite bioskope u kojima biste imali dnevne slu\u010dajeve i efikasnije obavljate posao ni\u017ee o\u0161trine. <\/p>\n<p class=\"has-vivid-purple-color has-text-color has-link-color wp-elements-e48035ab8efd68f98bc88e00c32c05b1\">Claire:<br>Da, apsolutno. Apsolutno. Dakle, pobolj\u0161ala je propusnost. Da.<\/p>\n<p>Chris:<br>Sjajno. Koliko sam shvatio, vi ste o tome ranije govorili, oko 340 pacijenata kroz jedinicu, ali sveukupno, verovatno duplo vi\u0161e u smislu liste \u010dekanja. Dakle, to sugerira da postoje i druga podru\u010dja u kojima pobolj\u0161avate efikasnost kroz\u2026<\/p>\n<p class=\"has-vivid-purple-color has-text-color has-link-color wp-elements-ef917e0f000387914cbb8a6cb3748e86\">Claire:<br>Dakle, dok je jedinica izvr\u0161ila toliku koli\u010dinu aktivnosti, ono \u0161to smo uradili je da smo povukli neke sesije. Tako smo, na primjer, urologija, iselili smo se iz glavnih kina kako bismo je popunili ne\u010dim drugim. Isto je i sa ortopedijom. Dakle, zapravo, dobijamo vi\u0161e. Dobijamo efikasnost od<br>ortopedske sesije se zavr\u0161avaju na Vanguard, ali i dobijaju prednosti zatrpavanja dodatnom aktivno\u0161\u0107u iz specijaliteta s pinch point.<\/p>\n<hr class=\"wp-block-separator has-alpha-channel-opacity\" \/>\n<section id=\"section-2-254\" class=\"ct-section\" >\n<div class=\"ct-section-inner-wrap\">\n<div id=\"fancy_icon-5-254\" class=\"ct-fancy-icon\" ><svg id=\"svg-fancy_icon-5-254\"><use xlink:href=\"#FontAwesomeicon-quote-left\"><\/use><\/svg><\/div>\n<div id=\"text_block-3-254\" class=\"ct-text-block\" >\u201eMoja mjera uspjeha je osvje\u017eavanje izvje\u0161taja o listi pra\u0107enja pacijenata u ponedjeljak i tra\u017eenje da vidim za koliko se smanjila na\u0161a ukupna lista \u010dekanja. I dajemo sve od sebe za na\u0161e pacijente i to je ono \u0161to mi je zaista va\u017eno.\u201d<\/div>\n<div id=\"text_block-4-254\" class=\"ct-text-block\" >Claire McGillycuddy - pomo\u0107nica direktora operacija za hirurgiju i elektivnu njegu<\/div>\n<\/div>\n<\/section>\n<hr class=\"wp-block-separator has-alpha-channel-opacity\" \/>\n<p>Chris:<br>Ono \u0161to trenutno imate je jedinica za dnevne slu\u010dajeve, a to je pozori\u0161te Vanguard i mobilno odjeljenje i zanima me kako koordinirate aktivnosti u mobilnoj jedinici i glavnim pozori\u0161tima, i uticaj koji to ima vlasni\u0161tvo.<\/p>\n<p class=\"has-vivid-purple-color has-text-color has-link-color wp-elements-63a30b50dcf5fb5611508819f98b0446\">Claire:<br>Uvo\u0111enje Vanguard rje\u0161enja pove\u0107alo je na\u0161e dnevne stope slu\u010dajeva za oko 11%, \u0161to je fantasti\u010dno. To nam je tako\u0111er omogu\u0107ilo da izbjegnemo odlazak na du\u017ee dane. Radimo dodatni rad vikendom, tako da nam je, opet, dat dodatni kapacitet kako bismo mogli iskoristiti vikend radove da dodatno ra\u0161\u010distimo na\u0161e zaostale.<\/p>\n<p>Chris:<br>Odli\u010dno. Sve u svemu, dok gledate kako stvari sada napreduju, \u0161ta biste rekli da su va\u0161a klju\u010dna merila uspeha, \u0161to bi rekli: \u201eApsolutno, time je postignuto ono \u0161to smo \u017eeleli da postigne\u201c?<\/p>\n<p class=\"has-vivid-purple-color has-text-color has-link-color wp-elements-e3465c8589ca8fa45d3d6f9abe9338ad\">Claire:<br>Mislim da je bilo dosta koraka koji omogu\u0107avaju. Dakle, svakako je komunikacija sa Vanguard i na\u0161om organizacijom bila fantasti\u010dna od po\u010detka do kraja. Bili smo u bliskom kontaktu. Stvarno smo dobro izgradili<br>odnosima i to brzo. Mislim da je to bilo kriti\u010dno, tako da smo mogli razumjeti vremenske okvire, a tako\u0111e je bilo korisno imati iskustvo Vanguard, u smislu kako su ga implementirali na drugim mjestima i kako bismo izbjegli neke od zamki. Tako da je to zaista bilo korisno. I kao \u0161to sam rekao, mislim da je prema\u0161io moja o\u010dekivanja<br>a moja mjera uspjeha je osvje\u017eavanje izvje\u0161taja o listi za pra\u0107enje pacijenata u ponedjeljak i tra\u017eenje da vidim za koliko se smanjila na\u0161a ukupna lista \u010dekanja. I dajemo sve od sebe za na\u0161e pacijente i to je ono \u0161to mi je zaista va\u017eno.<\/p>\n<p>Chris:<br>Odli\u010dno. To je zaista dobro \u010duti jer se, na kraju krajeva, radi o tome da vi\u0161e pacijenata pro\u0111e kroz bolnicu kako bi dobili tretman koji im je potreban. Konkretno na Vanguard,<br>Mislim da smo pogledali dosta, razli\u010ditih lokacija \u0161irom bolnice. Dakle, kako je to pro\u0161lo u smislu uvo\u0111enja jedinica i pu\u0161tanja u rad, itd? Kako ste to na\u0161li?<\/p>\n<p class=\"has-vivid-purple-color has-text-color has-link-color wp-elements-7887a710603168f9d13c59c280e0ba57\">Claire:<br>Opet, bilo je klju\u010dno da smo bili u mogu\u0107nosti da izgradimo te bliske odnose sa Vanguard timom. Na\u0161 tim za nekretnine je veoma blisko sara\u0111ivao sa vama i opet, sve prepreke smo brzo identifikovali i ubrzali, ali zapravo je pro\u0161lo veoma glatko. Isporu\u010dili smo u skladu sa rokovima za koje smo rekli da jesmo<br>doneo bi protiv, \u0161to je zabrinjavalo. I Estates je bio zadovoljan na\u010dinom na koji je pro\u0161ao i komunikacijom koju su imali s va\u0161im timom.<\/p>\n<hr class=\"wp-block-separator has-alpha-channel-opacity\" \/>\n<section id=\"section-2-254\" class=\"ct-section\" >\n<div class=\"ct-section-inner-wrap\">\n<div id=\"fancy_icon-5-254\" class=\"ct-fancy-icon\" ><svg id=\"svg-fancy_icon-5-254\"><use xlink:href=\"#FontAwesomeicon-quote-left\"><\/use><\/svg><\/div>\n<div id=\"text_block-3-254\" class=\"ct-text-block\" >\u201cPovratne informacije kirurga su bile da je to zaista lijepa jedinica za rad.\u201d<\/div>\n<div id=\"text_block-4-254\" class=\"ct-text-block\" >Claire McGillycuddy - pomo\u0107nica direktora operacija za hirurgiju i elektivnu njegu<\/div>\n<\/div>\n<\/section>\n<hr class=\"wp-block-separator has-alpha-channel-opacity\" \/>\n<blockquote class=\"wp-block-quote has-text-align-right is-layout-flow wp-block-quote-is-layout-flow\">\n<\/blockquote>\n<p>Chris:<br>Odli\u010dno. Dakle, kako ga pronalaze, rade\u0107i na jedinici i nalaze\u0107i se u tom zasebnom odvojenom prostoru.<\/p>\n<p class=\"has-vivid-purple-color has-text-color has-link-color wp-elements-290ff953ca3522ce196c0ca7bf3e4599\">Claire:<br>Povratne informacije kirurga su bile da je to zaista lijepa jedinica za rad. Odlu\u010dili smo se za opciju da Vanguard obezbijedi osoblje u pozori\u0161tu jer je to na\u0161a ta\u010dka u glavnom pozori\u0161tu. I opet, to nam je pomoglo. Osoblje dnevne hirurgije sa strane stvari, mislim da im se svi\u0111a. Stvarno je lijepo okru\u017eenje za boravak. Lijepo je i mirno. Na\u0161a jedinica dnevne hirurgije u glavnoj bolnici ponekad se koristi kao eskalacija za hitne pacijente. Dakle, za njih je dobra promjena da imaju pristup jedinici. I \u010duo sam da su pacijenti<br>i njima se zaista, jako svi\u0111a to iskustvo.<\/p>\n<p>Chris<br>Pa, to \u0107e zapravo biti moje sljede\u0107e pitanje. Kako ga pacijenti pronalaze?<\/p>\n<p class=\"has-vivid-purple-color has-text-color has-link-color wp-elements-42adee99781474d68ab0289485973847\">Claire:<br>Imali smo zaista, zaista pozitivne povratne informacije. To su stvari poput, mirno je, tiho, dobra komunikacija. Oni razumiju gdje se nalaze na listama i stvari funkcioni\u0161u zaista, zaista neprimjetno. U stvari, do\u0161ao je jedan od na\u0161ih \u010dlanova osoblja i dao sjajan, sjajan izvje\u0161taj.<\/p>\n<p>Chris:<br>Dobro je \u010duti. Dakle, jasno, imate jedinicu ve\u0107 tri mjeseca, ve\u0107 ste pri\u010dali o uticaju koji je imala na liste \u010dekanja, \u0161to je tako\u0111er lijepo \u010duti. Dakle, bilo bi dobro \u010duti kakvi su vam planovi za jedinicu u narednih 3 do 6 mjeseci, u smislu kako \u0107ete je premjestiti na drugi nivo\u2026<\/p>\n<p class=\"has-vivid-purple-color has-text-color has-link-color wp-elements-084ed07f869470f50a5dc6d31c46476e\">Claire:<br>Dakle, kao \u0161to biste o\u010dekivali, postali smo prili\u010dno oslonjeni na dodatni kapacitet koji nam je dao. Rad na putanjama u smislu poku\u0161aja daljeg smanjivanja na\u0161e liste \u010dekanja, kako bismo ispunili nacionalni zahtjev od 65 sedmica, bi\u0107e ozbiljno ugro\u017een bez Vanguard kapaciteta, tako da \u0107emo ga, svakako, produ\u017eiti. I opet, zbog (Vanguard) mje\u0161avine vje\u0161tina pozori\u0161nog osoblja, mo\u017eemo koksati i boksati u smislu onoga \u0161to smo ubacili. Dakle, zaista nam se svi\u0111a taj nivo fleksibilnosti. Nemamo nijednu besplatnu sesiju na Vanguard.<\/p>\n<hr class=\"wp-block-separator has-alpha-channel-opacity\" \/>\n<section id=\"section-2-254\" class=\"ct-section\" >\n<div class=\"ct-section-inner-wrap\">\n<div id=\"fancy_icon-5-254\" class=\"ct-fancy-icon\" ><svg id=\"svg-fancy_icon-5-254\"><use xlink:href=\"#FontAwesomeicon-quote-left\"><\/use><\/svg><\/div>\n<div id=\"text_block-3-254\" class=\"ct-text-block\" >\u201eTako\u0111e sam \u010duo da se pacijentima stvarno, jako svi\u0111a to iskustvo... stvari kao \u0161to su, mirno je, tiho je, dobra komunikacija... U stvari, jedan od na\u0161ih \u010dlanova osoblja je do\u0161ao i dao sjajan, sjajan izvje\u0161taj.\u201d<\/div>\n<div id=\"text_block-4-254\" class=\"ct-text-block\" >Claire McGillycuddy - pomo\u0107nica direktora operacija za hirurgiju i elektivnu njegu<\/div>\n<\/div>\n<\/section>\n<hr class=\"wp-block-separator has-alpha-channel-opacity\" \/>\n<blockquote class=\"wp-block-quote has-text-align-right is-layout-flow wp-block-quote-is-layout-flow\">\n<\/blockquote>\n<p>Chris:<br>Uvijek je jako va\u017eno ostvariti dobru saradnju izme\u0111u Vanguard tima i tima povjerenja. Dakle, bilo bi stvarno dobro \u010duti od vas kako je ta saradnja pro\u0161la. <\/p>\n<p class=\"has-vivid-purple-color has-text-color has-link-color wp-elements-e677070f9fdc58cb86d97bb8de290890\">Claire:<br>Pro\u0161lo je stvarno, jako dobro. Mnogo, mnogo bolje nego \u0161to se o\u010dekivalo. I mislim da je to zato \u0161to smo uspostavili bliske odnose odmah od samog po\u010detka sa Vanguard timom. Ono \u0161to bih \u017eeleo da ka\u017eem je veliko hvala va\u0161em timu \u0161to je podelio svoju stru\u010dnost, a tako\u0111e i na\u0161em timu. Dakle, na\u0161 tim za nekretnine, na\u0161<br>prijemni tim, koji je zaista naporno radio na tome da sve liste budu popunjene, i na\u0161 izborni upravnik kreveta, kao i na\u0161i hirurzi i na\u0161i anesteti\u010dki timovi.<\/p>\n<p>Chris:<br>To je zaista dobro \u010duti jer je to ogroman timski rad, a ti momci su na prvoj liniji fronta. Ali isto tako, kao \u0161to ka\u017eete, back-office timovi koji sve to spajaju i samo se pobrinu da pacijenti budu tamo gdje trebaju biti.<\/p>\n<p class=\"has-vivid-purple-color has-text-color has-link-color wp-elements-62b4ec3fa8af1a8fe8e3a5de33ed8f1b\">Claire:<br>Ta\u010dno.<\/p>\n<p>Chris:<br>Dakle, ranije smo razgovarali samo o iskustvu pacijenata i povratnim informacijama koje smo imali da su odli\u010dni u pogledu pacijenata kada su bili na jedinici. Ali bilo bi stvarno dobro da steknete malo osje\u0107aja od vas oko stvarne vrijednosti koju ovo donosi i pacijentima, kao i dodatnog kapaciteta koji \u0107e donijeti pacijentima budu\u0107i da \u0107e prije dobiti svoj tretman.<\/p>\n<p class=\"has-vivid-purple-color has-text-color has-link-color wp-elements-d1aab5b28428c9391410a68fd64e845d\">Claire:<br>Definitivno, na\u0161i pacijenti dobijaju le\u010denje ranije, \u0161to je posledica smanjenja vremena \u010dekanja. Imali smo pravi problem u op\u0161toj hirurgiji. Imali su samo pola sesije sedmi\u010dno. Dakle, pola cjelodnevne sesije. Sada su pre\u0161li s toga na dvije cjelodnevne sesije. Dakle, uspjeli su zaista napraviti zna\u010dajan prodor na svoje liste \u010dekanja, a kao posljedica toga, pacijenti \u010dekaju manje vremena, \u0161to je samo bolje za ishode.<\/p>\n<p>Chris:<br>Zanimljivo je jer svi govorimo o brojevima pacijenata, jer to je ono \u0161to radimo, ali u stvarnosti, iza svakog od tih pacijenata postoji pri\u010da, bez obzira na to kakav je strah, anksioznost ili bol u kojoj se trenutno nalaze. Dakle, da, to je istinska, korist iz na\u0161e perspektive i volimo biti<br>mogu vam pomo\u0107i da pomognete svojim pacijentima. I Claire, zaista je prikladno da zavr\u0161im, da se zahvalim i tebi i \u0161irem timu u Univerzitetskoj bolnici Milton Keynes. Znate, saradnja, energija, strast koju ste unijeli u to su izuzetno cijenjeni. I volimo, iskreno volimo,<br>rade\u0107i s vama kako biste mogli koristiti va\u0161im pacijentima. Dakle, hvala vam od srca. <\/p>\n<p class=\"has-vivid-purple-color has-text-color has-link-color wp-elements-d3a9598cea73f0fa9604840c03e95913\">Claire:<br>Hvala vam puno. I potpuno isto ponavljam i za va\u0161 tim. Hvala ti.<\/p>\n<section id=\"section-2-254\" class=\"ct-section\" >\n<div class=\"ct-section-inner-wrap\">\n<div id=\"fancy_icon-5-254\" class=\"ct-fancy-icon\" ><svg id=\"svg-fancy_icon-5-254\"><use xlink:href=\"#FontAwesomeicon-quote-left\"><\/use><\/svg><\/div>\n<div id=\"text_block-3-254\" class=\"ct-text-block\" >\u201eSvi mi govorimo o brojevima pacijenata jer to je ono \u0161to radimo, ali u stvarnosti, iza svakog od tih pacijenata postoji pri\u010da, bez obzira na to kakav je strah, anksioznost ili bol u kojoj se trenutno nalaze.\u201d<\/div>\n<div id=\"text_block-4-254\" class=\"ct-text-block\" >Chris Blackwell-Frost - CEO, Vanguard Healthcare Solutions<\/div>\n<\/div>\n<\/section>\n<section id=\"section-2-254\" class=\"ct-section\" >\n<div class=\"ct-section-inner-wrap\">\n<div id=\"fancy_icon-5-254\" class=\"ct-fancy-icon\" ><svg id=\"svg-fancy_icon-5-254\"><use xlink:href=\"#FontAwesomeicon-quote-left\"><\/use><\/svg><\/div>\n<div id=\"text_block-3-254\" class=\"ct-text-block\" >\u201cNa\u0161i pacijenti se br\u017ee lije\u010de \u0161to je posljedica smanjenja vremena \u010dekanja\u201d<\/div>\n<div id=\"text_block-4-254\" class=\"ct-text-block\" >Claire McGillycuddy - pomo\u0107nica direktora operacija za hirurgiju i elektivnu njegu<\/div>\n<\/div>\n<\/section>\n<figure class=\"wp-block-image size-large\"><img loading=\"lazy\" decoding=\"async\" width=\"819\" height=\"1024\" src=\"https:\/\/www.vanguardhealthcare.co.uk\/wp-content\/uploads\/2024\/08\/Image-CUTOUT-1-819x1024.jpg\" alt=\"Floor plan of the Day Case Unit\" class=\"wp-image-7537\" srcset=\"https:\/\/www.vanguardhealthcare.co.uk\/wp-content\/uploads\/2024\/08\/Image-CUTOUT-1-819x1024.jpg 819w, https:\/\/www.vanguardhealthcare.co.uk\/wp-content\/uploads\/2024\/08\/Image-CUTOUT-1-240x300.jpg 240w, https:\/\/www.vanguardhealthcare.co.uk\/wp-content\/uploads\/2024\/08\/Image-CUTOUT-1-768x960.jpg 768w, https:\/\/www.vanguardhealthcare.co.uk\/wp-content\/uploads\/2024\/08\/Image-CUTOUT-1-1229x1536.jpg 1229w, https:\/\/www.vanguardhealthcare.co.uk\/wp-content\/uploads\/2024\/08\/Image-CUTOUT-1-10x12.jpg 10w, https:\/\/www.vanguardhealthcare.co.uk\/wp-content\/uploads\/2024\/08\/Image-CUTOUT-1.jpg 1376w\" sizes=\"auto, (max-width: 819px) 100vw, 819px\" \/><\/figure>","protected":false},"excerpt":{"rendered":"<p>Claire McGillycuddy iz Fonda, pomo\u0107nica direktora operacija za hirurgiju i elektivnu njegu,<br \/>\nrazgovara sa CEO Vanguard, Chrisom Blackwell-Frostom<\/p>","protected":false},"author":12,"featured_media":7556,"comment_status":"open","ping_status":"open","sticky":false,"template":"","format":"standard","meta":{"_acf_changed":false,"footnotes":""},"categories":[2],"tags":[],"class_list":["post-7487","post","type-post","status-publish","format-standard","has-post-thumbnail","hentry","category-news"],"acf":[],"yoast_head":"<!-- This site is optimized with the Yoast SEO plugin v27.4 - https:\/\/yoast.com\/product\/yoast-seo-wordpress\/ -->\n<title>Creating the effective Day Case Unit at Milton Keynes University Hospital - Vanguard Healthcare Solutions<\/title>\n<meta name=\"description\" content=\"The Trust\u2019s Claire McGillycuddy, Associate Director of Operations for Surgery &amp; Elective Care,speaks with Vanguard\u2019s CEO, Chris Blackwell-Frost\" \/>\n<meta name=\"robots\" content=\"index, follow, max-snippet:-1, max-image-preview:large, max-video-preview:-1\" \/>\n<link rel=\"canonical\" href=\"https:\/\/www.vanguardhealthcare.co.uk\/bs_ba\/creating-the-effective-day-case-unit-at-milton-keynes-university-hospital\/\" \/>\n<meta property=\"og:locale\" content=\"bs_BA\" \/>\n<meta property=\"og:type\" content=\"article\" \/>\n<meta property=\"og:title\" content=\"Creating the effective Day Case Unit at Milton Keynes University Hospital - Vanguard Healthcare Solutions\" \/>\n<meta property=\"og:description\" content=\"The Trust\u2019s Claire McGillycuddy, Associate Director of Operations for Surgery &amp; Elective Care,speaks with Vanguard\u2019s CEO, Chris Blackwell-Frost\" \/>\n<meta property=\"og:url\" content=\"https:\/\/www.vanguardhealthcare.co.uk\/bs_ba\/creating-the-effective-day-case-unit-at-milton-keynes-university-hospital\/\" \/>\n<meta property=\"og:site_name\" content=\"Vanguard Healthcare Solutions\" \/>\n<meta property=\"article:published_time\" content=\"2024-08-14T11:09:55+00:00\" \/>\n<meta property=\"article:modified_time\" content=\"2024-08-14T11:09:57+00:00\" \/>\n<meta property=\"og:image\" content=\"https:\/\/www.vanguardhealthcare.co.uk\/wp-content\/uploads\/2024\/08\/Claire-and-Chris-.jpg\" \/>\n\t<meta property=\"og:image:width\" content=\"1920\" \/>\n\t<meta property=\"og:image:height\" content=\"1080\" \/>\n\t<meta property=\"og:image:type\" content=\"image\/jpeg\" \/>\n<meta name=\"author\" content=\"markbirchmore\" \/>\n<meta name=\"twitter:card\" content=\"summary_large_image\" \/>\n<meta name=\"twitter:label1\" content=\"Written by\" \/>\n\t<meta name=\"twitter:data1\" content=\"markbirchmore\" \/>\n\t<meta name=\"twitter:label2\" content=\"Est. reading time\" \/>\n\t<meta name=\"twitter:data2\" content=\"10 minuta\" \/>\n<script type=\"application\/ld+json\" class=\"yoast-schema-graph\">{\"@context\":\"https:\\\/\\\/schema.org\",\"@graph\":[{\"@type\":\"Article\",\"@id\":\"https:\\\/\\\/www.vanguardhealthcare.co.uk\\\/creating-the-effective-day-case-unit-at-milton-keynes-university-hospital\\\/#article\",\"isPartOf\":{\"@id\":\"https:\\\/\\\/www.vanguardhealthcare.co.uk\\\/creating-the-effective-day-case-unit-at-milton-keynes-university-hospital\\\/\"},\"author\":{\"name\":\"markbirchmore\",\"@id\":\"https:\\\/\\\/www.vanguardhealthcare.co.uk\\\/#\\\/schema\\\/person\\\/28e5002e5381802059b342a6a7c57fe5\"},\"headline\":\"Creating the effective Day Case Unit at Milton Keynes University Hospital\",\"datePublished\":\"2024-08-14T11:09:55+00:00\",\"dateModified\":\"2024-08-14T11:09:57+00:00\",\"mainEntityOfPage\":{\"@id\":\"https:\\\/\\\/www.vanguardhealthcare.co.uk\\\/creating-the-effective-day-case-unit-at-milton-keynes-university-hospital\\\/\"},\"wordCount\":2094,\"commentCount\":0,\"image\":{\"@id\":\"https:\\\/\\\/www.vanguardhealthcare.co.uk\\\/creating-the-effective-day-case-unit-at-milton-keynes-university-hospital\\\/#primaryimage\"},\"thumbnailUrl\":\"https:\\\/\\\/www.vanguardhealthcare.co.uk\\\/wp-content\\\/uploads\\\/2024\\\/08\\\/Claire-and-Chris-.jpg\",\"articleSection\":[\"News\"],\"inLanguage\":\"bs-BA\",\"potentialAction\":[{\"@type\":\"CommentAction\",\"name\":\"Comment\",\"target\":[\"https:\\\/\\\/www.vanguardhealthcare.co.uk\\\/creating-the-effective-day-case-unit-at-milton-keynes-university-hospital\\\/#respond\"]}]},{\"@type\":\"WebPage\",\"@id\":\"https:\\\/\\\/www.vanguardhealthcare.co.uk\\\/creating-the-effective-day-case-unit-at-milton-keynes-university-hospital\\\/\",\"url\":\"https:\\\/\\\/www.vanguardhealthcare.co.uk\\\/creating-the-effective-day-case-unit-at-milton-keynes-university-hospital\\\/\",\"name\":\"Creating the effective Day Case Unit at Milton Keynes University Hospital - Vanguard Healthcare Solutions\",\"isPartOf\":{\"@id\":\"https:\\\/\\\/www.vanguardhealthcare.co.uk\\\/#website\"},\"primaryImageOfPage\":{\"@id\":\"https:\\\/\\\/www.vanguardhealthcare.co.uk\\\/creating-the-effective-day-case-unit-at-milton-keynes-university-hospital\\\/#primaryimage\"},\"image\":{\"@id\":\"https:\\\/\\\/www.vanguardhealthcare.co.uk\\\/creating-the-effective-day-case-unit-at-milton-keynes-university-hospital\\\/#primaryimage\"},\"thumbnailUrl\":\"https:\\\/\\\/www.vanguardhealthcare.co.uk\\\/wp-content\\\/uploads\\\/2024\\\/08\\\/Claire-and-Chris-.jpg\",\"datePublished\":\"2024-08-14T11:09:55+00:00\",\"dateModified\":\"2024-08-14T11:09:57+00:00\",\"author\":{\"@id\":\"https:\\\/\\\/www.vanguardhealthcare.co.uk\\\/#\\\/schema\\\/person\\\/28e5002e5381802059b342a6a7c57fe5\"},\"description\":\"The Trust\u2019s Claire McGillycuddy, Associate Director of Operations for Surgery & Elective Care,speaks with Vanguard\u2019s CEO, Chris Blackwell-Frost\",\"breadcrumb\":{\"@id\":\"https:\\\/\\\/www.vanguardhealthcare.co.uk\\\/creating-the-effective-day-case-unit-at-milton-keynes-university-hospital\\\/#breadcrumb\"},\"inLanguage\":\"bs-BA\",\"potentialAction\":[{\"@type\":\"ReadAction\",\"target\":[\"https:\\\/\\\/www.vanguardhealthcare.co.uk\\\/creating-the-effective-day-case-unit-at-milton-keynes-university-hospital\\\/\"]}]},{\"@type\":\"ImageObject\",\"inLanguage\":\"bs-BA\",\"@id\":\"https:\\\/\\\/www.vanguardhealthcare.co.uk\\\/creating-the-effective-day-case-unit-at-milton-keynes-university-hospital\\\/#primaryimage\",\"url\":\"https:\\\/\\\/www.vanguardhealthcare.co.uk\\\/wp-content\\\/uploads\\\/2024\\\/08\\\/Claire-and-Chris-.jpg\",\"contentUrl\":\"https:\\\/\\\/www.vanguardhealthcare.co.uk\\\/wp-content\\\/uploads\\\/2024\\\/08\\\/Claire-and-Chris-.jpg\",\"width\":1920,\"height\":1080},{\"@type\":\"BreadcrumbList\",\"@id\":\"https:\\\/\\\/www.vanguardhealthcare.co.uk\\\/creating-the-effective-day-case-unit-at-milton-keynes-university-hospital\\\/#breadcrumb\",\"itemListElement\":[{\"@type\":\"ListItem\",\"position\":1,\"name\":\"Home\",\"item\":\"https:\\\/\\\/www.vanguardhealthcare.co.uk\\\/\"},{\"@type\":\"ListItem\",\"position\":2,\"name\":\"Creating the effective Day Case Unit at Milton Keynes University Hospital\"}]},{\"@type\":\"WebSite\",\"@id\":\"https:\\\/\\\/www.vanguardhealthcare.co.uk\\\/#website\",\"url\":\"https:\\\/\\\/www.vanguardhealthcare.co.uk\\\/\",\"name\":\"Vanguard Healthcare Solutions\",\"description\":\"\",\"potentialAction\":[{\"@type\":\"SearchAction\",\"target\":{\"@type\":\"EntryPoint\",\"urlTemplate\":\"https:\\\/\\\/www.vanguardhealthcare.co.uk\\\/?s={search_term_string}\"},\"query-input\":{\"@type\":\"PropertyValueSpecification\",\"valueRequired\":true,\"valueName\":\"search_term_string\"}}],\"inLanguage\":\"bs-BA\"},{\"@type\":\"Person\",\"@id\":\"https:\\\/\\\/www.vanguardhealthcare.co.uk\\\/#\\\/schema\\\/person\\\/28e5002e5381802059b342a6a7c57fe5\",\"name\":\"markbirchmore\",\"image\":{\"@type\":\"ImageObject\",\"inLanguage\":\"bs-BA\",\"@id\":\"https:\\\/\\\/secure.gravatar.com\\\/avatar\\\/fe7d53278a7b5ca7a899d25b40407d63635e003b79715b22b7e4507d10eecba5?s=96&d=mm&r=g\",\"url\":\"https:\\\/\\\/secure.gravatar.com\\\/avatar\\\/fe7d53278a7b5ca7a899d25b40407d63635e003b79715b22b7e4507d10eecba5?s=96&d=mm&r=g\",\"contentUrl\":\"https:\\\/\\\/secure.gravatar.com\\\/avatar\\\/fe7d53278a7b5ca7a899d25b40407d63635e003b79715b22b7e4507d10eecba5?s=96&d=mm&r=g\",\"caption\":\"markbirchmore\"}}]}<\/script>\n<!-- \/ Yoast SEO plugin. -->","yoast_head_json":{"title":"Stvaranje efikasne dnevne jedinice za lije\u010denje u Univerzitetskoj bolnici Milton Keynes - Vanguard Healthcare Solutions","description":"Claire McGillycuddy iz organizacije The Trust, pomo\u0107nica direktora operacija za hirurgiju i elektivnu njegu, razgovara s Chrisom Blackwell-Frostom, izvr\u0161nim direktorom Vanguard-a.","robots":{"index":"index","follow":"follow","max-snippet":"max-snippet:-1","max-image-preview":"max-image-preview:large","max-video-preview":"max-video-preview:-1"},"canonical":"https:\/\/www.vanguardhealthcare.co.uk\/bs_ba\/creating-the-effective-day-case-unit-at-milton-keynes-university-hospital\/","og_locale":"bs_BA","og_type":"article","og_title":"Creating the effective Day Case Unit at Milton Keynes University Hospital - Vanguard Healthcare Solutions","og_description":"The Trust\u2019s Claire McGillycuddy, Associate Director of Operations for Surgery & Elective Care,speaks with Vanguard\u2019s CEO, Chris Blackwell-Frost","og_url":"https:\/\/www.vanguardhealthcare.co.uk\/bs_ba\/creating-the-effective-day-case-unit-at-milton-keynes-university-hospital\/","og_site_name":"Vanguard Healthcare Solutions","article_published_time":"2024-08-14T11:09:55+00:00","article_modified_time":"2024-08-14T11:09:57+00:00","og_image":[{"width":1920,"height":1080,"url":"https:\/\/www.vanguardhealthcare.co.uk\/wp-content\/uploads\/2024\/08\/Claire-and-Chris-.jpg","type":"image\/jpeg"}],"author":"markbirchmore","twitter_card":"summary_large_image","twitter_misc":{"Written by":"markbirchmore","Est. reading time":"10 minuta"},"schema":{"@context":"https:\/\/schema.org","@graph":[{"@type":"Article","@id":"https:\/\/www.vanguardhealthcare.co.uk\/creating-the-effective-day-case-unit-at-milton-keynes-university-hospital\/#article","isPartOf":{"@id":"https:\/\/www.vanguardhealthcare.co.uk\/creating-the-effective-day-case-unit-at-milton-keynes-university-hospital\/"},"author":{"name":"markbirchmore","@id":"https:\/\/www.vanguardhealthcare.co.uk\/#\/schema\/person\/28e5002e5381802059b342a6a7c57fe5"},"headline":"Creating the effective Day Case Unit at Milton Keynes University Hospital","datePublished":"2024-08-14T11:09:55+00:00","dateModified":"2024-08-14T11:09:57+00:00","mainEntityOfPage":{"@id":"https:\/\/www.vanguardhealthcare.co.uk\/creating-the-effective-day-case-unit-at-milton-keynes-university-hospital\/"},"wordCount":2094,"commentCount":0,"image":{"@id":"https:\/\/www.vanguardhealthcare.co.uk\/creating-the-effective-day-case-unit-at-milton-keynes-university-hospital\/#primaryimage"},"thumbnailUrl":"https:\/\/www.vanguardhealthcare.co.uk\/wp-content\/uploads\/2024\/08\/Claire-and-Chris-.jpg","articleSection":["News"],"inLanguage":"bs-BA","potentialAction":[{"@type":"CommentAction","name":"Comment","target":["https:\/\/www.vanguardhealthcare.co.uk\/creating-the-effective-day-case-unit-at-milton-keynes-university-hospital\/#respond"]}]},{"@type":"WebPage","@id":"https:\/\/www.vanguardhealthcare.co.uk\/creating-the-effective-day-case-unit-at-milton-keynes-university-hospital\/","url":"https:\/\/www.vanguardhealthcare.co.uk\/creating-the-effective-day-case-unit-at-milton-keynes-university-hospital\/","name":"Stvaranje efikasne dnevne jedinice za lije\u010denje u Univerzitetskoj bolnici Milton Keynes - Vanguard Healthcare Solutions","isPartOf":{"@id":"https:\/\/www.vanguardhealthcare.co.uk\/#website"},"primaryImageOfPage":{"@id":"https:\/\/www.vanguardhealthcare.co.uk\/creating-the-effective-day-case-unit-at-milton-keynes-university-hospital\/#primaryimage"},"image":{"@id":"https:\/\/www.vanguardhealthcare.co.uk\/creating-the-effective-day-case-unit-at-milton-keynes-university-hospital\/#primaryimage"},"thumbnailUrl":"https:\/\/www.vanguardhealthcare.co.uk\/wp-content\/uploads\/2024\/08\/Claire-and-Chris-.jpg","datePublished":"2024-08-14T11:09:55+00:00","dateModified":"2024-08-14T11:09:57+00:00","author":{"@id":"https:\/\/www.vanguardhealthcare.co.uk\/#\/schema\/person\/28e5002e5381802059b342a6a7c57fe5"},"description":"Claire McGillycuddy iz organizacije The Trust, pomo\u0107nica direktora operacija za hirurgiju i elektivnu njegu, razgovara s Chrisom Blackwell-Frostom, izvr\u0161nim direktorom Vanguard-a.","breadcrumb":{"@id":"https:\/\/www.vanguardhealthcare.co.uk\/creating-the-effective-day-case-unit-at-milton-keynes-university-hospital\/#breadcrumb"},"inLanguage":"bs-BA","potentialAction":[{"@type":"ReadAction","target":["https:\/\/www.vanguardhealthcare.co.uk\/creating-the-effective-day-case-unit-at-milton-keynes-university-hospital\/"]}]},{"@type":"ImageObject","inLanguage":"bs-BA","@id":"https:\/\/www.vanguardhealthcare.co.uk\/creating-the-effective-day-case-unit-at-milton-keynes-university-hospital\/#primaryimage","url":"https:\/\/www.vanguardhealthcare.co.uk\/wp-content\/uploads\/2024\/08\/Claire-and-Chris-.jpg","contentUrl":"https:\/\/www.vanguardhealthcare.co.uk\/wp-content\/uploads\/2024\/08\/Claire-and-Chris-.jpg","width":1920,"height":1080},{"@type":"BreadcrumbList","@id":"https:\/\/www.vanguardhealthcare.co.uk\/creating-the-effective-day-case-unit-at-milton-keynes-university-hospital\/#breadcrumb","itemListElement":[{"@type":"ListItem","position":1,"name":"Home","item":"https:\/\/www.vanguardhealthcare.co.uk\/"},{"@type":"ListItem","position":2,"name":"Creating the effective Day Case Unit at Milton Keynes University Hospital"}]},{"@type":"WebSite","@id":"https:\/\/www.vanguardhealthcare.co.uk\/#website","url":"https:\/\/www.vanguardhealthcare.co.uk\/","name":"Vanguard Healthcare Solutions","description":"","potentialAction":[{"@type":"SearchAction","target":{"@type":"EntryPoint","urlTemplate":"https:\/\/www.vanguardhealthcare.co.uk\/?s={search_term_string}"},"query-input":{"@type":"PropertyValueSpecification","valueRequired":true,"valueName":"search_term_string"}}],"inLanguage":"bs-BA"},{"@type":"Person","@id":"https:\/\/www.vanguardhealthcare.co.uk\/#\/schema\/person\/28e5002e5381802059b342a6a7c57fe5","name":"markbirchmore","image":{"@type":"ImageObject","inLanguage":"bs-BA","@id":"https:\/\/secure.gravatar.com\/avatar\/fe7d53278a7b5ca7a899d25b40407d63635e003b79715b22b7e4507d10eecba5?s=96&d=mm&r=g","url":"https:\/\/secure.gravatar.com\/avatar\/fe7d53278a7b5ca7a899d25b40407d63635e003b79715b22b7e4507d10eecba5?s=96&d=mm&r=g","contentUrl":"https:\/\/secure.gravatar.com\/avatar\/fe7d53278a7b5ca7a899d25b40407d63635e003b79715b22b7e4507d10eecba5?s=96&d=mm&r=g","caption":"markbirchmore"}}]}},"_links":{"self":[{"href":"https:\/\/www.vanguardhealthcare.co.uk\/bs_ba\/wp-json\/wp\/v2\/posts\/7487","targetHints":{"allow":["GET"]}}],"collection":[{"href":"https:\/\/www.vanguardhealthcare.co.uk\/bs_ba\/wp-json\/wp\/v2\/posts"}],"about":[{"href":"https:\/\/www.vanguardhealthcare.co.uk\/bs_ba\/wp-json\/wp\/v2\/types\/post"}],"author":[{"embeddable":true,"href":"https:\/\/www.vanguardhealthcare.co.uk\/bs_ba\/wp-json\/wp\/v2\/users\/12"}],"replies":[{"embeddable":true,"href":"https:\/\/www.vanguardhealthcare.co.uk\/bs_ba\/wp-json\/wp\/v2\/comments?post=7487"}],"version-history":[{"count":0,"href":"https:\/\/www.vanguardhealthcare.co.uk\/bs_ba\/wp-json\/wp\/v2\/posts\/7487\/revisions"}],"wp:featuredmedia":[{"embeddable":true,"href":"https:\/\/www.vanguardhealthcare.co.uk\/bs_ba\/wp-json\/wp\/v2\/media\/7556"}],"wp:attachment":[{"href":"https:\/\/www.vanguardhealthcare.co.uk\/bs_ba\/wp-json\/wp\/v2\/media?parent=7487"}],"wp:term":[{"taxonomy":"category","embeddable":true,"href":"https:\/\/www.vanguardhealthcare.co.uk\/bs_ba\/wp-json\/wp\/v2\/categories?post=7487"},{"taxonomy":"post_tag","embeddable":true,"href":"https:\/\/www.vanguardhealthcare.co.uk\/bs_ba\/wp-json\/wp\/v2\/tags?post=7487"}],"curies":[{"name":"radni list","href":"https:\/\/api.w.org\/{rel}","templated":true}]}}